{"id":24304,"date":"2024-01-04T01:32:05","date_gmt":"2024-01-04T04:32:05","guid":{"rendered":"https:\/\/noticiasribeiraopreto.com.br\/index.php\/2024\/01\/04\/5-series-pos-apocalipticas-que-voce-tem-que-assistir-meu-valor-digital\/"},"modified":"2024-01-04T01:32:05","modified_gmt":"2024-01-04T04:32:05","slug":"5-series-pos-apocalipticas-que-voce-tem-que-assistir-meu-valor-digital","status":"publish","type":"post","link":"https:\/\/noticiasribeiraopreto.com.br\/index.php\/2024\/01\/04\/5-series-pos-apocalipticas-que-voce-tem-que-assistir-meu-valor-digital\/","title":{"rendered":"5 s\u00e9ries p\u00f3s-apocal\u00edpticas que voc\u00ea tem que assistir &#8211; Meu Valor Digital"},"content":{"rendered":"<div class='code-block code-block-1' style='margin: 8px 0 8px auto; text-align: right; display: block; clear: both;'>\n<p><a href=\"https:\/\/wa.link\/vpicfd\"><img data-recalc-dims=\"1\" class=\"wp-image-4922\" style=\"aspect-ratio: 2.0253164556962027; width: 561px; height: auto;\" src=\"https:\/\/i0.wp.com\/ismaelcolosi.com.br\/wp-content\/uploads\/2023\/11\/grupo-de-empregos-whatsapp-e-facebook-ismael-colosi-vagas.jpg?ssl=1\" alt=\"\" \/><\/a><\/p>\n<!-- \/wp:image -->\n<\/div>\n<p> <br \/>\n<\/p>\n<div>\n<p>Existem amantes dos mais variados tipos de filmes, quando falamos sobre tramas de futuros p\u00f3s-apocal\u00edpticos, isso n\u00e3o \u00e9 diferente. A base de f\u00e3s apaixonados por filmes que se passam em terras destru\u00eddas \u00e9 gigantesca.<\/p>\n<p>As hist\u00f3rias que se passam em mundos destru\u00eddos por cat\u00e1strofes ou calamidades, nos levam para realidades alternativas onde podemos assistir os poucos sobreviventes agindo de maneira selvagem e muitas vezes animalesca.<\/p>\n<p>Nos pr\u00f3ximos t\u00f3picos mostraremos 5 dicas de s\u00e9ries p\u00f3s-apocal\u00edpticas que voc\u00ea, f\u00e3 desse estilo de filmes e s\u00e9ries, tem que assistir.<\/p>\n<p><strong>Leia+:<\/strong> <a href=\"https:\/\/meuvalordigital.com.br\/6-series-de-zumbi-que-voce-precisa-assistir\/\" target=\"_blank\" rel=\"noreferrer noopener\">6 series de zumbi que voc\u00ea precisa assistir<\/a><\/p>\n<h2 class=\"wp-block-heading\" id=\"h-5-series-pos-apocalipticas-que-voce-tem-que-assistir\">5 s\u00e9ries p\u00f3s-apocal\u00edpticas que voc\u00ea tem que assistir<\/h2>\n<ol>\n<li><strong>The Walking Dead<\/strong><\/li>\n<\/ol>\n<p>N\u00e3o poder\u00edamos come\u00e7ar nossa lista de s\u00e9ries p\u00f3s-apocal\u00edpticas sem falar da s\u00e9rie de zumbis mais famosa do mundo, The Walking Dead. Essa trama se passa em um mundo devastado por um apocalipse zumbi.<\/p>\n<p>No foco da s\u00e9rie, temos um grupo de sobreviventes liderados por Rick Grimes, um ex-policial, enquanto eles lutam contra zumbis e os horrores causados pelos pr\u00f3prios humanos.<\/p>\n<p><strong>Onde assistir<\/strong>: Netflix e Star+<\/p>\n<ol start=\"2\">\n<li><strong>The Last of Us<\/strong><\/li>\n<\/ol>\n<p>Essa \u00e9 mais uma s\u00e9rie que tem sido um fen\u00f4meno nas redes sociais, ela \u00e9 inspirada no jogo de v\u00eddeo game de sucesso, \u201cThe Last of Us\u201d que conta a hist\u00f3ria de um mundo destru\u00eddo por uma pandemia causada por um fungo.\u00a0<\/p>\n<p>A trama tem como personagens principais Joel e Ellie, dois sobreviventes que formam uma parceria inesperada atravessam os Estados Unidos sobre ru\u00ednas.<\/p>\n<p>A s\u00e9rie retrata temas como perda, amor e a batalha pela humanidade no meio de um mundo destru\u00eddo.<\/p>\n<p><strong>Onde assistir<\/strong>: HBO MAX.<\/p>\n<ol start=\"3\">\n<li><strong>See<\/strong><\/li>\n<\/ol>\n<p>A s\u00e9rie See conta a hist\u00f3ria de um mundo onde todos os humanos s\u00e3o cegos, quando g\u00eameos nascem podendo enxergar, Baba Voss, pai dos irm\u00e3os, precisa proteg\u00ea-los, pois todos acham que eles s\u00e3o uma amea\u00e7a.<\/p>\n<p>A s\u00e9rie tem como ator principal o astro Jason Momoa (conhecido pelo papel de Aquaman nos cinemas). Jason entrou uma atua\u00e7\u00e3o inovadora na s\u00e9rie See, al\u00e9m de cenas de a\u00e7\u00e3o marcantes.<\/p>\n<p><strong>Onde assistir<\/strong>: Apple TV<\/p>\n<ol start=\"4\">\n<li><strong>The 100<\/strong><\/li>\n<\/ol>\n<p>\u00c9 uma s\u00e9rie de fic\u00e7\u00e3o cient\u00edfica e drama que retrata um grupo de 100 jovens delinquentes, mandados de volta \u00e0 Terra, 97 anos ap\u00f3s um apocalipse nuclear devastador. A miss\u00e3o destes jovens \u00e9 testar se o planeta \u00e9 habit\u00e1vel.<\/p>\n<p>Quando chegam a terra 97, os jovens se deparam com desafios surpreendentes, al\u00e9m de sobreviventes terrestres.\u00a0<\/p>\n<p><strong>Onde assistir<\/strong>: Netflix<\/p>\n<ol start=\"5\">\n<li><strong>Yakusoku no Neverland<\/strong><\/li>\n<\/ol>\n<p>Representando o mundo dos animes, falaremos sobre Yakusoku no Neverland: A hist\u00f3ria relata um grupo de crian\u00e7as \u00f3rf\u00e3s que vivem uma vida feliz em um orfanato, at\u00e9 que eles descobrem a assustadora verdade sobre seu destino e o mundo externo.<br \/><strong>Onde assisti<\/strong>r: Crunchyrol e Apple TV<\/p>\n<\/div>\n<p><br \/>\n<br \/><a href=\"https:\/\/meuvalordigital.com.br\/5-series-pos-apocalipticas-que-voce-tem-que-assistir\/\">Source link <\/a><\/p>\n<!-- CONTENT END 1 -->\n","protected":false},"excerpt":{"rendered":"<p>Existem amantes dos mais variados tipos de filmes, quando falamos sobre tramas de futuros p\u00f3s-apocal\u00edpticos, isso n\u00e3o \u00e9 diferente. A base de f\u00e3s apaixonados por&#8230;<\/p>\n","protected":false},"author":1,"featured_media":24305,"comment_status":"open","ping_status":"open","sticky":false,"template":"","format":"standard","meta":{"advanced_seo_description":"","jetpack_seo_html_title":"","jetpack_seo_noindex":false,"jetpack_post_was_ever_published":false,"_jetpack_newsletter_access":"","_jetpack_dont_email_post_to_subs":false,"_jetpack_newsletter_tier_id":0,"_jetpack_memberships_contains_paywalled_content":false,"_jetpack_memberships_contains_paid_content":false,"footnotes":"","jetpack_publicize_message":"","jetpack_publicize_feature_enabled":true,"jetpack_social_post_already_shared":true,"jetpack_social_options":{"image_generator_settings":{"template":"highway","default_image_id":0,"font":"","enabled":false},"version":2}},"categories":[7],"tags":[],"class_list":["post-24304","post","type-post","status-publish","format-standard","has-post-thumbnail","hentry","category-vagas-de-empregos-em-ribeirao-preto-regiao-brasil"],"jetpack_publicize_connections":[],"jetpack_featured_media_url":"https:\/\/i0.wp.com\/noticiasribeiraopreto.com.br\/wp-content\/uploads\/2024\/01\/jogos-de-apocalipse.jpg?fit=1240%2C800&ssl=1","jetpack-related-posts":[{"id":13383,"url":"https:\/\/noticiasribeiraopreto.com.br\/index.php\/2023\/12\/10\/10-series-pos-apocalipticas-que-voce-precisa-assistir-meu-valor-digital\/","url_meta":{"origin":24304,"position":0},"title":"10 s\u00e9ries p\u00f3s-apocal\u00edpticas que voc\u00ea precisa assistir &#8211; Meu Valor Digital","author":"noticiasribeiraopreto.com.br","date":"10 de December de 2023","format":false,"excerpt":"O fasc\u00ednio pelo p\u00f3s-apocal\u00edptico \u00e9 uma constante no mundo do entretenimento. Essas narrativas, situadas em mundos devastados por cat\u00e1strofes ou calamidades, nos transportam para realidades alternativas onde os fundamentos da sociedade e da humanidade s\u00e3o frequentemente postos \u00e0 prova. Elas n\u00e3o apenas capturam nossa imagina\u00e7\u00e3o, mas tamb\u00e9m refletem nossos medos\u2026","rel":"","context":"In &quot;Vagas de Emprego em Ribeir\u00e3o Preto-SP&quot;","block_context":{"text":"Vagas de Emprego em Ribeir\u00e3o Preto-SP","link":"https:\/\/noticiasribeiraopreto.com.br\/index.php\/category\/empregos-classificados-vagas-trabalho\/vagas-de-empregos-em-ribeirao-preto-regiao-brasil\/"},"img":{"alt_text":"","src":"https:\/\/i0.wp.com\/noticiasribeiraopreto.com.br\/wp-content\/uploads\/2023\/12\/Pos-Apocaliptico.jpg?fit=1200%2C773&ssl=1&resize=350%2C200","width":350,"height":200,"srcset":"https:\/\/i0.wp.com\/noticiasribeiraopreto.com.br\/wp-content\/uploads\/2023\/12\/Pos-Apocaliptico.jpg?fit=1200%2C773&ssl=1&resize=350%2C200 1x, https:\/\/i0.wp.com\/noticiasribeiraopreto.com.br\/wp-content\/uploads\/2023\/12\/Pos-Apocaliptico.jpg?fit=1200%2C773&ssl=1&resize=525%2C300 1.5x, https:\/\/i0.wp.com\/noticiasribeiraopreto.com.br\/wp-content\/uploads\/2023\/12\/Pos-Apocaliptico.jpg?fit=1200%2C773&ssl=1&resize=700%2C400 2x, https:\/\/i0.wp.com\/noticiasribeiraopreto.com.br\/wp-content\/uploads\/2023\/12\/Pos-Apocaliptico.jpg?fit=1200%2C773&ssl=1&resize=1050%2C600 3x"},"classes":[]},{"id":24625,"url":"https:\/\/noticiasribeiraopreto.com.br\/index.php\/2024\/01\/04\/sweet-home-terceira-temporada-so-devera-estrear-em-julho-meu-valor-digital\/","url_meta":{"origin":24304,"position":1},"title":"Sweet Home: terceira temporada s\u00f3 dever\u00e1 estrear em julho &#8211; Meu Valor Digital","author":"noticiasribeiraopreto.com.br","date":"4 de January de 2024","format":false,"excerpt":"Os f\u00e3s de \u201cSweet Home\u201d est\u00e3o ansiosos pela estreia da terceira temporada do K-drama. Ali\u00e1s, a espera est\u00e1 sendo grande. A s\u00e9rie que estreou em 2020 s\u00f3 teve sua segunda temporada lan\u00e7ada em 1\u00ba de dezembro de 2022. E agora, uma nova longa espera por novos epis\u00f3dios que s\u00f3 devem\u2026","rel":"","context":"In &quot;Vagas de Emprego em Ribeir\u00e3o Preto-SP&quot;","block_context":{"text":"Vagas de Emprego em Ribeir\u00e3o Preto-SP","link":"https:\/\/noticiasribeiraopreto.com.br\/index.php\/category\/empregos-classificados-vagas-trabalho\/vagas-de-empregos-em-ribeirao-preto-regiao-brasil\/"},"img":{"alt_text":"","src":"https:\/\/i0.wp.com\/noticiasribeiraopreto.com.br\/wp-content\/uploads\/2024\/01\/3-Sweet-Home-1.jpg?fit=1200%2C773&ssl=1&resize=350%2C200","width":350,"height":200,"srcset":"https:\/\/i0.wp.com\/noticiasribeiraopreto.com.br\/wp-content\/uploads\/2024\/01\/3-Sweet-Home-1.jpg?fit=1200%2C773&ssl=1&resize=350%2C200 1x, https:\/\/i0.wp.com\/noticiasribeiraopreto.com.br\/wp-content\/uploads\/2024\/01\/3-Sweet-Home-1.jpg?fit=1200%2C773&ssl=1&resize=525%2C300 1.5x, https:\/\/i0.wp.com\/noticiasribeiraopreto.com.br\/wp-content\/uploads\/2024\/01\/3-Sweet-Home-1.jpg?fit=1200%2C773&ssl=1&resize=700%2C400 2x, https:\/\/i0.wp.com\/noticiasribeiraopreto.com.br\/wp-content\/uploads\/2024\/01\/3-Sweet-Home-1.jpg?fit=1200%2C773&ssl=1&resize=1050%2C600 3x"},"classes":[]},{"id":18827,"url":"https:\/\/noticiasribeiraopreto.com.br\/index.php\/2023\/12\/21\/10-filmes-com-muita-acao-e-suspense-para-voce-assistir-meu-valor-digital\/","url_meta":{"origin":24304,"position":2},"title":"10 filmes com muita a\u00e7\u00e3o e suspense para voc\u00ea assistir &#8211; Meu Valor Digital","author":"noticiasribeiraopreto.com.br","date":"21 de December de 2023","format":false,"excerpt":"Voc\u00ea j\u00e1 sentiu aquele frio na barriga, a excita\u00e7\u00e3o misturada com um pouco de ansiedade, enquanto assiste a uma cena de persegui\u00e7\u00e3o alucinante ou um momento de suspense intenso no cinema? Esse \u00e9 o poder dos filmes de a\u00e7\u00e3o e suspense. Neste artigo, n\u00e3o vamos apenas listar 10 filmes repletos\u2026","rel":"","context":"In &quot;Vagas de Emprego em Ribeir\u00e3o Preto-SP&quot;","block_context":{"text":"Vagas de Emprego em Ribeir\u00e3o Preto-SP","link":"https:\/\/noticiasribeiraopreto.com.br\/index.php\/category\/empregos-classificados-vagas-trabalho\/vagas-de-empregos-em-ribeirao-preto-regiao-brasil\/"},"img":{"alt_text":"","src":"https:\/\/i0.wp.com\/noticiasribeiraopreto.com.br\/wp-content\/uploads\/2023\/12\/Acao-e-Suspense.jpg?fit=1200%2C773&ssl=1&resize=350%2C200","width":350,"height":200,"srcset":"https:\/\/i0.wp.com\/noticiasribeiraopreto.com.br\/wp-content\/uploads\/2023\/12\/Acao-e-Suspense.jpg?fit=1200%2C773&ssl=1&resize=350%2C200 1x, https:\/\/i0.wp.com\/noticiasribeiraopreto.com.br\/wp-content\/uploads\/2023\/12\/Acao-e-Suspense.jpg?fit=1200%2C773&ssl=1&resize=525%2C300 1.5x, https:\/\/i0.wp.com\/noticiasribeiraopreto.com.br\/wp-content\/uploads\/2023\/12\/Acao-e-Suspense.jpg?fit=1200%2C773&ssl=1&resize=700%2C400 2x, https:\/\/i0.wp.com\/noticiasribeiraopreto.com.br\/wp-content\/uploads\/2023\/12\/Acao-e-Suspense.jpg?fit=1200%2C773&ssl=1&resize=1050%2C600 3x"},"classes":[]},{"id":19235,"url":"https:\/\/noticiasribeiraopreto.com.br\/index.php\/2023\/12\/22\/10-filmes-de-suspense-de-2023-para-voce-assistir-meu-valor-digital\/","url_meta":{"origin":24304,"position":3},"title":"10 filmes de suspense de 2023 para voc\u00ea assistir &#8211; Meu Valor Digital","author":"noticiasribeiraopreto.com.br","date":"22 de December de 2023","format":false,"excerpt":"2023 foi um ano \u00f3timo para quem gosta de filmes de suspense, afinal vimos v\u00e1rios de filmes legais chegando, que trouxeram novidades e deixaram o g\u00eanero mais interessante. Neste ano, os filmes de suspense conseguiram prender a aten\u00e7\u00e3o de todo mundo, com hist\u00f3rias cheias de mist\u00e9rios e surpresas que deixaram\u2026","rel":"","context":"In &quot;Vagas de Emprego em Ribeir\u00e3o Preto-SP&quot;","block_context":{"text":"Vagas de Emprego em Ribeir\u00e3o Preto-SP","link":"https:\/\/noticiasribeiraopreto.com.br\/index.php\/category\/empregos-classificados-vagas-trabalho\/vagas-de-empregos-em-ribeirao-preto-regiao-brasil\/"},"img":{"alt_text":"","src":"https:\/\/i0.wp.com\/noticiasribeiraopreto.com.br\/wp-content\/uploads\/2023\/12\/Filmes-Suspense-1.jpg?fit=1200%2C773&ssl=1&resize=350%2C200","width":350,"height":200,"srcset":"https:\/\/i0.wp.com\/noticiasribeiraopreto.com.br\/wp-content\/uploads\/2023\/12\/Filmes-Suspense-1.jpg?fit=1200%2C773&ssl=1&resize=350%2C200 1x, https:\/\/i0.wp.com\/noticiasribeiraopreto.com.br\/wp-content\/uploads\/2023\/12\/Filmes-Suspense-1.jpg?fit=1200%2C773&ssl=1&resize=525%2C300 1.5x, https:\/\/i0.wp.com\/noticiasribeiraopreto.com.br\/wp-content\/uploads\/2023\/12\/Filmes-Suspense-1.jpg?fit=1200%2C773&ssl=1&resize=700%2C400 2x, https:\/\/i0.wp.com\/noticiasribeiraopreto.com.br\/wp-content\/uploads\/2023\/12\/Filmes-Suspense-1.jpg?fit=1200%2C773&ssl=1&resize=1050%2C600 3x"},"classes":[]},{"id":12551,"url":"https:\/\/noticiasribeiraopreto.com.br\/index.php\/2023\/12\/08\/19-estreias-nos-streamings-e-nos-cinemas-para-ver-neste-final-de-semana\/","url_meta":{"origin":24304,"position":4},"title":"19 estreias nos streamings e nos cinemas para ver neste final de semana","author":"noticiasribeiraopreto.com.br","date":"8 de December de 2023","format":false,"excerpt":"Cr\u00e9ditos: Depositphotos\/Naito29Lan\u00e7amentos nos streamings e nos cinemas para assistir no final de semana A semana foi movimentada nos streamings e nos cinemas. Novos filmes e s\u00e9ries imperd\u00edveis estrearam entre 26 de novembro e 2 de dezembro. Pois \u00e9\u2026 Dezembro chegou com tudo! A lista tem filmes natalinos, s\u00e9ries biogr\u00e1ficas, com\u00e9dias\u2026","rel":"","context":"In &quot;Variedades&quot;","block_context":{"text":"Variedades","link":"https:\/\/noticiasribeiraopreto.com.br\/index.php\/category\/variedades\/"},"img":{"alt_text":"","src":"https:\/\/i0.wp.com\/noticiasribeiraopreto.com.br\/wp-content\/uploads\/2023\/12\/depositphotos-438046142-xl-scaled-e1701401188290.jpg?fit=1200%2C638&ssl=1&resize=350%2C200","width":350,"height":200,"srcset":"https:\/\/i0.wp.com\/noticiasribeiraopreto.com.br\/wp-content\/uploads\/2023\/12\/depositphotos-438046142-xl-scaled-e1701401188290.jpg?fit=1200%2C638&ssl=1&resize=350%2C200 1x, https:\/\/i0.wp.com\/noticiasribeiraopreto.com.br\/wp-content\/uploads\/2023\/12\/depositphotos-438046142-xl-scaled-e1701401188290.jpg?fit=1200%2C638&ssl=1&resize=525%2C300 1.5x, https:\/\/i0.wp.com\/noticiasribeiraopreto.com.br\/wp-content\/uploads\/2023\/12\/depositphotos-438046142-xl-scaled-e1701401188290.jpg?fit=1200%2C638&ssl=1&resize=700%2C400 2x, https:\/\/i0.wp.com\/noticiasribeiraopreto.com.br\/wp-content\/uploads\/2023\/12\/depositphotos-438046142-xl-scaled-e1701401188290.jpg?fit=1200%2C638&ssl=1&resize=1050%2C600 3x"},"classes":[]},{"id":22564,"url":"https:\/\/noticiasribeiraopreto.com.br\/index.php\/2023\/12\/30\/8-series-nacionais-que-estao-bombando-nos-streamings-e-voce-ainda-nao-viu\/","url_meta":{"origin":24304,"position":5},"title":"8 s\u00e9ries nacionais que est\u00e3o bombando nos streamings e voc\u00ea ainda n\u00e3o viu","author":"noticiasribeiraopreto.com.br","date":"30 de December de 2023","format":false,"excerpt":"Cr\u00e9ditos: reprodu\u00e7\u00e3o\/Disney+Fique por dentro das novas s\u00e9ries nacionais que est\u00e3o bombando nos streamings O ano de 2023 est\u00e1 chegando ao fim, mas as produ\u00e7\u00f5es nacionais lan\u00e7adas neste ano continuam bombando. \u00c9 isso mesmo, o Brasil sabe como entreter o p\u00fablico.\u00a0 Entre s\u00e9ries baseadas em hist\u00f3rias reais, fantasias, aventuras e muita\u2026","rel":"","context":"In &quot;Variedades&quot;","block_context":{"text":"Variedades","link":"https:\/\/noticiasribeiraopreto.com.br\/index.php\/category\/variedades\/"},"img":{"alt_text":"","src":"https:\/\/i0.wp.com\/noticiasribeiraopreto.com.br\/wp-content\/uploads\/2023\/12\/a-magia-de-aruna-serie-disney-plus.jpg?fit=1200%2C638&ssl=1&resize=350%2C200","width":350,"height":200,"srcset":"https:\/\/i0.wp.com\/noticiasribeiraopreto.com.br\/wp-content\/uploads\/2023\/12\/a-magia-de-aruna-serie-disney-plus.jpg?fit=1200%2C638&ssl=1&resize=350%2C200 1x, https:\/\/i0.wp.com\/noticiasribeiraopreto.com.br\/wp-content\/uploads\/2023\/12\/a-magia-de-aruna-serie-disney-plus.jpg?fit=1200%2C638&ssl=1&resize=525%2C300 1.5x, https:\/\/i0.wp.com\/noticiasribeiraopreto.com.br\/wp-content\/uploads\/2023\/12\/a-magia-de-aruna-serie-disney-plus.jpg?fit=1200%2C638&ssl=1&resize=700%2C400 2x, https:\/\/i0.wp.com\/noticiasribeiraopreto.com.br\/wp-content\/uploads\/2023\/12\/a-magia-de-aruna-serie-disney-plus.jpg?fit=1200%2C638&ssl=1&resize=1050%2C600 3x"},"classes":[]}],"jetpack_sharing_enabled":true,"jetpack_shortlink":"https:\/\/wp.me\/peQAOb-6k0","_links":{"self":[{"href":"https:\/\/noticiasribeiraopreto.com.br\/index.php\/wp-json\/wp\/v2\/posts\/24304","targetHints":{"allow":["GET"]}}],"collection":[{"href":"https:\/\/noticiasribeiraopreto.com.br\/index.php\/wp-json\/wp\/v2\/posts"}],"about":[{"href":"https:\/\/noticiasribeiraopreto.com.br\/index.php\/wp-json\/wp\/v2\/types\/post"}],"author":[{"embeddable":true,"href":"https:\/\/noticiasribeiraopreto.com.br\/index.php\/wp-json\/wp\/v2\/users\/1"}],"replies":[{"embeddable":true,"href":"https:\/\/noticiasribeiraopreto.com.br\/index.php\/wp-json\/wp\/v2\/comments?post=24304"}],"version-history":[{"count":0,"href":"https:\/\/noticiasribeiraopreto.com.br\/index.php\/wp-json\/wp\/v2\/posts\/24304\/revisions"}],"wp:featuredmedia":[{"embeddable":true,"href":"https:\/\/noticiasribeiraopreto.com.br\/index.php\/wp-json\/wp\/v2\/media\/24305"}],"wp:attachment":[{"href":"https:\/\/noticiasribeiraopreto.com.br\/index.php\/wp-json\/wp\/v2\/media?parent=24304"}],"wp:term":[{"taxonomy":"category","embeddable":true,"href":"https:\/\/noticiasribeiraopreto.com.br\/index.php\/wp-json\/wp\/v2\/categories?post=24304"},{"taxonomy":"post_tag","embeddable":true,"href":"https:\/\/noticiasribeiraopreto.com.br\/index.php\/wp-json\/wp\/v2\/tags?post=24304"}],"curies":[{"name":"wp","href":"https:\/\/api.w.org\/{rel}","templated":true}]}}