{"id":24404,"date":"2024-01-04T10:27:32","date_gmt":"2024-01-04T13:27:32","guid":{"rendered":"https:\/\/noticiasribeiraopreto.com.br\/index.php\/2024\/01\/04\/comercial-estreia-com-derrota-na-copa-sao-paulo\/"},"modified":"2024-01-04T10:27:32","modified_gmt":"2024-01-04T13:27:32","slug":"comercial-estreia-com-derrota-na-copa-sao-paulo","status":"publish","type":"post","link":"https:\/\/noticiasribeiraopreto.com.br\/index.php\/2024\/01\/04\/comercial-estreia-com-derrota-na-copa-sao-paulo\/","title":{"rendered":"Comercial estreia com derrota na Copa S\u00e3o Paulo\u00a0\u00a0"},"content":{"rendered":"<div class='code-block code-block-1' style='margin: 8px 0 8px auto; text-align: right; display: block; clear: both;'>\n<p><a href=\"https:\/\/wa.link\/vpicfd\"><img data-recalc-dims=\"1\" class=\"wp-image-4922\" style=\"aspect-ratio: 2.0253164556962027; width: 561px; height: auto;\" src=\"https:\/\/i0.wp.com\/ismaelcolosi.com.br\/wp-content\/uploads\/2023\/11\/grupo-de-empregos-whatsapp-e-facebook-ismael-colosi-vagas.jpg?ssl=1\" alt=\"\" \/><\/a><\/p>\n<!-- \/wp:image -->\n<\/div>\n<p> <br \/>\n<\/p>\n<div id=\"\">\n<p> <span class=\"entry-meta-item penci-posted-on\"><i class=\"fa fa-clock-o\"\/><time class=\"entry-date published\" datetime=\"2024-01-04T09:47:14-03:00\">4 de janeiro de 2024 | 9:47<\/time><time class=\"updated\" datetime=\"2024-01-04T09:50:13-03:00\">4 de janeiro de 2024 | 9:50<\/time><\/span><\/p>\n<p> <span class=\"penci-social-buttons penci-social-share-footer\"><a href=\"#\" class=\"penci-post-like penci_post-meta_item  single-like-button penci-social-item like\" data-post_id=\"369266\" title=\"Like\" data-like=\"Like\" data-unlike=\"Unlike\"><i class=\"fa fa-thumbs-o-up\"\/><span class=\"penci-share-number\">0<\/span><\/a><i class=\"fa fa-facebook\"\/><a class=\"penci-social-item twitter\" target=\"_blank\" rel=\"noopener\" title=\"\" href=\"https:\/\/twitter.com\/intent\/tweet?text=Comercial%20estreia%20com%20derrota%20na%20Copa%20S\u00e3o%20Paulo\u00a0\u00a0%20-%20https:\/\/www.tribunaribeirao.com.br\/site\/comercial-estreia-com-derrota-na-copa-sao-paulo\/\"><i class=\"fa fa-twitter\"\/><\/a><i class=\"fa fa-whatsapp\"\/><\/span><\/div>\n<div>\n<p><span data-contrast=\"auto\">O Comercial iniciou sua campanha na Copa S\u00e3o Paulo com derrota. O Le\u00e3o do Norte perdeu para o Novorizontino com o placar de 3 a 1 na tarde desta quarta-feira. O confronto foi realizado no est\u00e1dio Bela Vista, na cidade de Cravinhos.\u00a0<\/span><span data-ccp-props=\"{&quot;201341983&quot;:0,&quot;335551550&quot;:6,&quot;335551620&quot;:6,&quot;335559739&quot;:200,&quot;335559740&quot;:276}\">\u00a0<\/span><\/p>\n<p><span data-contrast=\"auto\">O primeiro gol da partida saiu ainda no primeiro tempo. Aos 29 minutos, Kau\u00ea Canela recebeu na \u00e1rea, e o trabalho de piv\u00f4 para Enzo, que chegou finalizando e abriu o placar para o time de Novo Horizonte.\u00a0<\/span><span data-ccp-props=\"{&quot;201341983&quot;:0,&quot;335551550&quot;:6,&quot;335551620&quot;:6,&quot;335559739&quot;:200,&quot;335559740&quot;:276}\">\u00a0<\/span><\/p>\n<p><span data-contrast=\"auto\">No come\u00e7o da segunda etapa, logo aos quatro minutos, o Le\u00e3o do Norte chegou ao empate. Bruno anotou o gol. Com o placar igualado, o Comercial cresceu no jogo e perdeu \u00f3timas chances de virar o jogo.\u00a0<\/span><span data-ccp-props=\"{&quot;201341983&quot;:0,&quot;335551550&quot;:6,&quot;335551620&quot;:6,&quot;335559739&quot;:200,&quot;335559740&quot;:276}\">\u00a0<\/span><\/p>\n<p><span data-contrast=\"auto\">Apesar do bom momento, quem marcou foi novamente o Novorizontino. Kau\u00ea Canela subiu sozinho na \u00e1rea e testou firme para o fundo da rede.\u00a0<\/span><span data-ccp-props=\"{&quot;201341983&quot;:0,&quot;335551550&quot;:6,&quot;335551620&quot;:6,&quot;335559739&quot;:200,&quot;335559740&quot;:276}\">\u00a0<\/span><\/p>\n<p><span data-contrast=\"auto\">Em desvantagem no placar, o Comercial voltou a criar boas situa\u00e7\u00f5es e teve ao menos tr\u00eas oportunidades de chegar ao empate novamente. Por\u00e9m, mais uma vez, quem n\u00e3o fez, levou.\u00a0<\/span><span data-ccp-props=\"{&quot;201341983&quot;:0,&quot;335551550&quot;:6,&quot;335551620&quot;:6,&quot;335559739&quot;:200,&quot;335559740&quot;:276}\">\u00a0<\/span><\/p>\n<p><span data-contrast=\"auto\">J\u00e1 na reta final do jogo, aos 48 minutos, o Novorizontino fez o terceiro gol. Adriano Bispo puxou contra-ataque, avan\u00e7ou, driblou o goleiro e mandou a bola para o fundo da rede, dando n\u00fameros finais a partida.\u00a0<\/span><span data-ccp-props=\"{&quot;201341983&quot;:0,&quot;335551550&quot;:6,&quot;335551620&quot;:6,&quot;335559739&quot;:200,&quot;335559740&quot;:276}\">\u00a0<\/span><\/p>\n<p><span data-contrast=\"auto\">As duas equipes voltam a jogar no s\u00e1bado, novamente em Cravinhos. \u00c0s 13h, o Comercial pega o Jacuipense-BA. Mais tarde, \u00e0s 15h15, o Novorizontino encara a Chapecoense.<\/span><span data-ccp-props=\"{&quot;201341983&quot;:0,&quot;335551550&quot;:6,&quot;335551620&quot;:6,&quot;335559739&quot;:200,&quot;335559740&quot;:276}\">\u00a0<\/span><\/p>\n<p>\u00a0<\/p>\n<p><span data-ccp-props=\"{&quot;201341983&quot;:0,&quot;335551550&quot;:6,&quot;335551620&quot;:6,&quot;335559739&quot;:200,&quot;335559740&quot;:276}\">\u00a0<\/span><\/p>\n<\/div>\n<p><script async src=\"\/\/platform.twitter.com\/widgets.js\" charset=\"utf-8\"><\/script><br \/>\n<br \/><br \/>\n<br \/><a href=\"https:\/\/www.tribunaribeirao.com.br\/site\/comercial-estreia-com-derrota-na-copa-sao-paulo\/\">Source link <\/a><\/p>\n<!-- CONTENT END 1 -->\n","protected":false},"excerpt":{"rendered":"<p>4 de janeiro de 2024 | 9:474 de janeiro de 2024 | 9:50 0 O Comercial iniciou sua campanha na Copa S\u00e3o Paulo com derrota&#8230;.<\/p>\n","protected":false},"author":1,"featured_media":24405,"comment_status":"open","ping_status":"open","sticky":false,"template":"","format":"standard","meta":{"advanced_seo_description":"","jetpack_seo_html_title":"","jetpack_seo_noindex":false,"jetpack_post_was_ever_published":false,"_jetpack_newsletter_access":"","_jetpack_dont_email_post_to_subs":false,"_jetpack_newsletter_tier_id":0,"_jetpack_memberships_contains_paywalled_content":false,"_jetpack_memberships_contains_paid_content":false,"footnotes":"","jetpack_publicize_message":"","jetpack_publicize_feature_enabled":true,"jetpack_social_post_already_shared":true,"jetpack_social_options":{"image_generator_settings":{"template":"highway","default_image_id":0,"font":"","enabled":false},"version":2}},"categories":[11],"tags":[705,707,2999,1785,161,50],"class_list":["post-24404","post","type-post","status-publish","format-standard","has-post-thumbnail","hentry","category-noticias-de-ribeirao-preto-sp-e-regiao-ismael-colosi","tag-comercial","tag-copa","tag-derrota","tag-estreia","tag-paulo","tag-sao"],"jetpack_publicize_connections":[],"jetpack_featured_media_url":"https:\/\/i0.wp.com\/noticiasribeiraopreto.com.br\/wp-content\/uploads\/2024\/01\/Comercial-4-scaled.jpeg?fit=970%2C645&ssl=1","jetpack-related-posts":[{"id":72240,"url":"https:\/\/noticiasribeiraopreto.com.br\/index.php\/2025\/06\/14\/jornal-da-franca-francana-estreia-na-copa-paulista-com-derrota-para-o-comercial-em-ribeirao-preto\/","url_meta":{"origin":24404,"position":0},"title":"Jornal da Franca &#8211; Francana estreia na Copa Paulista com derrota para o Comercial em Ribeir\u00e3o Preto","author":"noticiasribeiraopreto.com.br","date":"14 de June de 2025","format":false,"excerpt":"compartilhar no whatsapp compartilhar no telegram compartilhar no facebook compartilhar no linkedin Veterana ter\u00e1 aqui treinar durante a semana para ajustar a equipe e buscar vit\u00f3rias \u00a0 A estreia da Associa\u00e7\u00e3o Atl\u00e9tica Francana na Copa Paulista, bastante esperada pela torcida esmeraldina, n\u00e3o foi das melhores neste s\u00e1bado. O time treinado\u2026","rel":"","context":"In &quot;Not\u00edcias de Franca-SP&quot;","block_context":{"text":"Not\u00edcias de Franca-SP","link":"https:\/\/noticiasribeiraopreto.com.br\/index.php\/category\/noticias-de-ribeirao-preto-sp-e-regiao-ismael-colosi\/noticias-franca-sp\/"},"img":{"alt_text":"","src":"https:\/\/i0.wp.com\/noticiasribeiraopreto.com.br\/wp-content\/uploads\/2025\/06\/IMG_20250614_200639.jpg?fit=931%2C717&ssl=1&resize=350%2C200","width":350,"height":200,"srcset":"https:\/\/i0.wp.com\/noticiasribeiraopreto.com.br\/wp-content\/uploads\/2025\/06\/IMG_20250614_200639.jpg?fit=931%2C717&ssl=1&resize=350%2C200 1x, https:\/\/i0.wp.com\/noticiasribeiraopreto.com.br\/wp-content\/uploads\/2025\/06\/IMG_20250614_200639.jpg?fit=931%2C717&ssl=1&resize=525%2C300 1.5x, https:\/\/i0.wp.com\/noticiasribeiraopreto.com.br\/wp-content\/uploads\/2025\/06\/IMG_20250614_200639.jpg?fit=931%2C717&ssl=1&resize=700%2C400 2x"},"classes":[]},{"id":26443,"url":"https:\/\/noticiasribeiraopreto.com.br\/index.php\/2024\/01\/10\/comercial-perde-a-terceira-e-termina-a-copa-sp-sem-pontuar\/","url_meta":{"origin":24404,"position":1},"title":"Comercial perde a terceira e termina a Copa SP sem pontuar","author":"noticiasribeiraopreto.com.br","date":"10 de January de 2024","format":false,"excerpt":"O Comercial foi derrotado pela Chapecoense de virada, por 2 a 1, na tarde desta ter\u00e7a-feira (9), encerrando a participa\u00e7\u00e3o na Copa S\u00e3o Paulo de Futebol J\u00fanior. O jogo foi no est\u00e1dio Bela Vista, em Cravinhos. O time de Ribeir\u00e3o Preto sofreu tr\u00eas derrotas em tr\u00eas jogos, fechando na lanterna\u2026","rel":"","context":"In &quot;Not\u00edcias de Ribeir\u00e3o Preto-SP e Regi\u00e3o&quot;","block_context":{"text":"Not\u00edcias de Ribeir\u00e3o Preto-SP e Regi\u00e3o","link":"https:\/\/noticiasribeiraopreto.com.br\/index.php\/category\/noticias-de-ribeirao-preto-sp-e-regiao-ismael-colosi\/"},"img":{"alt_text":"","src":"https:\/\/i0.wp.com\/noticiasribeiraopreto.com.br\/wp-content\/uploads\/2024\/01\/WhatsApp-Image-2024-01-09-at-17.27.52-scaled.jpeg?fit=1200%2C800&ssl=1&resize=350%2C200","width":350,"height":200,"srcset":"https:\/\/i0.wp.com\/noticiasribeiraopreto.com.br\/wp-content\/uploads\/2024\/01\/WhatsApp-Image-2024-01-09-at-17.27.52-scaled.jpeg?fit=1200%2C800&ssl=1&resize=350%2C200 1x, https:\/\/i0.wp.com\/noticiasribeiraopreto.com.br\/wp-content\/uploads\/2024\/01\/WhatsApp-Image-2024-01-09-at-17.27.52-scaled.jpeg?fit=1200%2C800&ssl=1&resize=525%2C300 1.5x, https:\/\/i0.wp.com\/noticiasribeiraopreto.com.br\/wp-content\/uploads\/2024\/01\/WhatsApp-Image-2024-01-09-at-17.27.52-scaled.jpeg?fit=1200%2C800&ssl=1&resize=700%2C400 2x, https:\/\/i0.wp.com\/noticiasribeiraopreto.com.br\/wp-content\/uploads\/2024\/01\/WhatsApp-Image-2024-01-09-at-17.27.52-scaled.jpeg?fit=1200%2C800&ssl=1&resize=1050%2C600 3x"},"classes":[]},{"id":24298,"url":"https:\/\/noticiasribeiraopreto.com.br\/index.php\/2024\/01\/04\/em-cravinhos-comercial-e-derrotado-na-estreia-da-copa-sp\/","url_meta":{"origin":24404,"position":2},"title":"Em Cravinhos, Comercial \u00e9 derrotado na estreia da Copa SP","author":"noticiasribeiraopreto.com.br","date":"4 de January de 2024","format":false,"excerpt":"O Comercial perdeu, por 3 a 1, para o Gr\u00eamio Novorizontino, na abertura no Grupo 6 da Copa S\u00e3o Paulo de Futebol J\u00fanior 2024. O duelo foi na cidade de Cravinhos, no est\u00e1dio Bela Vista, na tarde desta quarta-feira (3). O Novorizontino abriu o placar no primeiro tempo com Enzo.\u2026","rel":"","context":"In &quot;Not\u00edcias de Ribeir\u00e3o Preto-SP e Regi\u00e3o&quot;","block_context":{"text":"Not\u00edcias de Ribeir\u00e3o Preto-SP e Regi\u00e3o","link":"https:\/\/noticiasribeiraopreto.com.br\/index.php\/category\/noticias-de-ribeirao-preto-sp-e-regiao-ismael-colosi\/"},"img":{"alt_text":"","src":"https:\/\/i0.wp.com\/noticiasribeiraopreto.com.br\/wp-content\/uploads\/2024\/01\/WhatsApp-Image-2024-01-03-at-16.47.15-scaled.jpeg?fit=1200%2C800&ssl=1&resize=350%2C200","width":350,"height":200,"srcset":"https:\/\/i0.wp.com\/noticiasribeiraopreto.com.br\/wp-content\/uploads\/2024\/01\/WhatsApp-Image-2024-01-03-at-16.47.15-scaled.jpeg?fit=1200%2C800&ssl=1&resize=350%2C200 1x, https:\/\/i0.wp.com\/noticiasribeiraopreto.com.br\/wp-content\/uploads\/2024\/01\/WhatsApp-Image-2024-01-03-at-16.47.15-scaled.jpeg?fit=1200%2C800&ssl=1&resize=525%2C300 1.5x, https:\/\/i0.wp.com\/noticiasribeiraopreto.com.br\/wp-content\/uploads\/2024\/01\/WhatsApp-Image-2024-01-03-at-16.47.15-scaled.jpeg?fit=1200%2C800&ssl=1&resize=700%2C400 2x, https:\/\/i0.wp.com\/noticiasribeiraopreto.com.br\/wp-content\/uploads\/2024\/01\/WhatsApp-Image-2024-01-03-at-16.47.15-scaled.jpeg?fit=1200%2C800&ssl=1&resize=1050%2C600 3x"},"classes":[]},{"id":73942,"url":"https:\/\/noticiasribeiraopreto.com.br\/index.php\/2025\/07\/12\/comercial-tropeca-diante-do-uniao-sao-joao-e-sofre-primeira-derrota-na-copa-paulista\/","url_meta":{"origin":24404,"position":3},"title":"Comercial trope\u00e7a diante do Uni\u00e3o S\u00e3o Jo\u00e3o e sofre primeira derrota na Copa Paulista","author":"noticiasribeiraopreto.com.br","date":"12 de July de 2025","format":false,"excerpt":"O Comercial foi derrotado por 1 a 0 pelo Uni\u00e3o S\u00e3o Jo\u00e3o neste s\u00e1bado (12), pela quinta rodada do Grupo 2 da Copa Paulista, e perdeu a invencibilidade na competi\u00e7\u00e3o. O atacante Jonatan Da Ora, camisa 99, marcou o \u00fanico gol da partida aos 21 minutos do primeiro tempo, garantindo\u2026","rel":"","context":"In &quot;Not\u00edcias de Ribeir\u00e3o Preto-SP e Regi\u00e3o&quot;","block_context":{"text":"Not\u00edcias de Ribeir\u00e3o Preto-SP e Regi\u00e3o","link":"https:\/\/noticiasribeiraopreto.com.br\/index.php\/category\/noticias-de-ribeirao-preto-sp-e-regiao-ismael-colosi\/"},"img":{"alt_text":"","src":"https:\/\/i0.wp.com\/noticiasribeiraopreto.com.br\/wp-content\/uploads\/2025\/07\/Imagem-do-WhatsApp-de-2025-07-12-as-16.19.13_ec8c143b_2025-07-12_19-49-33.webp.webp?fit=1200%2C800&ssl=1&resize=350%2C200","width":350,"height":200,"srcset":"https:\/\/i0.wp.com\/noticiasribeiraopreto.com.br\/wp-content\/uploads\/2025\/07\/Imagem-do-WhatsApp-de-2025-07-12-as-16.19.13_ec8c143b_2025-07-12_19-49-33.webp.webp?fit=1200%2C800&ssl=1&resize=350%2C200 1x, https:\/\/i0.wp.com\/noticiasribeiraopreto.com.br\/wp-content\/uploads\/2025\/07\/Imagem-do-WhatsApp-de-2025-07-12-as-16.19.13_ec8c143b_2025-07-12_19-49-33.webp.webp?fit=1200%2C800&ssl=1&resize=525%2C300 1.5x, https:\/\/i0.wp.com\/noticiasribeiraopreto.com.br\/wp-content\/uploads\/2025\/07\/Imagem-do-WhatsApp-de-2025-07-12-as-16.19.13_ec8c143b_2025-07-12_19-49-33.webp.webp?fit=1200%2C800&ssl=1&resize=700%2C400 2x, https:\/\/i0.wp.com\/noticiasribeiraopreto.com.br\/wp-content\/uploads\/2025\/07\/Imagem-do-WhatsApp-de-2025-07-12-as-16.19.13_ec8c143b_2025-07-12_19-49-33.webp.webp?fit=1200%2C800&ssl=1&resize=1050%2C600 3x"},"classes":[]},{"id":27796,"url":"https:\/\/noticiasribeiraopreto.com.br\/index.php\/2024\/01\/13\/pantera-duela-com-o-floresta-por-vaga-na-terceira-fase-da-copa-sao-paulo\/","url_meta":{"origin":24404,"position":4},"title":"Pantera duela com o Floresta por vaga na terceira fase da Copa S\u00e3o Paulo\u00a0\u00a0","author":"noticiasribeiraopreto.com.br","date":"13 de January de 2024","format":false,"excerpt":"13 de janeiro de 2024 | 11:1513 de janeiro de 2024 | 11:05 0O Botafogo volta a campo neste s\u00e1bado (13), quando encara o Floresta-CE, \u00e0s 15h, no Est\u00e1dio Amadeu Mosca, em Salto, pela segunda fase da Copa S\u00e3o Paulo de Futebol J\u00fanior.\u00a0O Tricolor se classificou para a segunda fase\u2026","rel":"","context":"In &quot;Not\u00edcias de Ribeir\u00e3o Preto-SP e Regi\u00e3o&quot;","block_context":{"text":"Not\u00edcias de Ribeir\u00e3o Preto-SP e Regi\u00e3o","link":"https:\/\/noticiasribeiraopreto.com.br\/index.php\/category\/noticias-de-ribeirao-preto-sp-e-regiao-ismael-colosi\/"},"img":{"alt_text":"","src":"https:\/\/i0.wp.com\/noticiasribeiraopreto.com.br\/wp-content\/uploads\/2024\/01\/Botafogo-Copinha-1.jpg?fit=960%2C539&ssl=1&resize=350%2C200","width":350,"height":200,"srcset":"https:\/\/i0.wp.com\/noticiasribeiraopreto.com.br\/wp-content\/uploads\/2024\/01\/Botafogo-Copinha-1.jpg?fit=960%2C539&ssl=1&resize=350%2C200 1x, https:\/\/i0.wp.com\/noticiasribeiraopreto.com.br\/wp-content\/uploads\/2024\/01\/Botafogo-Copinha-1.jpg?fit=960%2C539&ssl=1&resize=525%2C300 1.5x, https:\/\/i0.wp.com\/noticiasribeiraopreto.com.br\/wp-content\/uploads\/2024\/01\/Botafogo-Copinha-1.jpg?fit=960%2C539&ssl=1&resize=700%2C400 2x"},"classes":[]},{"id":6131,"url":"https:\/\/noticiasribeiraopreto.com.br\/index.php\/2023\/11\/24\/botafogo-e-comercial-conhecem-adversarios-na-copa-sp\/","url_meta":{"origin":24404,"position":5},"title":"Botafogo e Comercial conhecem advers\u00e1rios na Copa SP\u00a0\u00a0","author":"noticiasribeiraopreto.com.br","date":"24 de November de 2023","format":false,"excerpt":"24 de novembro de 2023 | 15:3024 de novembro de 2023 | 12:05 0Botafogo e Comercial conheceram na quarta-feira quem ser\u00e3o seus advers\u00e1rios na primeira fase da Copa S\u00e3o Paulo de Futebol J\u00fanior. A 54\u00aa edi\u00e7\u00e3o da Copa S\u00e3o Paulo tem in\u00edcio no dia 2 e decis\u00e3o em 25 de\u2026","rel":"","context":"In &quot;Not\u00edcias de Ribeir\u00e3o Preto-SP e Regi\u00e3o&quot;","block_context":{"text":"Not\u00edcias de Ribeir\u00e3o Preto-SP e Regi\u00e3o","link":"https:\/\/noticiasribeiraopreto.com.br\/index.php\/category\/noticias-de-ribeirao-preto-sp-e-regiao-ismael-colosi\/"},"img":{"alt_text":"","src":"https:\/\/i0.wp.com\/noticiasribeiraopreto.com.br\/wp-content\/uploads\/2023\/11\/copinha.jpg?fit=1000%2C503&ssl=1&resize=350%2C200","width":350,"height":200,"srcset":"https:\/\/i0.wp.com\/noticiasribeiraopreto.com.br\/wp-content\/uploads\/2023\/11\/copinha.jpg?fit=1000%2C503&ssl=1&resize=350%2C200 1x, https:\/\/i0.wp.com\/noticiasribeiraopreto.com.br\/wp-content\/uploads\/2023\/11\/copinha.jpg?fit=1000%2C503&ssl=1&resize=525%2C300 1.5x, https:\/\/i0.wp.com\/noticiasribeiraopreto.com.br\/wp-content\/uploads\/2023\/11\/copinha.jpg?fit=1000%2C503&ssl=1&resize=700%2C400 2x"},"classes":[]}],"jetpack_sharing_enabled":true,"jetpack_shortlink":"https:\/\/wp.me\/peQAOb-6lC","_links":{"self":[{"href":"https:\/\/noticiasribeiraopreto.com.br\/index.php\/wp-json\/wp\/v2\/posts\/24404","targetHints":{"allow":["GET"]}}],"collection":[{"href":"https:\/\/noticiasribeiraopreto.com.br\/index.php\/wp-json\/wp\/v2\/posts"}],"about":[{"href":"https:\/\/noticiasribeiraopreto.com.br\/index.php\/wp-json\/wp\/v2\/types\/post"}],"author":[{"embeddable":true,"href":"https:\/\/noticiasribeiraopreto.com.br\/index.php\/wp-json\/wp\/v2\/users\/1"}],"replies":[{"embeddable":true,"href":"https:\/\/noticiasribeiraopreto.com.br\/index.php\/wp-json\/wp\/v2\/comments?post=24404"}],"version-history":[{"count":0,"href":"https:\/\/noticiasribeiraopreto.com.br\/index.php\/wp-json\/wp\/v2\/posts\/24404\/revisions"}],"wp:featuredmedia":[{"embeddable":true,"href":"https:\/\/noticiasribeiraopreto.com.br\/index.php\/wp-json\/wp\/v2\/media\/24405"}],"wp:attachment":[{"href":"https:\/\/noticiasribeiraopreto.com.br\/index.php\/wp-json\/wp\/v2\/media?parent=24404"}],"wp:term":[{"taxonomy":"category","embeddable":true,"href":"https:\/\/noticiasribeiraopreto.com.br\/index.php\/wp-json\/wp\/v2\/categories?post=24404"},{"taxonomy":"post_tag","embeddable":true,"href":"https:\/\/noticiasribeiraopreto.com.br\/index.php\/wp-json\/wp\/v2\/tags?post=24404"}],"curies":[{"name":"wp","href":"https:\/\/api.w.org\/{rel}","templated":true}]}}