{"id":24433,"date":"2024-01-04T11:57:06","date_gmt":"2024-01-04T14:57:06","guid":{"rendered":"https:\/\/noticiasribeiraopreto.com.br\/index.php\/2024\/01\/04\/veja-a-lista-de-feriados-em-ribeirao-preto-em-2024-janeiro-tem-feriado\/"},"modified":"2024-01-04T11:57:06","modified_gmt":"2024-01-04T14:57:06","slug":"veja-a-lista-de-feriados-em-ribeirao-preto-em-2024-janeiro-tem-feriado","status":"publish","type":"post","link":"https:\/\/noticiasribeiraopreto.com.br\/index.php\/2024\/01\/04\/veja-a-lista-de-feriados-em-ribeirao-preto-em-2024-janeiro-tem-feriado\/","title":{"rendered":"Veja a lista de feriados em Ribeir\u00e3o Preto em 2024; Janeiro tem feriado"},"content":{"rendered":"<div class='code-block code-block-1' style='margin: 8px 0 8px auto; text-align: right; display: block; clear: both;'>\n<p><a href=\"https:\/\/wa.link\/vpicfd\"><img data-recalc-dims=\"1\" class=\"wp-image-4922\" style=\"aspect-ratio: 2.0253164556962027; width: 561px; height: auto;\" src=\"https:\/\/i0.wp.com\/ismaelcolosi.com.br\/wp-content\/uploads\/2023\/11\/grupo-de-empregos-whatsapp-e-facebook-ismael-colosi-vagas.jpg?ssl=1\" alt=\"\" \/><\/a><\/p>\n<!-- \/wp:image -->\n<\/div>\n<p> <br \/>\n<\/p>\n<div data-td-block-uid=\"tdi_104\">\n<div class=\"tdb-block-inner td-fix-index\">\n<p><strong>O ano come\u00e7ou e muita gente j\u00e1 est\u00e1 planejando o que fazer nos feriados de 2024. S\u00e3o 14 \u2018folgas\u2019 no ano em Ribeir\u00e3o Preto, mas cinco caem aos finais de semana.<\/strong><\/p>\n<p>Ribeir\u00e3o Preto tem um <strong>feriado municipal j\u00e1 em janeiro, no dia 20, Dia de S\u00e3o Sebasti\u00e3o, padroeiro da cidade<\/strong>. No entanto, a data, em 2024, cai em um s\u00e1bado.<\/p>\n<p>Assim, o primeiro feriado \u2018oficial\u2019 em um dia de semana vai ser a Sexta-Feira Santa (Paix\u00e3o de Cristo), no dia 29 de mar\u00e7o.<\/p>\n<h4 class=\"wp-block-heading\"><strong>E o Carnaval?<\/strong><\/h4>\n<p>Oficialmente, <strong>o Carnaval n\u00e3o \u00e9 feriado no Brasil. <\/strong>Algumas empresas, por\u00e9m, consideram a ter\u00e7a-feira de Carnaval (13 de fevereiro em 2024) feriado. Mas h\u00e1 empresas que concedem a folga, mas descontam no banco de horas.<\/p>\n<p>No caso de funcion\u00e1rios p\u00fablicos (municipais, estaduais e federais), h\u00e1, tradicionalmente, ponto facultativo entre a segunda-feira e o meio-dia da quarta-feira (entre os dias 12 e 14 de fevereiro em 2024).<\/p>\n<h4 class=\"wp-block-heading\"><strong>Confira a lista de feriados* de 2024:<\/strong><\/h4>\n<ul>\n<li>1\u00ba de janeiro, Confraterniza\u00e7\u00e3o Universal (feriado nacional) \u2013 segunda-feira;<\/li>\n<\/ul>\n<ul>\n<li>20 de janeiro, Dia de S\u00e3o Sebasti\u00e3o (feriado municipal) \u2013 s\u00e1bado<\/li>\n<\/ul>\n<ul>\n<li>29 de mar\u00e7o, Paix\u00e3o de Cristo (feriado municipal) \u2013 sexta-feira;<\/li>\n<\/ul>\n<ul>\n<li>21 de abril, Tiradentes (feriado nacional) \u2013 domingo;<\/li>\n<\/ul>\n<ul>\n<li>1\u00ba de maio, Dia Mundial do Trabalho (feriado nacional) \u2013 quarta-feira;<\/li>\n<\/ul>\n<ul>\n<li>30 de maio, Corpus Christi (feriado municipal) \u2013 sexta-feira<\/li>\n<\/ul>\n<ul>\n<li>19 de junho, anivers\u00e1rio de Ribeir\u00e3o Preto (feriado municipal) \u2013 quarta-feira<\/li>\n<\/ul>\n<ul>\n<li>9 de julho, Revolu\u00e7\u00e3o Constitucionalista (feriado estadual) \u2013 ter\u00e7a-feira<\/li>\n<\/ul>\n<ul>\n<li>7 de setembro, Independ\u00eancia do Brasil (feriado nacional) \u2013 s\u00e1bado;<\/li>\n<\/ul>\n<ul>\n<li>12 de outubro, Nossa Senhora Aparecida (feriado nacional) \u2013 s\u00e1bado;<\/li>\n<\/ul>\n<ul>\n<li>2 de novembro, Finados (feriado nacional) \u2013 s\u00e1bado;<\/li>\n<\/ul>\n<ul>\n<li>15 de novembro, Proclama\u00e7\u00e3o da Rep\u00fablica (feriado nacional) \u2013 sexta-feira;<\/li>\n<\/ul>\n<ul>\n<li>20 de novembro, Dia da Consci\u00eancia Negra (feriado nacional) \u2013 quarta-feira;<\/li>\n<\/ul>\n<ul>\n<li>25 de dezembro, Natal (feriado nacional) \u2013 quarta-feira<\/li>\n<\/ul>\n<p>VEJA TAMB\u00c9M<br \/>Ribeir\u00e3o Preto est\u00e1 sobre um vulc\u00e3o adormecido? Veja a explica\u00e7\u00e3o<\/p>\n<h4 class=\"wp-block-heading\"><strong>FIQUE ON<\/strong><\/h4>\n<p>Fique ligado em tudo que acontece em Ribeir\u00e3o Preto e regi\u00e3o. Siga os perfis do\u00a0<strong>acidade on\u00a0<\/strong>no\u00a0<a href=\"https:\/\/www.instagram.com\/acidadeonribeirao\" target=\"_blank\" rel=\"noreferrer noopener\">Instagram<\/a>\u00a0e no<a href=\"https:\/\/www.facebook.com\/acidadeonribeirao\" target=\"_blank\" rel=\"noreferrer noopener\">\u00a0Facebook.<\/a><\/p>\n<p>Receba not\u00edcias do<strong>\u00a0acidade on<\/strong>\u00a0no WhatsApp.\u00a0<a href=\"https:\/\/chat.whatsapp.com\/Bnv2w66ZT4VDyZW3oiZ69n\" target=\"_blank\" rel=\"noreferrer noopener\">Para entrar no grupo, basta clicar aqui.<\/a><\/p>\n<p>Fa\u00e7a uma den\u00fancia ou sugira uma reportagem sobre Ribeir\u00e3o Preto e regi\u00e3o pelo WhatsApp: <strong>16 99117 7802.<\/strong><\/p>\n<p>LEIA MAIS<br \/>\u201cBig Day\u201d: Como vai ser o an\u00fancio dos participantes do BBB 24?<\/p>\n<p><!-- AI CONTENT END 1 -->\n<\/div>\n<\/div>\n<p><script async src=\"\/\/www.instagram.com\/embed.js\"><\/script><br \/>\n<br \/><br \/>\n<br \/><a href=\"https:\/\/www.acidadeon.com\/ribeiraopreto\/economia\/veja-a-lista-de-feriados-em-ribeirao-preto-em-2024-janeiro-tem-feriado\/\">Source link <\/a><\/p>\n<!-- CONTENT END 1 -->\n","protected":false},"excerpt":{"rendered":"<p>O ano come\u00e7ou e muita gente j\u00e1 est\u00e1 planejando o que fazer nos feriados de 2024. S\u00e3o 14 \u2018folgas\u2019 no ano em Ribeir\u00e3o Preto, mas&#8230;<\/p>\n","protected":false},"author":1,"featured_media":24434,"comment_status":"open","ping_status":"open","sticky":false,"template":"","format":"standard","meta":{"advanced_seo_description":"","jetpack_seo_html_title":"","jetpack_seo_noindex":false,"jetpack_post_was_ever_published":false,"_jetpack_newsletter_access":"","_jetpack_dont_email_post_to_subs":false,"_jetpack_newsletter_tier_id":0,"_jetpack_memberships_contains_paywalled_content":false,"_jetpack_memberships_contains_paid_content":false,"footnotes":"","jetpack_publicize_message":"","jetpack_publicize_feature_enabled":true,"jetpack_social_post_already_shared":true,"jetpack_social_options":{"image_generator_settings":{"template":"highway","default_image_id":0,"font":"","enabled":false},"version":2}},"categories":[11],"tags":[377,303,174,766,27,26,162,48],"class_list":["post-24433","post","type-post","status-publish","format-standard","has-post-thumbnail","hentry","category-noticias-de-ribeirao-preto-sp-e-regiao-ismael-colosi","tag-feriado","tag-feriados","tag-janeiro","tag-lista","tag-preto","tag-ribeirao","tag-tem","tag-veja"],"jetpack_publicize_connections":[],"jetpack_featured_media_url":"https:\/\/i0.wp.com\/noticiasribeiraopreto.com.br\/wp-content\/uploads\/2024\/01\/WhatsApp-Image-2024-01-04-at-10.53.05.jpeg?fit=1599%2C899&ssl=1","jetpack-related-posts":[{"id":35289,"url":"https:\/\/noticiasribeiraopreto.com.br\/index.php\/2024\/02\/05\/carnaval-e-feriado-ou-nao-veja-se-o-trabalhador-tem-direito-a-folga\/","url_meta":{"origin":24433,"position":0},"title":"Carnaval \u00e9 feriado ou n\u00e3o? Veja se o trabalhador tem direito a folga","author":"noticiasribeiraopreto.com.br","date":"5 de February de 2024","format":false,"excerpt":"O Carnaval \u00e9 a data respons\u00e1vel por colocar o Brasil em destaque em diversos lugares do mundo. No pa\u00eds, diversas pessoas aproveitam para realizar uma viagem em fam\u00edlia ou ent\u00e3o para curtir os dias na folia. No entanto, o que muita gente n\u00e3o sabe \u00e9 que oficialmente, a data n\u00e3o\u2026","rel":"","context":"In &quot;Not\u00edcias de Ribeir\u00e3o Preto-SP e Regi\u00e3o&quot;","block_context":{"text":"Not\u00edcias de Ribeir\u00e3o Preto-SP e Regi\u00e3o","link":"https:\/\/noticiasribeiraopreto.com.br\/index.php\/category\/noticias-de-ribeirao-preto-sp-e-regiao-ismael-colosi\/"},"img":{"alt_text":"","src":"https:\/\/i0.wp.com\/noticiasribeiraopreto.com.br\/wp-content\/uploads\/2024\/02\/carnaval_de_1200x675_09102021094726.jpg?fit=1200%2C675&ssl=1&resize=350%2C200","width":350,"height":200,"srcset":"https:\/\/i0.wp.com\/noticiasribeiraopreto.com.br\/wp-content\/uploads\/2024\/02\/carnaval_de_1200x675_09102021094726.jpg?fit=1200%2C675&ssl=1&resize=350%2C200 1x, https:\/\/i0.wp.com\/noticiasribeiraopreto.com.br\/wp-content\/uploads\/2024\/02\/carnaval_de_1200x675_09102021094726.jpg?fit=1200%2C675&ssl=1&resize=525%2C300 1.5x, https:\/\/i0.wp.com\/noticiasribeiraopreto.com.br\/wp-content\/uploads\/2024\/02\/carnaval_de_1200x675_09102021094726.jpg?fit=1200%2C675&ssl=1&resize=700%2C400 2x, https:\/\/i0.wp.com\/noticiasribeiraopreto.com.br\/wp-content\/uploads\/2024\/02\/carnaval_de_1200x675_09102021094726.jpg?fit=1200%2C675&ssl=1&resize=1050%2C600 3x"},"classes":[]},{"id":61979,"url":"https:\/\/noticiasribeiraopreto.com.br\/index.php\/2024\/12\/30\/calendario-oficial-de-feriados-de-2025-e-divulgado-saiba-quando-tem-folga-prolongada\/","url_meta":{"origin":24433,"position":1},"title":"Calend\u00e1rio oficial de feriados de 2025 \u00e9 divulgado; Saiba quando tem folga prolongada","author":"noticiasribeiraopreto.com.br","date":"30 de December de 2024","format":false,"excerpt":"O Governo Federal publicou na edi\u00e7\u00e3o desta segunda-feira (30) o calend\u00e1rio oficial de feriados nacionais para 2025. Segundo a portaria, publicada pelo Minist\u00e9rio da Gest\u00e3o e da Inova\u00e7\u00e3o em Servi\u00e7os P\u00fablicos, ser\u00e3o quatro folgas prolongas no pr\u00f3ximo ano. O calend\u00e1rio estabelece os dias de ponto facultativo, al\u00e9m dos feriados, para\u2026","rel":"","context":"In &quot;Not\u00edcias de Ribeir\u00e3o Preto-SP e Regi\u00e3o&quot;","block_context":{"text":"Not\u00edcias de Ribeir\u00e3o Preto-SP e Regi\u00e3o","link":"https:\/\/noticiasribeiraopreto.com.br\/index.php\/category\/noticias-de-ribeirao-preto-sp-e-regiao-ismael-colosi\/"},"img":{"alt_text":"","src":"https:\/\/i0.wp.com\/noticiasribeiraopreto.com.br\/wp-content\/uploads\/2024\/12\/feriado-prolongado.jpg?fit=1200%2C800&ssl=1&resize=350%2C200","width":350,"height":200,"srcset":"https:\/\/i0.wp.com\/noticiasribeiraopreto.com.br\/wp-content\/uploads\/2024\/12\/feriado-prolongado.jpg?fit=1200%2C800&ssl=1&resize=350%2C200 1x, https:\/\/i0.wp.com\/noticiasribeiraopreto.com.br\/wp-content\/uploads\/2024\/12\/feriado-prolongado.jpg?fit=1200%2C800&ssl=1&resize=525%2C300 1.5x, https:\/\/i0.wp.com\/noticiasribeiraopreto.com.br\/wp-content\/uploads\/2024\/12\/feriado-prolongado.jpg?fit=1200%2C800&ssl=1&resize=700%2C400 2x, https:\/\/i0.wp.com\/noticiasribeiraopreto.com.br\/wp-content\/uploads\/2024\/12\/feriado-prolongado.jpg?fit=1200%2C800&ssl=1&resize=1050%2C600 3x"},"classes":[]},{"id":23807,"url":"https:\/\/noticiasribeiraopreto.com.br\/index.php\/2024\/01\/03\/veja-quando-sera-o-proximo-feriado-nacional\/","url_meta":{"origin":24433,"position":2},"title":"veja quando ser\u00e1 o pr\u00f3ximo feriado nacional","author":"noticiasribeiraopreto.com.br","date":"3 de January de 2024","format":false,"excerpt":"Esta ter\u00e7a-feira (2), \u00e9 o primeiro dia \u00fatil do ano de 2024. Para boa parte dos trabalhadores, esta \u00e9 a data de retorno aos trabalhos. Quem n\u00e3o est\u00e1 curtindo as f\u00e9rias, certamente j\u00e1 est\u00e1 de olho nos pr\u00f3ximos feriados. Mas afinal de contas, falta muito para a pr\u00f3xima folga? Em\u2026","rel":"","context":"In &quot;Vagas de Emprego em Ribeir\u00e3o Preto-SP&quot;","block_context":{"text":"Vagas de Emprego em Ribeir\u00e3o Preto-SP","link":"https:\/\/noticiasribeiraopreto.com.br\/index.php\/category\/empregos-classificados-vagas-trabalho\/vagas-de-empregos-em-ribeirao-preto-regiao-brasil\/"},"img":{"alt_text":"","src":"https:\/\/i0.wp.com\/noticiasribeiraopreto.com.br\/wp-content\/uploads\/2024\/01\/noticiasconcursos.com_.br-calendario-veja-quando-sera-o-proximo-feriado-nacional-nc-12.jpg?fit=800%2C400&ssl=1&resize=350%2C200","width":350,"height":200,"srcset":"https:\/\/i0.wp.com\/noticiasribeiraopreto.com.br\/wp-content\/uploads\/2024\/01\/noticiasconcursos.com_.br-calendario-veja-quando-sera-o-proximo-feriado-nacional-nc-12.jpg?fit=800%2C400&ssl=1&resize=350%2C200 1x, https:\/\/i0.wp.com\/noticiasribeiraopreto.com.br\/wp-content\/uploads\/2024\/01\/noticiasconcursos.com_.br-calendario-veja-quando-sera-o-proximo-feriado-nacional-nc-12.jpg?fit=800%2C400&ssl=1&resize=525%2C300 1.5x, https:\/\/i0.wp.com\/noticiasribeiraopreto.com.br\/wp-content\/uploads\/2024\/01\/noticiasconcursos.com_.br-calendario-veja-quando-sera-o-proximo-feriado-nacional-nc-12.jpg?fit=800%2C400&ssl=1&resize=700%2C400 2x"},"classes":[]},{"id":62389,"url":"https:\/\/noticiasribeiraopreto.com.br\/index.php\/2025\/01\/13\/entenda-por-que-dia-20-de-janeiro-e-feriado-em-ribeirao-preto\/","url_meta":{"origin":24433,"position":3},"title":"Entenda por que dia 20 de janeiro \u00e9 feriado em Ribeir\u00e3o Preto","author":"noticiasribeiraopreto.com.br","date":"13 de January de 2025","format":false,"excerpt":"No dia 20 de janeiro \u00e9 comemorado o Dia de S\u00e3o Sebasti\u00e3o, o padroeiro de Ribeir\u00e3o Preto. E, uma d\u00favida comum na popula\u00e7\u00e3o \u00e9: a data \u00e9 feriado ou ponto facultativo? Entenda. Desde mar\u00e7o de 2009, o dia 20 de janeiro passou a ser feriado em Ribeir\u00e3o Preto, atrav\u00e9s da\u2026","rel":"","context":"In &quot;Not\u00edcias de Ribeir\u00e3o Preto-SP e Regi\u00e3o&quot;","block_context":{"text":"Not\u00edcias de Ribeir\u00e3o Preto-SP e Regi\u00e3o","link":"https:\/\/noticiasribeiraopreto.com.br\/index.php\/category\/noticias-de-ribeirao-preto-sp-e-regiao-ismael-colosi\/"},"img":{"alt_text":"","src":"https:\/\/i0.wp.com\/noticiasribeiraopreto.com.br\/wp-content\/uploads\/2025\/01\/20221224_101748_2.jpg?fit=1200%2C790&ssl=1&resize=350%2C200","width":350,"height":200,"srcset":"https:\/\/i0.wp.com\/noticiasribeiraopreto.com.br\/wp-content\/uploads\/2025\/01\/20221224_101748_2.jpg?fit=1200%2C790&ssl=1&resize=350%2C200 1x, https:\/\/i0.wp.com\/noticiasribeiraopreto.com.br\/wp-content\/uploads\/2025\/01\/20221224_101748_2.jpg?fit=1200%2C790&ssl=1&resize=525%2C300 1.5x, https:\/\/i0.wp.com\/noticiasribeiraopreto.com.br\/wp-content\/uploads\/2025\/01\/20221224_101748_2.jpg?fit=1200%2C790&ssl=1&resize=700%2C400 2x, https:\/\/i0.wp.com\/noticiasribeiraopreto.com.br\/wp-content\/uploads\/2025\/01\/20221224_101748_2.jpg?fit=1200%2C790&ssl=1&resize=1050%2C600 3x"},"classes":[]},{"id":21824,"url":"https:\/\/noticiasribeiraopreto.com.br\/index.php\/2023\/12\/28\/veja-a-lista-de-feriados-nacionais-e-pontos-facultativos-em-2024\/","url_meta":{"origin":24433,"position":4},"title":"Veja a lista de feriados nacionais e pontos facultativos em 2024","author":"noticiasribeiraopreto.com.br","date":"28 de December de 2023","format":false,"excerpt":"O governo federal publicou, nesta quinta-feira (28), no Di\u00e1rio Oficial da Uni\u00e3o, os dias de feriados nacionais. Tamb\u00e9m foram estabelecidos os dias de ponto facultativo, para o ano de 2024. De acordo com o Minist\u00e9rio da Gest\u00e3o e da Inova\u00e7\u00e3o em Servi\u00e7os P\u00fablicos, entre as 18 datas comemorativas, oito s\u00e3o\u2026","rel":"","context":"In &quot;Not\u00edcias de Ribeir\u00e3o Preto-SP e Regi\u00e3o&quot;","block_context":{"text":"Not\u00edcias de Ribeir\u00e3o Preto-SP e Regi\u00e3o","link":"https:\/\/noticiasribeiraopreto.com.br\/index.php\/category\/noticias-de-ribeirao-preto-sp-e-regiao-ismael-colosi\/"},"img":{"alt_text":"","src":"https:\/\/i0.wp.com\/noticiasribeiraopreto.com.br\/wp-content\/uploads\/2023\/12\/calendar-gad829f90c_1920.jpg?fit=1200%2C900&ssl=1&resize=350%2C200","width":350,"height":200,"srcset":"https:\/\/i0.wp.com\/noticiasribeiraopreto.com.br\/wp-content\/uploads\/2023\/12\/calendar-gad829f90c_1920.jpg?fit=1200%2C900&ssl=1&resize=350%2C200 1x, https:\/\/i0.wp.com\/noticiasribeiraopreto.com.br\/wp-content\/uploads\/2023\/12\/calendar-gad829f90c_1920.jpg?fit=1200%2C900&ssl=1&resize=525%2C300 1.5x, https:\/\/i0.wp.com\/noticiasribeiraopreto.com.br\/wp-content\/uploads\/2023\/12\/calendar-gad829f90c_1920.jpg?fit=1200%2C900&ssl=1&resize=700%2C400 2x, https:\/\/i0.wp.com\/noticiasribeiraopreto.com.br\/wp-content\/uploads\/2023\/12\/calendar-gad829f90c_1920.jpg?fit=1200%2C900&ssl=1&resize=1050%2C600 3x"},"classes":[]},{"id":23752,"url":"https:\/\/noticiasribeiraopreto.com.br\/index.php\/2024\/01\/02\/brasil-tera-novo-feriado-a-partir-deste-ano-meu-valor-digital\/","url_meta":{"origin":24433,"position":5},"title":"Brasil ter\u00e1 novo feriado a partir deste ano &#8211; Meu Valor Digital","author":"noticiasribeiraopreto.com.br","date":"2 de January de 2024","format":false,"excerpt":"Muitos brasileiros podem achar que o pa\u00eds j\u00e1 tem feriado demais! Para desagrado dessa parcela de cidad\u00e3os, em 2024, teremos mais um feriado nacional. Teremos dez feriados nacionais, sendo que apenas tr\u00eas v\u00e3o cair pr\u00f3ximos a um fim de semana, ou seja, na segunda-feira ou na sexta-feira. Essas s\u00e3o aquelas\u2026","rel":"","context":"In &quot;Vagas de Emprego em Ribeir\u00e3o Preto-SP&quot;","block_context":{"text":"Vagas de Emprego em Ribeir\u00e3o Preto-SP","link":"https:\/\/noticiasribeiraopreto.com.br\/index.php\/category\/empregos-classificados-vagas-trabalho\/vagas-de-empregos-em-ribeirao-preto-regiao-brasil\/"},"img":{"alt_text":"","src":"https:\/\/i0.wp.com\/noticiasribeiraopreto.com.br\/wp-content\/uploads\/2024\/01\/4-feriado.jpg?fit=1200%2C800&ssl=1&resize=350%2C200","width":350,"height":200,"srcset":"https:\/\/i0.wp.com\/noticiasribeiraopreto.com.br\/wp-content\/uploads\/2024\/01\/4-feriado.jpg?fit=1200%2C800&ssl=1&resize=350%2C200 1x, https:\/\/i0.wp.com\/noticiasribeiraopreto.com.br\/wp-content\/uploads\/2024\/01\/4-feriado.jpg?fit=1200%2C800&ssl=1&resize=525%2C300 1.5x, https:\/\/i0.wp.com\/noticiasribeiraopreto.com.br\/wp-content\/uploads\/2024\/01\/4-feriado.jpg?fit=1200%2C800&ssl=1&resize=700%2C400 2x, https:\/\/i0.wp.com\/noticiasribeiraopreto.com.br\/wp-content\/uploads\/2024\/01\/4-feriado.jpg?fit=1200%2C800&ssl=1&resize=1050%2C600 3x"},"classes":[]}],"jetpack_sharing_enabled":true,"jetpack_shortlink":"https:\/\/wp.me\/peQAOb-6m5","_links":{"self":[{"href":"https:\/\/noticiasribeiraopreto.com.br\/index.php\/wp-json\/wp\/v2\/posts\/24433","targetHints":{"allow":["GET"]}}],"collection":[{"href":"https:\/\/noticiasribeiraopreto.com.br\/index.php\/wp-json\/wp\/v2\/posts"}],"about":[{"href":"https:\/\/noticiasribeiraopreto.com.br\/index.php\/wp-json\/wp\/v2\/types\/post"}],"author":[{"embeddable":true,"href":"https:\/\/noticiasribeiraopreto.com.br\/index.php\/wp-json\/wp\/v2\/users\/1"}],"replies":[{"embeddable":true,"href":"https:\/\/noticiasribeiraopreto.com.br\/index.php\/wp-json\/wp\/v2\/comments?post=24433"}],"version-history":[{"count":0,"href":"https:\/\/noticiasribeiraopreto.com.br\/index.php\/wp-json\/wp\/v2\/posts\/24433\/revisions"}],"wp:featuredmedia":[{"embeddable":true,"href":"https:\/\/noticiasribeiraopreto.com.br\/index.php\/wp-json\/wp\/v2\/media\/24434"}],"wp:attachment":[{"href":"https:\/\/noticiasribeiraopreto.com.br\/index.php\/wp-json\/wp\/v2\/media?parent=24433"}],"wp:term":[{"taxonomy":"category","embeddable":true,"href":"https:\/\/noticiasribeiraopreto.com.br\/index.php\/wp-json\/wp\/v2\/categories?post=24433"},{"taxonomy":"post_tag","embeddable":true,"href":"https:\/\/noticiasribeiraopreto.com.br\/index.php\/wp-json\/wp\/v2\/tags?post=24433"}],"curies":[{"name":"wp","href":"https:\/\/api.w.org\/{rel}","templated":true}]}}