{"id":24438,"date":"2024-01-04T12:03:22","date_gmt":"2024-01-04T15:03:22","guid":{"rendered":"https:\/\/noticiasribeiraopreto.com.br\/index.php\/2024\/01\/04\/nao-deu-para-milei-justica-bloqueia-reforma-trabalhista-e-poe-em-xeque-mega-decreto-do-presidente-da-argentina\/"},"modified":"2024-01-04T12:03:22","modified_gmt":"2024-01-04T15:03:22","slug":"nao-deu-para-milei-justica-bloqueia-reforma-trabalhista-e-poe-em-xeque-mega-decreto-do-presidente-da-argentina","status":"publish","type":"post","link":"https:\/\/noticiasribeiraopreto.com.br\/index.php\/2024\/01\/04\/nao-deu-para-milei-justica-bloqueia-reforma-trabalhista-e-poe-em-xeque-mega-decreto-do-presidente-da-argentina\/","title":{"rendered":"N\u00e3o deu para Milei: Justi\u00e7a bloqueia reforma trabalhista e p\u00f5e em xeque \u201cmega decreto\u201d do presidente da Argentina"},"content":{"rendered":"<div class='code-block code-block-1' style='margin: 8px 0 8px auto; text-align: right; display: block; clear: both;'>\n<p><a href=\"https:\/\/wa.link\/vpicfd\"><img data-recalc-dims=\"1\" class=\"wp-image-4922\" style=\"aspect-ratio: 2.0253164556962027; width: 561px; height: auto;\" src=\"https:\/\/i0.wp.com\/ismaelcolosi.com.br\/wp-content\/uploads\/2023\/11\/grupo-de-empregos-whatsapp-e-facebook-ismael-colosi-vagas.jpg?ssl=1\" alt=\"\" \/><\/a><\/p>\n<!-- \/wp:image -->\n<\/div>\n<p> <br \/>\n<\/p>\n<div id=\"js-first-letter\">\n<p>A Justi\u00e7a da <strong>Argentina <\/strong>barrou a reforma trabalhista inclu\u00edda no mega decreto do presidente <strong>Javier Milei.<\/strong><\/p>\n<p>A suspens\u00e3o ocorreu ap\u00f3s uma a\u00e7\u00e3o apresentada pela Confedera\u00e7\u00e3o Geral do Trabalho (CGT), a associa\u00e7\u00e3o sindical mais importante do pa\u00eds.\u00a0<\/p>\n<p>De acordo com fontes do governo ouvidas pelo jornal <em>La Naci\u00f3n<\/em>, o veto da Justi\u00e7a \u201cj\u00e1 era esperado\u201d e \u201cfaz parte do jogo da pol\u00edtica\u201d.<\/p>\n<p>O gabinete presidencial pretende recorrer e realizar uma nova rodada de negocia\u00e7\u00f5es com os sindicatos em meio \u00e0 debates sobre a legitimidade da \u201cLey \u00d3mnibus\u201d e ao \u201cdecreto de necesidad y urgencia\u201d (DNU).\u00a0<\/p>\n<p>A Ley \u00d3mnibus \u00e9 um pacote de projetos com uma s\u00e9rie de leis \u2014 tamb\u00e9m chamado de mega decreto \u2014 que inclui o DNU.<\/p>\n<p>Entre as propostas, est\u00e3o dez \u201cmedidas de emerg\u00eancia\u201d, nas palavras do ministro da Economia,<a href=\"https:\/\/www.seudinheiro.com\/2023\/internacional\/argentina-paulo-guedes-javier-milei-ministro-da-economia-hermano-rens\/\" target=\"_blank\" rel=\"noreferrer noopener\"> Luis Caputo<\/a>, para enfrentar a crise da Argentina.\u00a0<\/p>\n<p>Assim, o poder executivo pretende com o mega decreto modificar ou revogar at\u00e9 366 leis j\u00e1 existentes e inserir outros 600 artigos em leis j\u00e1 existentes. Contudo, a batalha n\u00e3o deve terminar t\u00e3o cedo.<\/p>\n<h2 class=\"wp-block-heading\" id=\"h-argentina-e-o-mega-decreto-de-milei\">Argentina e o mega decreto de Milei<\/h2>\n<p>Outra medida do pacote de Milei \u00e9 declarar um estado de \u201cemerg\u00eancia p\u00fablica econ\u00f4mica, financeira, fiscal, de previd\u00eancia, seguridade social, defesa, tarif\u00e1ria, energ\u00e9tica e administrativa at\u00e9 o dia 31 de dezembro de 2025\u201d.\u00a0<\/p>\n<p>Em outras palavras, essa medida daria ao poder executivo poderes totais por cerca de dois anos, ou metade do mandato para o qual Milei elegeu-se.\u00a0<\/p>\n<p>A Ley \u00d3mnibus \u00e9 mais focada em retirar subs\u00eddios da economia Argentina e desburocratizar as atividades. Contudo, parte das medidas d\u00e1 margem para que Milei governe sem a necessidade do Congresso, o que \u00e9 visto como pretens\u00f5es autorit\u00e1rias do presidente.<\/p>\n<p>A vis\u00e3o de Milei \u00e9 de um ultraliberal \u2014 ou seja, de livre mercado e pouca interfer\u00eancia do Estado nas atividades econ\u00f4micas.\u00a0<\/p>\n<ul>\n<li><strong>Quer come\u00e7ar a investir em 2024, mas n\u00e3o sabe por onde come\u00e7ar? <\/strong>Veja o guia completo do Seu Dinheiro e descubra as recomenda\u00e7\u00f5es dos analistas mais gabaritados do mercado. <a href=\"https:\/\/lp.seudinheiro.com\/onde-investir-oinv01-a\/?xpromo=XD-MEL-SD-OINV01-AUDSD-X-CHLTB-EDITORIAL6-MKTPORTAIS\" target=\"_blank\" rel=\"noreferrer noopener\"><strong>\u00c9 s\u00f3 clicar aqui.\u00a0<\/strong><\/a><\/li>\n<\/ul>\n<h3 class=\"wp-block-heading\" id=\"h-contraponto\">Contraponto<\/h3>\n<p>Apesar do projeto de Milei ter uma s\u00e9rie de decretos, para aprovar todo o pacote de medidas, ser\u00e1 necess\u00e1rio di\u00e1logo com o Congresso.<\/p>\n<p>Al\u00e9m disso, \u00e9 claro, a Justi\u00e7a do pa\u00eds tamb\u00e9m deve ser um entrave para o presidente. E \u00e9 a\u00ed que o presidente pode encontrar grandes dificuldades.<\/p>\n<p>Isso porque seu partido do presidente da Argentina \u2014 o <em>La Liberdad Avanza<\/em> (LLA) \u2014 n\u00e3o formou maioria em nenhuma das casas legislativas, apesar de ter uma alian\u00e7a importante com o <a href=\"https:\/\/www.seudinheiro.com\/2023\/internacional\/argentina-bullrich-massa-milei-eleicoes-rens\/\" target=\"_blank\" rel=\"noreferrer noopener\"><em>Juntos por el Cambio<\/em> (JxC)<\/a>.<\/p>\n<h3 class=\"wp-block-heading\" id=\"h-divisao-de-poder-na-argentina\">Divis\u00e3o de poder na Argentina<\/h3>\n<p>Para formar maioria na C\u00e2mara, s\u00e3o necess\u00e1rios 129 parlamentares. O LLA se tornou a terceira for\u00e7a na C\u00e2mara, com 37 deputados.<\/p>\n<p>Pode-se contar com um n\u00famero maior ap\u00f3s a recente alian\u00e7a com o JxC \u2014 segunda maior bancada, com 93 parlamentares eleitos \u2014, que ajuda a compor um n\u00famero mais confort\u00e1vel de 130 deputados.<\/p>\n<p>Vale lembrar, por\u00e9m, que parte dos parlamentares do JxC j\u00e1 disseram que n\u00e3o est\u00e3o totalmente alinhados com o novo presidente, o que significa que essa maioria n\u00e3o \u00e9 certeza.Entretanto, a agora oposi\u00e7\u00e3o <em>Uni\u00f3n por la Patria<\/em> (UP) ainda \u00e9 a maior bancada de todas, com 108 deputados eleitos.<\/p>\n<p>No Senado, a situa\u00e7\u00e3o \u00e9 parecida: o LLA tem 8 senadores, o JxC tem 24 e o UP tem 34. Para formar maioria na Casa Legislativa, s\u00e3o necess\u00e1rios 37 congressistas.<\/p>\n<\/div>\n<p><br \/>\n<br \/><a href=\"https:\/\/www.seudinheiro.com\/2024\/internacional\/javier-milei-justica-argentina-mega-decreto-rens\/\">Source link <\/a><\/p>\n<!-- CONTENT END 1 -->\n","protected":false},"excerpt":{"rendered":"<p>A Justi\u00e7a da Argentina barrou a reforma trabalhista inclu\u00edda no mega decreto do presidente Javier Milei. A suspens\u00e3o ocorreu ap\u00f3s uma a\u00e7\u00e3o apresentada pela Confedera\u00e7\u00e3o&#8230;<\/p>\n","protected":false},"author":1,"featured_media":24439,"comment_status":"open","ping_status":"open","sticky":false,"template":"","format":"standard","meta":{"advanced_seo_description":"","jetpack_seo_html_title":"","jetpack_seo_noindex":false,"jetpack_post_was_ever_published":false,"_jetpack_newsletter_access":"","_jetpack_dont_email_post_to_subs":false,"_jetpack_newsletter_tier_id":0,"_jetpack_memberships_contains_paywalled_content":false,"_jetpack_memberships_contains_paid_content":false,"footnotes":"","jetpack_publicize_message":"","jetpack_publicize_feature_enabled":true,"jetpack_social_post_already_shared":true,"jetpack_social_options":{"image_generator_settings":{"template":"highway","default_image_id":0,"font":"","enabled":false},"version":2}},"categories":[1235],"tags":[],"class_list":["post-24438","post","type-post","status-publish","format-standard","has-post-thumbnail","hentry","category-dinheiro-e-investimento-como-fazer-como-ganhar"],"jetpack_publicize_connections":[],"jetpack_featured_media_url":"https:\/\/i0.wp.com\/noticiasribeiraopreto.com.br\/wp-content\/uploads\/2024\/01\/Javier-Milei-presidente-da-Argentina-715x402.jpg?fit=715%2C402&ssl=1","jetpack-related-posts":[{"id":24175,"url":"https:\/\/noticiasribeiraopreto.com.br\/index.php\/2024\/01\/03\/justica-da-argentina-suspende-reforma-trabalhista-proposta-pelo-decretaco-de-milei\/","url_meta":{"origin":24438,"position":0},"title":"Justi\u00e7a da Argentina suspende Reforma Trabalhista proposta pelo &#8216;Decreta\u00e7o&#8217; de Milei","author":"noticiasribeiraopreto.com.br","date":"3 de January de 2024","format":false,"excerpt":"A tens\u00e3o na Argentina continua conforme o governo, chefiado por Javier Milei, mant\u00e9m a agenda ultraliberal prometida durante o per\u00edodo de campanha eleitoral. As medidas, no entanto, n\u00e3o tem agradado a todo o pa\u00eds.Um dos pontos mais questionados por movimentos sociais e sindicais do pa\u00eds diz respeito ao \u201cDecreta\u00e7o\u201d assinado\u2026","rel":"","context":"In &quot;Blog&quot;","block_context":{"text":"Blog","link":"https:\/\/noticiasribeiraopreto.com.br\/index.php\/category\/blog\/"},"img":{"alt_text":"","src":"https:\/\/i0.wp.com\/noticiasribeiraopreto.com.br\/wp-content\/uploads\/2024\/01\/postimg-6595bfd5de3c17375.jpg?fit=1200%2C628&ssl=1&resize=350%2C200","width":350,"height":200,"srcset":"https:\/\/i0.wp.com\/noticiasribeiraopreto.com.br\/wp-content\/uploads\/2024\/01\/postimg-6595bfd5de3c17375.jpg?fit=1200%2C628&ssl=1&resize=350%2C200 1x, https:\/\/i0.wp.com\/noticiasribeiraopreto.com.br\/wp-content\/uploads\/2024\/01\/postimg-6595bfd5de3c17375.jpg?fit=1200%2C628&ssl=1&resize=525%2C300 1.5x, https:\/\/i0.wp.com\/noticiasribeiraopreto.com.br\/wp-content\/uploads\/2024\/01\/postimg-6595bfd5de3c17375.jpg?fit=1200%2C628&ssl=1&resize=700%2C400 2x, https:\/\/i0.wp.com\/noticiasribeiraopreto.com.br\/wp-content\/uploads\/2024\/01\/postimg-6595bfd5de3c17375.jpg?fit=1200%2C628&ssl=1&resize=1050%2C600 3x"},"classes":[]},{"id":21441,"url":"https:\/\/noticiasribeiraopreto.com.br\/index.php\/2023\/12\/27\/todos-contra-milei-pacotaco-protestos-e-processo-na-justica-os-desafios-dos-primeiros-dias-do-novo-presidente-da-argentina\/","url_meta":{"origin":24438,"position":1},"title":"Todos contra Milei? Pacota\u00e7o, protestos e processo na justi\u00e7a \u2014 os desafios dos primeiros dias do novo presidente da Argentina","author":"noticiasribeiraopreto.com.br","date":"27 de December de 2023","format":false,"excerpt":"Javier Milei tomou posse como presidente da Argentina h\u00e1 pouco mais de duas semanas e j\u00e1 enfrenta desafios que provocaram um turbilh\u00e3o na economia dos nossos hermanos.\u00a0 De cara, o ultraliberal anunciou dois pacotes que pegaram v\u00e1rios setores de surpresa \u2014 do agroneg\u00f3cio ao varejo e at\u00e9 a ind\u00fastria.\u00a0 Talvez\u2026","rel":"","context":"In &quot;Dinheiro e Investimento&quot;","block_context":{"text":"Dinheiro e Investimento","link":"https:\/\/noticiasribeiraopreto.com.br\/index.php\/category\/dinheiro-e-investimento-como-fazer-como-ganhar\/"},"img":{"alt_text":"","src":"https:\/\/i0.wp.com\/noticiasribeiraopreto.com.br\/wp-content\/uploads\/2023\/12\/1703714989_3-715x402.jpg?fit=715%2C402&ssl=1&resize=350%2C200","width":350,"height":200,"srcset":"https:\/\/i0.wp.com\/noticiasribeiraopreto.com.br\/wp-content\/uploads\/2023\/12\/1703714989_3-715x402.jpg?fit=715%2C402&ssl=1&resize=350%2C200 1x, https:\/\/i0.wp.com\/noticiasribeiraopreto.com.br\/wp-content\/uploads\/2023\/12\/1703714989_3-715x402.jpg?fit=715%2C402&ssl=1&resize=525%2C300 1.5x, https:\/\/i0.wp.com\/noticiasribeiraopreto.com.br\/wp-content\/uploads\/2023\/12\/1703714989_3-715x402.jpg?fit=715%2C402&ssl=1&resize=700%2C400 2x"},"classes":[]},{"id":20941,"url":"https:\/\/noticiasribeiraopreto.com.br\/index.php\/2023\/12\/26\/argentinos-protestam-contra-demissao-de-servidores-publicos-pelo-governo-milei-2\/","url_meta":{"origin":24438,"position":2},"title":"Argentinos protestam contra demiss\u00e3o de servidores p\u00fablicos pelo governo Milei","author":"noticiasribeiraopreto.com.br","date":"26 de December de 2023","format":false,"excerpt":"A Associa\u00e7\u00e3o de Trabalhadores do Estado (ATE) e a Confedera\u00e7\u00e3o Geral do Trabalho (CGT) na Argentina convocaram uma significativa manifesta\u00e7\u00e3o em frente ao Pal\u00e1cio da Justi\u00e7a, na Pra\u00e7a dos Tribunais, em Buenos Aires, em resposta a um pol\u00eamico decreto emitido pelo presidente Javier Milei. Publicado nesta ter\u00e7a-feira (26), o decreto\u2026","rel":"","context":"In &quot;Vagas de Emprego em Ribeir\u00e3o Preto-SP&quot;","block_context":{"text":"Vagas de Emprego em Ribeir\u00e3o Preto-SP","link":"https:\/\/noticiasribeiraopreto.com.br\/index.php\/category\/empregos-classificados-vagas-trabalho\/vagas-de-empregos-em-ribeirao-preto-regiao-brasil\/"},"img":{"alt_text":"","src":"https:\/\/i0.wp.com\/noticiasribeiraopreto.com.br\/wp-content\/uploads\/2023\/12\/argentina-turismo_1.jpg?fit=1200%2C675&ssl=1&resize=350%2C200","width":350,"height":200,"srcset":"https:\/\/i0.wp.com\/noticiasribeiraopreto.com.br\/wp-content\/uploads\/2023\/12\/argentina-turismo_1.jpg?fit=1200%2C675&ssl=1&resize=350%2C200 1x, https:\/\/i0.wp.com\/noticiasribeiraopreto.com.br\/wp-content\/uploads\/2023\/12\/argentina-turismo_1.jpg?fit=1200%2C675&ssl=1&resize=525%2C300 1.5x, https:\/\/i0.wp.com\/noticiasribeiraopreto.com.br\/wp-content\/uploads\/2023\/12\/argentina-turismo_1.jpg?fit=1200%2C675&ssl=1&resize=700%2C400 2x, https:\/\/i0.wp.com\/noticiasribeiraopreto.com.br\/wp-content\/uploads\/2023\/12\/argentina-turismo_1.jpg?fit=1200%2C675&ssl=1&resize=1050%2C600 3x"},"classes":[]},{"id":33539,"url":"https:\/\/noticiasribeiraopreto.com.br\/index.php\/2024\/01\/29\/privatizacao-da-petrolifera-argentina-ypf-fica-de-fora-do-pacote-onibus-de-javier-milei-e-acoes-caem-mais-de-3\/","url_meta":{"origin":24438,"position":3},"title":"Privatiza\u00e7\u00e3o da petrol\u00edfera argentina YPF fica de fora do \u201cpacote \u00f4nibus\u201d de Javier Milei e a\u00e7\u00f5es caem mais de 3%","author":"noticiasribeiraopreto.com.br","date":"29 de January de 2024","format":false,"excerpt":"Javier Milei assumiu a presid\u00eancia da Argentina no fim do ano passado e muitos se questionaram sobre a viabilidade de suas pautas no Congresso do pa\u00eds. Entre elas, a privatiza\u00e7\u00e3o da Yacimientos Petrol\u00edferos Fiscales (YPF) era um dos pontos mais esperados pelos investidores internacionais.\u00a0 Mas formar a maioria nas Casas\u2026","rel":"","context":"In &quot;Dinheiro e Investimento&quot;","block_context":{"text":"Dinheiro e Investimento","link":"https:\/\/noticiasribeiraopreto.com.br\/index.php\/category\/dinheiro-e-investimento-como-fazer-como-ganhar\/"},"img":{"alt_text":"","src":"https:\/\/i0.wp.com\/noticiasribeiraopreto.com.br\/wp-content\/uploads\/2024\/01\/1706576128_Javier-Miler-Argentina-715x402.jpg?fit=715%2C402&ssl=1&resize=350%2C200","width":350,"height":200,"srcset":"https:\/\/i0.wp.com\/noticiasribeiraopreto.com.br\/wp-content\/uploads\/2024\/01\/1706576128_Javier-Miler-Argentina-715x402.jpg?fit=715%2C402&ssl=1&resize=350%2C200 1x, https:\/\/i0.wp.com\/noticiasribeiraopreto.com.br\/wp-content\/uploads\/2024\/01\/1706576128_Javier-Miler-Argentina-715x402.jpg?fit=715%2C402&ssl=1&resize=525%2C300 1.5x, https:\/\/i0.wp.com\/noticiasribeiraopreto.com.br\/wp-content\/uploads\/2024\/01\/1706576128_Javier-Miler-Argentina-715x402.jpg?fit=715%2C402&ssl=1&resize=700%2C400 2x"},"classes":[]},{"id":22923,"url":"https:\/\/noticiasribeiraopreto.com.br\/index.php\/2023\/12\/31\/milei-alerta-para-catastrofe-economica-na-argentina-se-congresso-barrar-pacote\/","url_meta":{"origin":24438,"position":4},"title":"Milei alerta para &#8220;cat\u00e1strofe econ\u00f4mica&#8221; na Argentina se Congresso barrar pacote","author":"noticiasribeiraopreto.com.br","date":"31 de December de 2023","format":false,"excerpt":"O presidente da Argentina, Javier Milei, alertou que o pa\u00eds enfrentar\u00e1 \"uma cat\u00e1strofe econ\u00f4mica de magnitude desconhecida para qualquer argentino vivo\", a menos que o Congresso aprove os decretos propostos pelo seu governo. \"Estamos em uma situa\u00e7\u00e3o de emerg\u00eancia nacional, que requer a utiliza\u00e7\u00e3o de todos os recursos e ferramentas\u2026","rel":"","context":"In &quot;Dinheiro e Investimento&quot;","block_context":{"text":"Dinheiro e Investimento","link":"https:\/\/noticiasribeiraopreto.com.br\/index.php\/category\/dinheiro-e-investimento-como-fazer-como-ganhar\/"},"img":{"alt_text":"","src":"https:\/\/i0.wp.com\/noticiasribeiraopreto.com.br\/wp-content\/uploads\/2023\/12\/Javier-Milei-presidente-da-Argentina-715x402.jpg?fit=715%2C402&ssl=1&resize=350%2C200","width":350,"height":200,"srcset":"https:\/\/i0.wp.com\/noticiasribeiraopreto.com.br\/wp-content\/uploads\/2023\/12\/Javier-Milei-presidente-da-Argentina-715x402.jpg?fit=715%2C402&ssl=1&resize=350%2C200 1x, https:\/\/i0.wp.com\/noticiasribeiraopreto.com.br\/wp-content\/uploads\/2023\/12\/Javier-Milei-presidente-da-Argentina-715x402.jpg?fit=715%2C402&ssl=1&resize=525%2C300 1.5x, https:\/\/i0.wp.com\/noticiasribeiraopreto.com.br\/wp-content\/uploads\/2023\/12\/Javier-Milei-presidente-da-Argentina-715x402.jpg?fit=715%2C402&ssl=1&resize=700%2C400 2x"},"classes":[]},{"id":33995,"url":"https:\/\/noticiasribeiraopreto.com.br\/index.php\/2024\/01\/31\/milei-tenta-aprovar-em-votacao-no-congresso-pacote-de-reformas-na-argentina\/","url_meta":{"origin":24438,"position":5},"title":"Milei tenta aprovar em vota\u00e7\u00e3o no Congresso pacote de reformas na Argentina","author":"noticiasribeiraopreto.com.br","date":"31 de January de 2024","format":false,"excerpt":"O Congresso da Argentina discute nesta quarta-feira, 31, a chamada Lei de Bases e Pontos de Partida para a Liberdade dos Argentinos, proposta pelo presidente Javier Milei assim que tomou posse. O pol\u00eamico pacote de mudan\u00e7as econ\u00f4micas inclui uma ampla gama de reformas em centenas de leis do sistema econ\u00f4mico\u2026","rel":"","context":"In &quot;Not\u00edcias de Ribeir\u00e3o Preto-SP e Regi\u00e3o&quot;","block_context":{"text":"Not\u00edcias de Ribeir\u00e3o Preto-SP e Regi\u00e3o","link":"https:\/\/noticiasribeiraopreto.com.br\/index.php\/category\/noticias-de-ribeirao-preto-sp-e-regiao-ismael-colosi\/"},"img":{"alt_text":"","src":"https:\/\/i0.wp.com\/noticiasribeiraopreto.com.br\/wp-content\/uploads\/2024\/01\/SITE_Javier-Milei-scaled.jpg?fit=1000%2C563&ssl=1&resize=350%2C200","width":350,"height":200,"srcset":"https:\/\/i0.wp.com\/noticiasribeiraopreto.com.br\/wp-content\/uploads\/2024\/01\/SITE_Javier-Milei-scaled.jpg?fit=1000%2C563&ssl=1&resize=350%2C200 1x, https:\/\/i0.wp.com\/noticiasribeiraopreto.com.br\/wp-content\/uploads\/2024\/01\/SITE_Javier-Milei-scaled.jpg?fit=1000%2C563&ssl=1&resize=525%2C300 1.5x, https:\/\/i0.wp.com\/noticiasribeiraopreto.com.br\/wp-content\/uploads\/2024\/01\/SITE_Javier-Milei-scaled.jpg?fit=1000%2C563&ssl=1&resize=700%2C400 2x"},"classes":[]}],"jetpack_sharing_enabled":true,"jetpack_shortlink":"https:\/\/wp.me\/peQAOb-6ma","_links":{"self":[{"href":"https:\/\/noticiasribeiraopreto.com.br\/index.php\/wp-json\/wp\/v2\/posts\/24438","targetHints":{"allow":["GET"]}}],"collection":[{"href":"https:\/\/noticiasribeiraopreto.com.br\/index.php\/wp-json\/wp\/v2\/posts"}],"about":[{"href":"https:\/\/noticiasribeiraopreto.com.br\/index.php\/wp-json\/wp\/v2\/types\/post"}],"author":[{"embeddable":true,"href":"https:\/\/noticiasribeiraopreto.com.br\/index.php\/wp-json\/wp\/v2\/users\/1"}],"replies":[{"embeddable":true,"href":"https:\/\/noticiasribeiraopreto.com.br\/index.php\/wp-json\/wp\/v2\/comments?post=24438"}],"version-history":[{"count":0,"href":"https:\/\/noticiasribeiraopreto.com.br\/index.php\/wp-json\/wp\/v2\/posts\/24438\/revisions"}],"wp:featuredmedia":[{"embeddable":true,"href":"https:\/\/noticiasribeiraopreto.com.br\/index.php\/wp-json\/wp\/v2\/media\/24439"}],"wp:attachment":[{"href":"https:\/\/noticiasribeiraopreto.com.br\/index.php\/wp-json\/wp\/v2\/media?parent=24438"}],"wp:term":[{"taxonomy":"category","embeddable":true,"href":"https:\/\/noticiasribeiraopreto.com.br\/index.php\/wp-json\/wp\/v2\/categories?post=24438"},{"taxonomy":"post_tag","embeddable":true,"href":"https:\/\/noticiasribeiraopreto.com.br\/index.php\/wp-json\/wp\/v2\/tags?post=24438"}],"curies":[{"name":"wp","href":"https:\/\/api.w.org\/{rel}","templated":true}]}}