{"id":24653,"date":"2024-01-04T20:23:37","date_gmt":"2024-01-04T23:23:37","guid":{"rendered":"https:\/\/noticiasribeiraopreto.com.br\/index.php\/2024\/01\/04\/filme-com-leandro-hassum-lidera-ranking-mundial\/"},"modified":"2024-01-04T20:23:37","modified_gmt":"2024-01-04T23:23:37","slug":"filme-com-leandro-hassum-lidera-ranking-mundial","status":"publish","type":"post","link":"https:\/\/noticiasribeiraopreto.com.br\/index.php\/2024\/01\/04\/filme-com-leandro-hassum-lidera-ranking-mundial\/","title":{"rendered":"Filme com Leandro Hassum lidera ranking mundial\u00a0"},"content":{"rendered":"<div class='code-block code-block-1' style='margin: 8px 0 8px auto; text-align: right; display: block; clear: both;'>\n<p><a href=\"https:\/\/wa.link\/vpicfd\"><img data-recalc-dims=\"1\" class=\"wp-image-4922\" style=\"aspect-ratio: 2.0253164556962027; width: 561px; height: auto;\" src=\"https:\/\/i0.wp.com\/ismaelcolosi.com.br\/wp-content\/uploads\/2023\/11\/grupo-de-empregos-whatsapp-e-facebook-ismael-colosi-vagas.jpg?ssl=1\" alt=\"\" \/><\/a><\/p>\n<!-- \/wp:image -->\n<\/div>\n<p> <br \/>\n<\/p>\n<div id=\"\">\n<p> <span class=\"entry-meta-item penci-posted-on\"><i class=\"fa fa-clock-o\"\/><time class=\"entry-date published\" datetime=\"2024-01-04T18:00:27-03:00\">4 de janeiro de 2024 | 18:00<\/time><time class=\"updated\" datetime=\"2024-01-04T11:22:40-03:00\">4 de janeiro de 2024 | 11:22<\/time><\/span><\/p>\n<p> <span class=\"penci-social-buttons penci-social-share-footer\"><a href=\"#\" class=\"penci-post-like penci_post-meta_item  single-like-button penci-social-item like\" data-post_id=\"369298\" title=\"Like\" data-like=\"Like\" data-unlike=\"Unlike\"><i class=\"fa fa-thumbs-o-up\"\/><span class=\"penci-share-number\">0<\/span><\/a><i class=\"fa fa-facebook\"\/><a class=\"penci-social-item twitter\" target=\"_blank\" rel=\"noopener\" title=\"\" href=\"https:\/\/twitter.com\/intent\/tweet?text=Filme%20com%20Leandro%20Hassum%20lidera%20ranking%20mundial\u00a0%20-%20https:\/\/www.tribunaribeirao.com.br\/site\/filme-com-leandro-hassum-lidera-ranking-mundial\/\"><i class=\"fa fa-twitter\"\/><\/a><i class=\"fa fa-whatsapp\"\/><\/span><\/div>\n<div>\n<p><span data-contrast=\"auto\">A com\u00e9dia brasileira Meu Cunhado \u00c9 Um Vampiro, que entrou para o cat\u00e1logo da Netflix no dia 24 de dezembro, est\u00e1 no primeiro lugar no ranking mundial dos filmes mais assistidos na Netflix em l\u00edngua n\u00e3o inglesa. O filme, tem no elenco principal nomes como Leandro Hassum, R\u00f4mulo Arantes Neto, Edson Celulari, Mel Maia e Monique Alfradique.<\/span><span data-ccp-props=\"{&quot;201341983&quot;:0,&quot;335559739&quot;:0,&quot;335559740&quot;:240}\">\u00a0<\/span><\/p>\n<p><span data-contrast=\"auto\">De acordo com dados divulgados pela Netflix, na semana de 25 a 31 de dezembro, 11,4 milh\u00f5es de horas assistida, uma m\u00e9dia de 7,6 milh\u00f5es de visualiza\u00e7\u00f5es. A lideran\u00e7a do filme se d\u00e1 em 27 pa\u00edses, sobretudo nos localizados nas Am\u00e9ricas Latinas e Central No entanto, o longa tamb\u00e9m furou a bolha em alguns pa\u00edses europeus, como Hungria, Rep\u00fablica Checa e Eslov\u00e1quia.<\/span><span data-ccp-props=\"{&quot;201341983&quot;:0,&quot;335559739&quot;:0,&quot;335559740&quot;:240}\">\u00a0<\/span><\/p>\n<p><span data-contrast=\"auto\">Hassum comentou o feito em seu Instagram. \u201cE seguimos fazendo hist\u00f3ria! Fomos o filme de l\u00edngua n\u00e3o inglesa mais visto na Netflix. E seguimos no Top 10 em 27 pa\u00edses! Meus sinceros 7 milh\u00f5es e 600 mil obrigados a cada play que foi dado\u201d, escreveu<\/span><span data-ccp-props=\"{&quot;201341983&quot;:0,&quot;335559739&quot;:0,&quot;335559740&quot;:240}\">\u00a0<\/span><\/p>\n<p><span data-contrast=\"auto\">Em Meu Cunhado \u00c9 Um Vampiro, um ex-jogador de futebol medroso, Fernandinho, papel de Hassum, precisa criar coragem para bancar o her\u00f3i ao descobrir que o cunhado, Greg, interpretado por Arantes Neto, \u00e9 um vampiro que pretende dominar o mundo.<\/span><span data-ccp-props=\"{&quot;201341983&quot;:0,&quot;335559739&quot;:0,&quot;335559740&quot;:240}\">\u00a0<\/span><\/p>\n<p><span data-contrast=\"auto\">Para isso, Fernandinho ter\u00e1 a ajuda de dois adolescentes, a filha Carol (Mel Maia) e o nerd Ameba (Caio Mendon\u00e7a). O ex-jogador Zico faz uma participa\u00e7\u00e3o especial na produ\u00e7\u00e3o.<\/span><span data-ccp-props=\"{&quot;201341983&quot;:0,&quot;335559739&quot;:0,&quot;335559740&quot;:240}\">\u00a0<\/span><\/p>\n<p><span data-ccp-props=\"{&quot;201341983&quot;:0,&quot;335559739&quot;:0,&quot;335559740&quot;:240}\">\u00a0<\/span><\/p>\n<p>\u00a0<\/p>\n<\/div>\n<p><script async src=\"\/\/platform.twitter.com\/widgets.js\" charset=\"utf-8\"><\/script><br \/>\n<br \/><br \/>\n<br \/><a href=\"https:\/\/www.tribunaribeirao.com.br\/site\/filme-com-leandro-hassum-lidera-ranking-mundial\/\">Source link <\/a><\/p>\n<!-- CONTENT END 1 -->\n","protected":false},"excerpt":{"rendered":"<p>4 de janeiro de 2024 | 18:004 de janeiro de 2024 | 11:22 0 A com\u00e9dia brasileira Meu Cunhado \u00c9 Um Vampiro, que entrou para&#8230;<\/p>\n","protected":false},"author":1,"featured_media":24654,"comment_status":"open","ping_status":"open","sticky":false,"template":"","format":"standard","meta":{"advanced_seo_description":"","jetpack_seo_html_title":"","jetpack_seo_noindex":false,"jetpack_post_was_ever_published":false,"_jetpack_newsletter_access":"","_jetpack_dont_email_post_to_subs":false,"_jetpack_newsletter_tier_id":0,"_jetpack_memberships_contains_paywalled_content":false,"_jetpack_memberships_contains_paid_content":false,"footnotes":"","jetpack_publicize_message":"","jetpack_publicize_feature_enabled":true,"jetpack_social_post_already_shared":true,"jetpack_social_options":{"image_generator_settings":{"template":"highway","default_image_id":0,"font":"","enabled":false},"version":2}},"categories":[11],"tags":[2429,3028,2939,3029,1811,1703],"class_list":["post-24653","post","type-post","status-publish","format-standard","has-post-thumbnail","hentry","category-noticias-de-ribeirao-preto-sp-e-regiao-ismael-colosi","tag-filme","tag-hassum","tag-leandro","tag-lidera","tag-mundial","tag-ranking"],"jetpack_publicize_connections":[],"jetpack_featured_media_url":"https:\/\/i0.wp.com\/noticiasribeiraopreto.com.br\/wp-content\/uploads\/2024\/01\/1-meu-cunhado.jpeg?fit=474%2C266&ssl=1","jetpack-related-posts":[{"id":76313,"url":"https:\/\/noticiasribeiraopreto.com.br\/index.php\/2025\/08\/26\/dia-mundial-do-cachorro-salsicha-lidera-ranking-de-racas-mais-agressivas-diz-pesquisa\/","url_meta":{"origin":24653,"position":0},"title":"Dia Mundial do Cachorro: &#8216;Salsicha&#8217; lidera ranking de ra\u00e7as mais agressivas, diz pesquisa","author":"noticiasribeiraopreto.com.br","date":"26 de August de 2025","format":false,"excerpt":"Um estudo da Universidade da Pensilv\u00e2nia (UPenn), publicado na revista cient\u00edfica Applied Animal Behavior Science, mostrou que c\u00e3es de pequeno porte est\u00e3o entre os mais agressivos. O dachshund, tamb\u00e9m chamado de \u201ccachorro salsicha\u201d, aparece em primeiro lugar no ranking. Os pesquisadores analisaram 6.481 c\u00e3es de 33 ra\u00e7as diferentes por meio\u2026","rel":"","context":"In &quot;Not\u00edcias de Ribeir\u00e3o Preto-SP e Regi\u00e3o&quot;","block_context":{"text":"Not\u00edcias de Ribeir\u00e3o Preto-SP e Regi\u00e3o","link":"https:\/\/noticiasribeiraopreto.com.br\/index.php\/category\/noticias-de-ribeirao-preto-sp-e-regiao-ismael-colosi\/"},"img":{"alt_text":"","src":"https:\/\/i0.wp.com\/noticiasribeiraopreto.com.br\/wp-content\/uploads\/2025\/08\/Copia-de-Copia-de-Copia-de-TAMANHO-EXATO-PARA-FOTOS-NO-SISTEMA-NOVO-2025-08-26T143620.567_2025-08-26_17-36-43.webp.webp?fit=1200%2C675&ssl=1&resize=350%2C200","width":350,"height":200,"srcset":"https:\/\/i0.wp.com\/noticiasribeiraopreto.com.br\/wp-content\/uploads\/2025\/08\/Copia-de-Copia-de-Copia-de-TAMANHO-EXATO-PARA-FOTOS-NO-SISTEMA-NOVO-2025-08-26T143620.567_2025-08-26_17-36-43.webp.webp?fit=1200%2C675&ssl=1&resize=350%2C200 1x, https:\/\/i0.wp.com\/noticiasribeiraopreto.com.br\/wp-content\/uploads\/2025\/08\/Copia-de-Copia-de-Copia-de-TAMANHO-EXATO-PARA-FOTOS-NO-SISTEMA-NOVO-2025-08-26T143620.567_2025-08-26_17-36-43.webp.webp?fit=1200%2C675&ssl=1&resize=525%2C300 1.5x, https:\/\/i0.wp.com\/noticiasribeiraopreto.com.br\/wp-content\/uploads\/2025\/08\/Copia-de-Copia-de-Copia-de-TAMANHO-EXATO-PARA-FOTOS-NO-SISTEMA-NOVO-2025-08-26T143620.567_2025-08-26_17-36-43.webp.webp?fit=1200%2C675&ssl=1&resize=700%2C400 2x, https:\/\/i0.wp.com\/noticiasribeiraopreto.com.br\/wp-content\/uploads\/2025\/08\/Copia-de-Copia-de-Copia-de-TAMANHO-EXATO-PARA-FOTOS-NO-SISTEMA-NOVO-2025-08-26T143620.567_2025-08-26_17-36-43.webp.webp?fit=1200%2C675&ssl=1&resize=1050%2C600 3x"},"classes":[]},{"id":25300,"url":"https:\/\/noticiasribeiraopreto.com.br\/index.php\/2024\/01\/06\/leandro-maciel-e-apresentado-no-botafogo\/","url_meta":{"origin":24653,"position":1},"title":"Leandro Maciel \u00e9 apresentado no Botafogo\u00a0\u00a0","author":"noticiasribeiraopreto.com.br","date":"6 de January de 2024","format":false,"excerpt":"6 de janeiro de 2024 | 16:006 de janeiro de 2024 | 16:15 0Anunciado como novo refor\u00e7o no \u00faltimo dia 29, o argentino Leandro Maciel, de 28 anos, elogiou a estrutura do Botafogo e prometeu muita determina\u00e7\u00e3o em campo.\u00a0\u201cEstou muito contente em vestir a camisa do Botafogo, que possui uma\u2026","rel":"","context":"In &quot;Not\u00edcias de Ribeir\u00e3o Preto-SP e Regi\u00e3o&quot;","block_context":{"text":"Not\u00edcias de Ribeir\u00e3o Preto-SP e Regi\u00e3o","link":"https:\/\/noticiasribeiraopreto.com.br\/index.php\/category\/noticias-de-ribeirao-preto-sp-e-regiao-ismael-colosi\/"},"img":{"alt_text":"","src":"https:\/\/i0.wp.com\/noticiasribeiraopreto.com.br\/wp-content\/uploads\/2024\/01\/Botafogo-2-scaled.jpeg?fit=861%2C645&ssl=1&resize=350%2C200","width":350,"height":200,"srcset":"https:\/\/i0.wp.com\/noticiasribeiraopreto.com.br\/wp-content\/uploads\/2024\/01\/Botafogo-2-scaled.jpeg?fit=861%2C645&ssl=1&resize=350%2C200 1x, https:\/\/i0.wp.com\/noticiasribeiraopreto.com.br\/wp-content\/uploads\/2024\/01\/Botafogo-2-scaled.jpeg?fit=861%2C645&ssl=1&resize=525%2C300 1.5x, https:\/\/i0.wp.com\/noticiasribeiraopreto.com.br\/wp-content\/uploads\/2024\/01\/Botafogo-2-scaled.jpeg?fit=861%2C645&ssl=1&resize=700%2C400 2x"},"classes":[]},{"id":23921,"url":"https:\/\/noticiasribeiraopreto.com.br\/index.php\/2024\/01\/03\/botafogo-anuncia-contratacao-do-argentino-leandro-maciel\/","url_meta":{"origin":24653,"position":2},"title":"Botafogo anuncia contrata\u00e7\u00e3o do argentino Leandro Maciel\u00a0\u00a0","author":"noticiasribeiraopreto.com.br","date":"3 de January de 2024","format":false,"excerpt":"3 de janeiro de 2024 | 10:003 de janeiro de 2024 | 9:20 0Vice-campe\u00e3o da Copa Libertadores de 2017 pelo Lan\u00fas, o meio-campista argentino Leandro Maciel, 29 anos, \u00e9 mais um refor\u00e7o do Botafogo para a temporada de 2024. Leandro estava no Central C\u00f3rdoba, quinto colocado do Grupo B no\u2026","rel":"","context":"In &quot;Not\u00edcias de Ribeir\u00e3o Preto-SP e Regi\u00e3o&quot;","block_context":{"text":"Not\u00edcias de Ribeir\u00e3o Preto-SP e Regi\u00e3o","link":"https:\/\/noticiasribeiraopreto.com.br\/index.php\/category\/noticias-de-ribeirao-preto-sp-e-regiao-ismael-colosi\/"},"img":{"alt_text":"","src":"https:\/\/i0.wp.com\/noticiasribeiraopreto.com.br\/wp-content\/uploads\/2024\/01\/Sem-Titulo-1.png?fit=261%2C645&ssl=1&resize=350%2C200","width":350,"height":200},"classes":[]},{"id":67309,"url":"https:\/\/noticiasribeiraopreto.com.br\/index.php\/2025\/04\/12\/jornal-da-franca-veja-quem-lidera-o-ranking-de-exportacoes-de-calcados-sao-paulo-vem-em-terceiro\/","url_meta":{"origin":24653,"position":3},"title":"Jornal da Franca &#8211; Veja quem lidera o ranking de exporta\u00e7\u00f5es de cal\u00e7ados: S\u00e3o Paulo vem em terceiro","author":"noticiasribeiraopreto.com.br","date":"12 de April de 2025","format":false,"excerpt":"compartilhar no whatsapp compartilhar no telegram compartilhar no facebook compartilhar no linkedin Ind\u00fastria paulista comemora crescimento no volume exportado e nos valores envolvidos, mas \u00e9 apenas o terceiro no ranking brasileiro O Rio Grande do Sul permanece como o maior exportador de cal\u00e7ados do Brasil. No primeiro trimestre do ano,\u2026","rel":"","context":"In &quot;Not\u00edcias de Franca-SP&quot;","block_context":{"text":"Not\u00edcias de Franca-SP","link":"https:\/\/noticiasribeiraopreto.com.br\/index.php\/category\/noticias-de-ribeirao-preto-sp-e-regiao-ismael-colosi\/noticias-franca-sp\/"},"img":{"alt_text":"","src":"https:\/\/i0.wp.com\/noticiasribeiraopreto.com.br\/wp-content\/uploads\/2025\/04\/um-homem-de-camisa-azul-e-avental-vermelho-esta-em-frente-a-uma-mesa-cheia-de-sapatos.jpg?fit=1000%2C667&ssl=1&resize=350%2C200","width":350,"height":200,"srcset":"https:\/\/i0.wp.com\/noticiasribeiraopreto.com.br\/wp-content\/uploads\/2025\/04\/um-homem-de-camisa-azul-e-avental-vermelho-esta-em-frente-a-uma-mesa-cheia-de-sapatos.jpg?fit=1000%2C667&ssl=1&resize=350%2C200 1x, https:\/\/i0.wp.com\/noticiasribeiraopreto.com.br\/wp-content\/uploads\/2025\/04\/um-homem-de-camisa-azul-e-avental-vermelho-esta-em-frente-a-uma-mesa-cheia-de-sapatos.jpg?fit=1000%2C667&ssl=1&resize=525%2C300 1.5x, https:\/\/i0.wp.com\/noticiasribeiraopreto.com.br\/wp-content\/uploads\/2025\/04\/um-homem-de-camisa-azul-e-avental-vermelho-esta-em-frente-a-uma-mesa-cheia-de-sapatos.jpg?fit=1000%2C667&ssl=1&resize=700%2C400 2x"},"classes":[]},{"id":73787,"url":"https:\/\/noticiasribeiraopreto.com.br\/index.php\/2025\/07\/09\/leandro-karnal-e-confirmado-na-24a-feira-do-livro-de-ribeirao-preto\/","url_meta":{"origin":24653,"position":4},"title":"Leandro Karnal \u00e9 confirmado na 24\u00aa Feira do Livro de Ribeir\u00e3o Preto","author":"noticiasribeiraopreto.com.br","date":"9 de July de 2025","format":false,"excerpt":"A 24\u00aa edi\u00e7\u00e3o da Feira Internacional do Livro de Ribeir\u00e3o Preto (FIL) confirmou a presen\u00e7a do historiador Leandro Karnal. A participa\u00e7\u00e3o do convidado ser\u00e1 no dia 18 de agosto, durante a Confer\u00eancia, no Theatro Pedro II. O evento est\u00e1 programado para acontecer entre os dias 15 e 24 de agosto,\u2026","rel":"","context":"In &quot;Not\u00edcias de Ribeir\u00e3o Preto-SP e Regi\u00e3o&quot;","block_context":{"text":"Not\u00edcias de Ribeir\u00e3o Preto-SP e Regi\u00e3o","link":"https:\/\/noticiasribeiraopreto.com.br\/index.php\/category\/noticias-de-ribeirao-preto-sp-e-regiao-ismael-colosi\/"},"img":{"alt_text":"","src":"https:\/\/i0.wp.com\/noticiasribeiraopreto.com.br\/wp-content\/uploads\/2025\/07\/Copia-de-Copia-de-Copia-de-TAMANHO-EXATO-PARA-FOTOS-NO-SISTEMA-NOVO-2025-07-09T164422.193_2025-07-09_19-44-36.webp.webp?fit=1200%2C675&ssl=1&resize=350%2C200","width":350,"height":200,"srcset":"https:\/\/i0.wp.com\/noticiasribeiraopreto.com.br\/wp-content\/uploads\/2025\/07\/Copia-de-Copia-de-Copia-de-TAMANHO-EXATO-PARA-FOTOS-NO-SISTEMA-NOVO-2025-07-09T164422.193_2025-07-09_19-44-36.webp.webp?fit=1200%2C675&ssl=1&resize=350%2C200 1x, https:\/\/i0.wp.com\/noticiasribeiraopreto.com.br\/wp-content\/uploads\/2025\/07\/Copia-de-Copia-de-Copia-de-TAMANHO-EXATO-PARA-FOTOS-NO-SISTEMA-NOVO-2025-07-09T164422.193_2025-07-09_19-44-36.webp.webp?fit=1200%2C675&ssl=1&resize=525%2C300 1.5x, https:\/\/i0.wp.com\/noticiasribeiraopreto.com.br\/wp-content\/uploads\/2025\/07\/Copia-de-Copia-de-Copia-de-TAMANHO-EXATO-PARA-FOTOS-NO-SISTEMA-NOVO-2025-07-09T164422.193_2025-07-09_19-44-36.webp.webp?fit=1200%2C675&ssl=1&resize=700%2C400 2x, https:\/\/i0.wp.com\/noticiasribeiraopreto.com.br\/wp-content\/uploads\/2025\/07\/Copia-de-Copia-de-Copia-de-TAMANHO-EXATO-PARA-FOTOS-NO-SISTEMA-NOVO-2025-07-09T164422.193_2025-07-09_19-44-36.webp.webp?fit=1200%2C675&ssl=1&resize=1050%2C600 3x"},"classes":[]},{"id":80517,"url":"https:\/\/noticiasribeiraopreto.com.br\/index.php\/2025\/12\/04\/usp-e-a-melhor-universidade-da-america-latina-segundo-ranking-britanico\/","url_meta":{"origin":24653,"position":5},"title":"USP \u00e9 a melhor universidade da Am\u00e9rica Latina, segundo ranking brit\u00e2nico","author":"noticiasribeiraopreto.com.br","date":"4 de December de 2025","format":false,"excerpt":"A USP (Universidade de S\u00e3o Paulo) segue como a melhor universidade da Am\u00e9rica Latina, segundo o THE Latin America University Ranking, divulgado na quarta-feira (3) pela consultoria brit\u00e2nica THE (Times Higher Education). O Brasil tem sete das dez universidades mais bem classificadas. Al\u00e9m da USP, que lidera o ranking, figuram\u2026","rel":"","context":"In &quot;Not\u00edcias de Ribeir\u00e3o Preto-SP e Regi\u00e3o&quot;","block_context":{"text":"Not\u00edcias de Ribeir\u00e3o Preto-SP e Regi\u00e3o","link":"https:\/\/noticiasribeiraopreto.com.br\/index.php\/category\/noticias-de-ribeirao-preto-sp-e-regiao-ismael-colosi\/"},"img":{"alt_text":"","src":"https:\/\/i0.wp.com\/noticiasribeiraopreto.com.br\/wp-content\/uploads\/2025\/09\/20210909_usp_fachada-1024x538-1_2025-09-17_18-42-07.webp.webp?fit=1024%2C538&ssl=1&resize=350%2C200","width":350,"height":200,"srcset":"https:\/\/i0.wp.com\/noticiasribeiraopreto.com.br\/wp-content\/uploads\/2025\/09\/20210909_usp_fachada-1024x538-1_2025-09-17_18-42-07.webp.webp?fit=1024%2C538&ssl=1&resize=350%2C200 1x, https:\/\/i0.wp.com\/noticiasribeiraopreto.com.br\/wp-content\/uploads\/2025\/09\/20210909_usp_fachada-1024x538-1_2025-09-17_18-42-07.webp.webp?fit=1024%2C538&ssl=1&resize=525%2C300 1.5x, https:\/\/i0.wp.com\/noticiasribeiraopreto.com.br\/wp-content\/uploads\/2025\/09\/20210909_usp_fachada-1024x538-1_2025-09-17_18-42-07.webp.webp?fit=1024%2C538&ssl=1&resize=700%2C400 2x"},"classes":[]}],"jetpack_sharing_enabled":true,"jetpack_shortlink":"https:\/\/wp.me\/peQAOb-6pD","_links":{"self":[{"href":"https:\/\/noticiasribeiraopreto.com.br\/index.php\/wp-json\/wp\/v2\/posts\/24653","targetHints":{"allow":["GET"]}}],"collection":[{"href":"https:\/\/noticiasribeiraopreto.com.br\/index.php\/wp-json\/wp\/v2\/posts"}],"about":[{"href":"https:\/\/noticiasribeiraopreto.com.br\/index.php\/wp-json\/wp\/v2\/types\/post"}],"author":[{"embeddable":true,"href":"https:\/\/noticiasribeiraopreto.com.br\/index.php\/wp-json\/wp\/v2\/users\/1"}],"replies":[{"embeddable":true,"href":"https:\/\/noticiasribeiraopreto.com.br\/index.php\/wp-json\/wp\/v2\/comments?post=24653"}],"version-history":[{"count":0,"href":"https:\/\/noticiasribeiraopreto.com.br\/index.php\/wp-json\/wp\/v2\/posts\/24653\/revisions"}],"wp:featuredmedia":[{"embeddable":true,"href":"https:\/\/noticiasribeiraopreto.com.br\/index.php\/wp-json\/wp\/v2\/media\/24654"}],"wp:attachment":[{"href":"https:\/\/noticiasribeiraopreto.com.br\/index.php\/wp-json\/wp\/v2\/media?parent=24653"}],"wp:term":[{"taxonomy":"category","embeddable":true,"href":"https:\/\/noticiasribeiraopreto.com.br\/index.php\/wp-json\/wp\/v2\/categories?post=24653"},{"taxonomy":"post_tag","embeddable":true,"href":"https:\/\/noticiasribeiraopreto.com.br\/index.php\/wp-json\/wp\/v2\/tags?post=24653"}],"curies":[{"name":"wp","href":"https:\/\/api.w.org\/{rel}","templated":true}]}}