{"id":24657,"date":"2024-01-04T20:30:31","date_gmt":"2024-01-04T23:30:31","guid":{"rendered":"https:\/\/noticiasribeiraopreto.com.br\/index.php\/2024\/01\/04\/rodolfo-amstalden-minha-estante-de-leitor-em-2023\/"},"modified":"2024-01-04T20:30:31","modified_gmt":"2024-01-04T23:30:31","slug":"rodolfo-amstalden-minha-estante-de-leitor-em-2023","status":"publish","type":"post","link":"https:\/\/noticiasribeiraopreto.com.br\/index.php\/2024\/01\/04\/rodolfo-amstalden-minha-estante-de-leitor-em-2023\/","title":{"rendered":"Rodolfo Amstalden: Minha estante de leitor em 2023"},"content":{"rendered":"<div class='code-block code-block-1' style='margin: 8px 0 8px auto; text-align: right; display: block; clear: both;'>\n<p><a href=\"https:\/\/wa.link\/vpicfd\"><img data-recalc-dims=\"1\" class=\"wp-image-4922\" style=\"aspect-ratio: 2.0253164556962027; width: 561px; height: auto;\" src=\"https:\/\/i0.wp.com\/ismaelcolosi.com.br\/wp-content\/uploads\/2023\/11\/grupo-de-empregos-whatsapp-e-facebook-ismael-colosi-vagas.jpg?ssl=1\" alt=\"\" \/><\/a><\/p>\n<!-- \/wp:image -->\n<\/div>\n<p> <br \/>\n<\/p>\n<div id=\"js-first-letter\">\n<p>Em geral, sou mais de mirar para frente do que olhar para tr\u00e1s.<\/p>\n<p>Mas, \u00e0 medida que envelhe\u00e7o, tenho usado as viradas de ano para tentar acessar as coisas que foram constru\u00eddas sobre solo firme no ano que passou.<\/p>\n<p>Em 2023, por exemplo, inaugurei uma pr\u00e1tica de leitura.<\/p>\n<p>Separei um peda\u00e7o da minha estante para enfileirar, em ordem cronol\u00f3gica, apenas os livros que eu li durante o ano.<\/p>\n<div class=\"wp-block-image\">\n<figure class=\"aligncenter size-full\"><img data-recalc-dims=\"1\" loading=\"lazy\" decoding=\"async\" width=\"512\" height=\"384\" src=\"https:\/\/i0.wp.com\/media.seudinheiro.com\/uploads\/2024\/01\/image.png?resize=512%2C384&#038;ssl=1\" alt=\"\" class=\"wp-image-528576\" srcset=\"https:\/\/media.seudinheiro.com\/uploads\/2024\/01\/image.png 512w, https:\/\/media.seudinheiro.com\/uploads\/2024\/01\/image-260x195.png 260w\" sizes=\"auto, (max-width: 512px) 100vw, 512px\"\/><\/figure>\n<\/div>\n<p>Foi recompensante chegar em 31 de dezembro e olhar para esse pequeno recorte da minha vida.\u00a0<\/p>\n<p>Em m\u00e9dia, para cada livro que eu leio do in\u00edcio ao fim, eu abandono tr\u00eas ou quatro no meio.<\/p>\n<p>Ent\u00e3o, esses 18 exemplares s\u00e3o reais sobreviventes e, de alguma forma, eu os carrego comigo a partir de agora, talvez para sempre.<\/p>\n<p>Ainda que eu possa esquecer partes do enredo ou nomes das personagens, estarei permanentemente influenciado pelo esp\u00edrito das hist\u00f3rias e das ideias contidas ali.<\/p>\n<h2 class=\"wp-block-heading\" id=\"h-a-estante-de-livros-de-2023\">A estante de livros de 2023<\/h2>\n<p>A rea\u00e7\u00e3o imediata das pessoas quando olham para minha estante \u00e9: &#8220;Caramba, n\u00e3o tem muitos livros de economia a\u00ed, n\u00e9? Imaginava que teria uns livros cabeludos de finan\u00e7as&#8221;.<\/p>\n<p>N\u00e3o tem mesmo, ainda bem.<\/p>\n<p>Primeiro, porque a maioria dos livros de economia s\u00e3o chatos, e eu n\u00e3o costumo devor\u00e1-los por inteiro; tento pegar apenas os raros peda\u00e7os que me interessam.<\/p>\n<p>Segundo, porque eu j\u00e1 leio centenas de p\u00e1ginas sobre economia &amp; finan\u00e7as durante o meu trabalho, e chega uma hora que cansa. \u00c9 importante alimentar interesses fora do \u00e2mbito profissional.<\/p>\n<p>E o terceiro &#8211; e mais importante &#8211; motivo \u00e9 aceitar a obliquidade da vida.\u00a0<\/p>\n<p>Voc\u00ea pode aprender sobre balanceamento de ativos ao ouvir a hist\u00f3ria de algu\u00e9m que estava farreando demais e agora precisa de um pouco de disciplina para compensar.<\/p>\n<p>E pode relativizar as tr\u00e1gicas dores de &#8220;<em>white people problem<\/em>&#8221; da Faria Lima ao mergulhar nas vidas de pessoas ou personagens que sofrem e sofreram de verdade.<\/p>\n<p>Bem, essa foi minha estante de leitor em 2023.<\/p>\n<h2 class=\"wp-block-heading\" id=\"h-a-estante-de-escritor-em-2023\">A estante de escritor em 2023<\/h2>\n<p>Na minha estante de escritor, tamb\u00e9m posso me orgulhar de alguns pequenos feitos.<\/p>\n<p>Nossa\u00a0<strong><a href=\"https:\/\/store.empiricus.com.br\/microcap-alert-anual-20240103\/pagamento\/?p=1&amp;s=1&amp;gi=1&amp;xpromo=XE-ME-SD-MC-AUDSD-20230104-COLUNADAYONE-CHECKOUT-MKTPORTAIS\" target=\"_blank\" rel=\"noreferrer noopener\">carteira de Microcaps<\/a><\/strong>\u00a0terminou o ano com alta de +73,93%, contra +17,11% do \u00cdndice de Small Caps.<\/p>\n<p>E at\u00e9 mesmo a\u00a0<strong><a href=\"https:\/\/store.empiricus.com.br\/vacas-leiteiras-anual-20240103\/pagamento\/?p=1&amp;s=1&amp;gi=1&amp;xpromo=XE-ME-SD-VL-AUDSD-20230104-COLUNADAYONE-CHECKOUT-MKTPORTAIS\" target=\"_blank\" rel=\"noreferrer noopener\">carteira do Vacas<\/a><\/strong>\u00a0(+24,54%), mais defensiva por focar em proventos, deu um jeito de bater o Ibovespa (+22,82%).<\/p>\n<p>Agora, como eu disse, \u00e9 hora de mirar para frente, liberar espa\u00e7o e reinaugurar as estantes de 2024.<\/p>\n<p>Que venha mais um ano de leituras e escritas significativas, para todos n\u00f3s.<\/p>\n<\/div>\n<p><br \/>\n<br \/><a href=\"https:\/\/www.seudinheiro.com\/2024\/colunistas\/rodolfo-amstalden-minha-estante-de-leitor-em-2023-livros-miql\/\">Source link <\/a><\/p>\n<!-- CONTENT END 1 -->\n","protected":false},"excerpt":{"rendered":"<p>Em geral, sou mais de mirar para frente do que olhar para tr\u00e1s. Mas, \u00e0 medida que envelhe\u00e7o, tenho usado as viradas de ano para&#8230;<\/p>\n","protected":false},"author":1,"featured_media":24658,"comment_status":"open","ping_status":"open","sticky":false,"template":"","format":"standard","meta":{"advanced_seo_description":"","jetpack_seo_html_title":"","jetpack_seo_noindex":false,"jetpack_post_was_ever_published":false,"_jetpack_newsletter_access":"","_jetpack_dont_email_post_to_subs":false,"_jetpack_newsletter_tier_id":0,"_jetpack_memberships_contains_paywalled_content":false,"_jetpack_memberships_contains_paid_content":false,"footnotes":"","jetpack_publicize_message":"","jetpack_publicize_feature_enabled":true,"jetpack_social_post_already_shared":true,"jetpack_social_options":{"image_generator_settings":{"template":"highway","default_image_id":0,"font":"","enabled":false},"version":2}},"categories":[1235],"tags":[],"class_list":["post-24657","post","type-post","status-publish","format-standard","has-post-thumbnail","hentry","category-dinheiro-e-investimento-como-fazer-como-ganhar"],"jetpack_publicize_connections":[],"jetpack_featured_media_url":"https:\/\/i0.wp.com\/noticiasribeiraopreto.com.br\/wp-content\/uploads\/2024\/01\/shutterstock_509582812-1.jpg?fit=500%2C334&ssl=1","jetpack-related-posts":[{"id":54908,"url":"https:\/\/noticiasribeiraopreto.com.br\/index.php\/2024\/07\/25\/unica-heranca-que-tive-na-vida-foi-educacao\/","url_meta":{"origin":24657,"position":0},"title":"\u201c\u00danica heran\u00e7a que tive na vida foi educa\u00e7\u00e3o\u201d","author":"noticiasribeiraopreto.com.br","date":"25 de July de 2024","format":false,"excerpt":"Daniel MagPaula Harraca conta como foi o processo para encerrar um ciclo na carreira e assumir como presidente da \u00c2nima Educa\u00e7\u00e3o Acessibilidade L L A- A+ \u25d0 Depois de 20 anos de carreira na ArcelorMittal, de trainee ao C-Level, Paula Harraca assume agora como CEO da \u00c2nima Educa\u00e7\u00e3o. A executiva\u2026","rel":"","context":"In &quot;Blog&quot;","block_context":{"text":"Blog","link":"https:\/\/noticiasribeiraopreto.com.br\/index.php\/category\/blog\/"},"img":{"alt_text":"","src":"https:\/\/i0.wp.com\/noticiasribeiraopreto.com.br\/wp-content\/uploads\/2024\/07\/carreira-paula-harraca-anima-1024x683.jpg?fit=1024%2C683&ssl=1&resize=350%2C200","width":350,"height":200,"srcset":"https:\/\/i0.wp.com\/noticiasribeiraopreto.com.br\/wp-content\/uploads\/2024\/07\/carreira-paula-harraca-anima-1024x683.jpg?fit=1024%2C683&ssl=1&resize=350%2C200 1x, https:\/\/i0.wp.com\/noticiasribeiraopreto.com.br\/wp-content\/uploads\/2024\/07\/carreira-paula-harraca-anima-1024x683.jpg?fit=1024%2C683&ssl=1&resize=525%2C300 1.5x, https:\/\/i0.wp.com\/noticiasribeiraopreto.com.br\/wp-content\/uploads\/2024\/07\/carreira-paula-harraca-anima-1024x683.jpg?fit=1024%2C683&ssl=1&resize=700%2C400 2x"},"classes":[]},{"id":47266,"url":"https:\/\/noticiasribeiraopreto.com.br\/index.php\/2024\/04\/25\/dia-do-livro-as-obras-que-transformaram-suas-carreiras\/","url_meta":{"origin":24657,"position":1},"title":"Dia do Livro: as obras que transformaram suas carreiras","author":"noticiasribeiraopreto.com.br","date":"25 de April de 2024","format":false,"excerpt":"Kuntuala Oliveira, diretora de vendas da Oracle, \u00e9 uma das executivas que indicam livros do professor e best-seller Adam Grant Dos romances aos neg\u00f3cios, os livros fazem parte da rotina dos grandes l\u00edderes. Estudos mostram que CEOs e empres\u00e1rios bem-sucedidos leem mais do que a m\u00e9dia. Entre eles, Oprah Winfrey\u2026","rel":"","context":"In &quot;Blog&quot;","block_context":{"text":"Blog","link":"https:\/\/noticiasribeiraopreto.com.br\/index.php\/category\/blog\/"},"img":{"alt_text":"","src":"https:\/\/i0.wp.com\/noticiasribeiraopreto.com.br\/wp-content\/uploads\/2024\/04\/mulher-kuntuala-oliveira-oracle-1-1024x683.jpg?fit=1024%2C683&ssl=1&resize=350%2C200","width":350,"height":200,"srcset":"https:\/\/i0.wp.com\/noticiasribeiraopreto.com.br\/wp-content\/uploads\/2024\/04\/mulher-kuntuala-oliveira-oracle-1-1024x683.jpg?fit=1024%2C683&ssl=1&resize=350%2C200 1x, https:\/\/i0.wp.com\/noticiasribeiraopreto.com.br\/wp-content\/uploads\/2024\/04\/mulher-kuntuala-oliveira-oracle-1-1024x683.jpg?fit=1024%2C683&ssl=1&resize=525%2C300 1.5x, https:\/\/i0.wp.com\/noticiasribeiraopreto.com.br\/wp-content\/uploads\/2024\/04\/mulher-kuntuala-oliveira-oracle-1-1024x683.jpg?fit=1024%2C683&ssl=1&resize=700%2C400 2x"},"classes":[]},{"id":42166,"url":"https:\/\/noticiasribeiraopreto.com.br\/index.php\/2024\/03\/13\/nova-diretora-de-marketing-das-pernambucanas\/","url_meta":{"origin":24657,"position":2},"title":"Nova diretora de marketing das Pernambucanas","author":"noticiasribeiraopreto.com.br","date":"13 de March de 2024","format":false,"excerpt":"Flavia Molina chega ao marketing das Pernambucanas com o intuito de liderar mudan\u00e7as e trazer novos mercados Em 2018, quando ocupava a diretoria de marketing da Pernod Ricard, fabricante da vodka Absolut e do whisky Ballantine\u2019s, Flavia Molina liderou a cria\u00e7\u00e3o de uma comunidade online para ajudar a marca a\u2026","rel":"","context":"In &quot;Blog&quot;","block_context":{"text":"Blog","link":"https:\/\/noticiasribeiraopreto.com.br\/index.php\/category\/blog\/"},"img":{"alt_text":"","src":"https:\/\/i0.wp.com\/noticiasribeiraopreto.com.br\/wp-content\/uploads\/2024\/03\/carreira-flavia-molina-pernambucanas-1024x683.jpg?fit=1024%2C683&ssl=1&resize=350%2C200","width":350,"height":200,"srcset":"https:\/\/i0.wp.com\/noticiasribeiraopreto.com.br\/wp-content\/uploads\/2024\/03\/carreira-flavia-molina-pernambucanas-1024x683.jpg?fit=1024%2C683&ssl=1&resize=350%2C200 1x, https:\/\/i0.wp.com\/noticiasribeiraopreto.com.br\/wp-content\/uploads\/2024\/03\/carreira-flavia-molina-pernambucanas-1024x683.jpg?fit=1024%2C683&ssl=1&resize=525%2C300 1.5x, https:\/\/i0.wp.com\/noticiasribeiraopreto.com.br\/wp-content\/uploads\/2024\/03\/carreira-flavia-molina-pernambucanas-1024x683.jpg?fit=1024%2C683&ssl=1&resize=700%2C400 2x"},"classes":[]},{"id":13609,"url":"https:\/\/noticiasribeiraopreto.com.br\/index.php\/2023\/12\/10\/selton-mello-celebra-40-anos-de-carreira-com-livro\/","url_meta":{"origin":24657,"position":3},"title":"Selton Mello celebra 40 anos de carreira com livro","author":"noticiasribeiraopreto.com.br","date":"10 de December de 2023","format":false,"excerpt":"Selton Mello celebra quatro d\u00e9cadas de carreira com o lan\u00e7amento da biografia Eu Me Lembro cercado por mem\u00f3rias da fam\u00edlia, dos amigos e da sua arte. A trajet\u00f3ria \u00e9 narrada em primeira pessoa, em resposta a uma s\u00e9rie de perguntas feitas por um time de 40 estrelas da TV, teatro,\u2026","rel":"","context":"In &quot;Not\u00edcias de Ribeir\u00e3o Preto-SP e Regi\u00e3o&quot;","block_context":{"text":"Not\u00edcias de Ribeir\u00e3o Preto-SP e Regi\u00e3o","link":"https:\/\/noticiasribeiraopreto.com.br\/index.php\/category\/noticias-de-ribeirao-preto-sp-e-regiao-ismael-colosi\/"},"img":{"alt_text":"","src":"https:\/\/i0.wp.com\/noticiasribeiraopreto.com.br\/wp-content\/uploads\/2023\/12\/capa-scaled.jpg?fit=443%2C645&ssl=1&resize=350%2C200","width":350,"height":200},"classes":[]},{"id":49613,"url":"https:\/\/noticiasribeiraopreto.com.br\/index.php\/2024\/05\/12\/eu-sou-uma-mae-mais-presente-como-a-tecnologia-esta-redefinindo-a-maternidade-de-mulheres-brasileiras\/","url_meta":{"origin":24657,"position":4},"title":"&#8220;Eu sou uma m\u00e3e mais presente&#8221;: como a tecnologia est\u00e1 redefinindo a maternidade de mulheres brasileiras","author":"noticiasribeiraopreto.com.br","date":"12 de May de 2024","format":false,"excerpt":"Reprodu\u00e7\u00e3o\/Acervo pessoalA carreira em tecnologia se mostrou uma sa\u00edda para m\u00e3es que desejam mais tempo com os filhos A S\u00edntese de Indicadores Sociais 2023, pesquisa realizada pelo IBGE anualmente para analisar a qualidade de vida dos brasileiros sob a perspectiva das desigualdades sociais, evidenciou que mais de 2,5 milh\u00f5es de\u2026","rel":"","context":"In &quot;Blog&quot;","block_context":{"text":"Blog","link":"https:\/\/noticiasribeiraopreto.com.br\/index.php\/category\/blog\/"},"img":{"alt_text":"","src":"https:\/\/i0.wp.com\/noticiasribeiraopreto.com.br\/wp-content\/uploads\/2024\/05\/Renata-Betti-1024x683.png?fit=1024%2C683&ssl=1&resize=350%2C200","width":350,"height":200,"srcset":"https:\/\/i0.wp.com\/noticiasribeiraopreto.com.br\/wp-content\/uploads\/2024\/05\/Renata-Betti-1024x683.png?fit=1024%2C683&ssl=1&resize=350%2C200 1x, https:\/\/i0.wp.com\/noticiasribeiraopreto.com.br\/wp-content\/uploads\/2024\/05\/Renata-Betti-1024x683.png?fit=1024%2C683&ssl=1&resize=525%2C300 1.5x, https:\/\/i0.wp.com\/noticiasribeiraopreto.com.br\/wp-content\/uploads\/2024\/05\/Renata-Betti-1024x683.png?fit=1024%2C683&ssl=1&resize=700%2C400 2x"},"classes":[]},{"id":49952,"url":"https:\/\/noticiasribeiraopreto.com.br\/index.php\/2024\/05\/14\/eu-sou-uma-mae-mais-presente-como-a-tecnologia-esta-redefinindo-a-maternidade-de-mulheres-brasileiras-2\/","url_meta":{"origin":24657,"position":5},"title":"&#8220;Eu sou uma m\u00e3e mais presente&#8221;: como a tecnologia est\u00e1 redefinindo a maternidade de mulheres brasileiras","author":"noticiasribeiraopreto.com.br","date":"14 de May de 2024","format":false,"excerpt":"Reprodu\u00e7\u00e3o\/Acervo pessoalA carreira em tecnologia se mostrou uma sa\u00edda para m\u00e3es que desejam mais tempo com os filhos A S\u00edntese de Indicadores Sociais 2023, pesquisa realizada pelo IBGE anualmente para analisar a qualidade de vida dos brasileiros sob a perspectiva das desigualdades sociais, evidenciou que mais de 2,5 milh\u00f5es de\u2026","rel":"","context":"In &quot;Blog&quot;","block_context":{"text":"Blog","link":"https:\/\/noticiasribeiraopreto.com.br\/index.php\/category\/blog\/"},"img":{"alt_text":"","src":"https:\/\/i0.wp.com\/noticiasribeiraopreto.com.br\/wp-content\/uploads\/2024\/05\/1715681672_Renata-Betti-1024x683.png?fit=1024%2C683&ssl=1&resize=350%2C200","width":350,"height":200,"srcset":"https:\/\/i0.wp.com\/noticiasribeiraopreto.com.br\/wp-content\/uploads\/2024\/05\/1715681672_Renata-Betti-1024x683.png?fit=1024%2C683&ssl=1&resize=350%2C200 1x, https:\/\/i0.wp.com\/noticiasribeiraopreto.com.br\/wp-content\/uploads\/2024\/05\/1715681672_Renata-Betti-1024x683.png?fit=1024%2C683&ssl=1&resize=525%2C300 1.5x, https:\/\/i0.wp.com\/noticiasribeiraopreto.com.br\/wp-content\/uploads\/2024\/05\/1715681672_Renata-Betti-1024x683.png?fit=1024%2C683&ssl=1&resize=700%2C400 2x"},"classes":[]}],"jetpack_sharing_enabled":true,"jetpack_shortlink":"https:\/\/wp.me\/peQAOb-6pH","_links":{"self":[{"href":"https:\/\/noticiasribeiraopreto.com.br\/index.php\/wp-json\/wp\/v2\/posts\/24657","targetHints":{"allow":["GET"]}}],"collection":[{"href":"https:\/\/noticiasribeiraopreto.com.br\/index.php\/wp-json\/wp\/v2\/posts"}],"about":[{"href":"https:\/\/noticiasribeiraopreto.com.br\/index.php\/wp-json\/wp\/v2\/types\/post"}],"author":[{"embeddable":true,"href":"https:\/\/noticiasribeiraopreto.com.br\/index.php\/wp-json\/wp\/v2\/users\/1"}],"replies":[{"embeddable":true,"href":"https:\/\/noticiasribeiraopreto.com.br\/index.php\/wp-json\/wp\/v2\/comments?post=24657"}],"version-history":[{"count":0,"href":"https:\/\/noticiasribeiraopreto.com.br\/index.php\/wp-json\/wp\/v2\/posts\/24657\/revisions"}],"wp:featuredmedia":[{"embeddable":true,"href":"https:\/\/noticiasribeiraopreto.com.br\/index.php\/wp-json\/wp\/v2\/media\/24658"}],"wp:attachment":[{"href":"https:\/\/noticiasribeiraopreto.com.br\/index.php\/wp-json\/wp\/v2\/media?parent=24657"}],"wp:term":[{"taxonomy":"category","embeddable":true,"href":"https:\/\/noticiasribeiraopreto.com.br\/index.php\/wp-json\/wp\/v2\/categories?post=24657"},{"taxonomy":"post_tag","embeddable":true,"href":"https:\/\/noticiasribeiraopreto.com.br\/index.php\/wp-json\/wp\/v2\/tags?post=24657"}],"curies":[{"name":"wp","href":"https:\/\/api.w.org\/{rel}","templated":true}]}}