{"id":24671,"date":"2024-01-04T21:12:21","date_gmt":"2024-01-05T00:12:21","guid":{"rendered":"https:\/\/noticiasribeiraopreto.com.br\/index.php\/2024\/01\/04\/apos-repercussao-negativa-thammy-declara-admiracao-a-padre-julio-lancellotti-e-explica-assinatura-em-pedido-de-cpi\/"},"modified":"2024-01-04T21:12:21","modified_gmt":"2024-01-05T00:12:21","slug":"apos-repercussao-negativa-thammy-declara-admiracao-a-padre-julio-lancellotti-e-explica-assinatura-em-pedido-de-cpi","status":"publish","type":"post","link":"https:\/\/noticiasribeiraopreto.com.br\/index.php\/2024\/01\/04\/apos-repercussao-negativa-thammy-declara-admiracao-a-padre-julio-lancellotti-e-explica-assinatura-em-pedido-de-cpi\/","title":{"rendered":"ap\u00f3s repercuss\u00e3o negativa, Thammy declara admira\u00e7\u00e3o \u00e0 padre Julio Lancellotti e explica assinatura em pedido de CPI"},"content":{"rendered":"<div class='code-block code-block-1' style='margin: 8px 0 8px auto; text-align: right; display: block; clear: both;'>\n<p><a href=\"https:\/\/wa.link\/vpicfd\"><img data-recalc-dims=\"1\" class=\"wp-image-4922\" style=\"aspect-ratio: 2.0253164556962027; width: 561px; height: auto;\" src=\"https:\/\/i0.wp.com\/ismaelcolosi.com.br\/wp-content\/uploads\/2023\/11\/grupo-de-empregos-whatsapp-e-facebook-ismael-colosi-vagas.jpg?ssl=1\" alt=\"\" \/><\/a><\/p>\n<!-- \/wp:image -->\n<\/div>\n<p> <br \/>\n<\/p>\n<div itemprop=\"text\">\n<p>Nesta quinta-feira (04\/01), repercutiu nas redes sociais a possibilidade de uma CPI contra o padre Julio Lancellotti. Essa possibilidade havia sido aberta ap\u00f3s uma vota\u00e7\u00e3o na C\u00e2mara Municipal de S\u00e3o Paulo, que aprovou uma CPI contra ONGs.<\/p>\n<p>Segundo analistas, a base do prefeito Ricardo Nunes tinha o objetivo de mirar no padre, que conduz um projeto humanit\u00e1rio de grande import\u00e2ncia na capital do estado e vem recebendo ataques h\u00e1 algum tempo.<\/p>\n<p>Dentre as assinaturas favor\u00e1veis, uma se destacou. Trata-se da assinatura do vereador Thammy Miranda. Isso porque Thammy \u00e9 um homem trans e Lancellotti \u00e9 um grande defensor da comunidade trans.<\/p>\n<p>Ap\u00f3s imensa repercuss\u00e3o da vota\u00e7\u00e3o, o vereador se manifestou e afirmou ter sido enganado. Segundo Thammy, o nome do padre n\u00e3o aparecia no documento e isso o teria levado a decis\u00e3o de apoiar o requerimento.<\/p>\n<p>\u201c<b>Em nenhum momento, o nome do Padre J\u00falio Lancelloti foi mencionado, direta ou indiretamente, nesse apoiamento \u00e0 CPI. Tenho admira\u00e7\u00e3o, carinho e gratid\u00e3o pelo Padre Lancelloti que \u00e9 exemplo para muitos brasileiros de solidariedade e amor ao pr\u00f3ximo<\/b>\u201d, disse.<\/p>\n<p>Thammy ainda tentou esclarecer porque havia apoiado o requerimento de CPI, afirmando que sua preocupa\u00e7\u00e3o era com a prote\u00e7\u00e3o dos moradores do centro de S\u00e3o Paulo, que tem sofrido com a gest\u00e3o ineficiente da chamada \u201ccracol\u00e2ndia\u201d.<\/p>\n<blockquote class=\"instagram-media\" style=\"background: #FFF; border: 0; border-radius: 3px; box-shadow: 0 0 1px 0 rgba(0,0,0,0.5),0 1px 10px 0 rgba(0,0,0,0.15); margin: 1px; max-width: 540px; min-width: 326px; padding: 0; width: calc(100% - 2px);\" data-instgrm-permalink=\"https:\/\/www.instagram.com\/reel\/C1sEF6YuH-d\/?utm_source=ig_embed&amp;utm_campaign=loading\" data-instgrm-version=\"14\">\n<p>\u00a0<\/p>\n<p>Ver essa foto no Instagram<\/p>\n<p>\u00a0<\/p>\n<p style=\"color: #c9c8cd; font-family: Arial,sans-serif; font-size: 14px; line-height: 17px; margin-bottom: 0; margin-top: 8px; overflow: hidden; padding: 8px 0 7px; text-align: center; text-overflow: ellipsis; white-space: nowrap;\"><a style=\"color: #c9c8cd; font-family: Arial,sans-serif; font-size: 14px; font-style: normal; font-weight: normal; line-height: 17px; text-decoration: none;\" href=\"https:\/\/www.instagram.com\/reel\/C1sEF6YuH-d\/?utm_source=ig_embed&amp;utm_campaign=loading\" target=\"_blank\" rel=\"noopener\">Uma publica\u00e7\u00e3o compartilhada por Thammy Miranda (@thammymiranda)<\/a><\/p>\n<\/blockquote>\n<h4>Autor do pedido de CPI j\u00e1 fez declara\u00e7\u00e3o contra padre Julio publicamente<\/h4>\n<p>Rubinho Alves (Uniao Brasil) trava h\u00e1 tempos uma brigs contra ONGs\u00a0e\u00a0coletivos e j\u00e1 fez declara\u00e7\u00f5es duras contra o padre em outras ocasi\u00f5es. No contexto da CPI, o tom foi elevado.<\/p>\n<p>\u201c<b>Vou arrastar ele para c\u00e1 em coercitiva, nem que seja algemado<\/b>\u201c, afirmou Rubinho.<b> \u201cEu vou fazer um raio-X, vou fazer um exame nas entranhas desse sujeito, todo mundo vai saber o que tem por tr\u00e1s do Lancellotti\u201d<\/b>, disse.<\/p>\n<p>Em\u00a0janeiro do ano\u00a0de\u00a02022,\u00a0a\u00a0Justi\u00e7a\u00a0de\u00a0S\u00e3o\u00a0Paulo j\u00e1\u00a0havia\u00a0arquivado\u00a0uma\u00a0investiga\u00e7\u00e3o contra o coletivo\u00a0Craco\u00a0Resiste por\u00a0falta\u00a0de\u00a0provas.\u00a0A\u00a0investiga\u00e7\u00e3o\u00a0havia\u00a0sido\u00a0um\u00a0pedido\u00a0do\u00a0pr\u00f3prio\u00a0Rubinho\u00a0Alves.<\/p>\n<\/div>\n<p><script async src=\"\/\/www.instagram.com\/embed.js\"><\/script><br \/>\n<br \/><br \/>\n<br \/><a href=\"https:\/\/fnmais.com\/video-apos-repercussao-negativa-thammy-declara-admiracao-padre-julio-lancellotti-explica-assinatura-em-pedido-cpi\/\">Source link <\/a><\/p>\n<!-- CONTENT END 1 -->\n","protected":false},"excerpt":{"rendered":"<p>Nesta quinta-feira (04\/01), repercutiu nas redes sociais a possibilidade de uma CPI contra o padre Julio Lancellotti. Essa possibilidade havia sido aberta ap\u00f3s uma vota\u00e7\u00e3o&#8230;<\/p>\n","protected":false},"author":1,"featured_media":24672,"comment_status":"open","ping_status":"open","sticky":false,"template":"","format":"standard","meta":{"advanced_seo_description":"","jetpack_seo_html_title":"","jetpack_seo_noindex":false,"jetpack_post_was_ever_published":false,"_jetpack_newsletter_access":"","_jetpack_dont_email_post_to_subs":false,"_jetpack_newsletter_tier_id":0,"_jetpack_memberships_contains_paywalled_content":false,"_jetpack_memberships_contains_paid_content":false,"footnotes":"","jetpack_publicize_message":"","jetpack_publicize_feature_enabled":true,"jetpack_social_post_already_shared":true,"jetpack_social_options":{"image_generator_settings":{"template":"highway","default_image_id":0,"font":"","enabled":false},"version":2}},"categories":[1],"tags":[],"class_list":["post-24671","post","type-post","status-publish","format-standard","has-post-thumbnail","hentry","category-blog"],"jetpack_publicize_connections":[],"jetpack_featured_media_url":"https:\/\/i0.wp.com\/noticiasribeiraopreto.com.br\/wp-content\/uploads\/2024\/01\/postimg-659737f75c6b78296.jpg?fit=1200%2C628&ssl=1","jetpack-related-posts":[{"id":25013,"url":"https:\/\/noticiasribeiraopreto.com.br\/index.php\/2024\/01\/05\/camara-de-sp-quer-cpi-para-apurar-atuacao-de-julio-lancelloti\/","url_meta":{"origin":24671,"position":0},"title":"C\u00e2mara de SP quer CPI para apurar atua\u00e7\u00e3o de Julio Lancelloti \u2013 Folha de Ribeir\u00e3o","author":"noticiasribeiraopreto.com.br","date":"5 de January de 2024","format":false,"excerpt":"Acabado o recesso parlamentar no final de janeiro, a C\u00e2mara Municipal de S\u00e3o Paulo dever\u00e1 abrir uma comiss\u00e3o parlamentar de inqu\u00e9rito (CPI) para investigar organiza\u00e7\u00f5es n\u00e3o governamentais (ONGs) que atuam na regi\u00e3o da Cracol\u00e2ndia, nome popular que era dado a uma regi\u00e3o no centro da capital paulista ocupada por usu\u00e1rios\u2026","rel":"","context":"In &quot;Not\u00edcias de Ribeir\u00e3o Preto-SP e Regi\u00e3o&quot;","block_context":{"text":"Not\u00edcias de Ribeir\u00e3o Preto-SP e Regi\u00e3o","link":"https:\/\/noticiasribeiraopreto.com.br\/index.php\/category\/noticias-de-ribeirao-preto-sp-e-regiao-ismael-colosi\/"},"img":{"alt_text":"","src":"","width":0,"height":0},"classes":[]},{"id":24944,"url":"https:\/\/noticiasribeiraopreto.com.br\/index.php\/2024\/01\/05\/lula-manifesta-apoio-a-padre-julio-lancelloti\/","url_meta":{"origin":24671,"position":1},"title":"Lula manifesta apoio a padre Julio Lancelloti \u2013 Folha de Ribeir\u00e3o","author":"noticiasribeiraopreto.com.br","date":"5 de January de 2024","format":false,"excerpt":"O presidente Luiz In\u00e1cio Lula da Silva publicou uma mensagem em rede social, nesta quinta-feira (4), em apoio ao padre Julio Lancelloti. Vereadores de S\u00e3o Paulo buscam investig\u00e1-lo em uma\u00a0Comiss\u00e3o Parlamentar de Inqu\u00e9rito (CPI) na C\u00e2mara Municipal. H\u00e1 anos, o religioso desenvolve um reconhecido trabalho de cuidado com pessoas em\u2026","rel":"","context":"In &quot;Not\u00edcias de Ribeir\u00e3o Preto-SP e Regi\u00e3o&quot;","block_context":{"text":"Not\u00edcias de Ribeir\u00e3o Preto-SP e Regi\u00e3o","link":"https:\/\/noticiasribeiraopreto.com.br\/index.php\/category\/noticias-de-ribeirao-preto-sp-e-regiao-ismael-colosi\/"},"img":{"alt_text":"","src":"","width":0,"height":0},"classes":[]},{"id":25120,"url":"https:\/\/noticiasribeiraopreto.com.br\/index.php\/2024\/01\/05\/catedral-de-ribeirao-manifesta-apoio-ao-padre-julio-lancellotti-alvo-de-cpi\/","url_meta":{"origin":24671,"position":2},"title":"Catedral de Ribeir\u00e3o manifesta apoio ao padre J\u00falio Lancellotti, alvo de CPI","author":"noticiasribeiraopreto.com.br","date":"5 de January de 2024","format":false,"excerpt":"A Catedral de S\u00e3o Sebasti\u00e3o, no Centro de Ribeir\u00e3o Preto, informou, por meio das redes sociais nesta sexta-feira (5), que \u201coferece todo apoio\u201d ao Padre J\u00falio Lancellotti, em rela\u00e7\u00e3o \u00e0 cria\u00e7\u00e3o de uma Comiss\u00e3o Parlamentar de Inqu\u00e9rito (CPI) para investigar o sacerdote. Em dezembro de 2023, foi protocolado na C\u00e2mara\u2026","rel":"","context":"In &quot;Not\u00edcias de Ribeir\u00e3o Preto-SP e Regi\u00e3o&quot;","block_context":{"text":"Not\u00edcias de Ribeir\u00e3o Preto-SP e Regi\u00e3o","link":"https:\/\/noticiasribeiraopreto.com.br\/index.php\/category\/noticias-de-ribeirao-preto-sp-e-regiao-ismael-colosi\/"},"img":{"alt_text":"","src":"https:\/\/i0.wp.com\/noticiasribeiraopreto.com.br\/wp-content\/uploads\/2024\/01\/20220618_024226476_catedral_sao_1200x675_17062022004910-1.jpg?fit=1200%2C675&ssl=1&resize=350%2C200","width":350,"height":200,"srcset":"https:\/\/i0.wp.com\/noticiasribeiraopreto.com.br\/wp-content\/uploads\/2024\/01\/20220618_024226476_catedral_sao_1200x675_17062022004910-1.jpg?fit=1200%2C675&ssl=1&resize=350%2C200 1x, https:\/\/i0.wp.com\/noticiasribeiraopreto.com.br\/wp-content\/uploads\/2024\/01\/20220618_024226476_catedral_sao_1200x675_17062022004910-1.jpg?fit=1200%2C675&ssl=1&resize=525%2C300 1.5x, https:\/\/i0.wp.com\/noticiasribeiraopreto.com.br\/wp-content\/uploads\/2024\/01\/20220618_024226476_catedral_sao_1200x675_17062022004910-1.jpg?fit=1200%2C675&ssl=1&resize=700%2C400 2x, https:\/\/i0.wp.com\/noticiasribeiraopreto.com.br\/wp-content\/uploads\/2024\/01\/20220618_024226476_catedral_sao_1200x675_17062022004910-1.jpg?fit=1200%2C675&ssl=1&resize=1050%2C600 3x"},"classes":[]},{"id":25065,"url":"https:\/\/noticiasribeiraopreto.com.br\/index.php\/2024\/01\/05\/padre-fabio-de-melo-quebra-o-silencio-e-abre-o-jogo-sobre-o-polemico-caso-do-padre-julio-lancellotti\/","url_meta":{"origin":24671,"position":3},"title":"Padre F\u00e1bio de Melo quebra o sil\u00eancio e abre o jogo sobre o pol\u00eamico caso do Padre J\u00falio Lancellotti","author":"noticiasribeiraopreto.com.br","date":"5 de January de 2024","format":false,"excerpt":"A \u00faltima quinta, dia 4 de janeiro, foi marcada por intensos debates nas redes sociais ap\u00f3s o padre F\u00e1bio de Melo ser alvo de cr\u00edticas por seu posicionamento sobre a poss\u00edvel instaura\u00e7\u00e3o de uma CPI contra o padre J\u00falio Lancellotti.Este \u00faltimo \u00e9 acusado de liderar uma suposta \u201cM\u00e1fia da Mis\u00e9ria\u201d,\u2026","rel":"","context":"In &quot;Blog&quot;","block_context":{"text":"Blog","link":"https:\/\/noticiasribeiraopreto.com.br\/index.php\/category\/blog\/"},"img":{"alt_text":"","src":"https:\/\/i0.wp.com\/noticiasribeiraopreto.com.br\/wp-content\/uploads\/2024\/01\/postimg-6598432f73ff49926.jpg?fit=1200%2C628&ssl=1&resize=350%2C200","width":350,"height":200,"srcset":"https:\/\/i0.wp.com\/noticiasribeiraopreto.com.br\/wp-content\/uploads\/2024\/01\/postimg-6598432f73ff49926.jpg?fit=1200%2C628&ssl=1&resize=350%2C200 1x, https:\/\/i0.wp.com\/noticiasribeiraopreto.com.br\/wp-content\/uploads\/2024\/01\/postimg-6598432f73ff49926.jpg?fit=1200%2C628&ssl=1&resize=525%2C300 1.5x, https:\/\/i0.wp.com\/noticiasribeiraopreto.com.br\/wp-content\/uploads\/2024\/01\/postimg-6598432f73ff49926.jpg?fit=1200%2C628&ssl=1&resize=700%2C400 2x, https:\/\/i0.wp.com\/noticiasribeiraopreto.com.br\/wp-content\/uploads\/2024\/01\/postimg-6598432f73ff49926.jpg?fit=1200%2C628&ssl=1&resize=1050%2C600 3x"},"classes":[]},{"id":24813,"url":"https:\/\/noticiasribeiraopreto.com.br\/index.php\/2024\/01\/05\/vereadores-se-dizem-enganados-e-retiram-apoio-de-cpi-que-mira-padre-lancelotti\/","url_meta":{"origin":24671,"position":4},"title":"Vereadores se dizem enganados e retiram apoio de CPI que mira padre Lancelotti","author":"noticiasribeiraopreto.com.br","date":"5 de January de 2024","format":false,"excerpt":"O pedido de abertura de uma Comiss\u00e3o Parlamentar de Inqu\u00e9rito (CPI) que pretendia investigar o padre J\u00falio Lancelotti na C\u00e2mara Municipal de S\u00e3o Paulo sofreu um rev\u00e9s nesta quinta-feira, 4, com a divulga\u00e7\u00e3o do nome dos vereadores que assinaram o documento. Ao menos quatro j\u00e1 anunciaram a inten\u00e7\u00e3o de retirar\u2026","rel":"","context":"In &quot;Not\u00edcias de Ribeir\u00e3o Preto-SP e Regi\u00e3o&quot;","block_context":{"text":"Not\u00edcias de Ribeir\u00e3o Preto-SP e Regi\u00e3o","link":"https:\/\/noticiasribeiraopreto.com.br\/index.php\/category\/noticias-de-ribeirao-preto-sp-e-regiao-ismael-colosi\/"},"img":{"alt_text":"","src":"https:\/\/i0.wp.com\/noticiasribeiraopreto.com.br\/wp-content\/uploads\/2024\/01\/28de78c5-69ea-4627-be02-f403a0ee736a-scaled.jpg?fit=1000%2C625&ssl=1&resize=350%2C200","width":350,"height":200,"srcset":"https:\/\/i0.wp.com\/noticiasribeiraopreto.com.br\/wp-content\/uploads\/2024\/01\/28de78c5-69ea-4627-be02-f403a0ee736a-scaled.jpg?fit=1000%2C625&ssl=1&resize=350%2C200 1x, https:\/\/i0.wp.com\/noticiasribeiraopreto.com.br\/wp-content\/uploads\/2024\/01\/28de78c5-69ea-4627-be02-f403a0ee736a-scaled.jpg?fit=1000%2C625&ssl=1&resize=525%2C300 1.5x, https:\/\/i0.wp.com\/noticiasribeiraopreto.com.br\/wp-content\/uploads\/2024\/01\/28de78c5-69ea-4627-be02-f403a0ee736a-scaled.jpg?fit=1000%2C625&ssl=1&resize=700%2C400 2x"},"classes":[]},{"id":25207,"url":"https:\/\/noticiasribeiraopreto.com.br\/index.php\/2024\/01\/06\/o-dia-de-santo-reis-e-a-sombra-dos-planos-ocultos\/","url_meta":{"origin":24671,"position":5},"title":"O Dia de Santo Reis e a Sombra dos Planos Ocultos\u00a0","author":"noticiasribeiraopreto.com.br","date":"6 de January de 2024","format":false,"excerpt":"6 de janeiro de 2024 | 8:105 de janeiro de 2024 | 20:54 0Andr\u00e9 Luiz da Silva *\u00a0\u00a0[email\u00a0protected]\u00a0Como cantava o saudoso Tim Maia, \u201cHoje \u00e9 o dia de Santo Reis anda meio esquecido, mas \u00e9 o dia da festa de Santo Reis\u201d. O Dia de Reis, comemorado em 06 de\u2026","rel":"","context":"In &quot;Not\u00edcias de Ribeir\u00e3o Preto-SP e Regi\u00e3o&quot;","block_context":{"text":"Not\u00edcias de Ribeir\u00e3o Preto-SP e Regi\u00e3o","link":"https:\/\/noticiasribeiraopreto.com.br\/index.php\/category\/noticias-de-ribeirao-preto-sp-e-regiao-ismael-colosi\/"},"img":{"alt_text":"","src":"https:\/\/i0.wp.com\/noticiasribeiraopreto.com.br\/wp-content\/uploads\/2024\/01\/Andre-Luiz-da-Silva.jpg?fit=700%2C450&ssl=1&resize=350%2C200","width":350,"height":200,"srcset":"https:\/\/i0.wp.com\/noticiasribeiraopreto.com.br\/wp-content\/uploads\/2024\/01\/Andre-Luiz-da-Silva.jpg?fit=700%2C450&ssl=1&resize=350%2C200 1x, https:\/\/i0.wp.com\/noticiasribeiraopreto.com.br\/wp-content\/uploads\/2024\/01\/Andre-Luiz-da-Silva.jpg?fit=700%2C450&ssl=1&resize=525%2C300 1.5x, https:\/\/i0.wp.com\/noticiasribeiraopreto.com.br\/wp-content\/uploads\/2024\/01\/Andre-Luiz-da-Silva.jpg?fit=700%2C450&ssl=1&resize=700%2C400 2x"},"classes":[]}],"jetpack_sharing_enabled":true,"jetpack_shortlink":"https:\/\/wp.me\/peQAOb-6pV","_links":{"self":[{"href":"https:\/\/noticiasribeiraopreto.com.br\/index.php\/wp-json\/wp\/v2\/posts\/24671","targetHints":{"allow":["GET"]}}],"collection":[{"href":"https:\/\/noticiasribeiraopreto.com.br\/index.php\/wp-json\/wp\/v2\/posts"}],"about":[{"href":"https:\/\/noticiasribeiraopreto.com.br\/index.php\/wp-json\/wp\/v2\/types\/post"}],"author":[{"embeddable":true,"href":"https:\/\/noticiasribeiraopreto.com.br\/index.php\/wp-json\/wp\/v2\/users\/1"}],"replies":[{"embeddable":true,"href":"https:\/\/noticiasribeiraopreto.com.br\/index.php\/wp-json\/wp\/v2\/comments?post=24671"}],"version-history":[{"count":0,"href":"https:\/\/noticiasribeiraopreto.com.br\/index.php\/wp-json\/wp\/v2\/posts\/24671\/revisions"}],"wp:featuredmedia":[{"embeddable":true,"href":"https:\/\/noticiasribeiraopreto.com.br\/index.php\/wp-json\/wp\/v2\/media\/24672"}],"wp:attachment":[{"href":"https:\/\/noticiasribeiraopreto.com.br\/index.php\/wp-json\/wp\/v2\/media?parent=24671"}],"wp:term":[{"taxonomy":"category","embeddable":true,"href":"https:\/\/noticiasribeiraopreto.com.br\/index.php\/wp-json\/wp\/v2\/categories?post=24671"},{"taxonomy":"post_tag","embeddable":true,"href":"https:\/\/noticiasribeiraopreto.com.br\/index.php\/wp-json\/wp\/v2\/tags?post=24671"}],"curies":[{"name":"wp","href":"https:\/\/api.w.org\/{rel}","templated":true}]}}