{"id":24675,"date":"2024-01-04T21:33:14","date_gmt":"2024-01-05T00:33:14","guid":{"rendered":"https:\/\/noticiasribeiraopreto.com.br\/index.php\/2024\/01\/04\/quem-era-o-homem-que-foi-encontrado-boiando-em-praia-de-litoral-catarinense\/"},"modified":"2024-01-04T21:33:14","modified_gmt":"2024-01-05T00:33:14","slug":"quem-era-o-homem-que-foi-encontrado-boiando-em-praia-de-litoral-catarinense","status":"publish","type":"post","link":"https:\/\/noticiasribeiraopreto.com.br\/index.php\/2024\/01\/04\/quem-era-o-homem-que-foi-encontrado-boiando-em-praia-de-litoral-catarinense\/","title":{"rendered":"Quem era o homem que foi encontrado boiando em praia de litoral catarinense"},"content":{"rendered":"<div class='code-block code-block-1' style='margin: 8px 0 8px auto; text-align: right; display: block; clear: both;'>\n<p><a href=\"https:\/\/wa.link\/vpicfd\"><img data-recalc-dims=\"1\" class=\"wp-image-4922\" style=\"aspect-ratio: 2.0253164556962027; width: 561px; height: auto;\" src=\"https:\/\/i0.wp.com\/ismaelcolosi.com.br\/wp-content\/uploads\/2023\/11\/grupo-de-empregos-whatsapp-e-facebook-ismael-colosi-vagas.jpg?ssl=1\" alt=\"\" \/><\/a><\/p>\n<!-- \/wp:image -->\n<\/div>\n<p> <br \/>\n<\/p>\n<div itemprop=\"text\">\n<p>Na tarde desta quinta-feira, 4 de janeiro, uma revela\u00e7\u00e3o surpreendente aconteceu na Ilha da Paz, localizada em S\u00e3o Francisco do Sul. O cad\u00e1ver descoberto flutuando nas \u00e1guas do mar foi confirmado como sendo o de Robert Rojas, gerando consterna\u00e7\u00e3o entre os presentes, incluindo os turistas que estavam na regi\u00e3o.<\/p>\n<p>Com celeridade, uma equipe de salva-vidas foi prontamente mobilizada e se dirigiu ao local por meio de uma embarca\u00e7\u00e3o. No local, constataram a presen\u00e7a de um corpo masculino flutuando nas \u00e1guas.<\/p>\n<p>Diante dessa descoberta, as autoridades da Pol\u00edcia Civil e Cient\u00edfica foram notificadas e assumir\u00e3o as investiga\u00e7\u00f5es para esclarecer as circunst\u00e2ncias desse tr\u00e1gico incidente.<\/p>\n<p>Os peritos forenses foram at\u00e9 o local para a realiza\u00e7\u00e3o dos trabalhos necess\u00e1rios com o intuito de buscar evid\u00eancias para dar sequ\u00eancias nas investiga\u00e7\u00f5es e libera\u00e7\u00e3o do corpo para o Instituto M\u00e9dico Legal (IML), mais pr\u00f3ximo.<\/p>\n<p>N\u00e3o h\u00e1 confirma\u00e7\u00e3o sobre a causa da morte do homem, ainda n\u00e3o \u00e9 poss\u00edvel definir neste primeiro momento que se trata de um afogamento e nem mesmo por quanto tempo o corpo esteve na \u00e1gua.<\/p>\n<p>N\u00e3o h\u00e1 informa\u00e7\u00f5es sobre a libera\u00e7\u00e3o do corpo, vel\u00f3rio e sepultamento da v\u00edtima. Ainda n\u00e3o de tem not\u00edcias se algum familiar foi reconhecer ou mesmo reclamar o corpo do homem.<\/p>\n<p>O litoral de Santa Catarina \u00e9 muito procurado por turistas durante todas as \u00e9pocas do ano, contudo, no ver\u00e3o o n\u00famero de visitantes aumenta consideravelmente. Muitos turistas brasileiros e estrangeiros buscam pelas praias do litoral catarinense.<\/p>\n<\/div>\n<p><br \/>\n<br \/><a href=\"https:\/\/fnmais.com\/sc-quem-era-homem-que-foi-encontrado-boiando-em-praia-litoral-catarinense\/\">Source link <\/a><\/p>\n<!-- CONTENT END 1 -->\n","protected":false},"excerpt":{"rendered":"<p>Na tarde desta quinta-feira, 4 de janeiro, uma revela\u00e7\u00e3o surpreendente aconteceu na Ilha da Paz, localizada em S\u00e3o Francisco do Sul. O cad\u00e1ver descoberto flutuando&#8230;<\/p>\n","protected":false},"author":1,"featured_media":24676,"comment_status":"open","ping_status":"open","sticky":false,"template":"","format":"standard","meta":{"advanced_seo_description":"","jetpack_seo_html_title":"","jetpack_seo_noindex":false,"jetpack_post_was_ever_published":false,"_jetpack_newsletter_access":"","_jetpack_dont_email_post_to_subs":false,"_jetpack_newsletter_tier_id":0,"_jetpack_memberships_contains_paywalled_content":false,"_jetpack_memberships_contains_paid_content":false,"footnotes":"","jetpack_publicize_message":"","jetpack_publicize_feature_enabled":true,"jetpack_social_post_already_shared":true,"jetpack_social_options":{"image_generator_settings":{"template":"highway","default_image_id":0,"font":"","enabled":false},"version":2}},"categories":[1],"tags":[],"class_list":["post-24675","post","type-post","status-publish","format-standard","has-post-thumbnail","hentry","category-blog"],"jetpack_publicize_connections":[],"jetpack_featured_media_url":"https:\/\/i0.wp.com\/noticiasribeiraopreto.com.br\/wp-content\/uploads\/2024\/01\/postimg-659729cdd4bb43207.jpg?fit=1200%2C628&ssl=1","jetpack-related-posts":[{"id":20836,"url":"https:\/\/noticiasribeiraopreto.com.br\/index.php\/2023\/12\/26\/casal-perde-a-vida-de-forma-brutal-dentro-de-casa-no-es-na-noite-de-natal-e-caso-e-um-misterio\/","url_meta":{"origin":24675,"position":0},"title":"Casal perde a vida de forma brutal dentro de casa no ES, na noite de Natal, e caso \u00e9 um mist\u00e9rio","author":"noticiasribeiraopreto.com.br","date":"26 de December de 2023","format":false,"excerpt":"Uma trag\u00e9dia chocou o bairro Alegre, em Sooretama, Norte do Esp\u00edrito Santo, na noite de Natal, quando um casal foi brutalmente assassinado a tiros dentro de casa.Eles foram identificados pelos nomes de Gerson Bispo dos Santos, 55 anos, e Luciana Batista Pires, 51 anos e foram encontrados sem vida na\u2026","rel":"","context":"In &quot;Blog&quot;","block_context":{"text":"Blog","link":"https:\/\/noticiasribeiraopreto.com.br\/index.php\/category\/blog\/"},"img":{"alt_text":"","src":"https:\/\/i0.wp.com\/noticiasribeiraopreto.com.br\/wp-content\/uploads\/2023\/12\/postimg-658b0ad3146883045.jpg?fit=1200%2C628&ssl=1&resize=350%2C200","width":350,"height":200,"srcset":"https:\/\/i0.wp.com\/noticiasribeiraopreto.com.br\/wp-content\/uploads\/2023\/12\/postimg-658b0ad3146883045.jpg?fit=1200%2C628&ssl=1&resize=350%2C200 1x, https:\/\/i0.wp.com\/noticiasribeiraopreto.com.br\/wp-content\/uploads\/2023\/12\/postimg-658b0ad3146883045.jpg?fit=1200%2C628&ssl=1&resize=525%2C300 1.5x, https:\/\/i0.wp.com\/noticiasribeiraopreto.com.br\/wp-content\/uploads\/2023\/12\/postimg-658b0ad3146883045.jpg?fit=1200%2C628&ssl=1&resize=700%2C400 2x, https:\/\/i0.wp.com\/noticiasribeiraopreto.com.br\/wp-content\/uploads\/2023\/12\/postimg-658b0ad3146883045.jpg?fit=1200%2C628&ssl=1&resize=1050%2C600 3x"},"classes":[]},{"id":41982,"url":"https:\/\/noticiasribeiraopreto.com.br\/index.php\/2024\/03\/12\/empresario-e-preso-apos-denuncia-de-disparos-na-zona-sul-de-ribeirao-preto\/","url_meta":{"origin":24675,"position":1},"title":"Empres\u00e1rio \u00e9 preso ap\u00f3s den\u00fancia de disparos na zona Sul de Ribeir\u00e3o Preto","author":"noticiasribeiraopreto.com.br","date":"12 de March de 2024","format":false,"excerpt":"Um empres\u00e1rio de 31 anos foi preso ap\u00f3s uma den\u00fancia de supostos disparos com arma de fogo em frente ao um bar na avenida Independ\u00eancia, na zona Sul de Ribeir\u00e3o Preto. O caso aconteceu na madrugada da \u00faltima segunda-feira (11). De acordo com o B.O. (boletim de ocorr\u00eancia), a Pol\u00edcia\u2026","rel":"","context":"In &quot;Not\u00edcias de Ribeir\u00e3o Preto-SP e Regi\u00e3o&quot;","block_context":{"text":"Not\u00edcias de Ribeir\u00e3o Preto-SP e Regi\u00e3o","link":"https:\/\/noticiasribeiraopreto.com.br\/index.php\/category\/noticias-de-ribeirao-preto-sp-e-regiao-ismael-colosi\/"},"img":{"alt_text":"","src":"https:\/\/i0.wp.com\/noticiasribeiraopreto.com.br\/wp-content\/uploads\/2024\/03\/1710257645_WhatsApp-Image-2023-12-09-at-13.55.44.jpeg?fit=1024%2C576&ssl=1&resize=350%2C200","width":350,"height":200,"srcset":"https:\/\/i0.wp.com\/noticiasribeiraopreto.com.br\/wp-content\/uploads\/2024\/03\/1710257645_WhatsApp-Image-2023-12-09-at-13.55.44.jpeg?fit=1024%2C576&ssl=1&resize=350%2C200 1x, https:\/\/i0.wp.com\/noticiasribeiraopreto.com.br\/wp-content\/uploads\/2024\/03\/1710257645_WhatsApp-Image-2023-12-09-at-13.55.44.jpeg?fit=1024%2C576&ssl=1&resize=525%2C300 1.5x, https:\/\/i0.wp.com\/noticiasribeiraopreto.com.br\/wp-content\/uploads\/2024\/03\/1710257645_WhatsApp-Image-2023-12-09-at-13.55.44.jpeg?fit=1024%2C576&ssl=1&resize=700%2C400 2x"},"classes":[]},{"id":61985,"url":"https:\/\/noticiasribeiraopreto.com.br\/index.php\/2024\/12\/30\/criminosos-furtam-pizzaria-na-zona-sul-de-ribeirao-preto-veja-o-video\/","url_meta":{"origin":24675,"position":2},"title":"Criminosos furtam pizzaria na zona Sul de Ribeir\u00e3o Preto; Veja o v\u00eddeo","author":"noticiasribeiraopreto.com.br","date":"30 de December de 2024","format":false,"excerpt":"Dois homens invadiram e furtaram uma pizzaria do Jardim Iraj\u00e1, zona Sul de Ribeir\u00e3o Preto, na madrugada deste domingo (29). Essa \u00e9 a terceira vez neste ano que o local \u00e9 alvo de criminosos. O caso foi registrado por c\u00e2meras de seguran\u00e7a \u2013 veja abaixo. Nas imagens \u00e9 poss\u00edvel ver\u2026","rel":"","context":"In &quot;Not\u00edcias de Ribeir\u00e3o Preto-SP e Regi\u00e3o&quot;","block_context":{"text":"Not\u00edcias de Ribeir\u00e3o Preto-SP e Regi\u00e3o","link":"https:\/\/noticiasribeiraopreto.com.br\/index.php\/category\/noticias-de-ribeirao-preto-sp-e-regiao-ismael-colosi\/"},"img":{"alt_text":"","src":"https:\/\/i0.wp.com\/noticiasribeiraopreto.com.br\/wp-content\/uploads\/2024\/12\/Copia-de-Copia-de-Copia-de-TAMANHO-EXATO-PARA-FOTOS-NO-SISTEMA-NOVO-2024-12-30T144115.615_2024-12-30_17-42-47_png_2024-12-30_17-42-47.webp.webp?fit=1200%2C675&ssl=1&resize=350%2C200","width":350,"height":200,"srcset":"https:\/\/i0.wp.com\/noticiasribeiraopreto.com.br\/wp-content\/uploads\/2024\/12\/Copia-de-Copia-de-Copia-de-TAMANHO-EXATO-PARA-FOTOS-NO-SISTEMA-NOVO-2024-12-30T144115.615_2024-12-30_17-42-47_png_2024-12-30_17-42-47.webp.webp?fit=1200%2C675&ssl=1&resize=350%2C200 1x, https:\/\/i0.wp.com\/noticiasribeiraopreto.com.br\/wp-content\/uploads\/2024\/12\/Copia-de-Copia-de-Copia-de-TAMANHO-EXATO-PARA-FOTOS-NO-SISTEMA-NOVO-2024-12-30T144115.615_2024-12-30_17-42-47_png_2024-12-30_17-42-47.webp.webp?fit=1200%2C675&ssl=1&resize=525%2C300 1.5x, https:\/\/i0.wp.com\/noticiasribeiraopreto.com.br\/wp-content\/uploads\/2024\/12\/Copia-de-Copia-de-Copia-de-TAMANHO-EXATO-PARA-FOTOS-NO-SISTEMA-NOVO-2024-12-30T144115.615_2024-12-30_17-42-47_png_2024-12-30_17-42-47.webp.webp?fit=1200%2C675&ssl=1&resize=700%2C400 2x, https:\/\/i0.wp.com\/noticiasribeiraopreto.com.br\/wp-content\/uploads\/2024\/12\/Copia-de-Copia-de-Copia-de-TAMANHO-EXATO-PARA-FOTOS-NO-SISTEMA-NOVO-2024-12-30T144115.615_2024-12-30_17-42-47_png_2024-12-30_17-42-47.webp.webp?fit=1200%2C675&ssl=1&resize=1050%2C600 3x"},"classes":[]},{"id":80118,"url":"https:\/\/noticiasribeiraopreto.com.br\/index.php\/2025\/11\/15\/explosao-interdita-231-imoveis-em-sp\/","url_meta":{"origin":24675,"position":3},"title":"Explos\u00e3o interdita 231 im\u00f3veis em SP","author":"noticiasribeiraopreto.com.br","date":"15 de November de 2025","format":false,"excerpt":"Uma pessoa morreu e dez ficaram feridas ap\u00f3s explos\u00e3o seguida de inc\u00eandio em uma resid\u00eancia no Tatuap\u00e9, Zona Leste de S\u00e3o Paulo, por volta de 19h50 de quinta-feira, 13 de novembro. A Pol\u00edcia Civil ainda investiga a ocorr\u00eancia. C\u00e2meras de monitoramento registraram o momento em que rajadas de fogos de\u2026","rel":"","context":"In &quot;Not\u00edcias de Ribeir\u00e3o Preto-SP e Regi\u00e3o&quot;","block_context":{"text":"Not\u00edcias de Ribeir\u00e3o Preto-SP e Regi\u00e3o","link":"https:\/\/noticiasribeiraopreto.com.br\/index.php\/category\/noticias-de-ribeirao-preto-sp-e-regiao-ismael-colosi\/"},"img":{"alt_text":"","src":"https:\/\/i0.wp.com\/noticiasribeiraopreto.com.br\/wp-content\/uploads\/2025\/11\/Explosao-Reproducao.jpg?fit=888%2C685&ssl=1&resize=350%2C200","width":350,"height":200,"srcset":"https:\/\/i0.wp.com\/noticiasribeiraopreto.com.br\/wp-content\/uploads\/2025\/11\/Explosao-Reproducao.jpg?fit=888%2C685&ssl=1&resize=350%2C200 1x, https:\/\/i0.wp.com\/noticiasribeiraopreto.com.br\/wp-content\/uploads\/2025\/11\/Explosao-Reproducao.jpg?fit=888%2C685&ssl=1&resize=525%2C300 1.5x, https:\/\/i0.wp.com\/noticiasribeiraopreto.com.br\/wp-content\/uploads\/2025\/11\/Explosao-Reproducao.jpg?fit=888%2C685&ssl=1&resize=700%2C400 2x"},"classes":[]},{"id":76887,"url":"https:\/\/noticiasribeiraopreto.com.br\/index.php\/2025\/09\/08\/video-pai-mantem-filho-refem-na-regiao\/","url_meta":{"origin":24675,"position":4},"title":"V\u00cdDEO &#8211; Pai mant\u00e9m filho ref\u00e9m na regi\u00e3o","author":"noticiasribeiraopreto.com.br","date":"8 de September de 2025","format":false,"excerpt":"Pai mant\u00e9m filho ref\u00e9m na regi\u00e3o 8 de setembro de 2025 11:220 Compartilhar0 Crian\u00e7a de um ano e cinco meses ficou com pai armado por faca que exigia a presen\u00e7a da esposa; GATE veio de SP para negociar Uma crian\u00e7a de um ano e cinco meses foi mantida ref\u00e9m por\u2026","rel":"","context":"In &quot;Not\u00edcias de Ribeir\u00e3o Preto-SP e Regi\u00e3o&quot;","block_context":{"text":"Not\u00edcias de Ribeir\u00e3o Preto-SP e Regi\u00e3o","link":"https:\/\/noticiasribeiraopreto.com.br\/index.php\/category\/noticias-de-ribeirao-preto-sp-e-regiao-ismael-colosi\/"},"img":{"alt_text":"","src":"https:\/\/i0.wp.com\/noticiasribeiraopreto.com.br\/wp-content\/uploads\/2025\/09\/08-set-2025-refemmontealto2.jpg?fit=822%2C462&ssl=1&resize=350%2C200","width":350,"height":200,"srcset":"https:\/\/i0.wp.com\/noticiasribeiraopreto.com.br\/wp-content\/uploads\/2025\/09\/08-set-2025-refemmontealto2.jpg?fit=822%2C462&ssl=1&resize=350%2C200 1x, https:\/\/i0.wp.com\/noticiasribeiraopreto.com.br\/wp-content\/uploads\/2025\/09\/08-set-2025-refemmontealto2.jpg?fit=822%2C462&ssl=1&resize=525%2C300 1.5x, https:\/\/i0.wp.com\/noticiasribeiraopreto.com.br\/wp-content\/uploads\/2025\/09\/08-set-2025-refemmontealto2.jpg?fit=822%2C462&ssl=1&resize=700%2C400 2x"},"classes":[]},{"id":82011,"url":"https:\/\/noticiasribeiraopreto.com.br\/index.php\/2026\/02\/01\/crianca-de-dois-anos-morre-afogada-apos-cair-em-corrego-na-regiao-de-ribeirao-preto\/","url_meta":{"origin":24675,"position":5},"title":"Crian\u00e7a de dois anos morre afogada ap\u00f3s cair em c\u00f3rrego na regi\u00e3o de Ribeir\u00e3o Preto","author":"noticiasribeiraopreto.com.br","date":"1 de February de 2026","format":false,"excerpt":"Uma crian\u00e7a de dois anos morreu ap\u00f3s cair em um c\u00f3rrego pr\u00f3ximo \u00e0 estrada do Barreirinho, no distrito de Turv\u00ednia, em Bebedouro, cidade na regi\u00e3o de Ribeir\u00e3o Preto. De acordo com as informa\u00e7\u00f5es da GCM (Guarda Civil Metropolitana), a equipe rural da corpora\u00e7\u00e3o foi acionada por populares que relataram o\u2026","rel":"","context":"In &quot;Not\u00edcias de Ribeir\u00e3o Preto-SP e Regi\u00e3o&quot;","block_context":{"text":"Not\u00edcias de Ribeir\u00e3o Preto-SP e Regi\u00e3o","link":"https:\/\/noticiasribeiraopreto.com.br\/index.php\/category\/noticias-de-ribeirao-preto-sp-e-regiao-ismael-colosi\/"},"img":{"alt_text":"","src":"https:\/\/i0.wp.com\/noticiasribeiraopreto.com.br\/wp-content\/uploads\/2026\/02\/domingo-47_2026-01-31_17-34-20.webp.webp?fit=1200%2C675&ssl=1&resize=350%2C200","width":350,"height":200,"srcset":"https:\/\/i0.wp.com\/noticiasribeiraopreto.com.br\/wp-content\/uploads\/2026\/02\/domingo-47_2026-01-31_17-34-20.webp.webp?fit=1200%2C675&ssl=1&resize=350%2C200 1x, https:\/\/i0.wp.com\/noticiasribeiraopreto.com.br\/wp-content\/uploads\/2026\/02\/domingo-47_2026-01-31_17-34-20.webp.webp?fit=1200%2C675&ssl=1&resize=525%2C300 1.5x, https:\/\/i0.wp.com\/noticiasribeiraopreto.com.br\/wp-content\/uploads\/2026\/02\/domingo-47_2026-01-31_17-34-20.webp.webp?fit=1200%2C675&ssl=1&resize=700%2C400 2x, https:\/\/i0.wp.com\/noticiasribeiraopreto.com.br\/wp-content\/uploads\/2026\/02\/domingo-47_2026-01-31_17-34-20.webp.webp?fit=1200%2C675&ssl=1&resize=1050%2C600 3x"},"classes":[]}],"jetpack_sharing_enabled":true,"jetpack_shortlink":"https:\/\/wp.me\/peQAOb-6pZ","_links":{"self":[{"href":"https:\/\/noticiasribeiraopreto.com.br\/index.php\/wp-json\/wp\/v2\/posts\/24675","targetHints":{"allow":["GET"]}}],"collection":[{"href":"https:\/\/noticiasribeiraopreto.com.br\/index.php\/wp-json\/wp\/v2\/posts"}],"about":[{"href":"https:\/\/noticiasribeiraopreto.com.br\/index.php\/wp-json\/wp\/v2\/types\/post"}],"author":[{"embeddable":true,"href":"https:\/\/noticiasribeiraopreto.com.br\/index.php\/wp-json\/wp\/v2\/users\/1"}],"replies":[{"embeddable":true,"href":"https:\/\/noticiasribeiraopreto.com.br\/index.php\/wp-json\/wp\/v2\/comments?post=24675"}],"version-history":[{"count":0,"href":"https:\/\/noticiasribeiraopreto.com.br\/index.php\/wp-json\/wp\/v2\/posts\/24675\/revisions"}],"wp:featuredmedia":[{"embeddable":true,"href":"https:\/\/noticiasribeiraopreto.com.br\/index.php\/wp-json\/wp\/v2\/media\/24676"}],"wp:attachment":[{"href":"https:\/\/noticiasribeiraopreto.com.br\/index.php\/wp-json\/wp\/v2\/media?parent=24675"}],"wp:term":[{"taxonomy":"category","embeddable":true,"href":"https:\/\/noticiasribeiraopreto.com.br\/index.php\/wp-json\/wp\/v2\/categories?post=24675"},{"taxonomy":"post_tag","embeddable":true,"href":"https:\/\/noticiasribeiraopreto.com.br\/index.php\/wp-json\/wp\/v2\/tags?post=24675"}],"curies":[{"name":"wp","href":"https:\/\/api.w.org\/{rel}","templated":true}]}}