{"id":24677,"date":"2024-01-04T21:34:21","date_gmt":"2024-01-05T00:34:21","guid":{"rendered":"https:\/\/noticiasribeiraopreto.com.br\/index.php\/2024\/01\/04\/os-8-animes-que-eram-sucesso-nos-anos-2000-meu-valor-digital\/"},"modified":"2024-01-04T21:34:21","modified_gmt":"2024-01-05T00:34:21","slug":"os-8-animes-que-eram-sucesso-nos-anos-2000-meu-valor-digital","status":"publish","type":"post","link":"https:\/\/noticiasribeiraopreto.com.br\/index.php\/2024\/01\/04\/os-8-animes-que-eram-sucesso-nos-anos-2000-meu-valor-digital\/","title":{"rendered":"Os 8 animes que eram sucesso nos anos 2000 &#8211; Meu Valor Digital"},"content":{"rendered":"<div class='code-block code-block-1' style='margin: 8px 0 8px auto; text-align: right; display: block; clear: both;'>\n<p><a href=\"https:\/\/wa.link\/vpicfd\"><img data-recalc-dims=\"1\" class=\"wp-image-4922\" style=\"aspect-ratio: 2.0253164556962027; width: 561px; height: auto;\" src=\"https:\/\/i0.wp.com\/ismaelcolosi.com.br\/wp-content\/uploads\/2023\/11\/grupo-de-empregos-whatsapp-e-facebook-ismael-colosi-vagas.jpg?ssl=1\" alt=\"\" \/><\/a><\/p>\n<!-- \/wp:image -->\n<\/div>\n<p> <br \/>\n<\/p>\n<div>\n<p>Os brasileiros sempre foram apaixonados pelos animes japoneses. As s\u00e9ries animadas sempre fazem sucesso em nosso pa\u00eds. As tramas s\u00e3o assistidas por crian\u00e7as e adultos. Os anos 2000 tiveram grandes animes que conquistaram uma legi\u00e3o de f\u00e3s que ficaram ligados em hist\u00f3rias cheias de emo\u00e7\u00f5es, reviravoltas e aventuras.<\/p>\n<p>Para lembrar os animes que fizeram sucesso nos anos 2000, selecionamos uma lista dos oito melhores que fizeram parte da vida de muitas pessoas.\u00a0<\/p>\n<h2 class=\"wp-block-heading\" id=\"h-1-taishou-yakyuu-musume\">1. Taishou Yakyuu Musume<\/h2>\n<figure class=\"wp-block-image size-large\"><img data-recalc-dims=\"1\" fetchpriority=\"high\" decoding=\"async\" width=\"1024\" height=\"660\" alt=\"\" class=\"wp-image-36603\" srcset=\"https:\/\/meuvalordigital.com.br\/wp-content\/uploads\/2024\/01\/1-Taishou-Yakyuu-Musume-1024x660.jpg 1024w, https:\/\/meuvalordigital.com.br\/wp-content\/uploads\/2024\/01\/1-Taishou-Yakyuu-Musume-300x193.jpg 300w, https:\/\/meuvalordigital.com.br\/wp-content\/uploads\/2024\/01\/1-Taishou-Yakyuu-Musume-768x495.jpg 768w, https:\/\/meuvalordigital.com.br\/wp-content\/uploads\/2024\/01\/1-Taishou-Yakyuu-Musume-210x136.jpg 210w, https:\/\/meuvalordigital.com.br\/wp-content\/uploads\/2024\/01\/1-Taishou-Yakyuu-Musume-150x97.jpg 150w, https:\/\/meuvalordigital.com.br\/wp-content\/uploads\/2024\/01\/1-Taishou-Yakyuu-Musume.jpg 1242w\" data-lazy-sizes=\"(max-width: 1024px) 100vw, 1024px\" src=\"https:\/\/i0.wp.com\/meuvalordigital.com.br\/wp-content\/uploads\/2024\/01\/1-Taishou-Yakyuu-Musume-1024x660.jpg?resize=1024%2C660&#038;ssl=1\"\/><noscript><img data-recalc-dims=\"1\" fetchpriority=\"high\" decoding=\"async\" width=\"1024\" height=\"660\" src=\"https:\/\/i0.wp.com\/meuvalordigital.com.br\/wp-content\/uploads\/2024\/01\/1-Taishou-Yakyuu-Musume-1024x660.jpg?resize=1024%2C660&#038;ssl=1\" alt=\"\" class=\"wp-image-36603\" srcset=\"https:\/\/meuvalordigital.com.br\/wp-content\/uploads\/2024\/01\/1-Taishou-Yakyuu-Musume-1024x660.jpg 1024w, https:\/\/meuvalordigital.com.br\/wp-content\/uploads\/2024\/01\/1-Taishou-Yakyuu-Musume-300x193.jpg 300w, https:\/\/meuvalordigital.com.br\/wp-content\/uploads\/2024\/01\/1-Taishou-Yakyuu-Musume-768x495.jpg 768w, https:\/\/meuvalordigital.com.br\/wp-content\/uploads\/2024\/01\/1-Taishou-Yakyuu-Musume-210x136.jpg 210w, https:\/\/meuvalordigital.com.br\/wp-content\/uploads\/2024\/01\/1-Taishou-Yakyuu-Musume-150x97.jpg 150w, https:\/\/meuvalordigital.com.br\/wp-content\/uploads\/2024\/01\/1-Taishou-Yakyuu-Musume.jpg 1242w\" sizes=\"(max-width: 1024px) 100vw, 1024px\"\/><\/noscript><figcaption class=\"wp-element-caption\">Taishou Yakyuu Musume \/ Imagem de Divulga\u00e7\u00e3o<\/figcaption><\/figure>\n<p>\u201cTaishou Yakyuu Musume\u201d foi ao ar em 2009. A hist\u00f3ria se passa em 1925, durante o 14\u00ba ano da era Taisho. A trama gira em torno de duas meninas de 14 anos, Koume e Akiko, que decidem formar um time de beisebol para provar que um jogador de beisebol estava errado depois que ele as menosprezou, dizendo que as mulheres deveriam ser donas de casa em vez de ir \u00e0 escola.<\/p>\n<p>As meninas v\u00e3o precisar enfrentar desafios para poderem formar o time. Logo de cara, ter\u00e3o a ideia delas reprovadas pelos pais e a dif\u00edcil tarefa de aprenderem as regras do jogo. Elas vivem em uma \u00e9poca em que at\u00e9 correr era considerado vulgar demais para as mulheres. A s\u00e9rie \u00e9 composta por 12 epis\u00f3dios.<\/p>\n<h2 class=\"wp-block-heading\" id=\"h-2-sidonia-no-kishi\">2. Sidonia no Kishi<\/h2>\n<figure class=\"wp-block-image size-large\"><img data-recalc-dims=\"1\" loading=\"lazy\" decoding=\"async\" width=\"1024\" height=\"660\" alt=\"\" class=\"wp-image-36604\" srcset=\"https:\/\/meuvalordigital.com.br\/wp-content\/uploads\/2024\/01\/2-Sidonia-no-Kishi-1024x660.jpg 1024w, https:\/\/meuvalordigital.com.br\/wp-content\/uploads\/2024\/01\/2-Sidonia-no-Kishi-300x193.jpg 300w, https:\/\/meuvalordigital.com.br\/wp-content\/uploads\/2024\/01\/2-Sidonia-no-Kishi-768x495.jpg 768w, https:\/\/meuvalordigital.com.br\/wp-content\/uploads\/2024\/01\/2-Sidonia-no-Kishi-210x136.jpg 210w, https:\/\/meuvalordigital.com.br\/wp-content\/uploads\/2024\/01\/2-Sidonia-no-Kishi-150x97.jpg 150w, https:\/\/meuvalordigital.com.br\/wp-content\/uploads\/2024\/01\/2-Sidonia-no-Kishi.jpg 1242w\" data-lazy-sizes=\"(max-width: 1024px) 100vw, 1024px\" src=\"https:\/\/i0.wp.com\/meuvalordigital.com.br\/wp-content\/uploads\/2024\/01\/2-Sidonia-no-Kishi-1024x660.jpg?resize=1024%2C660&#038;ssl=1\"\/><noscript><img data-recalc-dims=\"1\" loading=\"lazy\" decoding=\"async\" width=\"1024\" height=\"660\" src=\"https:\/\/i0.wp.com\/meuvalordigital.com.br\/wp-content\/uploads\/2024\/01\/2-Sidonia-no-Kishi-1024x660.jpg?resize=1024%2C660&#038;ssl=1\" alt=\"\" class=\"wp-image-36604\" srcset=\"https:\/\/meuvalordigital.com.br\/wp-content\/uploads\/2024\/01\/2-Sidonia-no-Kishi-1024x660.jpg 1024w, https:\/\/meuvalordigital.com.br\/wp-content\/uploads\/2024\/01\/2-Sidonia-no-Kishi-300x193.jpg 300w, https:\/\/meuvalordigital.com.br\/wp-content\/uploads\/2024\/01\/2-Sidonia-no-Kishi-768x495.jpg 768w, https:\/\/meuvalordigital.com.br\/wp-content\/uploads\/2024\/01\/2-Sidonia-no-Kishi-210x136.jpg 210w, https:\/\/meuvalordigital.com.br\/wp-content\/uploads\/2024\/01\/2-Sidonia-no-Kishi-150x97.jpg 150w, https:\/\/meuvalordigital.com.br\/wp-content\/uploads\/2024\/01\/2-Sidonia-no-Kishi.jpg 1242w\" sizes=\"auto, (max-width: 1024px) 100vw, 1024px\"\/><\/noscript><figcaption class=\"wp-element-caption\">Sidonia no Kishi \/ Imagem de Divulga\u00e7\u00e3o<\/figcaption><\/figure>\n<p>\u201cSidonia no Kishi\u201d, tamb\u00e9m conhecido como \u201cKnights of Sidonia\u201d, \u00e9 uma s\u00e9rie de anime que foi ao ar de 11 de abril de 2014 a 27 de junho do mesmo ano. A s\u00e9rie foi produzida por Polygon Pictures e dirigida por Kobun Shizuno.<\/p>\n<p>Esse anime n\u00e3o \u00e9 conhecido por muita gente. Mas possui uma hist\u00f3ria interessante baseada\u00a0 em um mang\u00e1. A s\u00e9rie tem um total de 12 epis\u00f3dios.<\/p>\n<p>A trama se passa mil anos depois que os Gauna, uma estranha ra\u00e7a alien\u00edgena sem m\u00e9todo de comunica\u00e7\u00e3o conhecido, destru\u00edram o sistema solar. Uma parte da humanidade conseguiu escapar usando enormes \u201cnaves de sementes\u201d como a Sidonia, o que lhes permitiu manter a popula\u00e7\u00e3o enquanto vagavam pelo espa\u00e7o.<\/p>\n<p>O personagem central da s\u00e9rie animada \u00e9 Tanikaze Nagate, um jovem que foi criado nas profundezas de uma nave. Quando ele come\u00e7a a treinar para pilotar armas rob\u00f3ticas gigantes conhecidas como Gardes, Nagate \u00e9 encarregado de pilotar a unidade lend\u00e1ria conhecida como Tsugumori.\u00a0<\/p>\n<p>Nagate e seus colegas pilotos arriscam suas vidas contra os Gauna na batalha decisiva pela sobreviv\u00eancia da humanidade.<\/p>\n<p>O anime est\u00e1 dispon\u00edvel para visualiza\u00e7\u00e3o online e tamb\u00e9m pode ser encontrado na Netflix<\/p>\n<h2 class=\"wp-block-heading\" id=\"h-3-gatchaman-crowds\">3. Gatchaman Crowds<\/h2>\n<figure class=\"wp-block-image size-large\"><img data-recalc-dims=\"1\" loading=\"lazy\" decoding=\"async\" width=\"1024\" height=\"660\" alt=\"\" class=\"wp-image-36605\" srcset=\"https:\/\/meuvalordigital.com.br\/wp-content\/uploads\/2024\/01\/3-Gatchaman-Crowds-1024x660.jpg 1024w, https:\/\/meuvalordigital.com.br\/wp-content\/uploads\/2024\/01\/3-Gatchaman-Crowds-300x193.jpg 300w, https:\/\/meuvalordigital.com.br\/wp-content\/uploads\/2024\/01\/3-Gatchaman-Crowds-768x495.jpg 768w, https:\/\/meuvalordigital.com.br\/wp-content\/uploads\/2024\/01\/3-Gatchaman-Crowds-210x136.jpg 210w, https:\/\/meuvalordigital.com.br\/wp-content\/uploads\/2024\/01\/3-Gatchaman-Crowds-150x97.jpg 150w, https:\/\/meuvalordigital.com.br\/wp-content\/uploads\/2024\/01\/3-Gatchaman-Crowds.jpg 1242w\" data-lazy-sizes=\"(max-width: 1024px) 100vw, 1024px\" src=\"https:\/\/i0.wp.com\/meuvalordigital.com.br\/wp-content\/uploads\/2024\/01\/3-Gatchaman-Crowds-1024x660.jpg?resize=1024%2C660&#038;ssl=1\"\/><noscript><img data-recalc-dims=\"1\" loading=\"lazy\" decoding=\"async\" width=\"1024\" height=\"660\" src=\"https:\/\/i0.wp.com\/meuvalordigital.com.br\/wp-content\/uploads\/2024\/01\/3-Gatchaman-Crowds-1024x660.jpg?resize=1024%2C660&#038;ssl=1\" alt=\"\" class=\"wp-image-36605\" srcset=\"https:\/\/meuvalordigital.com.br\/wp-content\/uploads\/2024\/01\/3-Gatchaman-Crowds-1024x660.jpg 1024w, https:\/\/meuvalordigital.com.br\/wp-content\/uploads\/2024\/01\/3-Gatchaman-Crowds-300x193.jpg 300w, https:\/\/meuvalordigital.com.br\/wp-content\/uploads\/2024\/01\/3-Gatchaman-Crowds-768x495.jpg 768w, https:\/\/meuvalordigital.com.br\/wp-content\/uploads\/2024\/01\/3-Gatchaman-Crowds-210x136.jpg 210w, https:\/\/meuvalordigital.com.br\/wp-content\/uploads\/2024\/01\/3-Gatchaman-Crowds-150x97.jpg 150w, https:\/\/meuvalordigital.com.br\/wp-content\/uploads\/2024\/01\/3-Gatchaman-Crowds.jpg 1242w\" sizes=\"auto, (max-width: 1024px) 100vw, 1024px\"\/><\/noscript><figcaption class=\"wp-element-caption\">Gatchaman Crowds \/ Imagem de Divulga\u00e7\u00e3o<\/figcaption><\/figure>\n<p>\u201cGatchaman Crowds\u201d \u00e9 uma s\u00e9rie de anime para televis\u00e3o que faz parte da franquia Gatchaman. Foi ao ar de 13 de julho de 2013 a 28 de setembro do mesmo ano.<\/p>\n<p>A hist\u00f3ria gira em torno de Hajime Ichinose, uma garota alegre e en\u00e9rgica que se torna uma Gatchaman, uma protetora lend\u00e1ria da cidade de Tachikawa, ap\u00f3s receber um pequeno livro chamado NOTA de um ser transcendente chamado J.J Robinson. Os Gatchaman t\u00eam a tarefa de eliminar amea\u00e7as existenciais conhecidas como MESS.<\/p>\n<p>A s\u00e9rie animada \u00e9 cheia de a\u00e7\u00e3o e fic\u00e7\u00e3o cient\u00edfica. Recebeu nota 7,28, avaliada pelos usu\u00e1rios do MyAnimeList.<\/p>\n<h2 class=\"wp-block-heading\" id=\"h-4-steins-gate\">4. Steins;Gate<\/h2>\n<figure class=\"wp-block-image size-large\"><img data-recalc-dims=\"1\" loading=\"lazy\" decoding=\"async\" width=\"1024\" height=\"660\" alt=\"\" class=\"wp-image-36606\" srcset=\"https:\/\/meuvalordigital.com.br\/wp-content\/uploads\/2024\/01\/4-SteinsGate-1024x660.jpg 1024w, https:\/\/meuvalordigital.com.br\/wp-content\/uploads\/2024\/01\/4-SteinsGate-300x193.jpg 300w, https:\/\/meuvalordigital.com.br\/wp-content\/uploads\/2024\/01\/4-SteinsGate-768x495.jpg 768w, https:\/\/meuvalordigital.com.br\/wp-content\/uploads\/2024\/01\/4-SteinsGate-210x136.jpg 210w, https:\/\/meuvalordigital.com.br\/wp-content\/uploads\/2024\/01\/4-SteinsGate-150x97.jpg 150w, https:\/\/meuvalordigital.com.br\/wp-content\/uploads\/2024\/01\/4-SteinsGate.jpg 1242w\" data-lazy-sizes=\"(max-width: 1024px) 100vw, 1024px\" src=\"https:\/\/i0.wp.com\/meuvalordigital.com.br\/wp-content\/uploads\/2024\/01\/4-SteinsGate-1024x660.jpg?resize=1024%2C660&#038;ssl=1\"\/><noscript><img data-recalc-dims=\"1\" loading=\"lazy\" decoding=\"async\" width=\"1024\" height=\"660\" src=\"https:\/\/i0.wp.com\/meuvalordigital.com.br\/wp-content\/uploads\/2024\/01\/4-SteinsGate-1024x660.jpg?resize=1024%2C660&#038;ssl=1\" alt=\"\" class=\"wp-image-36606\" srcset=\"https:\/\/meuvalordigital.com.br\/wp-content\/uploads\/2024\/01\/4-SteinsGate-1024x660.jpg 1024w, https:\/\/meuvalordigital.com.br\/wp-content\/uploads\/2024\/01\/4-SteinsGate-300x193.jpg 300w, https:\/\/meuvalordigital.com.br\/wp-content\/uploads\/2024\/01\/4-SteinsGate-768x495.jpg 768w, https:\/\/meuvalordigital.com.br\/wp-content\/uploads\/2024\/01\/4-SteinsGate-210x136.jpg 210w, https:\/\/meuvalordigital.com.br\/wp-content\/uploads\/2024\/01\/4-SteinsGate-150x97.jpg 150w, https:\/\/meuvalordigital.com.br\/wp-content\/uploads\/2024\/01\/4-SteinsGate.jpg 1242w\" sizes=\"auto, (max-width: 1024px) 100vw, 1024px\"\/><\/noscript><figcaption class=\"wp-element-caption\">Steins;Gate \/ Imagem de Divulga\u00e7\u00e3o<\/figcaption><\/figure>\n<p>\u201cSteins;Gate\u201d \u00e9 uma s\u00e9rie de anime japonesa criada pelo est\u00fadio de anima\u00e7\u00e3o White Fox. \u00c9 baseado em 5pb. e o romance visual de mesmo nome da Nitroplus de 2009. O anime possui 24 epis\u00f3dios e foi ao ar de abril at\u00e9 setembro de 2011.<\/p>\n<p>A hist\u00f3ria se passa em 2010 em Akihabara, T\u00f3quio, e segue Rintaro Okabe, um autoproclamado \u201ccientista louco\u201d, que dirige o \u201cLaborat\u00f3rio de Gadgets do Futuro\u201d em um apartamento junto com seus amigos Mayuri Shiina e Itaru \u201cDaru\u201d Hashida.\u00a0<\/p>\n<p>Os amigos, sem querer, descobrem um m\u00e9todo de viagem no tempo atrav\u00e9s do qual podem enviar mensagens de texto para o passado, mudando assim o presente.<\/p>\n<p>Mas na vida tudo tem um efeito. E com eles n\u00e3o \u00e9 diferente. Uma organiza\u00e7\u00e3o chamada SERN, que vem fazendo suas pr\u00f3prias pesquisas sobre viagens no tempo, come\u00e7a a rastre\u00e1-los. E de repente, tudo vira um jogo de gato e rato para n\u00e3o ser pego e, al\u00e9m disso, tentar sobreviver.<\/p>\n<p>Voc\u00ea pode assistir \u201cSteins;Gate\u201d em portugu\u00eas no Crunchyroll.\u00a0<\/p>\n<h2 class=\"wp-block-heading\" id=\"h-5-relife\">5. ReLIFE<\/h2>\n<figure class=\"wp-block-image size-large\"><img data-recalc-dims=\"1\" loading=\"lazy\" decoding=\"async\" width=\"1024\" height=\"660\" alt=\"\" class=\"wp-image-36607\" srcset=\"https:\/\/meuvalordigital.com.br\/wp-content\/uploads\/2024\/01\/5-ReLIFE-1024x660.jpg 1024w, https:\/\/meuvalordigital.com.br\/wp-content\/uploads\/2024\/01\/5-ReLIFE-300x193.jpg 300w, https:\/\/meuvalordigital.com.br\/wp-content\/uploads\/2024\/01\/5-ReLIFE-768x495.jpg 768w, https:\/\/meuvalordigital.com.br\/wp-content\/uploads\/2024\/01\/5-ReLIFE-210x136.jpg 210w, https:\/\/meuvalordigital.com.br\/wp-content\/uploads\/2024\/01\/5-ReLIFE-150x97.jpg 150w, https:\/\/meuvalordigital.com.br\/wp-content\/uploads\/2024\/01\/5-ReLIFE.jpg 1242w\" data-lazy-sizes=\"(max-width: 1024px) 100vw, 1024px\" src=\"https:\/\/i0.wp.com\/meuvalordigital.com.br\/wp-content\/uploads\/2024\/01\/5-ReLIFE-1024x660.jpg?resize=1024%2C660&#038;ssl=1\"\/><noscript><img data-recalc-dims=\"1\" loading=\"lazy\" decoding=\"async\" width=\"1024\" height=\"660\" src=\"https:\/\/i0.wp.com\/meuvalordigital.com.br\/wp-content\/uploads\/2024\/01\/5-ReLIFE-1024x660.jpg?resize=1024%2C660&#038;ssl=1\" alt=\"\" class=\"wp-image-36607\" srcset=\"https:\/\/meuvalordigital.com.br\/wp-content\/uploads\/2024\/01\/5-ReLIFE-1024x660.jpg 1024w, https:\/\/meuvalordigital.com.br\/wp-content\/uploads\/2024\/01\/5-ReLIFE-300x193.jpg 300w, https:\/\/meuvalordigital.com.br\/wp-content\/uploads\/2024\/01\/5-ReLIFE-768x495.jpg 768w, https:\/\/meuvalordigital.com.br\/wp-content\/uploads\/2024\/01\/5-ReLIFE-210x136.jpg 210w, https:\/\/meuvalordigital.com.br\/wp-content\/uploads\/2024\/01\/5-ReLIFE-150x97.jpg 150w, https:\/\/meuvalordigital.com.br\/wp-content\/uploads\/2024\/01\/5-ReLIFE.jpg 1242w\" sizes=\"auto, (max-width: 1024px) 100vw, 1024px\"\/><\/noscript><figcaption class=\"wp-element-caption\">ReLIFE \/ Imagem de Divulga\u00e7\u00e3o<\/figcaption><\/figure>\n<p>Arata Kaizaki largou o trabalho que conseguiu ap\u00f3s a formatura, pedindo demiss\u00e3o ap\u00f3s apenas tr\u00eas meses. Sua vida n\u00e3o melhorou muito depois disso. Agora, seus pais est\u00e3o amea\u00e7ando parar de enviar dinheiro, e querem que ele volte para o interior.\u00a0<\/p>\n<p>Ele n\u00e3o tem amigos nem namorada com quem desabafar e, quando chega ao fundo do po\u00e7o, um estranho homem chamado Ryo Yoake aparece. Yoake convida Kaizaki a participar de um programa de reabilita\u00e7\u00e3o para NEETs chamado ReLIFE.\u00a0<\/p>\n<p>Esse programa utiliza um misterioso medicamento para faz\u00ea-lo parecer mais jovem, permitindo que ele passe mais um ano no gin\u00e1sio.<\/p>\n<p>A s\u00e9rie \u00e9 categorizada nos g\u00eaneros Romance, Slice Of Life e Vida Escolar. Com um total de 13 epis\u00f3dios e 4 OVAs.<\/p>\n<p>Voc\u00ea pode assistir \u201cReLIFE\u201d em portugu\u00eas brasileiro na Crunchyroll.<\/p>\n<h2 class=\"wp-block-heading\" id=\"h-6-darker-than-black-kuro-no-keiyakusha\">6. Darker Than Black: Kuro No Keiyakusha<\/h2>\n<figure class=\"wp-block-image size-large\"><img data-recalc-dims=\"1\" loading=\"lazy\" decoding=\"async\" width=\"1024\" height=\"660\" alt=\"\" class=\"wp-image-36608\" srcset=\"https:\/\/meuvalordigital.com.br\/wp-content\/uploads\/2024\/01\/6-Darker-Than-Black-Kuro-No-Keiyakusha-1024x660.jpg 1024w, https:\/\/meuvalordigital.com.br\/wp-content\/uploads\/2024\/01\/6-Darker-Than-Black-Kuro-No-Keiyakusha-300x193.jpg 300w, https:\/\/meuvalordigital.com.br\/wp-content\/uploads\/2024\/01\/6-Darker-Than-Black-Kuro-No-Keiyakusha-768x495.jpg 768w, https:\/\/meuvalordigital.com.br\/wp-content\/uploads\/2024\/01\/6-Darker-Than-Black-Kuro-No-Keiyakusha-210x136.jpg 210w, https:\/\/meuvalordigital.com.br\/wp-content\/uploads\/2024\/01\/6-Darker-Than-Black-Kuro-No-Keiyakusha-150x97.jpg 150w, https:\/\/meuvalordigital.com.br\/wp-content\/uploads\/2024\/01\/6-Darker-Than-Black-Kuro-No-Keiyakusha.jpg 1242w\" data-lazy-sizes=\"(max-width: 1024px) 100vw, 1024px\" src=\"https:\/\/i0.wp.com\/meuvalordigital.com.br\/wp-content\/uploads\/2024\/01\/6-Darker-Than-Black-Kuro-No-Keiyakusha-1024x660.jpg?resize=1024%2C660&#038;ssl=1\"\/><noscript><img data-recalc-dims=\"1\" loading=\"lazy\" decoding=\"async\" width=\"1024\" height=\"660\" src=\"https:\/\/i0.wp.com\/meuvalordigital.com.br\/wp-content\/uploads\/2024\/01\/6-Darker-Than-Black-Kuro-No-Keiyakusha-1024x660.jpg?resize=1024%2C660&#038;ssl=1\" alt=\"\" class=\"wp-image-36608\" srcset=\"https:\/\/meuvalordigital.com.br\/wp-content\/uploads\/2024\/01\/6-Darker-Than-Black-Kuro-No-Keiyakusha-1024x660.jpg 1024w, https:\/\/meuvalordigital.com.br\/wp-content\/uploads\/2024\/01\/6-Darker-Than-Black-Kuro-No-Keiyakusha-300x193.jpg 300w, https:\/\/meuvalordigital.com.br\/wp-content\/uploads\/2024\/01\/6-Darker-Than-Black-Kuro-No-Keiyakusha-768x495.jpg 768w, https:\/\/meuvalordigital.com.br\/wp-content\/uploads\/2024\/01\/6-Darker-Than-Black-Kuro-No-Keiyakusha-210x136.jpg 210w, https:\/\/meuvalordigital.com.br\/wp-content\/uploads\/2024\/01\/6-Darker-Than-Black-Kuro-No-Keiyakusha-150x97.jpg 150w, https:\/\/meuvalordigital.com.br\/wp-content\/uploads\/2024\/01\/6-Darker-Than-Black-Kuro-No-Keiyakusha.jpg 1242w\" sizes=\"auto, (max-width: 1024px) 100vw, 1024px\"\/><\/noscript><figcaption class=\"wp-element-caption\">Darker Than Black Kuro No Keiyakusha \/ Imagem de Divulga\u00e7\u00e3o<\/figcaption><\/figure>\n<p>\u201cDarker than Black: Kuro no Keiyakusha\u201d se passa em um mundo onde anomalias espaciais identificadas como \u201cHeaven\u2019s Gate\u201d apareceram na Am\u00e9rica do Sul e \u201cHell\u2019s Gate\u201d apareceram no Jap\u00e3o, alterando o c\u00e9u e causando estragos nas paisagens.<\/p>\n<p>Voc\u00ea vai acompanhar o agente Hei e seus companheiros da organiza\u00e7\u00e3o Syndicate, operando em uma vers\u00e3o amplamente alterada da T\u00f3quio contempor\u00e2nea para desvendar <a href=\"https:\/\/meuvalordigital.com.br\/8-misterios-que-a-ciencia-ainda-nao-e-capaz-de-responder\/\" target=\"_blank\" rel=\"noreferrer noopener\">os mist\u00e9rios<\/a> de Hell\u2019s Gate. Pessoas com habilidades especiais rotuladas como Contratantes surgiram logo depois.<\/p>\n<p>Darker Than Black: Kuro No Keiyakusha est\u00e1 dispon\u00edvel no Prime Video.<\/p>\n<h2 class=\"wp-block-heading\" id=\"h-7-arslan-senki\">7. Arslan Senki<\/h2>\n<figure class=\"wp-block-image size-large\"><img data-recalc-dims=\"1\" loading=\"lazy\" decoding=\"async\" width=\"1024\" height=\"660\" alt=\"\" class=\"wp-image-36609\" srcset=\"https:\/\/meuvalordigital.com.br\/wp-content\/uploads\/2024\/01\/7-Arslan-Senki-1024x660.jpg 1024w, https:\/\/meuvalordigital.com.br\/wp-content\/uploads\/2024\/01\/7-Arslan-Senki-300x193.jpg 300w, https:\/\/meuvalordigital.com.br\/wp-content\/uploads\/2024\/01\/7-Arslan-Senki-768x495.jpg 768w, https:\/\/meuvalordigital.com.br\/wp-content\/uploads\/2024\/01\/7-Arslan-Senki-210x136.jpg 210w, https:\/\/meuvalordigital.com.br\/wp-content\/uploads\/2024\/01\/7-Arslan-Senki-150x97.jpg 150w, https:\/\/meuvalordigital.com.br\/wp-content\/uploads\/2024\/01\/7-Arslan-Senki.jpg 1242w\" data-lazy-sizes=\"(max-width: 1024px) 100vw, 1024px\" src=\"https:\/\/i0.wp.com\/meuvalordigital.com.br\/wp-content\/uploads\/2024\/01\/7-Arslan-Senki-1024x660.jpg?resize=1024%2C660&#038;ssl=1\"\/><noscript><img data-recalc-dims=\"1\" loading=\"lazy\" decoding=\"async\" width=\"1024\" height=\"660\" src=\"https:\/\/i0.wp.com\/meuvalordigital.com.br\/wp-content\/uploads\/2024\/01\/7-Arslan-Senki-1024x660.jpg?resize=1024%2C660&#038;ssl=1\" alt=\"\" class=\"wp-image-36609\" srcset=\"https:\/\/meuvalordigital.com.br\/wp-content\/uploads\/2024\/01\/7-Arslan-Senki-1024x660.jpg 1024w, https:\/\/meuvalordigital.com.br\/wp-content\/uploads\/2024\/01\/7-Arslan-Senki-300x193.jpg 300w, https:\/\/meuvalordigital.com.br\/wp-content\/uploads\/2024\/01\/7-Arslan-Senki-768x495.jpg 768w, https:\/\/meuvalordigital.com.br\/wp-content\/uploads\/2024\/01\/7-Arslan-Senki-210x136.jpg 210w, https:\/\/meuvalordigital.com.br\/wp-content\/uploads\/2024\/01\/7-Arslan-Senki-150x97.jpg 150w, https:\/\/meuvalordigital.com.br\/wp-content\/uploads\/2024\/01\/7-Arslan-Senki.jpg 1242w\" sizes=\"auto, (max-width: 1024px) 100vw, 1024px\"\/><\/noscript><figcaption class=\"wp-element-caption\">Arslan Senki \/ Imagem de Divulga\u00e7\u00e3o<\/figcaption><\/figure>\n<p>\u201cArslan Senki\u201d, tamb\u00e9m conhecido como \u201cThe Heroic Legend of Arslan\u201d, \u00e9 uma popular s\u00e9rie de anime. A hist\u00f3ria se passa no ano 320, durante o reinado do beligerante Rei Andragoras III. O Reino de Pars est\u00e1 em guerra com o imp\u00e9rio vizinho, a Lusit\u00e2nia.<\/p>\n<p>Arslan, o jovem pr\u00edncipe de Pars, tenta provar seu valor no campo de batalha pela primeira vez. No entanto, quando o rei \u00e9 tra\u00eddo por um dos seus oficiais de maior confian\u00e7a, o ex\u00e9rcito parsa \u00e9 dizimado e a capital Ecbatana \u00e9 sitiada. Isso for\u00e7a Arslan a fugir.<\/p>\n<p>O pr\u00edcipe \u00e9 encontrado por seu leal amigo Daryun, o formid\u00e1vel Cavaleiro Negro de Pars. Juntos, eles partem em uma jornada em busca de aliados que os ajudem a retomar seu lar.<\/p>\n<p>O anime foi ao ar de 5 de abril de 2015 a 27 de setembro do mesmo ano e \u00e9 composto por 25 epis\u00f3dios. A anima\u00e7\u00e3o n\u00e3o \u00e9 recomendada para menores de 16 anos, devido a cenas de viol\u00eancia e palavr\u00f5es.<\/p>\n<p>Leia tamb\u00e9m | <a href=\"https:\/\/meuvalordigital.com.br\/sweet-home-terceira-temporada-so-devera-estrear-em-julho\/\" target=\"_blank\" rel=\"noreferrer noopener\"><strong>Sweet Home: terceira temporada s\u00f3 dever\u00e1 estrear em julho<\/strong><\/a><\/p>\n<h2 class=\"wp-block-heading\" id=\"h-8-nana\">8. NANA<\/h2>\n<figure class=\"wp-block-image size-large\"><img data-recalc-dims=\"1\" loading=\"lazy\" decoding=\"async\" width=\"1024\" height=\"660\" alt=\"\" class=\"wp-image-36610\" srcset=\"https:\/\/meuvalordigital.com.br\/wp-content\/uploads\/2024\/01\/8-Nana-1024x660.jpg 1024w, https:\/\/meuvalordigital.com.br\/wp-content\/uploads\/2024\/01\/8-Nana-300x193.jpg 300w, https:\/\/meuvalordigital.com.br\/wp-content\/uploads\/2024\/01\/8-Nana-768x495.jpg 768w, https:\/\/meuvalordigital.com.br\/wp-content\/uploads\/2024\/01\/8-Nana-210x136.jpg 210w, https:\/\/meuvalordigital.com.br\/wp-content\/uploads\/2024\/01\/8-Nana-150x97.jpg 150w, https:\/\/meuvalordigital.com.br\/wp-content\/uploads\/2024\/01\/8-Nana.jpg 1242w\" data-lazy-sizes=\"(max-width: 1024px) 100vw, 1024px\" src=\"https:\/\/i0.wp.com\/meuvalordigital.com.br\/wp-content\/uploads\/2024\/01\/8-Nana-1024x660.jpg?resize=1024%2C660&#038;ssl=1\"\/><noscript><img data-recalc-dims=\"1\" loading=\"lazy\" decoding=\"async\" width=\"1024\" height=\"660\" src=\"https:\/\/i0.wp.com\/meuvalordigital.com.br\/wp-content\/uploads\/2024\/01\/8-Nana-1024x660.jpg?resize=1024%2C660&#038;ssl=1\" alt=\"\" class=\"wp-image-36610\" srcset=\"https:\/\/meuvalordigital.com.br\/wp-content\/uploads\/2024\/01\/8-Nana-1024x660.jpg 1024w, https:\/\/meuvalordigital.com.br\/wp-content\/uploads\/2024\/01\/8-Nana-300x193.jpg 300w, https:\/\/meuvalordigital.com.br\/wp-content\/uploads\/2024\/01\/8-Nana-768x495.jpg 768w, https:\/\/meuvalordigital.com.br\/wp-content\/uploads\/2024\/01\/8-Nana-210x136.jpg 210w, https:\/\/meuvalordigital.com.br\/wp-content\/uploads\/2024\/01\/8-Nana-150x97.jpg 150w, https:\/\/meuvalordigital.com.br\/wp-content\/uploads\/2024\/01\/8-Nana.jpg 1242w\" sizes=\"auto, (max-width: 1024px) 100vw, 1024px\"\/><\/noscript><figcaption class=\"wp-element-caption\">Nana \/ Imagem de Divulga\u00e7\u00e3o<\/figcaption><\/figure>\n<p>\u201cNANA\u201d \u00e9 uma popular s\u00e9rie de anime criada por Ai Yazawa, que tamb\u00e9m \u00e9 conhecido por criar \u201cParadise Kiss\u201d. A s\u00e9rie foi serializada na revista Cookie, publicada pela Shueisha. Os primeiros doze volumes do mang\u00e1 venderam mais de 22 milh\u00f5es de c\u00f3pias.<\/p>\n<p>Ganhou uma adapta\u00e7\u00e3o para a TV pelo est\u00fadio Madhouse. O anime cont\u00e9m 47 epis\u00f3dios. A hist\u00f3ria gira em torno de duas garotas com personalidades diferentes, ambas chamadas Nana, que se tornam amigas.<\/p>\n<p>Voc\u00ea pode assistir todos os epis\u00f3dios de \u201cNANA\u201d no YouTube intitulado \u201cNana EPs 01 \u2013 47 + especiais [legendado pt\/br].\u00a0<\/p>\n<p>Komatsu Nana \u00e9 uma garota de 20 anos que se apaixona facilmente, tornando-se grudenta e dependente das pessoas ao seu redor.\u00a0 Osaki Nana \u00e9 uma vocalista de punk rock que deseja se tornar uma cantora profissional.\u00a0<\/p>\n<p>As duas meninas decidem ir para T\u00f3quio em busca de seus sonhos e se conhecem a caminho de l\u00e1, desencadeando uma s\u00e9rie de eventos que levam as duas a morarem juntas.\u00a0<\/p>\n<\/div>\n<p><br \/>\n<br \/><a href=\"https:\/\/meuvalordigital.com.br\/os-8-animes-que-eram-sucesso-nos-anos-2000\/\">Source link <\/a><\/p>\n<!-- CONTENT END 1 -->\n","protected":false},"excerpt":{"rendered":"<p>Os brasileiros sempre foram apaixonados pelos animes japoneses. As s\u00e9ries animadas sempre fazem sucesso em nosso pa\u00eds. As tramas s\u00e3o assistidas por crian\u00e7as e adultos&#8230;.<\/p>\n","protected":false},"author":1,"featured_media":24678,"comment_status":"open","ping_status":"open","sticky":false,"template":"","format":"standard","meta":{"advanced_seo_description":"","jetpack_seo_html_title":"","jetpack_seo_noindex":false,"jetpack_post_was_ever_published":false,"_jetpack_newsletter_access":"","_jetpack_dont_email_post_to_subs":false,"_jetpack_newsletter_tier_id":0,"_jetpack_memberships_contains_paywalled_content":false,"_jetpack_memberships_contains_paid_content":false,"footnotes":"","jetpack_publicize_message":"","jetpack_publicize_feature_enabled":true,"jetpack_social_post_already_shared":true,"jetpack_social_options":{"image_generator_settings":{"template":"highway","default_image_id":0,"font":"","enabled":false},"version":2}},"categories":[7],"tags":[],"class_list":["post-24677","post","type-post","status-publish","format-standard","has-post-thumbnail","hentry","category-vagas-de-empregos-em-ribeirao-preto-regiao-brasil"],"jetpack_publicize_connections":[],"jetpack_featured_media_url":"https:\/\/i0.wp.com\/noticiasribeiraopreto.com.br\/wp-content\/uploads\/2024\/01\/2-Sidonia-no-Kishi-1.jpg?fit=1242%2C800&ssl=1","jetpack-related-posts":[{"id":64794,"url":"https:\/\/noticiasribeiraopreto.com.br\/index.php\/2025\/03\/12\/capital-inicial-acustico-ribeirao-pretano-kiko-zambianchi-participa-de-turne-especial\/","url_meta":{"origin":24677,"position":0},"title":"Capital Inicial Ac\u00fastico: ribeir\u00e3o-pretano Kiko Zambianchi participa de turn\u00ea especial","author":"noticiasribeiraopreto.com.br","date":"12 de March de 2025","format":false,"excerpt":"Considerada uma das maiores bandas da hist\u00f3ria do rock nacional, Capital Inicial est\u00e1 em turn\u00ea celebrando seu \u00e1lbum \u201cCapital Inicial Ac\u00fastico MTV\u201d. No s\u00e1bado, dia 22 de mar\u00e7o, Dinho Ouro Preto, Fl\u00e1vio Lemos, F\u00ea Lemos e Yves Passarell desembarcam em Ribeir\u00e3o Preto para uma apresenta\u00e7\u00e3o repleta de hits e muita\u2026","rel":"","context":"In &quot;Not\u00edcias de Ribeir\u00e3o Preto-SP e Regi\u00e3o&quot;","block_context":{"text":"Not\u00edcias de Ribeir\u00e3o Preto-SP e Regi\u00e3o","link":"https:\/\/noticiasribeiraopreto.com.br\/index.php\/category\/noticias-de-ribeirao-preto-sp-e-regiao-ismael-colosi\/"},"img":{"alt_text":"","src":"https:\/\/i0.wp.com\/noticiasribeiraopreto.com.br\/wp-content\/uploads\/2025\/03\/WhatsApp-Image-2025-03-12-at-12.00.01.jpeg?fit=1200%2C750&ssl=1&resize=350%2C200","width":350,"height":200,"srcset":"https:\/\/i0.wp.com\/noticiasribeiraopreto.com.br\/wp-content\/uploads\/2025\/03\/WhatsApp-Image-2025-03-12-at-12.00.01.jpeg?fit=1200%2C750&ssl=1&resize=350%2C200 1x, https:\/\/i0.wp.com\/noticiasribeiraopreto.com.br\/wp-content\/uploads\/2025\/03\/WhatsApp-Image-2025-03-12-at-12.00.01.jpeg?fit=1200%2C750&ssl=1&resize=525%2C300 1.5x, https:\/\/i0.wp.com\/noticiasribeiraopreto.com.br\/wp-content\/uploads\/2025\/03\/WhatsApp-Image-2025-03-12-at-12.00.01.jpeg?fit=1200%2C750&ssl=1&resize=700%2C400 2x, https:\/\/i0.wp.com\/noticiasribeiraopreto.com.br\/wp-content\/uploads\/2025\/03\/WhatsApp-Image-2025-03-12-at-12.00.01.jpeg?fit=1200%2C750&ssl=1&resize=1050%2C600 3x"},"classes":[]},{"id":83139,"url":"https:\/\/noticiasribeiraopreto.com.br\/index.php\/2026\/03\/10\/joao-rock-anuncia-primeiras-atracoes-de-2026\/","url_meta":{"origin":24677,"position":1},"title":"Jo\u00e3o Rock anuncia primeiras atra\u00e7\u00f5es de 2026","author":"noticiasribeiraopreto.com.br","date":"10 de March de 2026","format":false,"excerpt":"CPM 22, Detonautas, Os Paralamas do Sucesso, Armandinho, Criolo, Z\u00e9 Ramalho e Marina Sena est\u00e3o entre os primeiros nomes do line-up; pr\u00e9 venda de ingressos come\u00e7a dia 17 de mar\u00e7o Maior festival de m\u00fasica brasileira, o Jo\u00e3o Rock confirmou as primeiras atra\u00e7\u00f5es da edi\u00e7\u00e3o de 2026, marcada para o dia\u2026","rel":"","context":"In &quot;Not\u00edcias de Ribeir\u00e3o Preto-SP e Regi\u00e3o&quot;","block_context":{"text":"Not\u00edcias de Ribeir\u00e3o Preto-SP e Regi\u00e3o","link":"https:\/\/noticiasribeiraopreto.com.br\/index.php\/category\/noticias-de-ribeirao-preto-sp-e-regiao-ismael-colosi\/"},"img":{"alt_text":"","src":"https:\/\/i0.wp.com\/noticiasribeiraopreto.com.br\/wp-content\/uploads\/2026\/03\/ramalho-scaled.jpeg?fit=1170%2C780&ssl=1&resize=350%2C200","width":350,"height":200,"srcset":"https:\/\/i0.wp.com\/noticiasribeiraopreto.com.br\/wp-content\/uploads\/2026\/03\/ramalho-scaled.jpeg?fit=1170%2C780&ssl=1&resize=350%2C200 1x, https:\/\/i0.wp.com\/noticiasribeiraopreto.com.br\/wp-content\/uploads\/2026\/03\/ramalho-scaled.jpeg?fit=1170%2C780&ssl=1&resize=525%2C300 1.5x, https:\/\/i0.wp.com\/noticiasribeiraopreto.com.br\/wp-content\/uploads\/2026\/03\/ramalho-scaled.jpeg?fit=1170%2C780&ssl=1&resize=700%2C400 2x, https:\/\/i0.wp.com\/noticiasribeiraopreto.com.br\/wp-content\/uploads\/2026\/03\/ramalho-scaled.jpeg?fit=1170%2C780&ssl=1&resize=1050%2C600 3x"},"classes":[]},{"id":33970,"url":"https:\/\/noticiasribeiraopreto.com.br\/index.php\/2024\/01\/31\/sucesso-nos-anos-80-integrantes-do-oingo-boingo-anunciam-show-em-ribeirao-preto\/","url_meta":{"origin":24677,"position":2},"title":"Sucesso nos anos 80, integrantes do Oingo Boingo anunciam show em Ribeir\u00e3o Preto","author":"noticiasribeiraopreto.com.br","date":"31 de January de 2024","format":false,"excerpt":"Os integrantes da banda norte-americana Oingo Boingo, sucesso nos anos 1980, anunciaram que vai se apresentar em Ribeir\u00e3o Preto no pr\u00f3ximo m\u00eas de junho. O grupo conta com os membros originais, com exce\u00e7\u00e3o do vocalista Danny Elfman, tamb\u00e9m conhecido por ser o criador da m\u00fasica tema de Os Simpsons. A\u2026","rel":"","context":"In &quot;Not\u00edcias de Ribeir\u00e3o Preto-SP e Regi\u00e3o&quot;","block_context":{"text":"Not\u00edcias de Ribeir\u00e3o Preto-SP e Regi\u00e3o","link":"https:\/\/noticiasribeiraopreto.com.br\/index.php\/category\/noticias-de-ribeirao-preto-sp-e-regiao-ismael-colosi\/"},"img":{"alt_text":"","src":"https:\/\/i0.wp.com\/noticiasribeiraopreto.com.br\/wp-content\/uploads\/2024\/01\/oingo-boingo.jpg?fit=892%2C667&ssl=1&resize=350%2C200","width":350,"height":200,"srcset":"https:\/\/i0.wp.com\/noticiasribeiraopreto.com.br\/wp-content\/uploads\/2024\/01\/oingo-boingo.jpg?fit=892%2C667&ssl=1&resize=350%2C200 1x, https:\/\/i0.wp.com\/noticiasribeiraopreto.com.br\/wp-content\/uploads\/2024\/01\/oingo-boingo.jpg?fit=892%2C667&ssl=1&resize=525%2C300 1.5x, https:\/\/i0.wp.com\/noticiasribeiraopreto.com.br\/wp-content\/uploads\/2024\/01\/oingo-boingo.jpg?fit=892%2C667&ssl=1&resize=700%2C400 2x"},"classes":[]},{"id":68805,"url":"https:\/\/noticiasribeiraopreto.com.br\/index.php\/2025\/04\/29\/da-origem-humilde-ao-sucesso-internacional-clayton-e-romario-integram-lineup-do-rrm-2025\/","url_meta":{"origin":24677,"position":3},"title":"Da origem humilde ao sucesso internacional: Clayton e Rom\u00e1rio integram lineup do RRM 2025","author":"noticiasribeiraopreto.com.br","date":"29 de April de 2025","format":false,"excerpt":"Nascidos e criados em Goi\u00e2nia, os irm\u00e3os Clayton e Rom\u00e1rio ostentam 8 milh\u00f5es de ouvintes mensais apenas no Spotify e ultrapassam 1 bilh\u00e3o de views gerais no YouTube. N\u00e3o poderiam ficar de fora do lineup do Ribeir\u00e3o Rodeo Music, que come\u00e7ou no \u00faltimo s\u00e1bado (26) e segue nos dias 30\u2026","rel":"","context":"In &quot;Not\u00edcias de Ribeir\u00e3o Preto-SP e Regi\u00e3o&quot;","block_context":{"text":"Not\u00edcias de Ribeir\u00e3o Preto-SP e Regi\u00e3o","link":"https:\/\/noticiasribeiraopreto.com.br\/index.php\/category\/noticias-de-ribeirao-preto-sp-e-regiao-ismael-colosi\/"},"img":{"alt_text":"","src":"https:\/\/i0.wp.com\/noticiasribeiraopreto.com.br\/wp-content\/uploads\/2025\/04\/clayton-e-romario_2025-04-29_12-43-56.webp.webp?fit=1200%2C800&ssl=1&resize=350%2C200","width":350,"height":200,"srcset":"https:\/\/i0.wp.com\/noticiasribeiraopreto.com.br\/wp-content\/uploads\/2025\/04\/clayton-e-romario_2025-04-29_12-43-56.webp.webp?fit=1200%2C800&ssl=1&resize=350%2C200 1x, https:\/\/i0.wp.com\/noticiasribeiraopreto.com.br\/wp-content\/uploads\/2025\/04\/clayton-e-romario_2025-04-29_12-43-56.webp.webp?fit=1200%2C800&ssl=1&resize=525%2C300 1.5x, https:\/\/i0.wp.com\/noticiasribeiraopreto.com.br\/wp-content\/uploads\/2025\/04\/clayton-e-romario_2025-04-29_12-43-56.webp.webp?fit=1200%2C800&ssl=1&resize=700%2C400 2x, https:\/\/i0.wp.com\/noticiasribeiraopreto.com.br\/wp-content\/uploads\/2025\/04\/clayton-e-romario_2025-04-29_12-43-56.webp.webp?fit=1200%2C800&ssl=1&resize=1050%2C600 3x"},"classes":[]},{"id":49277,"url":"https:\/\/noticiasribeiraopreto.com.br\/index.php\/2024\/05\/09\/sucesso-nos-anos-80-gipsy-kings-se-apresenta-em-ribeirao-preto-veja-quando\/","url_meta":{"origin":24677,"position":4},"title":"Sucesso nos anos 80, Gipsy Kings se apresenta em Ribeir\u00e3o Preto; Veja quando","author":"noticiasribeiraopreto.com.br","date":"9 de May de 2024","format":false,"excerpt":"Diretamente da Fran\u00e7a, a banda sucesso nos anos 1980, Gipsy Kings se apresenta na pr\u00f3xima quinta-feira (16), no centro de eventos Multiplan Hall, no Ribeir\u00e3o Shopping, na zona Sul de Ribeir\u00e3o Preto. Gipsy Kings tem mais de 40 anos de hist\u00f3ria e recebeu o reconhecimento internacional com os sucessos \u201cBamboleo\u201d,\u2026","rel":"","context":"In &quot;Not\u00edcias de Ribeir\u00e3o Preto-SP e Regi\u00e3o&quot;","block_context":{"text":"Not\u00edcias de Ribeir\u00e3o Preto-SP e Regi\u00e3o","link":"https:\/\/noticiasribeiraopreto.com.br\/index.php\/category\/noticias-de-ribeirao-preto-sp-e-regiao-ismael-colosi\/"},"img":{"alt_text":"","src":"https:\/\/i0.wp.com\/noticiasribeiraopreto.com.br\/wp-content\/uploads\/2024\/05\/tamanho-gipsykings-copy_2024-05-09_15-26-04_jpg_2024-05-09_15-26-04.webp.webp?fit=1024%2C627&ssl=1&resize=350%2C200","width":350,"height":200,"srcset":"https:\/\/i0.wp.com\/noticiasribeiraopreto.com.br\/wp-content\/uploads\/2024\/05\/tamanho-gipsykings-copy_2024-05-09_15-26-04_jpg_2024-05-09_15-26-04.webp.webp?fit=1024%2C627&ssl=1&resize=350%2C200 1x, https:\/\/i0.wp.com\/noticiasribeiraopreto.com.br\/wp-content\/uploads\/2024\/05\/tamanho-gipsykings-copy_2024-05-09_15-26-04_jpg_2024-05-09_15-26-04.webp.webp?fit=1024%2C627&ssl=1&resize=525%2C300 1.5x, https:\/\/i0.wp.com\/noticiasribeiraopreto.com.br\/wp-content\/uploads\/2024\/05\/tamanho-gipsykings-copy_2024-05-09_15-26-04_jpg_2024-05-09_15-26-04.webp.webp?fit=1024%2C627&ssl=1&resize=700%2C400 2x"},"classes":[]},{"id":73739,"url":"https:\/\/noticiasribeiraopreto.com.br\/index.php\/2025\/07\/08\/thiago-arancam-apresenta-show-com-grandes-sucessos-da-musica-italiana\/","url_meta":{"origin":24677,"position":5},"title":"Thiago Arancam apresenta show com grandes sucessos da m\u00fasica italiana","author":"noticiasribeiraopreto.com.br","date":"8 de July de 2025","format":false,"excerpt":"Considerado um dos maiores int\u00e9rpretes do Brasil, Thiago Arancam\u00a0traz para o palco do Theatro Pedro II o espet\u00e1culo \u201cUma Viagem Pela It\u00e1lia\u201d, com grandes sucessos da m\u00fasica italiana. A apresenta\u00e7\u00e3o acontece dia 19 de julho, \u00e0s 20h. Thiago Arancam construiu sua carreira musical entre o Brasil e a It\u00e1lia. Agora,\u2026","rel":"","context":"In &quot;Not\u00edcias de Ribeir\u00e3o Preto-SP e Regi\u00e3o&quot;","block_context":{"text":"Not\u00edcias de Ribeir\u00e3o Preto-SP e Regi\u00e3o","link":"https:\/\/noticiasribeiraopreto.com.br\/index.php\/category\/noticias-de-ribeirao-preto-sp-e-regiao-ismael-colosi\/"},"img":{"alt_text":"","src":"https:\/\/i0.wp.com\/noticiasribeiraopreto.com.br\/wp-content\/uploads\/2025\/07\/Copia-de-Copia-de-TAMANHO-EXATO-PARA-FOTOS-NO-SISTEMA-NOVO-5.jpg?fit=1200%2C675&ssl=1&resize=350%2C200","width":350,"height":200,"srcset":"https:\/\/i0.wp.com\/noticiasribeiraopreto.com.br\/wp-content\/uploads\/2025\/07\/Copia-de-Copia-de-TAMANHO-EXATO-PARA-FOTOS-NO-SISTEMA-NOVO-5.jpg?fit=1200%2C675&ssl=1&resize=350%2C200 1x, https:\/\/i0.wp.com\/noticiasribeiraopreto.com.br\/wp-content\/uploads\/2025\/07\/Copia-de-Copia-de-TAMANHO-EXATO-PARA-FOTOS-NO-SISTEMA-NOVO-5.jpg?fit=1200%2C675&ssl=1&resize=525%2C300 1.5x, https:\/\/i0.wp.com\/noticiasribeiraopreto.com.br\/wp-content\/uploads\/2025\/07\/Copia-de-Copia-de-TAMANHO-EXATO-PARA-FOTOS-NO-SISTEMA-NOVO-5.jpg?fit=1200%2C675&ssl=1&resize=700%2C400 2x, https:\/\/i0.wp.com\/noticiasribeiraopreto.com.br\/wp-content\/uploads\/2025\/07\/Copia-de-Copia-de-TAMANHO-EXATO-PARA-FOTOS-NO-SISTEMA-NOVO-5.jpg?fit=1200%2C675&ssl=1&resize=1050%2C600 3x"},"classes":[]}],"jetpack_sharing_enabled":true,"jetpack_shortlink":"https:\/\/wp.me\/peQAOb-6q1","_links":{"self":[{"href":"https:\/\/noticiasribeiraopreto.com.br\/index.php\/wp-json\/wp\/v2\/posts\/24677","targetHints":{"allow":["GET"]}}],"collection":[{"href":"https:\/\/noticiasribeiraopreto.com.br\/index.php\/wp-json\/wp\/v2\/posts"}],"about":[{"href":"https:\/\/noticiasribeiraopreto.com.br\/index.php\/wp-json\/wp\/v2\/types\/post"}],"author":[{"embeddable":true,"href":"https:\/\/noticiasribeiraopreto.com.br\/index.php\/wp-json\/wp\/v2\/users\/1"}],"replies":[{"embeddable":true,"href":"https:\/\/noticiasribeiraopreto.com.br\/index.php\/wp-json\/wp\/v2\/comments?post=24677"}],"version-history":[{"count":0,"href":"https:\/\/noticiasribeiraopreto.com.br\/index.php\/wp-json\/wp\/v2\/posts\/24677\/revisions"}],"wp:featuredmedia":[{"embeddable":true,"href":"https:\/\/noticiasribeiraopreto.com.br\/index.php\/wp-json\/wp\/v2\/media\/24678"}],"wp:attachment":[{"href":"https:\/\/noticiasribeiraopreto.com.br\/index.php\/wp-json\/wp\/v2\/media?parent=24677"}],"wp:term":[{"taxonomy":"category","embeddable":true,"href":"https:\/\/noticiasribeiraopreto.com.br\/index.php\/wp-json\/wp\/v2\/categories?post=24677"},{"taxonomy":"post_tag","embeddable":true,"href":"https:\/\/noticiasribeiraopreto.com.br\/index.php\/wp-json\/wp\/v2\/tags?post=24677"}],"curies":[{"name":"wp","href":"https:\/\/api.w.org\/{rel}","templated":true}]}}