{"id":24683,"date":"2024-01-04T21:40:49","date_gmt":"2024-01-05T00:40:49","guid":{"rendered":"https:\/\/noticiasribeiraopreto.com.br\/index.php\/2024\/01\/04\/hegemonia-do-polo-se-manteve-e-vendas-de-veiculos-sobem-quase-10-em-2023-veja-modelos-dos-carros-mais-vendidos\/"},"modified":"2024-01-04T21:40:49","modified_gmt":"2024-01-05T00:40:49","slug":"hegemonia-do-polo-se-manteve-e-vendas-de-veiculos-sobem-quase-10-em-2023-veja-modelos-dos-carros-mais-vendidos","status":"publish","type":"post","link":"https:\/\/noticiasribeiraopreto.com.br\/index.php\/2024\/01\/04\/hegemonia-do-polo-se-manteve-e-vendas-de-veiculos-sobem-quase-10-em-2023-veja-modelos-dos-carros-mais-vendidos\/","title":{"rendered":"Hegemonia do Polo se manteve e vendas de ve\u00edculos sobem quase 10% em 2023; veja modelos dos carros mais vendidos"},"content":{"rendered":"<div class='code-block code-block-1' style='margin: 8px 0 8px auto; text-align: right; display: block; clear: both;'>\n<p><a href=\"https:\/\/wa.link\/vpicfd\"><img data-recalc-dims=\"1\" class=\"wp-image-4922\" style=\"aspect-ratio: 2.0253164556962027; width: 561px; height: auto;\" src=\"https:\/\/i0.wp.com\/ismaelcolosi.com.br\/wp-content\/uploads\/2023\/11\/grupo-de-empregos-whatsapp-e-facebook-ismael-colosi-vagas.jpg?ssl=1\" alt=\"\" \/><\/a><\/p>\n<!-- \/wp:image -->\n<\/div>\n<p> <br \/>\n<\/p>\n<div id=\"js-first-letter\">\n<p>Com o maior volume em um m\u00eas dos \u00faltimos quatro anos, as vendas de ve\u00edculos em dezembro chegaram a 248,5 mil unidades na soma de carros de passeio, utilit\u00e1rios leves, caminh\u00f5es e \u00f4nibus.<\/p>\n<p>Assim, na compara\u00e7\u00e3o com o mesmo per\u00edodo de 2022, a alta foi de 14,6%. Frente a novembro, houve crescimento de 16,9% nos emplacamentos.<\/p>\n<p>No total de janeiro a dezembro, o ano terminou com 2,31 milh\u00f5es de ve\u00edculos zero quil\u00f4metro vendidos no Pa\u00eds, 9,7% acima de 2022.<\/p>\n<p>O balan\u00e7o foi divulgado nesta quinta-feira (4) pela Fenabrave, a entidade que representa as concession\u00e1rias de autom\u00f3veis. Mais uma vez, o Polo, da Volkswagen, <a href=\"https:\/\/www.seudinheiro.com\/2023\/financas-pessoais\/por-que-o-volkswagen-polo-foi-o-carro-mais-emplacado-em-2023-rens\/\">se manteve como prefer\u00eancia nacional<\/a>, com quase 18 mil unidades vendidas s\u00f3 em dezembro.\u00a0<\/p>\n<p>Confira os modelos cinco de autom\u00f3veis mais vendidos:<\/p>\n<figure class=\"wp-block-table is-style-stripes\">\n<table>\n<tbody>\n<tr>\n<td><strong>#<\/strong><\/td>\n<td><strong>Modelo<\/strong><\/td>\n<td><strong>Dez\/23 (unidades)<\/strong><\/td>\n<\/tr>\n<tr>\n<td>1\u00ba<\/td>\n<td>Polo (VW)<\/td>\n<td>17.999<\/td>\n<\/tr>\n<tr>\n<td>2\u00ba<\/td>\n<td>Onix (GM)<\/td>\n<td>10.839<\/td>\n<\/tr>\n<tr>\n<td>3\u00ba<\/td>\n<td>HB20 (Hyundai)<\/td>\n<td>9.627<\/td>\n<\/tr>\n<tr>\n<td>4\u00ba<\/td>\n<td>Creta (Hyundai)<\/td>\n<td>8.579<\/td>\n<\/tr>\n<tr>\n<td>5\u00ba<\/td>\n<td>Kwid (Renault)<\/td>\n<td>8.104<\/td>\n<\/tr>\n<tr>\n<td>6\u00ba<\/td>\n<td>T-Cross (VW)<\/td>\n<td>7.792<\/td>\n<\/tr>\n<tr>\n<td>7\u00ba<\/td>\n<td>Mobi (Fiat)<\/td>\n<td>7.395<\/td>\n<\/tr>\n<tr>\n<td>8\u00ba<\/td>\n<td>Tracker (GM)<\/td>\n<td>6.769<\/td>\n<\/tr>\n<tr>\n<td>9\u00ba<\/td>\n<td>Onix Plus (GM)<\/td>\n<td>6.375<\/td>\n<\/tr>\n<tr>\n<td>10\u00ba<\/td>\n<td>Cronos (VW)<\/td>\n<td>6.332<\/td>\n<\/tr>\n<\/tbody>\n<\/table><figcaption class=\"wp-element-caption\">Fonte: Fenabrave<\/figcaption><\/figure>\n<p>No ano de 2023<\/p>\n<ul>\n<li><strong>MELHORES INVESTIMENTOS PARA 2024: <\/strong><a href=\"https:\/\/lp.seudinheiro.com\/onde-investir-oinv01-a\/?xpromo=XD-MEL-SD-OINV01-AUDSD-X-CHLTB-EDITORIAL2-MKTPORTAIS\">Receba o guia completo e gratuito<\/a> do Seu Dinheiro, com recomenda\u00e7\u00f5es das maiores casas de an\u00e1lise, bancos e corretoras do Brasil.\u00a0<\/li>\n<\/ul>\n<h2 class=\"wp-block-heading\" id=\"h-dezembro-forte-para-venda-de-carros\">Dezembro forte para venda de carros<\/h2>\n<p>O setor experimentou no m\u00eas passado um desempenho que n\u00e3o apresentava desde o in\u00edcio da pandemia, que foi seguida por uma crise no fornecimento de componentes eletr\u00f4nicos que comprometeu a oferta de carros no mercado.<\/p>\n<p>N\u00e3o se via resultado mensal t\u00e3o alto desde os 262,6 mil ve\u00edculos de dezembro de 2019, fazendo com que o ano terminasse melhor do que o previsto.<\/p>\n<h3 class=\"wp-block-heading\" id=\"h-2023-ainda-distante-do-nivel-pre-pandemia-mas-acima-das-previsoes\">2023 ainda distante do n\u00edvel pr\u00e9-pandemia, mas acima das previs\u00f5es<\/h3>\n<p>O resultado de 2023 ficou distante do n\u00edvel de antes da pandemia, com uma diferen\u00e7a de 479 mil unidades em rela\u00e7\u00e3o \u00e0s quase 2,8 milh\u00f5es de unidades comercializadas em 2019.<\/p>\n<p>Apesar disso, superou as previs\u00f5es dos revendedores no in\u00edcio do ano, que apontavam para estagna\u00e7\u00e3o do mercado &#8211; crescimento zero.<\/p>\n<p>Em outubro, a Fenabrave revisou seu progn\u00f3stico para um crescimento de 5,6% das vendas.<\/p>\n<h3 class=\"wp-block-heading\" id=\"h-ate-onde-vai-o-folego-da-venda-de-carros\">At\u00e9 onde vai o f\u00f4lego da venda de carros?<\/h3>\n<p>O desempenho acima do previsto no ano \u00e9 explicado pelo socorro tempor\u00e1rio do governo, que liberou b\u00f4nus para as compras de autom\u00f3veis entre junho e julho, junto com a normaliza\u00e7\u00e3o no abastecimento de pe\u00e7as.<\/p>\n<p>Com o fim do programa federal, o mercado passou a ser sustentado pelo relaxamento nas condi\u00e7\u00f5es de cr\u00e9dito, seguindo os cortes de juros, e pela demanda firme das locadoras, que compram um de cada quatro carros vendidos no Pa\u00eds.<\/p>\n<p><em>*Com informa\u00e7\u00f5es do Estad\u00e3o Conte\u00fado<\/em><\/p>\n<\/div>\n<p><br \/>\n<br \/><a href=\"https:\/\/www.seudinheiro.com\/2024\/economia\/hegemonia-do-polo-se-manteve-e-vendas-de-veiculos-sobem-quase-10-em-2023-veja-modelos-dos-carros-mais-vendidos-rens\/\">Source link <\/a><\/p>\n<!-- CONTENT END 1 -->\n","protected":false},"excerpt":{"rendered":"<p>Com o maior volume em um m\u00eas dos \u00faltimos quatro anos, as vendas de ve\u00edculos em dezembro chegaram a 248,5 mil unidades na soma de&#8230;<\/p>\n","protected":false},"author":1,"featured_media":24684,"comment_status":"open","ping_status":"open","sticky":false,"template":"","format":"standard","meta":{"advanced_seo_description":"","jetpack_seo_html_title":"","jetpack_seo_noindex":false,"jetpack_post_was_ever_published":false,"_jetpack_newsletter_access":"","_jetpack_dont_email_post_to_subs":false,"_jetpack_newsletter_tier_id":0,"_jetpack_memberships_contains_paywalled_content":false,"_jetpack_memberships_contains_paid_content":false,"footnotes":"","jetpack_publicize_message":"","jetpack_publicize_feature_enabled":true,"jetpack_social_post_already_shared":true,"jetpack_social_options":{"image_generator_settings":{"template":"highway","default_image_id":0,"font":"","enabled":false},"version":2}},"categories":[1235],"tags":[],"class_list":["post-24683","post","type-post","status-publish","format-standard","has-post-thumbnail","hentry","category-dinheiro-e-investimento-como-fazer-como-ganhar"],"jetpack_publicize_connections":[],"jetpack_featured_media_url":"https:\/\/i0.wp.com\/noticiasribeiraopreto.com.br\/wp-content\/uploads\/2024\/01\/Polo-Track1-628x353.jpg?fit=628%2C353&ssl=1","jetpack-related-posts":[{"id":23579,"url":"https:\/\/noticiasribeiraopreto.com.br\/index.php\/2024\/01\/02\/elon-musk-cumpre-a-meta-e-tesla-entrega-18-milhao-de-carros-em-2023-mas-fica-atras-da-chinesa-byd-mais-uma-vez\/","url_meta":{"origin":24683,"position":0},"title":"Elon Musk cumpre a meta e Tesla entrega 1,8 milh\u00e3o de carros em 2023, mas fica atr\u00e1s da chinesa BYD mais uma vez","author":"noticiasribeiraopreto.com.br","date":"2 de January de 2024","format":false,"excerpt":"A Tesla, empresa de carros el\u00e9tricos do bilion\u00e1rio Elon Musk, publicou mais cedo os n\u00fameros de produ\u00e7\u00e3o de carros em 2023. A montadora encerrou o \u00faltimo trimestre com uma produ\u00e7\u00e3o de 494 mil ve\u00edculos, totalizando 1,8 milh\u00e3o no ano passado.\u00a0 Os n\u00fameros representam um crescimento da produ\u00e7\u00e3o da ordem de\u2026","rel":"","context":"In &quot;Dinheiro e Investimento&quot;","block_context":{"text":"Dinheiro e Investimento","link":"https:\/\/noticiasribeiraopreto.com.br\/index.php\/category\/dinheiro-e-investimento-como-fazer-como-ganhar\/"},"img":{"alt_text":"","src":"https:\/\/i0.wp.com\/noticiasribeiraopreto.com.br\/wp-content\/uploads\/2024\/01\/carros-eletricos-tesla-1024x538-1-628x353.jpg?fit=628%2C353&ssl=1&resize=350%2C200","width":350,"height":200,"srcset":"https:\/\/i0.wp.com\/noticiasribeiraopreto.com.br\/wp-content\/uploads\/2024\/01\/carros-eletricos-tesla-1024x538-1-628x353.jpg?fit=628%2C353&ssl=1&resize=350%2C200 1x, https:\/\/i0.wp.com\/noticiasribeiraopreto.com.br\/wp-content\/uploads\/2024\/01\/carros-eletricos-tesla-1024x538-1-628x353.jpg?fit=628%2C353&ssl=1&resize=525%2C300 1.5x"},"classes":[]},{"id":29255,"url":"https:\/\/noticiasribeiraopreto.com.br\/index.php\/2024\/01\/17\/musk-precisa-de-grana-por-que-a-tesla-esta-dando-descontos\/","url_meta":{"origin":24683,"position":1},"title":"Musk precisa de grana? Por que a Tesla est\u00e1 dando descontos","author":"noticiasribeiraopreto.com.br","date":"17 de January de 2024","format":false,"excerpt":"Quando Elon Musk anunciou uma redu\u00e7\u00e3o nos pre\u00e7os dos carros da Tesla (TSLA34) em dezembro de 2022, causou surpresa \u2014 o bilion\u00e1rio sempre foi contra a pr\u00e1tica de descontos para impulsionar as vendas.\u00a0 Mas o que era uma estrat\u00e9gia para conter os efeitos dos juros altos, acabou se tornando um\u2026","rel":"","context":"In &quot;Dinheiro e Investimento&quot;","block_context":{"text":"Dinheiro e Investimento","link":"https:\/\/noticiasribeiraopreto.com.br\/index.php\/category\/dinheiro-e-investimento-como-fazer-como-ganhar\/"},"img":{"alt_text":"","src":"https:\/\/i0.wp.com\/noticiasribeiraopreto.com.br\/wp-content\/uploads\/2024\/01\/elon-musk-tesla-carros-eletricos-628x353.jpg?fit=628%2C353&ssl=1&resize=350%2C200","width":350,"height":200,"srcset":"https:\/\/i0.wp.com\/noticiasribeiraopreto.com.br\/wp-content\/uploads\/2024\/01\/elon-musk-tesla-carros-eletricos-628x353.jpg?fit=628%2C353&ssl=1&resize=350%2C200 1x, https:\/\/i0.wp.com\/noticiasribeiraopreto.com.br\/wp-content\/uploads\/2024\/01\/elon-musk-tesla-carros-eletricos-628x353.jpg?fit=628%2C353&ssl=1&resize=525%2C300 1.5x"},"classes":[]},{"id":26862,"url":"https:\/\/noticiasribeiraopreto.com.br\/index.php\/2024\/01\/11\/producao-de-veiculos-cai-19-em-2023-diz-anfavea\/","url_meta":{"origin":24683,"position":2},"title":"Produ\u00e7\u00e3o de ve\u00edculos cai 1,9% em 2023, diz Anfavea \u2013 Folha de Ribeir\u00e3o","author":"noticiasribeiraopreto.com.br","date":"11 de January de 2024","format":false,"excerpt":"A produ\u00e7\u00e3o de ve\u00edculos caiu 1,9% em 2023 e chegou a 2,36 milh\u00f5es de unidades. No ano anterior, em 2022, foram produzidas 2,32 milh\u00f5es de unidades. No m\u00eas de dezembro de 2023, a produ\u00e7\u00e3o foi de 171,6 mil, 15,3% a menos do que em novembro do mesmo ano (202,7 mil)\u2026","rel":"","context":"In &quot;Not\u00edcias de Ribeir\u00e3o Preto-SP e Regi\u00e3o&quot;","block_context":{"text":"Not\u00edcias de Ribeir\u00e3o Preto-SP e Regi\u00e3o","link":"https:\/\/noticiasribeiraopreto.com.br\/index.php\/category\/noticias-de-ribeirao-preto-sp-e-regiao-ismael-colosi\/"},"img":{"alt_text":"","src":"","width":0,"height":0},"classes":[]},{"id":40585,"url":"https:\/\/noticiasribeiraopreto.com.br\/index.php\/2024\/03\/04\/vendas-de-veiculos-sobem-272-em-um-ano\/","url_meta":{"origin":24683,"position":3},"title":"Vendas de ve\u00edculos sobem 27,2% em um ano","author":"noticiasribeiraopreto.com.br","date":"4 de March de 2024","format":false,"excerpt":"4 de mar\u00e7o de 2024 | 18:004 de mar\u00e7o de 2024 | 15:14 0As vendas de ve\u00edculos tiveram no m\u00eas passado crescimento de 27,2% frente a fevereiro de 2023, chegando a 165,2 mil unidades emplacadas, entre carros de passeio, utilit\u00e1rios leves, caminh\u00f5es e \u00f4nibus. Mesmo com menos dias de venda,\u2026","rel":"","context":"In &quot;Not\u00edcias de Ribeir\u00e3o Preto-SP e Regi\u00e3o&quot;","block_context":{"text":"Not\u00edcias de Ribeir\u00e3o Preto-SP e Regi\u00e3o","link":"https:\/\/noticiasribeiraopreto.com.br\/index.php\/category\/noticias-de-ribeirao-preto-sp-e-regiao-ismael-colosi\/"},"img":{"alt_text":"","src":"https:\/\/i0.wp.com\/noticiasribeiraopreto.com.br\/wp-content\/uploads\/2024\/03\/Venda-de-Usadosss.jpg?fit=690%2C420&ssl=1&resize=350%2C200","width":350,"height":200,"srcset":"https:\/\/i0.wp.com\/noticiasribeiraopreto.com.br\/wp-content\/uploads\/2024\/03\/Venda-de-Usadosss.jpg?fit=690%2C420&ssl=1&resize=350%2C200 1x, https:\/\/i0.wp.com\/noticiasribeiraopreto.com.br\/wp-content\/uploads\/2024\/03\/Venda-de-Usadosss.jpg?fit=690%2C420&ssl=1&resize=525%2C300 1.5x"},"classes":[]},{"id":31023,"url":"https:\/\/noticiasribeiraopreto.com.br\/index.php\/2024\/01\/20\/10-carros-novos-mais-vendidos-do-brasil-em-dezembro-de-2023-lista-10\/","url_meta":{"origin":24683,"position":4},"title":"10 carros novos mais vendidos do Brasil em dezembro de 2023 \u2013 Lista 10","author":"noticiasribeiraopreto.com.br","date":"20 de January de 2024","format":false,"excerpt":"\r \r 19 de janeiro de 2024 \r \r Carros \r \r \r 0\r J\u00e1 vamos dar um spoiler que foi um modelo da Volkswagen que liderou essa lista como o carro mais vendido. Confira agora os 10 carros novos mais vendidos do Brasil em dezembro de 2023.10. Chevrolet Onix\u2026","rel":"","context":"In &quot;Blog&quot;","block_context":{"text":"Blog","link":"https:\/\/noticiasribeiraopreto.com.br\/index.php\/category\/blog\/"},"img":{"alt_text":"","src":"https:\/\/i0.wp.com\/noticiasribeiraopreto.com.br\/wp-content\/uploads\/2024\/01\/tcross1_23122021_70179_1280_960.jpg?fit=1200%2C900&ssl=1&resize=350%2C200","width":350,"height":200,"srcset":"https:\/\/i0.wp.com\/noticiasribeiraopreto.com.br\/wp-content\/uploads\/2024\/01\/tcross1_23122021_70179_1280_960.jpg?fit=1200%2C900&ssl=1&resize=350%2C200 1x, https:\/\/i0.wp.com\/noticiasribeiraopreto.com.br\/wp-content\/uploads\/2024\/01\/tcross1_23122021_70179_1280_960.jpg?fit=1200%2C900&ssl=1&resize=525%2C300 1.5x, https:\/\/i0.wp.com\/noticiasribeiraopreto.com.br\/wp-content\/uploads\/2024\/01\/tcross1_23122021_70179_1280_960.jpg?fit=1200%2C900&ssl=1&resize=700%2C400 2x, https:\/\/i0.wp.com\/noticiasribeiraopreto.com.br\/wp-content\/uploads\/2024\/01\/tcross1_23122021_70179_1280_960.jpg?fit=1200%2C900&ssl=1&resize=1050%2C600 3x"},"classes":[]},{"id":26702,"url":"https:\/\/noticiasribeiraopreto.com.br\/index.php\/2024\/01\/10\/apos-vendas-de-dezembro-surpreenderem-associacao-de-montadoras-eleva-projecao-de-producao-de-47-para-62-em-2024\/","url_meta":{"origin":24683,"position":5},"title":"Ap\u00f3s vendas de dezembro surpreenderem, associa\u00e7\u00e3o de montadoras eleva proje\u00e7\u00e3o de produ\u00e7\u00e3o de 4,7% para 6,2% em 2024","author":"noticiasribeiraopreto.com.br","date":"10 de January de 2024","format":false,"excerpt":"A Anfavea, entidade que representa as montadoras, atualizou nesta quarta-feira (10) as previs\u00f5es para o desempenho do setor neste ano. Os volumes seguem iguais aos projetados no m\u00eas passado, quando a associa\u00e7\u00e3o apresentou seus progn\u00f3sticos. No entanto, ap\u00f3s a incorpora\u00e7\u00e3o dos resultados de dezembro alguns ajustes foram necess\u00e1rios. Com isso,\u2026","rel":"","context":"In &quot;Dinheiro e Investimento&quot;","block_context":{"text":"Dinheiro e Investimento","link":"https:\/\/noticiasribeiraopreto.com.br\/index.php\/category\/dinheiro-e-investimento-como-fazer-como-ganhar\/"},"img":{"alt_text":"","src":"https:\/\/i0.wp.com\/noticiasribeiraopreto.com.br\/wp-content\/uploads\/2024\/01\/shutterstock_513831979-628x353.jpg?fit=628%2C353&ssl=1&resize=350%2C200","width":350,"height":200,"srcset":"https:\/\/i0.wp.com\/noticiasribeiraopreto.com.br\/wp-content\/uploads\/2024\/01\/shutterstock_513831979-628x353.jpg?fit=628%2C353&ssl=1&resize=350%2C200 1x, https:\/\/i0.wp.com\/noticiasribeiraopreto.com.br\/wp-content\/uploads\/2024\/01\/shutterstock_513831979-628x353.jpg?fit=628%2C353&ssl=1&resize=525%2C300 1.5x"},"classes":[]}],"jetpack_sharing_enabled":true,"jetpack_shortlink":"https:\/\/wp.me\/peQAOb-6q7","_links":{"self":[{"href":"https:\/\/noticiasribeiraopreto.com.br\/index.php\/wp-json\/wp\/v2\/posts\/24683","targetHints":{"allow":["GET"]}}],"collection":[{"href":"https:\/\/noticiasribeiraopreto.com.br\/index.php\/wp-json\/wp\/v2\/posts"}],"about":[{"href":"https:\/\/noticiasribeiraopreto.com.br\/index.php\/wp-json\/wp\/v2\/types\/post"}],"author":[{"embeddable":true,"href":"https:\/\/noticiasribeiraopreto.com.br\/index.php\/wp-json\/wp\/v2\/users\/1"}],"replies":[{"embeddable":true,"href":"https:\/\/noticiasribeiraopreto.com.br\/index.php\/wp-json\/wp\/v2\/comments?post=24683"}],"version-history":[{"count":0,"href":"https:\/\/noticiasribeiraopreto.com.br\/index.php\/wp-json\/wp\/v2\/posts\/24683\/revisions"}],"wp:featuredmedia":[{"embeddable":true,"href":"https:\/\/noticiasribeiraopreto.com.br\/index.php\/wp-json\/wp\/v2\/media\/24684"}],"wp:attachment":[{"href":"https:\/\/noticiasribeiraopreto.com.br\/index.php\/wp-json\/wp\/v2\/media?parent=24683"}],"wp:term":[{"taxonomy":"category","embeddable":true,"href":"https:\/\/noticiasribeiraopreto.com.br\/index.php\/wp-json\/wp\/v2\/categories?post=24683"},{"taxonomy":"post_tag","embeddable":true,"href":"https:\/\/noticiasribeiraopreto.com.br\/index.php\/wp-json\/wp\/v2\/tags?post=24683"}],"curies":[{"name":"wp","href":"https:\/\/api.w.org\/{rel}","templated":true}]}}