{"id":24733,"date":"2024-01-05T00:33:43","date_gmt":"2024-01-05T03:33:43","guid":{"rendered":"https:\/\/noticiasribeiraopreto.com.br\/index.php\/2024\/01\/05\/guarda-apreende-ferro-furtado-do-parque-permanente-de-ribeirao-preto\/"},"modified":"2024-01-05T00:33:43","modified_gmt":"2024-01-05T03:33:43","slug":"guarda-apreende-ferro-furtado-do-parque-permanente-de-ribeirao-preto","status":"publish","type":"post","link":"https:\/\/noticiasribeiraopreto.com.br\/index.php\/2024\/01\/05\/guarda-apreende-ferro-furtado-do-parque-permanente-de-ribeirao-preto\/","title":{"rendered":"Guarda apreende ferro furtado do Parque Permanente de Ribeir\u00e3o Preto"},"content":{"rendered":"<div class='code-block code-block-1' style='margin: 8px 0 8px auto; text-align: right; display: block; clear: both;'>\n<p><a href=\"https:\/\/wa.link\/vpicfd\"><img data-recalc-dims=\"1\" class=\"wp-image-4922\" style=\"aspect-ratio: 2.0253164556962027; width: 561px; height: auto;\" src=\"https:\/\/i0.wp.com\/ismaelcolosi.com.br\/wp-content\/uploads\/2023\/11\/grupo-de-empregos-whatsapp-e-facebook-ismael-colosi-vagas.jpg?ssl=1\" alt=\"\" \/><\/a><\/p>\n<!-- \/wp:image -->\n<\/div>\n<p> <br \/>\n<\/p>\n<div data-td-block-uid=\"tdi_104\">\n<div class=\"tdb-block-inner td-fix-index\">\n<p>A<strong> GCM (Guarda Civil Metropolitana) de Ribeir\u00e3o Preto <\/strong>apreendeu mais de uma tonelada de ferro em um ferro-velho que teria sido retirado do <strong>Parque Permanente de Exposi\u00e7\u00f5es<\/strong>, na zona Norte. A apreens\u00e3o aconteceu na quarta-feira (3) e <mark style=\"background-color:#fcb900\" class=\"has-inline-color has-black-color\">uma pessoa foi detida, por\u00e9m liberada em seguida.<\/mark><\/p>\n<p>Segundo a GCM, o ferro-velho estava cortando e armazenando pe\u00e7as met\u00e1licas retiradas do espa\u00e7o onde era realizada a antiga Feapam. Aos agentes, um funcion\u00e1rio do estabelecimento afirmou que havia comprado o material e que sabia a origem do produto.<\/p>\n<p>O homem foi levado para <strong>CPJ (Central de Pol\u00edcia Judici\u00e1ria) de Ribeir\u00e3o Preto <\/strong>e ele foi enquadrado por receber material produto de crime.<\/p>\n<p>Questionada sobre as a\u00e7\u00f5es de preserva\u00e7\u00e3o e manuten\u00e7\u00e3o do Parque Permanente de Exposi\u00e7\u00f5es, a prefeitura apenas informou que a Guarda realiza patrulhamento no local.<\/p>\n<p>VEJA TAMB\u00c9M<br \/>Bar publica despedida e encerra as opera\u00e7\u00f5es em Ribeir\u00e3o Preto<\/p>\n<h4 class=\"wp-block-heading\"><strong>FIQUE ON<\/strong><\/h4>\n<p>Fique ligado em tudo que acontece em Ribeir\u00e3o Preto e regi\u00e3o. Siga os perfis do<strong> acidade on<\/strong> no <a href=\"https:\/\/www.instagram.com\/acidadeonribeirao\" target=\"_blank\" rel=\"noreferrer noopener nofollow\">Instagram <\/a>e no <a href=\"https:\/\/www.facebook.com\/acidadeonribeirao\" target=\"_blank\" rel=\"noreferrer noopener nofollow\">Facebook.<\/a><\/p>\n<p>Receba not\u00edcias do <strong>acidade on<\/strong> no WhatsApp. <a href=\"https:\/\/chat.whatsapp.com\/Bnv2w66ZT4VDyZW3oiZ69n\" target=\"_blank\" rel=\"noreferrer noopener nofollow\">Para entrar no grupo, basta clicar aqui.<\/a><\/p>\n<p>Fa\u00e7a uma den\u00fancia ou sugira uma reportagem sobre a Ribeir\u00e3o Preto e regi\u00e3o pelo WhatsApp: (16) 99117 7802.<\/p>\n<p>LEIA MAIS<br \/><a href=\"https:\/\/www.tudoep.com\/tudo-cult\/viu-essa\/NOT,0,0,1869242,big-day-como-vai-ser-o-anuncio-dos-participantes-do-bbb-24.aspx\" target=\"_blank\" rel=\"noreferrer noopener nofollow\">Big Day: Como vai ser o an\u00fancio dos participantes do BBB 24?<\/a><\/p>\n<p><!-- AI CONTENT END 1 -->\n<\/div>\n<\/div>\n<p><script async src=\"\/\/www.instagram.com\/embed.js\"><\/script><br \/>\n<br \/><br \/>\n<br \/><a href=\"https:\/\/www.acidadeon.com\/ribeiraopreto\/cotidiano\/guarda-apreende-ferro-furtado-do-parque-permanente-de-ribeirao-preto\/\">Source link <\/a><\/p>\n<!-- CONTENT END 1 -->\n","protected":false},"excerpt":{"rendered":"<p>A GCM (Guarda Civil Metropolitana) de Ribeir\u00e3o Preto apreendeu mais de uma tonelada de ferro em um ferro-velho que teria sido retirado do Parque Permanente&#8230;<\/p>\n","protected":false},"author":1,"featured_media":24734,"comment_status":"open","ping_status":"open","sticky":false,"template":"","format":"standard","meta":{"advanced_seo_description":"","jetpack_seo_html_title":"","jetpack_seo_noindex":false,"jetpack_post_was_ever_published":false,"_jetpack_newsletter_access":"","_jetpack_dont_email_post_to_subs":false,"_jetpack_newsletter_tier_id":0,"_jetpack_memberships_contains_paywalled_content":false,"_jetpack_memberships_contains_paid_content":false,"footnotes":"","jetpack_publicize_message":"","jetpack_publicize_feature_enabled":true,"jetpack_social_post_already_shared":true,"jetpack_social_options":{"image_generator_settings":{"template":"highway","default_image_id":0,"font":"","enabled":false},"version":2}},"categories":[11],"tags":[925,3040,1371,2943,406,3041,27,26],"class_list":["post-24733","post","type-post","status-publish","format-standard","has-post-thumbnail","hentry","category-noticias-de-ribeirao-preto-sp-e-regiao-ismael-colosi","tag-apreende","tag-ferro","tag-furtado","tag-guarda","tag-parque","tag-permanente","tag-preto","tag-ribeirao"],"jetpack_publicize_connections":[],"jetpack_featured_media_url":"https:\/\/i0.wp.com\/noticiasribeiraopreto.com.br\/wp-content\/uploads\/2024\/01\/parque-permanente-de-exposicoes-1.jpg?fit=1053%2C576&ssl=1","jetpack-related-posts":[{"id":68950,"url":"https:\/\/noticiasribeiraopreto.com.br\/index.php\/2025\/04\/30\/dono-de-ferro-velho-e-preso-por-receptacao-de-material-furtado-de-obra-na-regiao-de-ribeirao-preto\/","url_meta":{"origin":24733,"position":0},"title":"Dono de ferro-velho \u00e9 preso por recepta\u00e7\u00e3o de material furtado de obra na regi\u00e3o de Ribeir\u00e3o Preto","author":"noticiasribeiraopreto.com.br","date":"30 de April de 2025","format":false,"excerpt":"A Pol\u00edcia Civil prendeu nesta ter\u00e7a-feira (29)\u00a0o propriet\u00e1rio de um ferro-velho suspeito de recepta\u00e7\u00e3o de material furtado da obra de um condom\u00ednio em Sert\u00e3ozinho, na regi\u00e3o de Ribeir\u00e3o Preto. Ele tamb\u00e9m \u00e9 apontado por receptar parte do material desviado de uma metal\u00fargica na cidade da regi\u00e3o, no in\u00edcio do m\u00eas.\u2026","rel":"","context":"In &quot;Not\u00edcias de Ribeir\u00e3o Preto-SP e Regi\u00e3o&quot;","block_context":{"text":"Not\u00edcias de Ribeir\u00e3o Preto-SP e Regi\u00e3o","link":"https:\/\/noticiasribeiraopreto.com.br\/index.php\/category\/noticias-de-ribeirao-preto-sp-e-regiao-ismael-colosi\/"},"img":{"alt_text":"","src":"https:\/\/i0.wp.com\/noticiasribeiraopreto.com.br\/wp-content\/uploads\/2025\/04\/WhatsApp-Image-2025-04-30-at-11.44.48_2025-04-30_14-45-58.webp.webp?fit=1200%2C873&ssl=1&resize=350%2C200","width":350,"height":200,"srcset":"https:\/\/i0.wp.com\/noticiasribeiraopreto.com.br\/wp-content\/uploads\/2025\/04\/WhatsApp-Image-2025-04-30-at-11.44.48_2025-04-30_14-45-58.webp.webp?fit=1200%2C873&ssl=1&resize=350%2C200 1x, https:\/\/i0.wp.com\/noticiasribeiraopreto.com.br\/wp-content\/uploads\/2025\/04\/WhatsApp-Image-2025-04-30-at-11.44.48_2025-04-30_14-45-58.webp.webp?fit=1200%2C873&ssl=1&resize=525%2C300 1.5x, https:\/\/i0.wp.com\/noticiasribeiraopreto.com.br\/wp-content\/uploads\/2025\/04\/WhatsApp-Image-2025-04-30-at-11.44.48_2025-04-30_14-45-58.webp.webp?fit=1200%2C873&ssl=1&resize=700%2C400 2x, https:\/\/i0.wp.com\/noticiasribeiraopreto.com.br\/wp-content\/uploads\/2025\/04\/WhatsApp-Image-2025-04-30-at-11.44.48_2025-04-30_14-45-58.webp.webp?fit=1200%2C873&ssl=1&resize=1050%2C600 3x"},"classes":[]},{"id":50203,"url":"https:\/\/noticiasribeiraopreto.com.br\/index.php\/2024\/05\/15\/cao-ajuda-guarda-a-apreender-r-35-mil-em-drogas-em-ribeirao-preto\/","url_meta":{"origin":24733,"position":1},"title":"C\u00e3o ajuda Guarda a apreender R$ 35 mil em drogas em Ribeir\u00e3o Preto","author":"noticiasribeiraopreto.com.br","date":"15 de May de 2024","format":false,"excerpt":"O c\u00e3o Apache, da GCM (Guarda Civil Metropolitana), encontrou R$ 35 mil em drogas no bairro Ad\u00e3o do Carmo Leonel, na zona Oeste de Ribeir\u00e3o Preto, na \u00faltima ter\u00e7a-feira (14). A GCM recebeu den\u00fancia de que traficantes teriam entrado na mata, aos fundos do bairro e escondido as drogas. Em\u2026","rel":"","context":"In &quot;Not\u00edcias de Ribeir\u00e3o Preto-SP e Regi\u00e3o&quot;","block_context":{"text":"Not\u00edcias de Ribeir\u00e3o Preto-SP e Regi\u00e3o","link":"https:\/\/noticiasribeiraopreto.com.br\/index.php\/category\/noticias-de-ribeirao-preto-sp-e-regiao-ismael-colosi\/"},"img":{"alt_text":"","src":"https:\/\/i0.wp.com\/noticiasribeiraopreto.com.br\/wp-content\/uploads\/2024\/05\/Copia-de-Copia-de-TAMANHO-EXATO-PARA-FOTOS-NO-SISTEMA-NOVO-1_2024-05-15_11-57-13_jpg_2024-05-15_11-57-13.webp.webp?fit=1200%2C675&ssl=1&resize=350%2C200","width":350,"height":200,"srcset":"https:\/\/i0.wp.com\/noticiasribeiraopreto.com.br\/wp-content\/uploads\/2024\/05\/Copia-de-Copia-de-TAMANHO-EXATO-PARA-FOTOS-NO-SISTEMA-NOVO-1_2024-05-15_11-57-13_jpg_2024-05-15_11-57-13.webp.webp?fit=1200%2C675&ssl=1&resize=350%2C200 1x, https:\/\/i0.wp.com\/noticiasribeiraopreto.com.br\/wp-content\/uploads\/2024\/05\/Copia-de-Copia-de-TAMANHO-EXATO-PARA-FOTOS-NO-SISTEMA-NOVO-1_2024-05-15_11-57-13_jpg_2024-05-15_11-57-13.webp.webp?fit=1200%2C675&ssl=1&resize=525%2C300 1.5x, https:\/\/i0.wp.com\/noticiasribeiraopreto.com.br\/wp-content\/uploads\/2024\/05\/Copia-de-Copia-de-TAMANHO-EXATO-PARA-FOTOS-NO-SISTEMA-NOVO-1_2024-05-15_11-57-13_jpg_2024-05-15_11-57-13.webp.webp?fit=1200%2C675&ssl=1&resize=700%2C400 2x, https:\/\/i0.wp.com\/noticiasribeiraopreto.com.br\/wp-content\/uploads\/2024\/05\/Copia-de-Copia-de-TAMANHO-EXATO-PARA-FOTOS-NO-SISTEMA-NOVO-1_2024-05-15_11-57-13_jpg_2024-05-15_11-57-13.webp.webp?fit=1200%2C675&ssl=1&resize=1050%2C600 3x"},"classes":[]},{"id":33717,"url":"https:\/\/noticiasribeiraopreto.com.br\/index.php\/2024\/01\/30\/policia-encontra-100-kg-de-maconha-em-ferro-velho\/","url_meta":{"origin":24733,"position":2},"title":"Pol\u00edcia encontra 200 kg de maconha em ferro velho","author":"noticiasribeiraopreto.com.br","date":"30 de January de 2024","format":false,"excerpt":"Estabelecimento na zona norte seria utilizado como dep\u00f3sito de droga para traficantes e respons\u00e1vel por guardar o entorpecente foi preso 30 de janeiro de 2024 | 15:3130 de janeiro de 2024 | 15:38 2Por: Alfredo Risk e Adalberto LuqueA Delegacia de Investiga\u00e7\u00f5es Sobre Entorpecentes da Divis\u00e3o Especializada em Investiga\u00e7\u00f5es Criminais\u2026","rel":"","context":"In &quot;Not\u00edcias de Ribeir\u00e3o Preto-SP e Regi\u00e3o&quot;","block_context":{"text":"Not\u00edcias de Ribeir\u00e3o Preto-SP e Regi\u00e3o","link":"https:\/\/noticiasribeiraopreto.com.br\/index.php\/category\/noticias-de-ribeirao-preto-sp-e-regiao-ismael-colosi\/"},"img":{"alt_text":"","src":"https:\/\/i0.wp.com\/noticiasribeiraopreto.com.br\/wp-content\/uploads\/2024\/01\/00-30-jan-2024-maconha-cem-quilos-01-foto-alfredo-risk-scaled.jpg?fit=924%2C645&ssl=1&resize=350%2C200","width":350,"height":200,"srcset":"https:\/\/i0.wp.com\/noticiasribeiraopreto.com.br\/wp-content\/uploads\/2024\/01\/00-30-jan-2024-maconha-cem-quilos-01-foto-alfredo-risk-scaled.jpg?fit=924%2C645&ssl=1&resize=350%2C200 1x, https:\/\/i0.wp.com\/noticiasribeiraopreto.com.br\/wp-content\/uploads\/2024\/01\/00-30-jan-2024-maconha-cem-quilos-01-foto-alfredo-risk-scaled.jpg?fit=924%2C645&ssl=1&resize=525%2C300 1.5x, https:\/\/i0.wp.com\/noticiasribeiraopreto.com.br\/wp-content\/uploads\/2024\/01\/00-30-jan-2024-maconha-cem-quilos-01-foto-alfredo-risk-scaled.jpg?fit=924%2C645&ssl=1&resize=700%2C400 2x"},"classes":[]},{"id":33823,"url":"https:\/\/noticiasribeiraopreto.com.br\/index.php\/2024\/01\/30\/policia-encontra-230-kg-de-maconha-em-ferro-velho\/","url_meta":{"origin":24733,"position":3},"title":"Pol\u00edcia encontra 230 kg de maconha em ferro velho","author":"noticiasribeiraopreto.com.br","date":"30 de January de 2024","format":false,"excerpt":"Estabelecimento na zona norte seria utilizado como dep\u00f3sito de droga para traficantes e respons\u00e1vel por guardar o entorpecente foi preso 30 de janeiro de 2024 | 15:3130 de janeiro de 2024 | 17:26 3Por: Alfredo Risk e Adalberto LuqueA Delegacia de Investiga\u00e7\u00f5es Sobre Entorpecentes da Divis\u00e3o Especializada em Investiga\u00e7\u00f5es Criminais\u2026","rel":"","context":"In &quot;Not\u00edcias de Ribeir\u00e3o Preto-SP e Regi\u00e3o&quot;","block_context":{"text":"Not\u00edcias de Ribeir\u00e3o Preto-SP e Regi\u00e3o","link":"https:\/\/noticiasribeiraopreto.com.br\/index.php\/category\/noticias-de-ribeirao-preto-sp-e-regiao-ismael-colosi\/"},"img":{"alt_text":"","src":"https:\/\/i0.wp.com\/noticiasribeiraopreto.com.br\/wp-content\/uploads\/2024\/01\/1706662493_00-30-jan-2024-maconha-cem-quilos-01-foto-alfredo-risk-scaled.jpg?fit=924%2C645&ssl=1&resize=350%2C200","width":350,"height":200,"srcset":"https:\/\/i0.wp.com\/noticiasribeiraopreto.com.br\/wp-content\/uploads\/2024\/01\/1706662493_00-30-jan-2024-maconha-cem-quilos-01-foto-alfredo-risk-scaled.jpg?fit=924%2C645&ssl=1&resize=350%2C200 1x, https:\/\/i0.wp.com\/noticiasribeiraopreto.com.br\/wp-content\/uploads\/2024\/01\/1706662493_00-30-jan-2024-maconha-cem-quilos-01-foto-alfredo-risk-scaled.jpg?fit=924%2C645&ssl=1&resize=525%2C300 1.5x, https:\/\/i0.wp.com\/noticiasribeiraopreto.com.br\/wp-content\/uploads\/2024\/01\/1706662493_00-30-jan-2024-maconha-cem-quilos-01-foto-alfredo-risk-scaled.jpg?fit=924%2C645&ssl=1&resize=700%2C400 2x"},"classes":[]},{"id":58405,"url":"https:\/\/noticiasribeiraopreto.com.br\/index.php\/2024\/09\/26\/incendio-atinge-ferro-velho-na-zona-norte-de-ribeirao-preto-veja-video\/","url_meta":{"origin":24733,"position":4},"title":"Inc\u00eandio atinge ferro velho na zona Norte de Ribeir\u00e3o Preto; Veja v\u00eddeo","author":"noticiasribeiraopreto.com.br","date":"26 de September de 2024","format":false,"excerpt":"Um inc\u00eandio de grandes propor\u00e7\u00f5es destruiu um ferro velho na rua Orlando Gabriello, no Jardim Jandaia, zona Norte de Ribeir\u00e3o Preto, na tarde desta quinta-feira (26) \u2013 veja o v\u00eddeo abaixo. Nas imagens \u00e9 poss\u00edvel ver muito papel\u00e3o queimado e ferro retorcido. Uma caminhonete utilizada pelo ferro velho tamb\u00e9m foi\u2026","rel":"","context":"In &quot;Not\u00edcias de Ribeir\u00e3o Preto-SP e Regi\u00e3o&quot;","block_context":{"text":"Not\u00edcias de Ribeir\u00e3o Preto-SP e Regi\u00e3o","link":"https:\/\/noticiasribeiraopreto.com.br\/index.php\/category\/noticias-de-ribeirao-preto-sp-e-regiao-ismael-colosi\/"},"img":{"alt_text":"","src":"https:\/\/i0.wp.com\/noticiasribeiraopreto.com.br\/wp-content\/uploads\/2024\/09\/WhatsApp-Image-2024-09-26-at-13.40.14-3_2024-09-26_18-01-32_jpeg_2024-09-26_18-01-34-scaled.webp.webp?fit=1200%2C900&ssl=1&resize=350%2C200","width":350,"height":200,"srcset":"https:\/\/i0.wp.com\/noticiasribeiraopreto.com.br\/wp-content\/uploads\/2024\/09\/WhatsApp-Image-2024-09-26-at-13.40.14-3_2024-09-26_18-01-32_jpeg_2024-09-26_18-01-34-scaled.webp.webp?fit=1200%2C900&ssl=1&resize=350%2C200 1x, https:\/\/i0.wp.com\/noticiasribeiraopreto.com.br\/wp-content\/uploads\/2024\/09\/WhatsApp-Image-2024-09-26-at-13.40.14-3_2024-09-26_18-01-32_jpeg_2024-09-26_18-01-34-scaled.webp.webp?fit=1200%2C900&ssl=1&resize=525%2C300 1.5x, https:\/\/i0.wp.com\/noticiasribeiraopreto.com.br\/wp-content\/uploads\/2024\/09\/WhatsApp-Image-2024-09-26-at-13.40.14-3_2024-09-26_18-01-32_jpeg_2024-09-26_18-01-34-scaled.webp.webp?fit=1200%2C900&ssl=1&resize=700%2C400 2x, https:\/\/i0.wp.com\/noticiasribeiraopreto.com.br\/wp-content\/uploads\/2024\/09\/WhatsApp-Image-2024-09-26-at-13.40.14-3_2024-09-26_18-01-32_jpeg_2024-09-26_18-01-34-scaled.webp.webp?fit=1200%2C900&ssl=1&resize=1050%2C600 3x"},"classes":[]},{"id":75400,"url":"https:\/\/noticiasribeiraopreto.com.br\/index.php\/2025\/08\/08\/pelo-2o-dia-seguido-mais-um-veiculo-furtado-e-encontrado-queimado-em-ribeirao-preto\/","url_meta":{"origin":24733,"position":5},"title":"Pelo 2\u00ba dia seguido, mais um ve\u00edculo furtado \u00e9 encontrado queimado em Ribeir\u00e3o Preto","author":"noticiasribeiraopreto.com.br","date":"8 de August de 2025","format":false,"excerpt":"Um ve\u00edculo furtado foi encontrado queimado nesta quinta-feira (7), na regi\u00e3o da Fazenda Experimental, em Ribeir\u00e3o Preto. Este \u00e9 o segundo caso semelhante entre quarta-feira (6) e esta quinta. Segundo a GCM (Guarda Civil Metropolitana), o ve\u00edculo, um Chevrolet Montana, ainda estava em chamas quando a equipe de Patrulha Rural\u2026","rel":"","context":"In &quot;Not\u00edcias de Ribeir\u00e3o Preto-SP e Regi\u00e3o&quot;","block_context":{"text":"Not\u00edcias de Ribeir\u00e3o Preto-SP e Regi\u00e3o","link":"https:\/\/noticiasribeiraopreto.com.br\/index.php\/category\/noticias-de-ribeirao-preto-sp-e-regiao-ismael-colosi\/"},"img":{"alt_text":"","src":"https:\/\/i0.wp.com\/noticiasribeiraopreto.com.br\/wp-content\/uploads\/2025\/08\/WhatsApp-Image-2025-08-08-at-07.31.27_2025-08-08_10-54-37.webp.webp?fit=1200%2C799&ssl=1&resize=350%2C200","width":350,"height":200,"srcset":"https:\/\/i0.wp.com\/noticiasribeiraopreto.com.br\/wp-content\/uploads\/2025\/08\/WhatsApp-Image-2025-08-08-at-07.31.27_2025-08-08_10-54-37.webp.webp?fit=1200%2C799&ssl=1&resize=350%2C200 1x, https:\/\/i0.wp.com\/noticiasribeiraopreto.com.br\/wp-content\/uploads\/2025\/08\/WhatsApp-Image-2025-08-08-at-07.31.27_2025-08-08_10-54-37.webp.webp?fit=1200%2C799&ssl=1&resize=525%2C300 1.5x, https:\/\/i0.wp.com\/noticiasribeiraopreto.com.br\/wp-content\/uploads\/2025\/08\/WhatsApp-Image-2025-08-08-at-07.31.27_2025-08-08_10-54-37.webp.webp?fit=1200%2C799&ssl=1&resize=700%2C400 2x, https:\/\/i0.wp.com\/noticiasribeiraopreto.com.br\/wp-content\/uploads\/2025\/08\/WhatsApp-Image-2025-08-08-at-07.31.27_2025-08-08_10-54-37.webp.webp?fit=1200%2C799&ssl=1&resize=1050%2C600 3x"},"classes":[]}],"jetpack_sharing_enabled":true,"jetpack_shortlink":"https:\/\/wp.me\/peQAOb-6qV","_links":{"self":[{"href":"https:\/\/noticiasribeiraopreto.com.br\/index.php\/wp-json\/wp\/v2\/posts\/24733","targetHints":{"allow":["GET"]}}],"collection":[{"href":"https:\/\/noticiasribeiraopreto.com.br\/index.php\/wp-json\/wp\/v2\/posts"}],"about":[{"href":"https:\/\/noticiasribeiraopreto.com.br\/index.php\/wp-json\/wp\/v2\/types\/post"}],"author":[{"embeddable":true,"href":"https:\/\/noticiasribeiraopreto.com.br\/index.php\/wp-json\/wp\/v2\/users\/1"}],"replies":[{"embeddable":true,"href":"https:\/\/noticiasribeiraopreto.com.br\/index.php\/wp-json\/wp\/v2\/comments?post=24733"}],"version-history":[{"count":0,"href":"https:\/\/noticiasribeiraopreto.com.br\/index.php\/wp-json\/wp\/v2\/posts\/24733\/revisions"}],"wp:featuredmedia":[{"embeddable":true,"href":"https:\/\/noticiasribeiraopreto.com.br\/index.php\/wp-json\/wp\/v2\/media\/24734"}],"wp:attachment":[{"href":"https:\/\/noticiasribeiraopreto.com.br\/index.php\/wp-json\/wp\/v2\/media?parent=24733"}],"wp:term":[{"taxonomy":"category","embeddable":true,"href":"https:\/\/noticiasribeiraopreto.com.br\/index.php\/wp-json\/wp\/v2\/categories?post=24733"},{"taxonomy":"post_tag","embeddable":true,"href":"https:\/\/noticiasribeiraopreto.com.br\/index.php\/wp-json\/wp\/v2\/tags?post=24733"}],"curies":[{"name":"wp","href":"https:\/\/api.w.org\/{rel}","templated":true}]}}