{"id":24766,"date":"2024-01-05T03:51:48","date_gmt":"2024-01-05T06:51:48","guid":{"rendered":"https:\/\/noticiasribeiraopreto.com.br\/index.php\/2024\/01\/05\/apos-colisao-carro-para-dentro-de-lanchonete\/"},"modified":"2024-01-05T03:51:48","modified_gmt":"2024-01-05T06:51:48","slug":"apos-colisao-carro-para-dentro-de-lanchonete","status":"publish","type":"post","link":"https:\/\/noticiasribeiraopreto.com.br\/index.php\/2024\/01\/05\/apos-colisao-carro-para-dentro-de-lanchonete\/","title":{"rendered":"Ap\u00f3s colis\u00e3o carro para dentro de lanchonete"},"content":{"rendered":"<div class='code-block code-block-1' style='margin: 8px 0 8px auto; text-align: right; display: block; clear: both;'>\n<p><a href=\"https:\/\/wa.link\/vpicfd\"><img data-recalc-dims=\"1\" class=\"wp-image-4922\" style=\"aspect-ratio: 2.0253164556962027; width: 561px; height: auto;\" src=\"https:\/\/i0.wp.com\/ismaelcolosi.com.br\/wp-content\/uploads\/2023\/11\/grupo-de-empregos-whatsapp-e-facebook-ismael-colosi-vagas.jpg?ssl=1\" alt=\"\" \/><\/a><\/p>\n<!-- \/wp:image -->\n<\/div>\n<p> <br \/>\n<\/p>\n<div id=\"post-369313\">\n<header class=\"entry-header penci-entry-header penci-title-center\">\n<h2 class=\"penci-post-subtitle\">Um dos motoristas n\u00e3o teria respeitado o sinal de pare e causado a batida<\/h2>\n<p> <span class=\"entry-meta-item penci-posted-on\"><i class=\"fa fa-clock-o\"\/><time class=\"entry-date published updated\" datetime=\"2024-01-04T15:56:34-03:00\">4 de janeiro de 2024 | 15:56<\/time><\/span><\/p>\n<p> <span class=\"penci-social-buttons penci-social-share-footer\"><a href=\"#\" class=\"penci-post-like penci_post-meta_item  single-like-button penci-social-item like\" data-post_id=\"369313\" title=\"Like\" data-like=\"Like\" data-unlike=\"Unlike\"><i class=\"fa fa-thumbs-o-up\"\/><span class=\"penci-share-number\">2<\/span><\/a><i class=\"fa fa-facebook\"\/><a class=\"penci-social-item twitter\" target=\"_blank\" rel=\"noopener\" title=\"\" href=\"https:\/\/twitter.com\/intent\/tweet?text=Ap\u00f3s%20colis\u00e3o%20carro%20para%20dentro%20de%20lanchonete%20-%20https:\/\/www.tribunaribeirao.com.br\/site\/apos-colisao-carro-para-dentro-de-lanchonete\/\"><i class=\"fa fa-twitter\"\/><\/a><i class=\"fa fa-whatsapp\"\/><\/span><\/header>\n<div class=\"penci-entry-content entry-content\">\n<p>Por: Adalberto Luque<\/p>\n<p>Um acidente entre um Fiat Uno Vivace e um HB 20 poderia ter terminado em trag\u00e9dia, no cruzamento da Rua Alfredo Benzoni com Rua Albino Gon\u00e7alves, Jardim Iguatemi, zona Leste de Ribeir\u00e3o Preto. O acidente ocorreu no in\u00edcio da noite desta quarta-feira (03).<\/p>\n<p>Chovia no momento da colis\u00e3o. Um dos carros vinha pela Rua Alfredo Benzoni, que \u00e9 paralela \u00e0 Avenida Le\u00e3o XIII. No cruzamento com a Rua Albino Gon\u00e7alves, h\u00e1 um sinal de pare pintado na via e uma placa na cal\u00e7ada ao lado. O condutor de um dos ve\u00edculos n\u00e3o teria respeitado o sinal.<\/p>\n<figure id=\"attachment_369316\" aria-describedby=\"caption-attachment-369316\" style=\"width: 1000px\" class=\"wp-caption alignnone\"><noscript><img data-recalc-dims=\"1\" loading=\"lazy\" decoding=\"async\" class=\"size-full wp-image-369316\" src=\"https:\/\/i0.wp.com\/www.tribunaribeirao.com.br\/site\/wp-content\/uploads\/2024\/01\/00-04-jan-2024-acidente-lanchonete-02-foto-max-gallao-mesquita-scaled.jpg?resize=1000%2C610&#038;ssl=1\" alt=\"\" width=\"1000\" height=\"610\" srcset=\"https:\/\/www.tribunaribeirao.com.br\/site\/wp-content\/uploads\/2024\/01\/00-04-jan-2024-acidente-lanchonete-02-foto-max-gallao-mesquita-scaled.jpg 1000w, https:\/\/www.tribunaribeirao.com.br\/site\/wp-content\/uploads\/2024\/01\/00-04-jan-2024-acidente-lanchonete-02-foto-max-gallao-mesquita-300x183.jpg 300w, https:\/\/www.tribunaribeirao.com.br\/site\/wp-content\/uploads\/2024\/01\/00-04-jan-2024-acidente-lanchonete-02-foto-max-gallao-mesquita-1024x625.jpg 1024w, https:\/\/www.tribunaribeirao.com.br\/site\/wp-content\/uploads\/2024\/01\/00-04-jan-2024-acidente-lanchonete-02-foto-max-gallao-mesquita-768x468.jpg 768w, https:\/\/www.tribunaribeirao.com.br\/site\/wp-content\/uploads\/2024\/01\/00-04-jan-2024-acidente-lanchonete-02-foto-max-gallao-mesquita-1536x937.jpg 1536w, https:\/\/www.tribunaribeirao.com.br\/site\/wp-content\/uploads\/2024\/01\/00-04-jan-2024-acidente-lanchonete-02-foto-max-gallao-mesquita-960x586.jpg 960w, https:\/\/www.tribunaribeirao.com.br\/site\/wp-content\/uploads\/2024\/01\/00-04-jan-2024-acidente-lanchonete-02-foto-max-gallao-mesquita-656x400.jpg 656w, https:\/\/www.tribunaribeirao.com.br\/site\/wp-content\/uploads\/2024\/01\/00-04-jan-2024-acidente-lanchonete-02-foto-max-gallao-mesquita-585x357.jpg 585w\" sizes=\"auto, (max-width: 1000px) 100vw, 1000px\"\/><\/noscript><figcaption id=\"caption-attachment-369316\" class=\"wp-caption-text\">Depois da batida, carro parou dentro de lanchonete (Foto: Max Gall\u00e3o Mesquita)<\/figcaption><\/figure>\n<p>Ao avan\u00e7ar, ocorreu a colis\u00e3o com o outro carro, que vinha pela Rua Albino Gon\u00e7alves e tinha a prefer\u00eancia. Ap\u00f3s a batida, um dos carros, desgovernado, invadiu a cal\u00e7ada em frente a uma lanchonete.<\/p>\n<p>N\u00e3o havia ningu\u00e9m nas mesas da lanchonete, que havia acabado de abrir as portas para atender aos clientes. Ningu\u00e9m se feriu na colis\u00e3o. Um boletim de ocorr\u00eancia foi registrado e a Pol\u00edcia Civil vai estabelecer as responsabilidades do acidente.<\/p>\n<\/div>\n<footer class=\"penci-entry-footer\"\/><\/div>\n<p><script async src=\"\/\/platform.twitter.com\/widgets.js\" charset=\"utf-8\"><\/script><br \/>\n<br \/><br \/>\n<br \/><a href=\"https:\/\/www.tribunaribeirao.com.br\/site\/apos-colisao-carro-para-dentro-de-lanchonete\/\">Source link <\/a><\/p>\n<!-- CONTENT END 1 -->\n","protected":false},"excerpt":{"rendered":"<p>Um dos motoristas n\u00e3o teria respeitado o sinal de pare e causado a batida 4 de janeiro de 2024 | 15:56 2 Por: Adalberto Luque&#8230;<\/p>\n","protected":false},"author":1,"featured_media":24767,"comment_status":"open","ping_status":"open","sticky":false,"template":"","format":"standard","meta":{"advanced_seo_description":"","jetpack_seo_html_title":"","jetpack_seo_noindex":false,"jetpack_post_was_ever_published":false,"_jetpack_newsletter_access":"","_jetpack_dont_email_post_to_subs":false,"_jetpack_newsletter_tier_id":0,"_jetpack_memberships_contains_paywalled_content":false,"_jetpack_memberships_contains_paid_content":false,"footnotes":"","jetpack_publicize_message":"","jetpack_publicize_feature_enabled":true,"jetpack_social_post_already_shared":true,"jetpack_social_options":{"image_generator_settings":{"template":"highway","default_image_id":0,"font":"","enabled":false},"version":2}},"categories":[11],"tags":[37,295,1556,2776,3042,71],"class_list":["post-24766","post","type-post","status-publish","format-standard","has-post-thumbnail","hentry","category-noticias-de-ribeirao-preto-sp-e-regiao-ismael-colosi","tag-apos","tag-carro","tag-colisao","tag-dentro","tag-lanchonete","tag-para"],"jetpack_publicize_connections":[],"jetpack_featured_media_url":"https:\/\/i0.wp.com\/noticiasribeiraopreto.com.br\/wp-content\/uploads\/2024\/01\/00-04-jan-2024-acidente-lanchonete-01-foto-max-gallao-mesquita-scaled.jpg?fit=1000%2C631&ssl=1","jetpack-related-posts":[{"id":60777,"url":"https:\/\/noticiasribeiraopreto.com.br\/index.php\/2024\/11\/25\/carro-derruba-motos-estacionadas-na-frente-de-lanchonete-em-ribeirao-video\/","url_meta":{"origin":24766,"position":0},"title":"Carro derruba motos estacionadas na frente de lanchonete em Ribeir\u00e3o; V\u00eddeo","author":"noticiasribeiraopreto.com.br","date":"25 de November de 2024","format":false,"excerpt":"Um carro derrubou quatro motos que estavam estacionadas em frente a uma lanchonete, no in\u00edcio da noite deste domingo (24), no Parque dos Servidores, zona Leste de Ribeir\u00e3o Preto. Asista ao v\u00eddeo abaixo. As motos s\u00e3o de funcion\u00e1rios do estabelecimento, localizado na avenida Jos\u00e9 Ant\u00f4nio Ferrarezi. Eles disseram que, ap\u00f3s\u2026","rel":"","context":"In &quot;Not\u00edcias de Ribeir\u00e3o Preto-SP e Regi\u00e3o&quot;","block_context":{"text":"Not\u00edcias de Ribeir\u00e3o Preto-SP e Regi\u00e3o","link":"https:\/\/noticiasribeiraopreto.com.br\/index.php\/category\/noticias-de-ribeirao-preto-sp-e-regiao-ismael-colosi\/"},"img":{"alt_text":"","src":"https:\/\/i0.wp.com\/noticiasribeiraopreto.com.br\/wp-content\/uploads\/2024\/11\/WhatsApp-Image-2024-11-25-at-14.28.03_2024-11-25_17-29-01_jpeg_2024-11-25_17-29-02.webp.webp?fit=1200%2C705&ssl=1&resize=350%2C200","width":350,"height":200,"srcset":"https:\/\/i0.wp.com\/noticiasribeiraopreto.com.br\/wp-content\/uploads\/2024\/11\/WhatsApp-Image-2024-11-25-at-14.28.03_2024-11-25_17-29-01_jpeg_2024-11-25_17-29-02.webp.webp?fit=1200%2C705&ssl=1&resize=350%2C200 1x, https:\/\/i0.wp.com\/noticiasribeiraopreto.com.br\/wp-content\/uploads\/2024\/11\/WhatsApp-Image-2024-11-25-at-14.28.03_2024-11-25_17-29-01_jpeg_2024-11-25_17-29-02.webp.webp?fit=1200%2C705&ssl=1&resize=525%2C300 1.5x, https:\/\/i0.wp.com\/noticiasribeiraopreto.com.br\/wp-content\/uploads\/2024\/11\/WhatsApp-Image-2024-11-25-at-14.28.03_2024-11-25_17-29-01_jpeg_2024-11-25_17-29-02.webp.webp?fit=1200%2C705&ssl=1&resize=700%2C400 2x, https:\/\/i0.wp.com\/noticiasribeiraopreto.com.br\/wp-content\/uploads\/2024\/11\/WhatsApp-Image-2024-11-25-at-14.28.03_2024-11-25_17-29-01_jpeg_2024-11-25_17-29-02.webp.webp?fit=1200%2C705&ssl=1&resize=1050%2C600 3x"},"classes":[]},{"id":82732,"url":"https:\/\/noticiasribeiraopreto.com.br\/index.php\/2026\/02\/25\/mulher-morre-apos-ser-baleada-em-calcada-de-lanchonete-na-regiao-de-ribeirao-preto\/","url_meta":{"origin":24766,"position":1},"title":"Mulher morre ap\u00f3s ser baleada em cal\u00e7ada de lanchonete na regi\u00e3o de Ribeir\u00e3o Preto","author":"noticiasribeiraopreto.com.br","date":"25 de February de 2026","format":false,"excerpt":"Uma mulher de 30 anos morreu ap\u00f3s ser baleada em frente a uma lanchonete na noite desta ter\u00e7a-feira (24), em Morro Agudo, a 70 quil\u00f4metros de Ribeir\u00e3o Preto. O ex-marido da v\u00edtima \u00e9 apontado como principal suspeito do crime. Ele fugiu. Segundo o boletim de ocorr\u00eancia (BO), a v\u00edtima, identificada\u2026","rel":"","context":"In &quot;Not\u00edcias de Ribeir\u00e3o Preto-SP e Regi\u00e3o&quot;","block_context":{"text":"Not\u00edcias de Ribeir\u00e3o Preto-SP e Regi\u00e3o","link":"https:\/\/noticiasribeiraopreto.com.br\/index.php\/category\/noticias-de-ribeirao-preto-sp-e-regiao-ismael-colosi\/"},"img":{"alt_text":"","src":"https:\/\/i0.wp.com\/noticiasribeiraopreto.com.br\/wp-content\/uploads\/2026\/02\/WhatsApp-Image-2026-02-25-at-08.31.03_2026-02-25_11-57-55.webp.webp?fit=1200%2C675&ssl=1&resize=350%2C200","width":350,"height":200,"srcset":"https:\/\/i0.wp.com\/noticiasribeiraopreto.com.br\/wp-content\/uploads\/2026\/02\/WhatsApp-Image-2026-02-25-at-08.31.03_2026-02-25_11-57-55.webp.webp?fit=1200%2C675&ssl=1&resize=350%2C200 1x, https:\/\/i0.wp.com\/noticiasribeiraopreto.com.br\/wp-content\/uploads\/2026\/02\/WhatsApp-Image-2026-02-25-at-08.31.03_2026-02-25_11-57-55.webp.webp?fit=1200%2C675&ssl=1&resize=525%2C300 1.5x, https:\/\/i0.wp.com\/noticiasribeiraopreto.com.br\/wp-content\/uploads\/2026\/02\/WhatsApp-Image-2026-02-25-at-08.31.03_2026-02-25_11-57-55.webp.webp?fit=1200%2C675&ssl=1&resize=700%2C400 2x, https:\/\/i0.wp.com\/noticiasribeiraopreto.com.br\/wp-content\/uploads\/2026\/02\/WhatsApp-Image-2026-02-25-at-08.31.03_2026-02-25_11-57-55.webp.webp?fit=1200%2C675&ssl=1&resize=1050%2C600 3x"},"classes":[]},{"id":84887,"url":"https:\/\/noticiasribeiraopreto.com.br\/index.php\/2026\/04\/17\/carro-capota-apos-bater-em-veiculo-estacionado-na-zona-sul-de-ribeirao-preto-video\/","url_meta":{"origin":24766,"position":2},"title":"Carro capota ap\u00f3s bater em ve\u00edculo estacionado na zona Sul de Ribeir\u00e3o Preto; V\u00eddeo","author":"noticiasribeiraopreto.com.br","date":"17 de April de 2026","format":false,"excerpt":"Ler o resumo da not\u00edcia Na manh\u00e3 de sexta\u2011feira (17), um carro capotou ao colidir com a traseira de outro ve\u00edculo estacionado na rua Itacolomi, zona Sul de Ribeir\u00e3o Preto. A colis\u00e3o foi capturada por c\u00e2mera de seguran\u00e7a local. O ve\u00edculo capotado ficou tombado na via e o carro atingido\u2026","rel":"","context":"In &quot;Not\u00edcias de Ribeir\u00e3o Preto-SP e Regi\u00e3o&quot;","block_context":{"text":"Not\u00edcias de Ribeir\u00e3o Preto-SP e Regi\u00e3o","link":"https:\/\/noticiasribeiraopreto.com.br\/index.php\/category\/noticias-de-ribeirao-preto-sp-e-regiao-ismael-colosi\/"},"img":{"alt_text":"","src":"https:\/\/i0.wp.com\/noticiasribeiraopreto.com.br\/wp-content\/uploads\/2026\/04\/carro_2026-04-17_13-58-26.webp.webp?fit=1200%2C782&ssl=1&resize=350%2C200","width":350,"height":200,"srcset":"https:\/\/i0.wp.com\/noticiasribeiraopreto.com.br\/wp-content\/uploads\/2026\/04\/carro_2026-04-17_13-58-26.webp.webp?fit=1200%2C782&ssl=1&resize=350%2C200 1x, https:\/\/i0.wp.com\/noticiasribeiraopreto.com.br\/wp-content\/uploads\/2026\/04\/carro_2026-04-17_13-58-26.webp.webp?fit=1200%2C782&ssl=1&resize=525%2C300 1.5x, https:\/\/i0.wp.com\/noticiasribeiraopreto.com.br\/wp-content\/uploads\/2026\/04\/carro_2026-04-17_13-58-26.webp.webp?fit=1200%2C782&ssl=1&resize=700%2C400 2x, https:\/\/i0.wp.com\/noticiasribeiraopreto.com.br\/wp-content\/uploads\/2026\/04\/carro_2026-04-17_13-58-26.webp.webp?fit=1200%2C782&ssl=1&resize=1050%2C600 3x"},"classes":[]},{"id":77198,"url":"https:\/\/noticiasribeiraopreto.com.br\/index.php\/2025\/09\/13\/carro-tomba-apos-colisao-em-cruzamento-de-ribeirao-e-quase-atinge-sorveteiro-veja-video\/","url_meta":{"origin":24766,"position":3},"title":"Carro tomba ap\u00f3s colis\u00e3o em cruzamento de Ribeir\u00e3o e quase atinge sorveteiro; veja v\u00eddeo","author":"noticiasribeiraopreto.com.br","date":"13 de September de 2025","format":false,"excerpt":"Um acidente entre dois carros no cruzamento das ruas S\u00e3o Jos\u00e9 e Jo\u00e3o Penteado, na regi\u00e3o do Boulevard, em Ribeir\u00e3o Preto, na tarde deste s\u00e1bado (13), fez um dos ve\u00edculos tombar na cal\u00e7ada e quase atingir um sorveteiro que passava pelo local. Dois jovens seguiam pela Jo\u00e3o Penteado quando o\u2026","rel":"","context":"In &quot;Not\u00edcias de Ribeir\u00e3o Preto-SP e Regi\u00e3o&quot;","block_context":{"text":"Not\u00edcias de Ribeir\u00e3o Preto-SP e Regi\u00e3o","link":"https:\/\/noticiasribeiraopreto.com.br\/index.php\/category\/noticias-de-ribeirao-preto-sp-e-regiao-ismael-colosi\/"},"img":{"alt_text":"","src":"https:\/\/i0.wp.com\/noticiasribeiraopreto.com.br\/wp-content\/uploads\/2025\/09\/Copia-de-Copia-de-Copia-de-TAMANHO-EXATO-PARA-FOTOS-NO-SISTEMA-NOVO-2025-09-13T150246.541_2025-09-13_18-03-14.webp.webp?fit=1200%2C675&ssl=1&resize=350%2C200","width":350,"height":200,"srcset":"https:\/\/i0.wp.com\/noticiasribeiraopreto.com.br\/wp-content\/uploads\/2025\/09\/Copia-de-Copia-de-Copia-de-TAMANHO-EXATO-PARA-FOTOS-NO-SISTEMA-NOVO-2025-09-13T150246.541_2025-09-13_18-03-14.webp.webp?fit=1200%2C675&ssl=1&resize=350%2C200 1x, https:\/\/i0.wp.com\/noticiasribeiraopreto.com.br\/wp-content\/uploads\/2025\/09\/Copia-de-Copia-de-Copia-de-TAMANHO-EXATO-PARA-FOTOS-NO-SISTEMA-NOVO-2025-09-13T150246.541_2025-09-13_18-03-14.webp.webp?fit=1200%2C675&ssl=1&resize=525%2C300 1.5x, https:\/\/i0.wp.com\/noticiasribeiraopreto.com.br\/wp-content\/uploads\/2025\/09\/Copia-de-Copia-de-Copia-de-TAMANHO-EXATO-PARA-FOTOS-NO-SISTEMA-NOVO-2025-09-13T150246.541_2025-09-13_18-03-14.webp.webp?fit=1200%2C675&ssl=1&resize=700%2C400 2x, https:\/\/i0.wp.com\/noticiasribeiraopreto.com.br\/wp-content\/uploads\/2025\/09\/Copia-de-Copia-de-Copia-de-TAMANHO-EXATO-PARA-FOTOS-NO-SISTEMA-NOVO-2025-09-13T150246.541_2025-09-13_18-03-14.webp.webp?fit=1200%2C675&ssl=1&resize=1050%2C600 3x"},"classes":[]},{"id":73737,"url":"https:\/\/noticiasribeiraopreto.com.br\/index.php\/2025\/07\/08\/carro-invade-bar-apos-colisao-com-onibus-na-zona-sul-de-ribeirao-preto-veja-video\/","url_meta":{"origin":24766,"position":4},"title":"Carro invade bar ap\u00f3s colis\u00e3o com \u00f4nibus na zona Sul de Ribeir\u00e3o Preto; veja v\u00eddeo","author":"noticiasribeiraopreto.com.br","date":"8 de July de 2025","format":false,"excerpt":"Um carro invadiu um bar ap\u00f3s ser atingido por um \u00f4nibus do transporte municipal de Ribeir\u00e3o Preto. O acidente aconteceu na noite desta ter\u00e7a-feira (8), na zona Sul da cidade. De acordo com testemunhas, o \u00f4nibus colidiu com a traseira do carro, que rodou na pista e entrou no estabelecimento.\u2026","rel":"","context":"In &quot;Not\u00edcias de Ribeir\u00e3o Preto-SP e Regi\u00e3o&quot;","block_context":{"text":"Not\u00edcias de Ribeir\u00e3o Preto-SP e Regi\u00e3o","link":"https:\/\/noticiasribeiraopreto.com.br\/index.php\/category\/noticias-de-ribeirao-preto-sp-e-regiao-ismael-colosi\/"},"img":{"alt_text":"","src":"https:\/\/i0.wp.com\/noticiasribeiraopreto.com.br\/wp-content\/uploads\/2025\/07\/Copia-de-Copia-de-Copia-de-TAMANHO-EXATO-PARA-FOTOS-NO-SISTEMA-NOVO-2025-07-08T210602.169_2025-07-09_00-06-17.webp.webp?fit=1200%2C675&ssl=1&resize=350%2C200","width":350,"height":200,"srcset":"https:\/\/i0.wp.com\/noticiasribeiraopreto.com.br\/wp-content\/uploads\/2025\/07\/Copia-de-Copia-de-Copia-de-TAMANHO-EXATO-PARA-FOTOS-NO-SISTEMA-NOVO-2025-07-08T210602.169_2025-07-09_00-06-17.webp.webp?fit=1200%2C675&ssl=1&resize=350%2C200 1x, https:\/\/i0.wp.com\/noticiasribeiraopreto.com.br\/wp-content\/uploads\/2025\/07\/Copia-de-Copia-de-Copia-de-TAMANHO-EXATO-PARA-FOTOS-NO-SISTEMA-NOVO-2025-07-08T210602.169_2025-07-09_00-06-17.webp.webp?fit=1200%2C675&ssl=1&resize=525%2C300 1.5x, https:\/\/i0.wp.com\/noticiasribeiraopreto.com.br\/wp-content\/uploads\/2025\/07\/Copia-de-Copia-de-Copia-de-TAMANHO-EXATO-PARA-FOTOS-NO-SISTEMA-NOVO-2025-07-08T210602.169_2025-07-09_00-06-17.webp.webp?fit=1200%2C675&ssl=1&resize=700%2C400 2x, https:\/\/i0.wp.com\/noticiasribeiraopreto.com.br\/wp-content\/uploads\/2025\/07\/Copia-de-Copia-de-Copia-de-TAMANHO-EXATO-PARA-FOTOS-NO-SISTEMA-NOVO-2025-07-08T210602.169_2025-07-09_00-06-17.webp.webp?fit=1200%2C675&ssl=1&resize=1050%2C600 3x"},"classes":[]},{"id":75061,"url":"https:\/\/noticiasribeiraopreto.com.br\/index.php\/2025\/08\/02\/jovem-morre-e-dois-ficam-feridos-apos-colisao-entre-carro-e-caminhao-no-interior-de-sp\/","url_meta":{"origin":24766,"position":5},"title":"Jovem morre e dois ficam feridos ap\u00f3s colis\u00e3o entre carro e caminh\u00e3o no interior de SP","author":"noticiasribeiraopreto.com.br","date":"2 de August de 2025","format":false,"excerpt":"Um jovem de 24 anos morreu na madrugada deste s\u00e1bado (2) ap\u00f3s um acidente entre um carro e um caminh\u00e3o na rodovia Professor Orlando Diniz Junqueira (SP-351), que liga Morro Agudo a Viradouro, no interior de S\u00e3o Paulo. Tiago da Cruz Carlos, morador de Viradouro, dirigia o carro com dois\u2026","rel":"","context":"In &quot;Not\u00edcias de Ribeir\u00e3o Preto-SP e Regi\u00e3o&quot;","block_context":{"text":"Not\u00edcias de Ribeir\u00e3o Preto-SP e Regi\u00e3o","link":"https:\/\/noticiasribeiraopreto.com.br\/index.php\/category\/noticias-de-ribeirao-preto-sp-e-regiao-ismael-colosi\/"},"img":{"alt_text":"","src":"https:\/\/i0.wp.com\/noticiasribeiraopreto.com.br\/wp-content\/uploads\/2025\/08\/Copia-de-Copia-de-Copia-de-TAMANHO-EXATO-PARA-FOTOS-NO-SISTEMA-NOVO-2025-08-02T154209.383_2025-08-02_18-42-27.webp.webp?fit=1200%2C675&ssl=1&resize=350%2C200","width":350,"height":200,"srcset":"https:\/\/i0.wp.com\/noticiasribeiraopreto.com.br\/wp-content\/uploads\/2025\/08\/Copia-de-Copia-de-Copia-de-TAMANHO-EXATO-PARA-FOTOS-NO-SISTEMA-NOVO-2025-08-02T154209.383_2025-08-02_18-42-27.webp.webp?fit=1200%2C675&ssl=1&resize=350%2C200 1x, https:\/\/i0.wp.com\/noticiasribeiraopreto.com.br\/wp-content\/uploads\/2025\/08\/Copia-de-Copia-de-Copia-de-TAMANHO-EXATO-PARA-FOTOS-NO-SISTEMA-NOVO-2025-08-02T154209.383_2025-08-02_18-42-27.webp.webp?fit=1200%2C675&ssl=1&resize=525%2C300 1.5x, https:\/\/i0.wp.com\/noticiasribeiraopreto.com.br\/wp-content\/uploads\/2025\/08\/Copia-de-Copia-de-Copia-de-TAMANHO-EXATO-PARA-FOTOS-NO-SISTEMA-NOVO-2025-08-02T154209.383_2025-08-02_18-42-27.webp.webp?fit=1200%2C675&ssl=1&resize=700%2C400 2x, https:\/\/i0.wp.com\/noticiasribeiraopreto.com.br\/wp-content\/uploads\/2025\/08\/Copia-de-Copia-de-Copia-de-TAMANHO-EXATO-PARA-FOTOS-NO-SISTEMA-NOVO-2025-08-02T154209.383_2025-08-02_18-42-27.webp.webp?fit=1200%2C675&ssl=1&resize=1050%2C600 3x"},"classes":[]}],"jetpack_sharing_enabled":true,"jetpack_shortlink":"https:\/\/wp.me\/peQAOb-6rs","_links":{"self":[{"href":"https:\/\/noticiasribeiraopreto.com.br\/index.php\/wp-json\/wp\/v2\/posts\/24766","targetHints":{"allow":["GET"]}}],"collection":[{"href":"https:\/\/noticiasribeiraopreto.com.br\/index.php\/wp-json\/wp\/v2\/posts"}],"about":[{"href":"https:\/\/noticiasribeiraopreto.com.br\/index.php\/wp-json\/wp\/v2\/types\/post"}],"author":[{"embeddable":true,"href":"https:\/\/noticiasribeiraopreto.com.br\/index.php\/wp-json\/wp\/v2\/users\/1"}],"replies":[{"embeddable":true,"href":"https:\/\/noticiasribeiraopreto.com.br\/index.php\/wp-json\/wp\/v2\/comments?post=24766"}],"version-history":[{"count":0,"href":"https:\/\/noticiasribeiraopreto.com.br\/index.php\/wp-json\/wp\/v2\/posts\/24766\/revisions"}],"wp:featuredmedia":[{"embeddable":true,"href":"https:\/\/noticiasribeiraopreto.com.br\/index.php\/wp-json\/wp\/v2\/media\/24767"}],"wp:attachment":[{"href":"https:\/\/noticiasribeiraopreto.com.br\/index.php\/wp-json\/wp\/v2\/media?parent=24766"}],"wp:term":[{"taxonomy":"category","embeddable":true,"href":"https:\/\/noticiasribeiraopreto.com.br\/index.php\/wp-json\/wp\/v2\/categories?post=24766"},{"taxonomy":"post_tag","embeddable":true,"href":"https:\/\/noticiasribeiraopreto.com.br\/index.php\/wp-json\/wp\/v2\/tags?post=24766"}],"curies":[{"name":"wp","href":"https:\/\/api.w.org\/{rel}","templated":true}]}}