{"id":24774,"date":"2024-01-05T06:12:29","date_gmt":"2024-01-05T09:12:29","guid":{"rendered":"https:\/\/noticiasribeiraopreto.com.br\/index.php\/2024\/01\/05\/as-7-racas-de-caes-japonesas-que-todo-mundo-ama-meu-valor-digital\/"},"modified":"2024-01-05T06:12:29","modified_gmt":"2024-01-05T09:12:29","slug":"as-7-racas-de-caes-japonesas-que-todo-mundo-ama-meu-valor-digital","status":"publish","type":"post","link":"https:\/\/noticiasribeiraopreto.com.br\/index.php\/2024\/01\/05\/as-7-racas-de-caes-japonesas-que-todo-mundo-ama-meu-valor-digital\/","title":{"rendered":"As 7 ra\u00e7as de c\u00e3es japonesas que todo mundo ama &#8211; Meu Valor Digital"},"content":{"rendered":"<div class='code-block code-block-1' style='margin: 8px 0 8px auto; text-align: right; display: block; clear: both;'>\n<p><a href=\"https:\/\/wa.link\/vpicfd\"><img data-recalc-dims=\"1\" class=\"wp-image-4922\" style=\"aspect-ratio: 2.0253164556962027; width: 561px; height: auto;\" src=\"https:\/\/i0.wp.com\/ismaelcolosi.com.br\/wp-content\/uploads\/2023\/11\/grupo-de-empregos-whatsapp-e-facebook-ismael-colosi-vagas.jpg?ssl=1\" alt=\"\" \/><\/a><\/p>\n<!-- \/wp:image -->\n<\/div>\n<p> <br \/>\n<\/p>\n<div>\n<p>No Jap\u00e3o, os c\u00e3es s\u00e3o mais do que simples animais de estima\u00e7\u00e3o \u2013 eles s\u00e3o parte da pr\u00f3pria hist\u00f3ria do pa\u00eds. Conhecidos como \u201cNihon Ken\u201d, os c\u00e3es japoneses t\u00eam sido tudo, desde ca\u00e7adores de javalis at\u00e9 companheiros da alta sociedade.<\/p>\n<p>Algumas dessas ra\u00e7as como o shiba inu, Akita, Kai ken, Kishu e o Shikoku s\u00e3o especialmente importantes e t\u00eam uma hist\u00f3ria que vai l\u00e1 atr\u00e1s, at\u00e9 os tempos antigos.<\/p>\n<p>Mas n\u00e3o s\u00e3o s\u00f3 esses; outras ra\u00e7as que vieram de fora tamb\u00e9m ganharam seu lugar no Jap\u00e3o. A seguir conheceremos melhor essas 7 ra\u00e7as incr\u00edveis, entender o que cada uma tem de especial, porque s\u00e3o t\u00e3o amadas e como se tornaram famosas tanto no Jap\u00e3o quanto no resto do mundo.<\/p>\n<p><strong>Leia +: <\/strong><a href=\"https:\/\/meuvalordigital.com.br\/5-racas-de-caes-mais-raras-do-mundo\/\">5 ra\u00e7as de c\u00e3es mais raras do mundo<\/a><\/p>\n<h2 class=\"wp-block-heading\" id=\"h-shiba-inu\">Shiba Inu<\/h2>\n<div class=\"wp-block-image\">\n<figure class=\"aligncenter size-large\"><img data-recalc-dims=\"1\" fetchpriority=\"high\" decoding=\"async\" width=\"1024\" height=\"660\" alt=\"\" class=\"wp-image-36593\" srcset=\"https:\/\/meuvalordigital.com.br\/wp-content\/uploads\/2024\/01\/Shiba-Inu-1024x660.jpg 1024w, https:\/\/meuvalordigital.com.br\/wp-content\/uploads\/2024\/01\/Shiba-Inu-300x193.jpg 300w, https:\/\/meuvalordigital.com.br\/wp-content\/uploads\/2024\/01\/Shiba-Inu-768x495.jpg 768w, https:\/\/meuvalordigital.com.br\/wp-content\/uploads\/2024\/01\/Shiba-Inu-210x136.jpg 210w, https:\/\/meuvalordigital.com.br\/wp-content\/uploads\/2024\/01\/Shiba-Inu-150x97.jpg 150w, https:\/\/meuvalordigital.com.br\/wp-content\/uploads\/2024\/01\/Shiba-Inu.jpg 1242w\" data-lazy-sizes=\"(max-width: 1024px) 100vw, 1024px\" src=\"https:\/\/i0.wp.com\/meuvalordigital.com.br\/wp-content\/uploads\/2024\/01\/Shiba-Inu-1024x660.jpg?resize=1024%2C660&#038;ssl=1\"\/><noscript><img data-recalc-dims=\"1\" fetchpriority=\"high\" decoding=\"async\" width=\"1024\" height=\"660\" src=\"https:\/\/i0.wp.com\/meuvalordigital.com.br\/wp-content\/uploads\/2024\/01\/Shiba-Inu-1024x660.jpg?resize=1024%2C660&#038;ssl=1\" alt=\"\" class=\"wp-image-36593\" srcset=\"https:\/\/meuvalordigital.com.br\/wp-content\/uploads\/2024\/01\/Shiba-Inu-1024x660.jpg 1024w, https:\/\/meuvalordigital.com.br\/wp-content\/uploads\/2024\/01\/Shiba-Inu-300x193.jpg 300w, https:\/\/meuvalordigital.com.br\/wp-content\/uploads\/2024\/01\/Shiba-Inu-768x495.jpg 768w, https:\/\/meuvalordigital.com.br\/wp-content\/uploads\/2024\/01\/Shiba-Inu-210x136.jpg 210w, https:\/\/meuvalordigital.com.br\/wp-content\/uploads\/2024\/01\/Shiba-Inu-150x97.jpg 150w, https:\/\/meuvalordigital.com.br\/wp-content\/uploads\/2024\/01\/Shiba-Inu.jpg 1242w\" sizes=\"(max-width: 1024px) 100vw, 1024px\"\/><\/noscript><figcaption class=\"wp-element-caption\">Shiba Inu \/ Adobe Stock<\/figcaption><\/figure>\n<\/div>\n<p>Origin\u00e1rio do Jap\u00e3o e com mais de 3.000 anos de hist\u00f3ria, \u00e9 conhecido por sua habilidade de ca\u00e7a em terrenos de mato, perseguindo desde p\u00e1ssaros at\u00e9 animais maiores como cervos e ursos. <\/p>\n<p>Pertencente ao grupo n\u00e3o-esportivo do American Kennel Club, este c\u00e3o pequeno e musculoso se destaca por sua pelagem densa, que varia do preto e castanho ao vermelho e creme. <\/p>\n<p>Ele \u00e9 famoso pelo distintivo \u201cgrito shiba\u201d de excita\u00e7\u00e3o. Este c\u00e3o leal e de natureza ativa e amig\u00e1vel \u00e9 um dos favoritos no Jap\u00e3o, vivendo em m\u00e9dia de 13 a 16 anos.<\/p>\n<h2 class=\"wp-block-heading\" id=\"h-akita\">Akita<\/h2>\n<div class=\"wp-block-image\">\n<figure class=\"aligncenter size-large\"><img data-recalc-dims=\"1\" loading=\"lazy\" decoding=\"async\" width=\"1024\" height=\"660\" alt=\"\" class=\"wp-image-36588\" srcset=\"https:\/\/meuvalordigital.com.br\/wp-content\/uploads\/2024\/01\/Akita-1024x660.jpg 1024w, https:\/\/meuvalordigital.com.br\/wp-content\/uploads\/2024\/01\/Akita-300x193.jpg 300w, https:\/\/meuvalordigital.com.br\/wp-content\/uploads\/2024\/01\/Akita-768x495.jpg 768w, https:\/\/meuvalordigital.com.br\/wp-content\/uploads\/2024\/01\/Akita-210x136.jpg 210w, https:\/\/meuvalordigital.com.br\/wp-content\/uploads\/2024\/01\/Akita-150x97.jpg 150w, https:\/\/meuvalordigital.com.br\/wp-content\/uploads\/2024\/01\/Akita.jpg 1242w\" data-lazy-sizes=\"(max-width: 1024px) 100vw, 1024px\" src=\"https:\/\/i0.wp.com\/meuvalordigital.com.br\/wp-content\/uploads\/2024\/01\/Akita-1024x660.jpg?resize=1024%2C660&#038;ssl=1\"\/><noscript><img data-recalc-dims=\"1\" loading=\"lazy\" decoding=\"async\" width=\"1024\" height=\"660\" src=\"https:\/\/i0.wp.com\/meuvalordigital.com.br\/wp-content\/uploads\/2024\/01\/Akita-1024x660.jpg?resize=1024%2C660&#038;ssl=1\" alt=\"\" class=\"wp-image-36588\" srcset=\"https:\/\/meuvalordigital.com.br\/wp-content\/uploads\/2024\/01\/Akita-1024x660.jpg 1024w, https:\/\/meuvalordigital.com.br\/wp-content\/uploads\/2024\/01\/Akita-300x193.jpg 300w, https:\/\/meuvalordigital.com.br\/wp-content\/uploads\/2024\/01\/Akita-768x495.jpg 768w, https:\/\/meuvalordigital.com.br\/wp-content\/uploads\/2024\/01\/Akita-210x136.jpg 210w, https:\/\/meuvalordigital.com.br\/wp-content\/uploads\/2024\/01\/Akita-150x97.jpg 150w, https:\/\/meuvalordigital.com.br\/wp-content\/uploads\/2024\/01\/Akita.jpg 1242w\" sizes=\"auto, (max-width: 1024px) 100vw, 1024px\"\/><\/noscript><figcaption class=\"wp-element-caption\">Akita \/ Adobe Stock<\/figcaption><\/figure>\n<\/div>\n<p>O Akita, uma ra\u00e7a do tipo spitz com tra\u00e7os compartilhados com outras ra\u00e7as similares, \u00e9 conhecido por sua lealdade, for\u00e7a e afeto, tornando-se um pet familiar popular. <\/p>\n<p>Ap\u00f3s a Segunda Guerra Mundial, chegou aos Estados Unidos, onde rapidamente se tornou querido pelos militares americanos, impulsionando sua popularidade no pa\u00eds. <\/p>\n<p>Esses c\u00e3es, de \u00edndole calma e independente, s\u00e3o cautelosos com estranhos, mas extremamente brincalh\u00f5es e carinhosos com suas fam\u00edlias. Possuem uma pelagem dupla densa em v\u00e1rias cores, incluindo branco, e sua expectativa de vida varia de 10 a 13 anos.<\/p>\n<h2 class=\"wp-block-heading\" id=\"h-spaniel-japones\">Spaniel japon\u00eas <\/h2>\n<div class=\"wp-block-image\">\n<figure class=\"aligncenter size-large\"><img data-recalc-dims=\"1\" loading=\"lazy\" decoding=\"async\" width=\"1024\" height=\"660\" alt=\"\" class=\"wp-image-36590\" srcset=\"https:\/\/meuvalordigital.com.br\/wp-content\/uploads\/2024\/01\/Japanese-Chin-1024x660.jpg 1024w, https:\/\/meuvalordigital.com.br\/wp-content\/uploads\/2024\/01\/Japanese-Chin-300x193.jpg 300w, https:\/\/meuvalordigital.com.br\/wp-content\/uploads\/2024\/01\/Japanese-Chin-768x495.jpg 768w, https:\/\/meuvalordigital.com.br\/wp-content\/uploads\/2024\/01\/Japanese-Chin-210x136.jpg 210w, https:\/\/meuvalordigital.com.br\/wp-content\/uploads\/2024\/01\/Japanese-Chin-150x97.jpg 150w, https:\/\/meuvalordigital.com.br\/wp-content\/uploads\/2024\/01\/Japanese-Chin.jpg 1242w\" data-lazy-sizes=\"(max-width: 1024px) 100vw, 1024px\" src=\"https:\/\/i0.wp.com\/meuvalordigital.com.br\/wp-content\/uploads\/2024\/01\/Japanese-Chin-1024x660.jpg?resize=1024%2C660&#038;ssl=1\"\/><noscript><img data-recalc-dims=\"1\" loading=\"lazy\" decoding=\"async\" width=\"1024\" height=\"660\" src=\"https:\/\/i0.wp.com\/meuvalordigital.com.br\/wp-content\/uploads\/2024\/01\/Japanese-Chin-1024x660.jpg?resize=1024%2C660&#038;ssl=1\" alt=\"\" class=\"wp-image-36590\" srcset=\"https:\/\/meuvalordigital.com.br\/wp-content\/uploads\/2024\/01\/Japanese-Chin-1024x660.jpg 1024w, https:\/\/meuvalordigital.com.br\/wp-content\/uploads\/2024\/01\/Japanese-Chin-300x193.jpg 300w, https:\/\/meuvalordigital.com.br\/wp-content\/uploads\/2024\/01\/Japanese-Chin-768x495.jpg 768w, https:\/\/meuvalordigital.com.br\/wp-content\/uploads\/2024\/01\/Japanese-Chin-210x136.jpg 210w, https:\/\/meuvalordigital.com.br\/wp-content\/uploads\/2024\/01\/Japanese-Chin-150x97.jpg 150w, https:\/\/meuvalordigital.com.br\/wp-content\/uploads\/2024\/01\/Japanese-Chin.jpg 1242w\" sizes=\"auto, (max-width: 1024px) 100vw, 1024px\"\/><\/noscript><figcaption class=\"wp-element-caption\">Japanese Chin \/ Adobe Stock<\/figcaption><\/figure>\n<\/div>\n<p>\u00c9 uma ra\u00e7a elegante e charmosa que, apesar do nome, tem suas origens na Coreia ou China, datando de mais de 500 anos atr\u00e1s. <\/p>\n<p>Tornou-se um s\u00edmbolo de prest\u00edgio na aristocracia japonesa, frequentemente ofertado a diplomatas e nobres como um sinal de honra. <\/p>\n<p>Esses c\u00e3es, que pesam entre 3 a 5 kg, s\u00e3o conhecidos por sua lealdade e natureza afetuosa, fazendo deles companheiros ideais para ambientes internos. <\/p>\n<p>Sua apar\u00eancia distinta, com pelagem longa e lisa, lembra outras ra\u00e7as orientais como pugs e shih tzus e tem uma expectativa de vida de 10 a 14 anos.<\/p>\n<h2 class=\"wp-block-heading\" id=\"h-shikoku\">Shikoku<\/h2>\n<div class=\"wp-block-image\">\n<figure class=\"aligncenter size-large\"><img data-recalc-dims=\"1\" loading=\"lazy\" decoding=\"async\" width=\"1024\" height=\"660\" alt=\"\" class=\"wp-image-36594\" srcset=\"https:\/\/meuvalordigital.com.br\/wp-content\/uploads\/2024\/01\/Shikoku-1024x660.jpg 1024w, https:\/\/meuvalordigital.com.br\/wp-content\/uploads\/2024\/01\/Shikoku-300x193.jpg 300w, https:\/\/meuvalordigital.com.br\/wp-content\/uploads\/2024\/01\/Shikoku-768x495.jpg 768w, https:\/\/meuvalordigital.com.br\/wp-content\/uploads\/2024\/01\/Shikoku-210x136.jpg 210w, https:\/\/meuvalordigital.com.br\/wp-content\/uploads\/2024\/01\/Shikoku-150x97.jpg 150w, https:\/\/meuvalordigital.com.br\/wp-content\/uploads\/2024\/01\/Shikoku.jpg 1242w\" data-lazy-sizes=\"(max-width: 1024px) 100vw, 1024px\" src=\"https:\/\/i0.wp.com\/meuvalordigital.com.br\/wp-content\/uploads\/2024\/01\/Shikoku-1024x660.jpg?resize=1024%2C660&#038;ssl=1\"\/><noscript><img data-recalc-dims=\"1\" loading=\"lazy\" decoding=\"async\" width=\"1024\" height=\"660\" src=\"https:\/\/i0.wp.com\/meuvalordigital.com.br\/wp-content\/uploads\/2024\/01\/Shikoku-1024x660.jpg?resize=1024%2C660&#038;ssl=1\" alt=\"\" class=\"wp-image-36594\" srcset=\"https:\/\/meuvalordigital.com.br\/wp-content\/uploads\/2024\/01\/Shikoku-1024x660.jpg 1024w, https:\/\/meuvalordigital.com.br\/wp-content\/uploads\/2024\/01\/Shikoku-300x193.jpg 300w, https:\/\/meuvalordigital.com.br\/wp-content\/uploads\/2024\/01\/Shikoku-768x495.jpg 768w, https:\/\/meuvalordigital.com.br\/wp-content\/uploads\/2024\/01\/Shikoku-210x136.jpg 210w, https:\/\/meuvalordigital.com.br\/wp-content\/uploads\/2024\/01\/Shikoku-150x97.jpg 150w, https:\/\/meuvalordigital.com.br\/wp-content\/uploads\/2024\/01\/Shikoku.jpg 1242w\" sizes=\"auto, (max-width: 1024px) 100vw, 1024px\"\/><\/noscript><figcaption class=\"wp-element-caption\">Shikoku \/ Adobe Stock<\/figcaption><\/figure>\n<\/div>\n<p>Origin\u00e1rio do Jap\u00e3o, o Shikoku, tamb\u00e9m conhecido como \u201cShikoku inu\u201d ou \u201cKochi-ken\u201d, \u00e9 uma ra\u00e7a ancestral de c\u00e3es de ca\u00e7a, especialmente habilidosos no rastreamento de javalis selvagens. <\/p>\n<p>Valorizados por sua intelig\u00eancia, resist\u00eancia e capacidade de alerta, esses c\u00e3es s\u00e3o conhecidos por sua lealdade e temperamento d\u00f3cil com seus donos, contrastando com seu vigor na ca\u00e7a. <\/p>\n<p>Com uma altura que varia de 43 a 56 cent\u00edmetros e pesando entre 16 a 25 kg, o Shikoku possui uma pelagem externa \u00e1spera e reta e uma interna macia e densa.<\/p>\n<p>Com uma expectativa de vida de 10 a 12 anos, essa ra\u00e7a, apesar de n\u00e3o ser oficialmente reconhecida pelo AKC, \u00e9 parte do Servi\u00e7o de Estoque Fundador da organiza\u00e7\u00e3o.<\/p>\n<p><strong>Leia +: <\/strong><a href=\"https:\/\/meuvalordigital.com.br\/8-racas-de-cachorro-mais-populares-do-brasil\/\">8 ra\u00e7as de cachorro mais populares do Brasil<\/a><\/p>\n<h2 class=\"wp-block-heading\" id=\"h-tosa-inu\">Tosa Inu<\/h2>\n<div class=\"wp-block-image\">\n<figure class=\"aligncenter size-large\"><img data-recalc-dims=\"1\" loading=\"lazy\" decoding=\"async\" width=\"1024\" height=\"660\" alt=\"\" class=\"wp-image-36595\" srcset=\"https:\/\/meuvalordigital.com.br\/wp-content\/uploads\/2024\/01\/Tosa-Inu-1024x660.jpg 1024w, https:\/\/meuvalordigital.com.br\/wp-content\/uploads\/2024\/01\/Tosa-Inu-300x193.jpg 300w, https:\/\/meuvalordigital.com.br\/wp-content\/uploads\/2024\/01\/Tosa-Inu-768x495.jpg 768w, https:\/\/meuvalordigital.com.br\/wp-content\/uploads\/2024\/01\/Tosa-Inu-210x136.jpg 210w, https:\/\/meuvalordigital.com.br\/wp-content\/uploads\/2024\/01\/Tosa-Inu-150x97.jpg 150w, https:\/\/meuvalordigital.com.br\/wp-content\/uploads\/2024\/01\/Tosa-Inu.jpg 1242w\" data-lazy-sizes=\"(max-width: 1024px) 100vw, 1024px\" src=\"https:\/\/i0.wp.com\/meuvalordigital.com.br\/wp-content\/uploads\/2024\/01\/Tosa-Inu-1024x660.jpg?resize=1024%2C660&#038;ssl=1\"\/><noscript><img data-recalc-dims=\"1\" loading=\"lazy\" decoding=\"async\" width=\"1024\" height=\"660\" src=\"https:\/\/i0.wp.com\/meuvalordigital.com.br\/wp-content\/uploads\/2024\/01\/Tosa-Inu-1024x660.jpg?resize=1024%2C660&#038;ssl=1\" alt=\"\" class=\"wp-image-36595\" srcset=\"https:\/\/meuvalordigital.com.br\/wp-content\/uploads\/2024\/01\/Tosa-Inu-1024x660.jpg 1024w, https:\/\/meuvalordigital.com.br\/wp-content\/uploads\/2024\/01\/Tosa-Inu-300x193.jpg 300w, https:\/\/meuvalordigital.com.br\/wp-content\/uploads\/2024\/01\/Tosa-Inu-768x495.jpg 768w, https:\/\/meuvalordigital.com.br\/wp-content\/uploads\/2024\/01\/Tosa-Inu-210x136.jpg 210w, https:\/\/meuvalordigital.com.br\/wp-content\/uploads\/2024\/01\/Tosa-Inu-150x97.jpg 150w, https:\/\/meuvalordigital.com.br\/wp-content\/uploads\/2024\/01\/Tosa-Inu.jpg 1242w\" sizes=\"auto, (max-width: 1024px) 100vw, 1024px\"\/><\/noscript><figcaption class=\"wp-element-caption\">Tosa Inu \/ Adobe Stock<\/figcaption><\/figure>\n<\/div>\n<p>A maior ra\u00e7a japonesa, \u00e9 um mastim raro, originalmente desenvolvido para ser um c\u00e3o de luta supremo na regi\u00e3o de Tosa, onde as lutas de c\u00e3es eram um esporte tradicional. <\/p>\n<p>Conhecido tamb\u00e9m como Tosa Ken e mastim japon\u00eas, esta ra\u00e7a ainda \u00e9 usada em combates no Jap\u00e3o, onde a pr\u00e1tica \u00e9 legal. <\/p>\n<p>Apesar de sua apar\u00eancia intimidadora, os Tosas s\u00e3o afei\u00e7oados e tranquilos com suas fam\u00edlias, embora possam ser reservados com estranhos e vigilantes com outros c\u00e3es, especialmente os desconhecidos. <\/p>\n<p>Com uma pelagem curta e densa em v\u00e1rias cores e uma expectativa de vida de 10 a 12 anos, o Tosa Inu \u00e9 uma ra\u00e7a imponente, tanto em estatura quanto em car\u00e1ter.<\/p>\n<h2 class=\"wp-block-heading\" id=\"h-kai-ken\">Kai Ken<\/h2>\n<div class=\"wp-block-image\">\n<figure class=\"aligncenter size-large\"><img data-recalc-dims=\"1\" loading=\"lazy\" decoding=\"async\" width=\"1024\" height=\"660\" alt=\"\" class=\"wp-image-36591\" srcset=\"https:\/\/meuvalordigital.com.br\/wp-content\/uploads\/2024\/01\/Kai-Ken-1024x660.jpg 1024w, https:\/\/meuvalordigital.com.br\/wp-content\/uploads\/2024\/01\/Kai-Ken-300x193.jpg 300w, https:\/\/meuvalordigital.com.br\/wp-content\/uploads\/2024\/01\/Kai-Ken-768x495.jpg 768w, https:\/\/meuvalordigital.com.br\/wp-content\/uploads\/2024\/01\/Kai-Ken-210x136.jpg 210w, https:\/\/meuvalordigital.com.br\/wp-content\/uploads\/2024\/01\/Kai-Ken-150x97.jpg 150w, https:\/\/meuvalordigital.com.br\/wp-content\/uploads\/2024\/01\/Kai-Ken.jpg 1242w\" data-lazy-sizes=\"(max-width: 1024px) 100vw, 1024px\" src=\"https:\/\/i0.wp.com\/meuvalordigital.com.br\/wp-content\/uploads\/2024\/01\/Kai-Ken-1024x660.jpg?resize=1024%2C660&#038;ssl=1\"\/><noscript><img data-recalc-dims=\"1\" loading=\"lazy\" decoding=\"async\" width=\"1024\" height=\"660\" src=\"https:\/\/i0.wp.com\/meuvalordigital.com.br\/wp-content\/uploads\/2024\/01\/Kai-Ken-1024x660.jpg?resize=1024%2C660&#038;ssl=1\" alt=\"\" class=\"wp-image-36591\" srcset=\"https:\/\/meuvalordigital.com.br\/wp-content\/uploads\/2024\/01\/Kai-Ken-1024x660.jpg 1024w, https:\/\/meuvalordigital.com.br\/wp-content\/uploads\/2024\/01\/Kai-Ken-300x193.jpg 300w, https:\/\/meuvalordigital.com.br\/wp-content\/uploads\/2024\/01\/Kai-Ken-768x495.jpg 768w, https:\/\/meuvalordigital.com.br\/wp-content\/uploads\/2024\/01\/Kai-Ken-210x136.jpg 210w, https:\/\/meuvalordigital.com.br\/wp-content\/uploads\/2024\/01\/Kai-Ken-150x97.jpg 150w, https:\/\/meuvalordigital.com.br\/wp-content\/uploads\/2024\/01\/Kai-Ken.jpg 1242w\" sizes=\"auto, (max-width: 1024px) 100vw, 1024px\"\/><\/noscript><figcaption class=\"wp-element-caption\">Kai Ken \/ Adobe Stock<\/figcaption><\/figure>\n<\/div>\n<p>\u00c9 uma das ra\u00e7as nativas do Jap\u00e3o, era tradicionalmente usado para ca\u00e7a nas montanhas Kai, demonstrando uma not\u00e1vel versatilidade e habilidade em terrenos desafiadores. <\/p>\n<p>Esta ra\u00e7a, conhecida por sua intelig\u00eancia e desejo de agradar, \u00e9 uma das mais raras. Caracteriza-se por ser um guardi\u00e3o leal e confi\u00e1vel para sua fam\u00edlia, combinando atletismo com um forte instinto de ca\u00e7a. <\/p>\n<p>Capazes de escalar \u00e1rvores e nadar em rios em persegui\u00e7\u00e3o \u00e0 presa, os Kai Kens possuem uma pelagem tigrada \u00fanica em preto, vermelho ou padr\u00e3o tigrado, ideal para camuflagem e t\u00eam uma expectativa de vida de 12 a 15 anos, fazendo deles companheiros duradouros e adapt\u00e1veis.<\/p>\n<h2 class=\"wp-block-heading\" id=\"h-kishu-ken\">Kishu Ken<\/h2>\n<div class=\"wp-block-image\">\n<figure class=\"aligncenter size-large\"><img data-recalc-dims=\"1\" loading=\"lazy\" decoding=\"async\" width=\"1024\" height=\"660\" alt=\"\" class=\"wp-image-36592\" srcset=\"https:\/\/meuvalordigital.com.br\/wp-content\/uploads\/2024\/01\/Kishu-1024x660.jpg 1024w, https:\/\/meuvalordigital.com.br\/wp-content\/uploads\/2024\/01\/Kishu-300x193.jpg 300w, https:\/\/meuvalordigital.com.br\/wp-content\/uploads\/2024\/01\/Kishu-768x495.jpg 768w, https:\/\/meuvalordigital.com.br\/wp-content\/uploads\/2024\/01\/Kishu-210x136.jpg 210w, https:\/\/meuvalordigital.com.br\/wp-content\/uploads\/2024\/01\/Kishu-150x97.jpg 150w, https:\/\/meuvalordigital.com.br\/wp-content\/uploads\/2024\/01\/Kishu.jpg 1242w\" data-lazy-sizes=\"(max-width: 1024px) 100vw, 1024px\" src=\"https:\/\/i0.wp.com\/meuvalordigital.com.br\/wp-content\/uploads\/2024\/01\/Kishu-1024x660.jpg?resize=1024%2C660&#038;ssl=1\"\/><noscript><img data-recalc-dims=\"1\" loading=\"lazy\" decoding=\"async\" width=\"1024\" height=\"660\" src=\"https:\/\/i0.wp.com\/meuvalordigital.com.br\/wp-content\/uploads\/2024\/01\/Kishu-1024x660.jpg?resize=1024%2C660&#038;ssl=1\" alt=\"\" class=\"wp-image-36592\" srcset=\"https:\/\/meuvalordigital.com.br\/wp-content\/uploads\/2024\/01\/Kishu-1024x660.jpg 1024w, https:\/\/meuvalordigital.com.br\/wp-content\/uploads\/2024\/01\/Kishu-300x193.jpg 300w, https:\/\/meuvalordigital.com.br\/wp-content\/uploads\/2024\/01\/Kishu-768x495.jpg 768w, https:\/\/meuvalordigital.com.br\/wp-content\/uploads\/2024\/01\/Kishu-210x136.jpg 210w, https:\/\/meuvalordigital.com.br\/wp-content\/uploads\/2024\/01\/Kishu-150x97.jpg 150w, https:\/\/meuvalordigital.com.br\/wp-content\/uploads\/2024\/01\/Kishu.jpg 1242w\" sizes=\"auto, (max-width: 1024px) 100vw, 1024px\"\/><\/noscript><figcaption class=\"wp-element-caption\">Kishu \/ Adobe Stock<\/figcaption><\/figure>\n<\/div>\n<p>O Kishu Ken \u00e9 uma ra\u00e7a que se originou dos c\u00e3es robustos e de tamanho m\u00e9dio das montanhas japonesas, h\u00e1 s\u00e9culos utilizados na ca\u00e7a de javalis e cervos.<\/p>\n<p>Esta ra\u00e7a, um s\u00edmbolo natural para os japoneses, teve seu aprimoramento concentrado na regi\u00e3o de Wakayama, onde os ca\u00e7adores valorizavam sua pelagem predominantemente branca pela facilidade de visualiza\u00e7\u00e3o.<\/p>\n<p>Embora anteriormente existissem Kishus de v\u00e1rias cores, incluindo vermelho, tigrado e manchado, a prefer\u00eancia por cores s\u00f3lidas levou ao desaparecimento das varia\u00e7\u00f5es manchadas at\u00e9 1945.<\/p>\n<p>O Kishu Ken possui uma pelagem curta, reta, apresentando-se principalmente em branco, mas tamb\u00e9m em vermelho e preto com castanho. Sua expectativa de vida gira em torno de 11 a 13 anos.<\/p>\n<\/div>\n<p><br \/>\n<br \/><a href=\"https:\/\/meuvalordigital.com.br\/as-7-racas-de-caes-japonesas-que-todo-mundo-ama\/\">Source link <\/a><\/p>\n<!-- CONTENT END 1 -->\n","protected":false},"excerpt":{"rendered":"<p>No Jap\u00e3o, os c\u00e3es s\u00e3o mais do que simples animais de estima\u00e7\u00e3o \u2013 eles s\u00e3o parte da pr\u00f3pria hist\u00f3ria do pa\u00eds. Conhecidos como \u201cNihon Ken\u201d,&#8230;<\/p>\n","protected":false},"author":1,"featured_media":24775,"comment_status":"open","ping_status":"open","sticky":false,"template":"","format":"standard","meta":{"advanced_seo_description":"","jetpack_seo_html_title":"","jetpack_seo_noindex":false,"jetpack_post_was_ever_published":false,"_jetpack_newsletter_access":"","_jetpack_dont_email_post_to_subs":false,"_jetpack_newsletter_tier_id":0,"_jetpack_memberships_contains_paywalled_content":false,"_jetpack_memberships_contains_paid_content":false,"footnotes":"","jetpack_publicize_message":"","jetpack_publicize_feature_enabled":true,"jetpack_social_post_already_shared":true,"jetpack_social_options":{"image_generator_settings":{"template":"highway","default_image_id":0,"font":"","enabled":false},"version":2}},"categories":[7],"tags":[],"class_list":["post-24774","post","type-post","status-publish","format-standard","has-post-thumbnail","hentry","category-vagas-de-empregos-em-ribeirao-preto-regiao-brasil"],"jetpack_publicize_connections":[],"jetpack_featured_media_url":"https:\/\/i0.wp.com\/noticiasribeiraopreto.com.br\/wp-content\/uploads\/2024\/01\/Cachorros-Japao.jpg?fit=1242%2C800&ssl=1","jetpack-related-posts":[{"id":23823,"url":"https:\/\/noticiasribeiraopreto.com.br\/index.php\/2024\/01\/03\/5-racas-de-caes-mais-raras-do-mundo-meu-valor-digital\/","url_meta":{"origin":24774,"position":0},"title":"5 ra\u00e7as de c\u00e3es mais raras do mundo &#8211; Meu Valor Digital","author":"noticiasribeiraopreto.com.br","date":"3 de January de 2024","format":false,"excerpt":"Os c\u00e3es s\u00e3o, sem d\u00favidas, os animais mais amados pelos humanos. A paix\u00e3o pelos cachorros \u00e9 por conta de diversas caracter\u00edsticas encantadoras aos olhos dos tutores, como o companheirismo e a lealdade desses animais. Entretanto, existem ra\u00e7as rar\u00edssimas que a maioria das pessoas sequer ouviu falar.\u00a0 As ra\u00e7as raras, possuem\u2026","rel":"","context":"In &quot;Vagas de Emprego em Ribeir\u00e3o Preto-SP&quot;","block_context":{"text":"Vagas de Emprego em Ribeir\u00e3o Preto-SP","link":"https:\/\/noticiasribeiraopreto.com.br\/index.php\/category\/empregos-classificados-vagas-trabalho\/vagas-de-empregos-em-ribeirao-preto-regiao-brasil\/"},"img":{"alt_text":"","src":"https:\/\/i0.wp.com\/noticiasribeiraopreto.com.br\/wp-content\/uploads\/2024\/01\/Cachorros.jpg?fit=1200%2C773&ssl=1&resize=350%2C200","width":350,"height":200,"srcset":"https:\/\/i0.wp.com\/noticiasribeiraopreto.com.br\/wp-content\/uploads\/2024\/01\/Cachorros.jpg?fit=1200%2C773&ssl=1&resize=350%2C200 1x, https:\/\/i0.wp.com\/noticiasribeiraopreto.com.br\/wp-content\/uploads\/2024\/01\/Cachorros.jpg?fit=1200%2C773&ssl=1&resize=525%2C300 1.5x, https:\/\/i0.wp.com\/noticiasribeiraopreto.com.br\/wp-content\/uploads\/2024\/01\/Cachorros.jpg?fit=1200%2C773&ssl=1&resize=700%2C400 2x, https:\/\/i0.wp.com\/noticiasribeiraopreto.com.br\/wp-content\/uploads\/2024\/01\/Cachorros.jpg?fit=1200%2C773&ssl=1&resize=1050%2C600 3x"},"classes":[]},{"id":22536,"url":"https:\/\/noticiasribeiraopreto.com.br\/index.php\/2023\/12\/30\/5-racas-de-cachorro-com-a-mordida-mais-forte-do-mundo-meu-valor-digital\/","url_meta":{"origin":24774,"position":1},"title":"5 ra\u00e7as de cachorro com a mordida mais forte do mundo &#8211; Meu Valor Digital","author":"noticiasribeiraopreto.com.br","date":"30 de December de 2023","format":false,"excerpt":"\u00c9 normal que as pessoas imaginem quais s\u00e3o as ra\u00e7as de cachorro com a mordida mais forte do mundo, por\u00e9m, os c\u00e3es de grande porte mais conhecidos pelos brasileiros n\u00e3o est\u00e3o presentes entre as mordidas mais fortes. Muitos pensam que o Pitbull \u00e9 o caminho com a maior for\u00e7a na\u2026","rel":"","context":"In &quot;Vagas de Emprego em Ribeir\u00e3o Preto-SP&quot;","block_context":{"text":"Vagas de Emprego em Ribeir\u00e3o Preto-SP","link":"https:\/\/noticiasribeiraopreto.com.br\/index.php\/category\/empregos-classificados-vagas-trabalho\/vagas-de-empregos-em-ribeirao-preto-regiao-brasil\/"},"img":{"alt_text":"","src":"https:\/\/i0.wp.com\/noticiasribeiraopreto.com.br\/wp-content\/uploads\/2023\/12\/Cachorro-Bravo.jpg?fit=1200%2C773&ssl=1&resize=350%2C200","width":350,"height":200,"srcset":"https:\/\/i0.wp.com\/noticiasribeiraopreto.com.br\/wp-content\/uploads\/2023\/12\/Cachorro-Bravo.jpg?fit=1200%2C773&ssl=1&resize=350%2C200 1x, https:\/\/i0.wp.com\/noticiasribeiraopreto.com.br\/wp-content\/uploads\/2023\/12\/Cachorro-Bravo.jpg?fit=1200%2C773&ssl=1&resize=525%2C300 1.5x, https:\/\/i0.wp.com\/noticiasribeiraopreto.com.br\/wp-content\/uploads\/2023\/12\/Cachorro-Bravo.jpg?fit=1200%2C773&ssl=1&resize=700%2C400 2x, https:\/\/i0.wp.com\/noticiasribeiraopreto.com.br\/wp-content\/uploads\/2023\/12\/Cachorro-Bravo.jpg?fit=1200%2C773&ssl=1&resize=1050%2C600 3x"},"classes":[]},{"id":23346,"url":"https:\/\/noticiasribeiraopreto.com.br\/index.php\/2024\/01\/02\/5-racas-de-caes-ameacadas-de-extincao-meu-valor-digital\/","url_meta":{"origin":24774,"position":2},"title":"5 ra\u00e7as de c\u00e3es amea\u00e7adas de extin\u00e7\u00e3o &#8211; Meu Valor Digital","author":"noticiasribeiraopreto.com.br","date":"2 de January de 2024","format":false,"excerpt":"Cada vez mais algumas ra\u00e7as caninas est\u00e3o enfrentando problemas para continuar existindo, existem ra\u00e7as que est\u00e3o beirando a extin\u00e7\u00e3o e que est\u00e3o lutando para continuar existindo. As ra\u00e7as menos conhecidas e raras est\u00e3o encarando uma verdadeira luta para continuar existindo. Algumas ra\u00e7as caninas registram n\u00fameros anuais inferiores a 100 exemplares\u2026","rel":"","context":"In &quot;Vagas de Emprego em Ribeir\u00e3o Preto-SP&quot;","block_context":{"text":"Vagas de Emprego em Ribeir\u00e3o Preto-SP","link":"https:\/\/noticiasribeiraopreto.com.br\/index.php\/category\/empregos-classificados-vagas-trabalho\/vagas-de-empregos-em-ribeirao-preto-regiao-brasil\/"},"img":{"alt_text":"","src":"https:\/\/i0.wp.com\/noticiasribeiraopreto.com.br\/wp-content\/uploads\/2024\/01\/cachorro-inteligente-pesquisando-novas-racas.jpg?fit=1200%2C800&ssl=1&resize=350%2C200","width":350,"height":200,"srcset":"https:\/\/i0.wp.com\/noticiasribeiraopreto.com.br\/wp-content\/uploads\/2024\/01\/cachorro-inteligente-pesquisando-novas-racas.jpg?fit=1200%2C800&ssl=1&resize=350%2C200 1x, https:\/\/i0.wp.com\/noticiasribeiraopreto.com.br\/wp-content\/uploads\/2024\/01\/cachorro-inteligente-pesquisando-novas-racas.jpg?fit=1200%2C800&ssl=1&resize=525%2C300 1.5x, https:\/\/i0.wp.com\/noticiasribeiraopreto.com.br\/wp-content\/uploads\/2024\/01\/cachorro-inteligente-pesquisando-novas-racas.jpg?fit=1200%2C800&ssl=1&resize=700%2C400 2x, https:\/\/i0.wp.com\/noticiasribeiraopreto.com.br\/wp-content\/uploads\/2024\/01\/cachorro-inteligente-pesquisando-novas-racas.jpg?fit=1200%2C800&ssl=1&resize=1050%2C600 3x"},"classes":[]},{"id":68593,"url":"https:\/\/noticiasribeiraopreto.com.br\/index.php\/2025\/04\/26\/jornal-da-franca-revelada-a-raca-de-cachorro-mais-fiel-do-mundo-veja-o-ranking-da-lealdade-canina\/","url_meta":{"origin":24774,"position":3},"title":"Jornal da Franca &#8211; Revelada a ra\u00e7a de cachorro mais fiel do mundo. Veja o ranking da lealdade canina","author":"noticiasribeiraopreto.com.br","date":"26 de April de 2025","format":false,"excerpt":"compartilhar no whatsapp compartilhar no telegram compartilhar no facebook compartilhar no linkedin O v\u00ednculo entre humanos e os c\u00e3es \u00e9 \u00fanico e especial, e cada animal de estima\u00e7\u00e3o pode ser o mais fiel do mundo para seu tutor. Os\u00a0c\u00e3es\u00a0s\u00e3o conhecidos por sua lealdade inabal\u00e1vel, um tra\u00e7o que os tornou companheiros\u2026","rel":"","context":"In &quot;Not\u00edcias de Franca-SP&quot;","block_context":{"text":"Not\u00edcias de Franca-SP","link":"https:\/\/noticiasribeiraopreto.com.br\/index.php\/category\/noticias-de-ribeirao-preto-sp-e-regiao-ismael-colosi\/noticias-franca-sp\/"},"img":{"alt_text":"","src":"https:\/\/i0.wp.com\/noticiasribeiraopreto.com.br\/wp-content\/uploads\/2025\/04\/36837.jpg?fit=1000%2C666&ssl=1&resize=350%2C200","width":350,"height":200,"srcset":"https:\/\/i0.wp.com\/noticiasribeiraopreto.com.br\/wp-content\/uploads\/2025\/04\/36837.jpg?fit=1000%2C666&ssl=1&resize=350%2C200 1x, https:\/\/i0.wp.com\/noticiasribeiraopreto.com.br\/wp-content\/uploads\/2025\/04\/36837.jpg?fit=1000%2C666&ssl=1&resize=525%2C300 1.5x, https:\/\/i0.wp.com\/noticiasribeiraopreto.com.br\/wp-content\/uploads\/2025\/04\/36837.jpg?fit=1000%2C666&ssl=1&resize=700%2C400 2x"},"classes":[]},{"id":19308,"url":"https:\/\/noticiasribeiraopreto.com.br\/index.php\/2023\/12\/22\/10-racas-de-caes-da-america-latina-meu-valor-digital\/","url_meta":{"origin":24774,"position":4},"title":"10 ra\u00e7as de c\u00e3es da Am\u00e9rica Latina &#8211; Meu Valor Digital","author":"noticiasribeiraopreto.com.br","date":"22 de December de 2023","format":false,"excerpt":"Quando muitos pensam em c\u00e3es da Am\u00e9rica Latina, \u00e9 prov\u00e1vel que o primeiro que venha \u00e0 mente seja o Chihuahua, um c\u00e3ozinho mexicano super conhecido. Mas, sabia que a Am\u00e9rica Latina \u00e9 um verdadeiro celeiro de ra\u00e7as caninas? Ela \u00e9 vasta, cheia de diversidade, e abrange pa\u00edses da Am\u00e9rica Central,\u2026","rel":"","context":"In &quot;Vagas de Emprego em Ribeir\u00e3o Preto-SP&quot;","block_context":{"text":"Vagas de Emprego em Ribeir\u00e3o Preto-SP","link":"https:\/\/noticiasribeiraopreto.com.br\/index.php\/category\/empregos-classificados-vagas-trabalho\/vagas-de-empregos-em-ribeirao-preto-regiao-brasil\/"},"img":{"alt_text":"","src":"https:\/\/i0.wp.com\/noticiasribeiraopreto.com.br\/wp-content\/uploads\/2023\/12\/2-Chihuahua.jpg?fit=1200%2C773&ssl=1&resize=350%2C200","width":350,"height":200,"srcset":"https:\/\/i0.wp.com\/noticiasribeiraopreto.com.br\/wp-content\/uploads\/2023\/12\/2-Chihuahua.jpg?fit=1200%2C773&ssl=1&resize=350%2C200 1x, https:\/\/i0.wp.com\/noticiasribeiraopreto.com.br\/wp-content\/uploads\/2023\/12\/2-Chihuahua.jpg?fit=1200%2C773&ssl=1&resize=525%2C300 1.5x, https:\/\/i0.wp.com\/noticiasribeiraopreto.com.br\/wp-content\/uploads\/2023\/12\/2-Chihuahua.jpg?fit=1200%2C773&ssl=1&resize=700%2C400 2x, https:\/\/i0.wp.com\/noticiasribeiraopreto.com.br\/wp-content\/uploads\/2023\/12\/2-Chihuahua.jpg?fit=1200%2C773&ssl=1&resize=1050%2C600 3x"},"classes":[]},{"id":23050,"url":"https:\/\/noticiasribeiraopreto.com.br\/index.php\/2024\/01\/01\/5-racas-de-cachorros-mais-caros-do-mundo-veja-quais-sao-meu-valor-digital\/","url_meta":{"origin":24774,"position":5},"title":"5 ra\u00e7as de cachorros mais caros do mundo: veja quais s\u00e3o! &#8211; Meu Valor Digital","author":"noticiasribeiraopreto.com.br","date":"1 de January de 2024","format":false,"excerpt":"Que os cachorros s\u00e3o os melhores amigos do homem, isso n\u00e3o \u00e9 nenhuma novidade, entretanto, algumas ra\u00e7as de c\u00e3es podem ser consideradas verdadeiros luxos, por conta do seu valor. Muitas pessoas se apaixonam por determinadas ra\u00e7as caninas e fazem de tudo para consegui-las, mesmo que tenham que desembolsar quantias exorbitantes\u2026","rel":"","context":"In &quot;Vagas de Emprego em Ribeir\u00e3o Preto-SP&quot;","block_context":{"text":"Vagas de Emprego em Ribeir\u00e3o Preto-SP","link":"https:\/\/noticiasribeiraopreto.com.br\/index.php\/category\/empregos-classificados-vagas-trabalho\/vagas-de-empregos-em-ribeirao-preto-regiao-brasil\/"},"img":{"alt_text":"","src":"https:\/\/i0.wp.com\/noticiasribeiraopreto.com.br\/wp-content\/uploads\/2024\/01\/Cachorro.jpg?fit=1200%2C773&ssl=1&resize=350%2C200","width":350,"height":200,"srcset":"https:\/\/i0.wp.com\/noticiasribeiraopreto.com.br\/wp-content\/uploads\/2024\/01\/Cachorro.jpg?fit=1200%2C773&ssl=1&resize=350%2C200 1x, https:\/\/i0.wp.com\/noticiasribeiraopreto.com.br\/wp-content\/uploads\/2024\/01\/Cachorro.jpg?fit=1200%2C773&ssl=1&resize=525%2C300 1.5x, https:\/\/i0.wp.com\/noticiasribeiraopreto.com.br\/wp-content\/uploads\/2024\/01\/Cachorro.jpg?fit=1200%2C773&ssl=1&resize=700%2C400 2x, https:\/\/i0.wp.com\/noticiasribeiraopreto.com.br\/wp-content\/uploads\/2024\/01\/Cachorro.jpg?fit=1200%2C773&ssl=1&resize=1050%2C600 3x"},"classes":[]}],"jetpack_sharing_enabled":true,"jetpack_shortlink":"https:\/\/wp.me\/peQAOb-6rA","_links":{"self":[{"href":"https:\/\/noticiasribeiraopreto.com.br\/index.php\/wp-json\/wp\/v2\/posts\/24774","targetHints":{"allow":["GET"]}}],"collection":[{"href":"https:\/\/noticiasribeiraopreto.com.br\/index.php\/wp-json\/wp\/v2\/posts"}],"about":[{"href":"https:\/\/noticiasribeiraopreto.com.br\/index.php\/wp-json\/wp\/v2\/types\/post"}],"author":[{"embeddable":true,"href":"https:\/\/noticiasribeiraopreto.com.br\/index.php\/wp-json\/wp\/v2\/users\/1"}],"replies":[{"embeddable":true,"href":"https:\/\/noticiasribeiraopreto.com.br\/index.php\/wp-json\/wp\/v2\/comments?post=24774"}],"version-history":[{"count":0,"href":"https:\/\/noticiasribeiraopreto.com.br\/index.php\/wp-json\/wp\/v2\/posts\/24774\/revisions"}],"wp:featuredmedia":[{"embeddable":true,"href":"https:\/\/noticiasribeiraopreto.com.br\/index.php\/wp-json\/wp\/v2\/media\/24775"}],"wp:attachment":[{"href":"https:\/\/noticiasribeiraopreto.com.br\/index.php\/wp-json\/wp\/v2\/media?parent=24774"}],"wp:term":[{"taxonomy":"category","embeddable":true,"href":"https:\/\/noticiasribeiraopreto.com.br\/index.php\/wp-json\/wp\/v2\/categories?post=24774"},{"taxonomy":"post_tag","embeddable":true,"href":"https:\/\/noticiasribeiraopreto.com.br\/index.php\/wp-json\/wp\/v2\/tags?post=24774"}],"curies":[{"name":"wp","href":"https:\/\/api.w.org\/{rel}","templated":true}]}}