{"id":24942,"date":"2024-01-05T14:49:55","date_gmt":"2024-01-05T17:49:55","guid":{"rendered":"https:\/\/noticiasribeiraopreto.com.br\/index.php\/2024\/01\/05\/nome-de-eliana-tem-origem-inusitada-revelada-pela-filha-da-apresentadora-saiba-qual\/"},"modified":"2024-01-05T14:49:55","modified_gmt":"2024-01-05T17:49:55","slug":"nome-de-eliana-tem-origem-inusitada-revelada-pela-filha-da-apresentadora-saiba-qual","status":"publish","type":"post","link":"https:\/\/noticiasribeiraopreto.com.br\/index.php\/2024\/01\/05\/nome-de-eliana-tem-origem-inusitada-revelada-pela-filha-da-apresentadora-saiba-qual\/","title":{"rendered":"Nome de Eliana tem origem inusitada revelada pela filha da apresentadora; saiba qual"},"content":{"rendered":"<div class='code-block code-block-1' style='margin: 8px 0 8px auto; text-align: right; display: block; clear: both;'>\n<p><a href=\"https:\/\/wa.link\/vpicfd\"><img data-recalc-dims=\"1\" class=\"wp-image-4922\" style=\"aspect-ratio: 2.0253164556962027; width: 561px; height: auto;\" src=\"https:\/\/i0.wp.com\/ismaelcolosi.com.br\/wp-content\/uploads\/2023\/11\/grupo-de-empregos-whatsapp-e-facebook-ismael-colosi-vagas.jpg?ssl=1\" alt=\"\" \/><\/a><\/p>\n<!-- \/wp:image -->\n<\/div>\n<p> <br \/>\n<\/p>\n<div itemprop=\"text\">\n<p>Com a descoberta da vinda de um beb\u00ea, uma das primeiras coisas a serem pensadas \u00e9 o nome da crian\u00e7a. Este \u00e9 um momento especial feito de diversas maneiras.<\/p>\n<p>A lista pode variar com homenagens a algum familiar, repeti\u00e7\u00e3o do nome do pai, inspira\u00e7\u00e3o de nome de algum artista e por a\u00ed vai. H\u00e1 quem consiga at\u00e9 mesmo inventar um exclusivo.<\/p>\n<p>Mas n\u00e3o \u00e9 assim para todo mundo. A apresentadora Eliana, que estava na companhia de sua filha Manuela de 6 anos, protagonizaram um momento curioso e engra\u00e7ado.<\/p>\n<p>A filha da apresentadora contou aos seguidores da m\u00e3e a origem do nome da m\u00e3e. O nome da apresentadora foi tirado de um \u00f4nibus. A hist\u00f3ria foi contada \u00e0 menina pela pr\u00f3pria av\u00f3 Eva, m\u00e3e de Eliana.<\/p>\n<p><strong>\u201cPassou um \u00f4nibus e a vov\u00f3 estava procurando um nome para a mam\u00e3e. Passou um \u00f4nibus chamado Jardim Eliana e ela teve a ideia de que o nome seria Eliana\u201d<\/strong>, contou.<\/p>\n<p>Aos 51 anos e natural de S\u00e3o Paulo, a m\u00e3e de Manuela e Arthur, de 12 anos, Eliana Michaelichen Bezerra \u00e9 a filha ca\u00e7ula de\u00a0Eva Michaelichen\u00a0e Jos\u00e9 Bezerra.<\/p>\n<p>Eliana \u00e9 dona de uma audi\u00eancia elevada nas tardes de domingo no comando de seu programa. Ela disputa e vence o apresentador Rodrigo Faro nos pontos. Seu programa \u00e9 antigo na casa.<\/p>\n<p>Os quadros variam com apresenta\u00e7\u00f5es musicais, descobertas divertidas de famosos da internet e tamb\u00e9m ajuda mulheres de baixa renda a melhorar a autoestima com o \u2018Beleza Renovada\u2019.<\/p>\n<\/div>\n<p><br \/>\n<br \/><a href=\"https:\/\/fnmais.com\/nome-eliana-tem-origem-inusitada-revelada-pela-filha-apresentadora-saiba-qual\/\">Source link <\/a><\/p>\n<!-- CONTENT END 1 -->\n","protected":false},"excerpt":{"rendered":"<p>Com a descoberta da vinda de um beb\u00ea, uma das primeiras coisas a serem pensadas \u00e9 o nome da crian\u00e7a. Este \u00e9 um momento especial&#8230;<\/p>\n","protected":false},"author":1,"featured_media":24943,"comment_status":"open","ping_status":"open","sticky":false,"template":"","format":"standard","meta":{"advanced_seo_description":"","jetpack_seo_html_title":"","jetpack_seo_noindex":false,"jetpack_post_was_ever_published":false,"_jetpack_newsletter_access":"","_jetpack_dont_email_post_to_subs":false,"_jetpack_newsletter_tier_id":0,"_jetpack_memberships_contains_paywalled_content":false,"_jetpack_memberships_contains_paid_content":false,"footnotes":"","jetpack_publicize_message":"","jetpack_publicize_feature_enabled":true,"jetpack_social_post_already_shared":true,"jetpack_social_options":{"image_generator_settings":{"template":"highway","default_image_id":0,"font":"","enabled":false},"version":2}},"categories":[1],"tags":[],"class_list":["post-24942","post","type-post","status-publish","format-standard","has-post-thumbnail","hentry","category-blog"],"jetpack_publicize_connections":[],"jetpack_featured_media_url":"https:\/\/i0.wp.com\/noticiasribeiraopreto.com.br\/wp-content\/uploads\/2024\/01\/postimg-65983fda2430d5554.jpg?fit=1200%2C628&ssl=1","jetpack-related-posts":[{"id":4378,"url":"https:\/\/noticiasribeiraopreto.com.br\/index.php\/2023\/11\/21\/ana-maria-braga-expoe-o-nome-da-quinta-neta-apos-misterio\/","url_meta":{"origin":24942,"position":0},"title":"Ana Maria Braga exp\u00f5e o nome da quinta neta ap\u00f3s mist\u00e9rio","author":"noticiasribeiraopreto.com.br","date":"21 de November de 2023","format":false,"excerpt":"Na manh\u00e3 desta segunda-feira, dia 20 de novembro, a famosa apresentadora Ana Maria Braga se derreteu de amor e carinho diante de uma grande not\u00edcia sobre sua fam\u00edlia.Acontece que a comunicadora acabou de se tornar av\u00f3 pela quinta vez, pois sua filha deu \u00e0 luz recentemente. E ao falar sobre\u2026","rel":"","context":"In &quot;Blog&quot;","block_context":{"text":"Blog","link":"https:\/\/noticiasribeiraopreto.com.br\/index.php\/category\/blog\/"},"img":{"alt_text":"","src":"https:\/\/i0.wp.com\/noticiasribeiraopreto.com.br\/wp-content\/uploads\/2023\/11\/postimg-655cb66c5ea837572.jpg?fit=1200%2C628&ssl=1&resize=350%2C200","width":350,"height":200,"srcset":"https:\/\/i0.wp.com\/noticiasribeiraopreto.com.br\/wp-content\/uploads\/2023\/11\/postimg-655cb66c5ea837572.jpg?fit=1200%2C628&ssl=1&resize=350%2C200 1x, https:\/\/i0.wp.com\/noticiasribeiraopreto.com.br\/wp-content\/uploads\/2023\/11\/postimg-655cb66c5ea837572.jpg?fit=1200%2C628&ssl=1&resize=525%2C300 1.5x, https:\/\/i0.wp.com\/noticiasribeiraopreto.com.br\/wp-content\/uploads\/2023\/11\/postimg-655cb66c5ea837572.jpg?fit=1200%2C628&ssl=1&resize=700%2C400 2x, https:\/\/i0.wp.com\/noticiasribeiraopreto.com.br\/wp-content\/uploads\/2023\/11\/postimg-655cb66c5ea837572.jpg?fit=1200%2C628&ssl=1&resize=1050%2C600 3x"},"classes":[]},{"id":45060,"url":"https:\/\/noticiasribeiraopreto.com.br\/index.php\/2024\/04\/02\/sou-empresaria-de-mim-mesma-diz-eliana\/","url_meta":{"origin":24942,"position":1},"title":"&#8220;Sou empres\u00e1ria de mim mesma&#8221;, diz Eliana","author":"noticiasribeiraopreto.com.br","date":"2 de April de 2024","format":false,"excerpt":"Victor Affaro\/ForbesEliana est\u00e1 deixando o SBT ap\u00f3s quase 15 anos na emissora Eliana anunciou, na \u00faltima segunda-feira (1\u00ba), que deixou o SBT ap\u00f3s 15 anos. A apresentadora n\u00e3o deu detalhes sobre os novos rumos da carreira, mas, at\u00e9 hoje, n\u00e3o parou de reinventar o sucesso. H\u00e1 30 anos na televis\u00e3o,\u2026","rel":"","context":"In &quot;Blog&quot;","block_context":{"text":"Blog","link":"https:\/\/noticiasribeiraopreto.com.br\/index.php\/category\/blog\/"},"img":{"alt_text":"","src":"https:\/\/i0.wp.com\/noticiasribeiraopreto.com.br\/wp-content\/uploads\/2024\/04\/mulher-ed105-eliana-1024x683.jpg?fit=1024%2C683&ssl=1&resize=350%2C200","width":350,"height":200,"srcset":"https:\/\/i0.wp.com\/noticiasribeiraopreto.com.br\/wp-content\/uploads\/2024\/04\/mulher-ed105-eliana-1024x683.jpg?fit=1024%2C683&ssl=1&resize=350%2C200 1x, https:\/\/i0.wp.com\/noticiasribeiraopreto.com.br\/wp-content\/uploads\/2024\/04\/mulher-ed105-eliana-1024x683.jpg?fit=1024%2C683&ssl=1&resize=525%2C300 1.5x, https:\/\/i0.wp.com\/noticiasribeiraopreto.com.br\/wp-content\/uploads\/2024\/04\/mulher-ed105-eliana-1024x683.jpg?fit=1024%2C683&ssl=1&resize=700%2C400 2x"},"classes":[]},{"id":21367,"url":"https:\/\/noticiasribeiraopreto.com.br\/index.php\/2023\/12\/27\/saiba-o-que-tem-por-tras-do-sucesso-infantil-dedinhos-de-eliana-apos-crise-vivida-no-sbt\/","url_meta":{"origin":24942,"position":2},"title":"Saiba o que tem por tr\u00e1s do sucesso infantil &#8216;Dedinhos&#8217; de Eliana ap\u00f3s crise vivida no SBT","author":"noticiasribeiraopreto.com.br","date":"27 de December de 2023","format":false,"excerpt":"A gera\u00e7\u00e3o infantil dos anos 90 era regada a um repert\u00f3rio gigante de m\u00fasicas infantis que embalaram momentos at\u00e9 anos mais tarde, j\u00e1 adultos e passando por outras gera\u00e7\u00f5es.Uma das respons\u00e1veis por uma m\u00fasica desse repert\u00f3rio lembrado at\u00e9 os dias atuais \u00e9 Eliana. Com Dedinhos, ela marcou mais de uma\u2026","rel":"","context":"In &quot;Blog&quot;","block_context":{"text":"Blog","link":"https:\/\/noticiasribeiraopreto.com.br\/index.php\/category\/blog\/"},"img":{"alt_text":"","src":"https:\/\/i0.wp.com\/noticiasribeiraopreto.com.br\/wp-content\/uploads\/2023\/12\/postimg-658c7b83c2d776960.jpg?fit=1200%2C628&ssl=1&resize=350%2C200","width":350,"height":200,"srcset":"https:\/\/i0.wp.com\/noticiasribeiraopreto.com.br\/wp-content\/uploads\/2023\/12\/postimg-658c7b83c2d776960.jpg?fit=1200%2C628&ssl=1&resize=350%2C200 1x, https:\/\/i0.wp.com\/noticiasribeiraopreto.com.br\/wp-content\/uploads\/2023\/12\/postimg-658c7b83c2d776960.jpg?fit=1200%2C628&ssl=1&resize=525%2C300 1.5x, https:\/\/i0.wp.com\/noticiasribeiraopreto.com.br\/wp-content\/uploads\/2023\/12\/postimg-658c7b83c2d776960.jpg?fit=1200%2C628&ssl=1&resize=700%2C400 2x, https:\/\/i0.wp.com\/noticiasribeiraopreto.com.br\/wp-content\/uploads\/2023\/12\/postimg-658c7b83c2d776960.jpg?fit=1200%2C628&ssl=1&resize=1050%2C600 3x"},"classes":[]},{"id":6808,"url":"https:\/\/noticiasribeiraopreto.com.br\/index.php\/2023\/11\/27\/pedia-para-sentar-no-colo\/","url_meta":{"origin":24942,"position":3},"title":"\u201cPedia para sentar no colo\u201d","author":"noticiasribeiraopreto.com.br","date":"27 de November de 2023","format":false,"excerpt":"Ang\u00e9lica \u00e9 hoje uma das maiores apresentadoras da TV brasileira e sua carreira \u00e9 capaz de falar por si mesma. No entanto, se engana quem pensa que a famosa teve um in\u00edcio f\u00e1cil na ind\u00fastria.Neste m\u00eas, a apresentadora estreou seu novo programa e um dos temas abordados foi sua carreira.\u2026","rel":"","context":"In &quot;Blog&quot;","block_context":{"text":"Blog","link":"https:\/\/noticiasribeiraopreto.com.br\/index.php\/category\/blog\/"},"img":{"alt_text":"","src":"https:\/\/i0.wp.com\/noticiasribeiraopreto.com.br\/wp-content\/uploads\/2023\/11\/postimg-656403502d9364719.jpg?fit=1200%2C628&ssl=1&resize=350%2C200","width":350,"height":200,"srcset":"https:\/\/i0.wp.com\/noticiasribeiraopreto.com.br\/wp-content\/uploads\/2023\/11\/postimg-656403502d9364719.jpg?fit=1200%2C628&ssl=1&resize=350%2C200 1x, https:\/\/i0.wp.com\/noticiasribeiraopreto.com.br\/wp-content\/uploads\/2023\/11\/postimg-656403502d9364719.jpg?fit=1200%2C628&ssl=1&resize=525%2C300 1.5x, https:\/\/i0.wp.com\/noticiasribeiraopreto.com.br\/wp-content\/uploads\/2023\/11\/postimg-656403502d9364719.jpg?fit=1200%2C628&ssl=1&resize=700%2C400 2x, https:\/\/i0.wp.com\/noticiasribeiraopreto.com.br\/wp-content\/uploads\/2023\/11\/postimg-656403502d9364719.jpg?fit=1200%2C628&ssl=1&resize=1050%2C600 3x"},"classes":[]},{"id":14382,"url":"https:\/\/noticiasribeiraopreto.com.br\/index.php\/2023\/12\/12\/evento-forbes-mulheres-de-sucesso-promove-conexoes-entre-liderancas-femininas\/","url_meta":{"origin":24942,"position":4},"title":"Evento Forbes Mulheres de Sucesso promove conex\u00f5es entre lideran\u00e7as femininas","author":"noticiasribeiraopreto.com.br","date":"12 de December de 2023","format":false,"excerpt":"Ale VirgilioA apresentadora Eliana, Gabriela Comazzetto, head do TikTok, e Tatiana Monteiro de Barros, fundadora do movimento Uni\u00e3oBR, marcaram presen\u00e7a no almo\u00e7o Forbes Mulheres de Sucesso; na foto, elas com o CEO e publisher da Forbes Brasil, Antonio Camarotti, e C\u00e9cilia de Saint-Viteux Miles, head de comunica\u00e7\u00f5es Quando deixou os\u2026","rel":"","context":"In &quot;Blog&quot;","block_context":{"text":"Blog","link":"https:\/\/noticiasribeiraopreto.com.br\/index.php\/category\/blog\/"},"img":{"alt_text":"","src":"https:\/\/i0.wp.com\/noticiasribeiraopreto.com.br\/wp-content\/uploads\/2023\/12\/Evento-Forbes-Mulher-5-1024x683.jpg?fit=1024%2C683&ssl=1&resize=350%2C200","width":350,"height":200,"srcset":"https:\/\/i0.wp.com\/noticiasribeiraopreto.com.br\/wp-content\/uploads\/2023\/12\/Evento-Forbes-Mulher-5-1024x683.jpg?fit=1024%2C683&ssl=1&resize=350%2C200 1x, https:\/\/i0.wp.com\/noticiasribeiraopreto.com.br\/wp-content\/uploads\/2023\/12\/Evento-Forbes-Mulher-5-1024x683.jpg?fit=1024%2C683&ssl=1&resize=525%2C300 1.5x, https:\/\/i0.wp.com\/noticiasribeiraopreto.com.br\/wp-content\/uploads\/2023\/12\/Evento-Forbes-Mulher-5-1024x683.jpg?fit=1024%2C683&ssl=1&resize=700%2C400 2x"},"classes":[]},{"id":7507,"url":"https:\/\/noticiasribeiraopreto.com.br\/index.php\/2023\/11\/28\/angelica-rebate-comentario-ousado-de-anitta-sobre-seu-filho\/","url_meta":{"origin":24942,"position":5},"title":"Ang\u00e9lica rebate coment\u00e1rio ousado de Anitta sobre seu filho","author":"noticiasribeiraopreto.com.br","date":"28 de November de 2023","format":false,"excerpt":"Os \u201950 e Tanto\u2019 passou de uma refer\u00eancia de idade para um programa de Tv. A refer\u00eancia faz homenagem a apresentadora Ang\u00e9lica. A esposa de Luciano Hulk completar\u00e1 a idade ainda durante a semana.A loira ir\u00e1 soprar as velinhas no dia 30 de novembro para comemorar a chegada dos 50\u2026","rel":"","context":"In &quot;Blog&quot;","block_context":{"text":"Blog","link":"https:\/\/noticiasribeiraopreto.com.br\/index.php\/category\/blog\/"},"img":{"alt_text":"","src":"https:\/\/i0.wp.com\/noticiasribeiraopreto.com.br\/wp-content\/uploads\/2023\/11\/postimg-6565e9c625dc75229.jpg?fit=1200%2C628&ssl=1&resize=350%2C200","width":350,"height":200,"srcset":"https:\/\/i0.wp.com\/noticiasribeiraopreto.com.br\/wp-content\/uploads\/2023\/11\/postimg-6565e9c625dc75229.jpg?fit=1200%2C628&ssl=1&resize=350%2C200 1x, https:\/\/i0.wp.com\/noticiasribeiraopreto.com.br\/wp-content\/uploads\/2023\/11\/postimg-6565e9c625dc75229.jpg?fit=1200%2C628&ssl=1&resize=525%2C300 1.5x, https:\/\/i0.wp.com\/noticiasribeiraopreto.com.br\/wp-content\/uploads\/2023\/11\/postimg-6565e9c625dc75229.jpg?fit=1200%2C628&ssl=1&resize=700%2C400 2x, https:\/\/i0.wp.com\/noticiasribeiraopreto.com.br\/wp-content\/uploads\/2023\/11\/postimg-6565e9c625dc75229.jpg?fit=1200%2C628&ssl=1&resize=1050%2C600 3x"},"classes":[]}],"jetpack_sharing_enabled":true,"jetpack_shortlink":"https:\/\/wp.me\/peQAOb-6ui","_links":{"self":[{"href":"https:\/\/noticiasribeiraopreto.com.br\/index.php\/wp-json\/wp\/v2\/posts\/24942","targetHints":{"allow":["GET"]}}],"collection":[{"href":"https:\/\/noticiasribeiraopreto.com.br\/index.php\/wp-json\/wp\/v2\/posts"}],"about":[{"href":"https:\/\/noticiasribeiraopreto.com.br\/index.php\/wp-json\/wp\/v2\/types\/post"}],"author":[{"embeddable":true,"href":"https:\/\/noticiasribeiraopreto.com.br\/index.php\/wp-json\/wp\/v2\/users\/1"}],"replies":[{"embeddable":true,"href":"https:\/\/noticiasribeiraopreto.com.br\/index.php\/wp-json\/wp\/v2\/comments?post=24942"}],"version-history":[{"count":0,"href":"https:\/\/noticiasribeiraopreto.com.br\/index.php\/wp-json\/wp\/v2\/posts\/24942\/revisions"}],"wp:featuredmedia":[{"embeddable":true,"href":"https:\/\/noticiasribeiraopreto.com.br\/index.php\/wp-json\/wp\/v2\/media\/24943"}],"wp:attachment":[{"href":"https:\/\/noticiasribeiraopreto.com.br\/index.php\/wp-json\/wp\/v2\/media?parent=24942"}],"wp:term":[{"taxonomy":"category","embeddable":true,"href":"https:\/\/noticiasribeiraopreto.com.br\/index.php\/wp-json\/wp\/v2\/categories?post=24942"},{"taxonomy":"post_tag","embeddable":true,"href":"https:\/\/noticiasribeiraopreto.com.br\/index.php\/wp-json\/wp\/v2\/tags?post=24942"}],"curies":[{"name":"wp","href":"https:\/\/api.w.org\/{rel}","templated":true}]}}