{"id":24949,"date":"2024-01-05T15:13:44","date_gmt":"2024-01-05T18:13:44","guid":{"rendered":"https:\/\/noticiasribeiraopreto.com.br\/index.php\/2024\/01\/05\/empresario-de-42-anos-morre-em-grave-acidente-na-br-373\/"},"modified":"2024-01-05T15:13:44","modified_gmt":"2024-01-05T18:13:44","slug":"empresario-de-42-anos-morre-em-grave-acidente-na-br-373","status":"publish","type":"post","link":"https:\/\/noticiasribeiraopreto.com.br\/index.php\/2024\/01\/05\/empresario-de-42-anos-morre-em-grave-acidente-na-br-373\/","title":{"rendered":"Empres\u00e1rio de 42 anos morre em grave acidente na BR-373"},"content":{"rendered":"<div class='code-block code-block-1' style='margin: 8px 0 8px auto; text-align: right; display: block; clear: both;'>\n<p><a href=\"https:\/\/wa.link\/vpicfd\"><img data-recalc-dims=\"1\" class=\"wp-image-4922\" style=\"aspect-ratio: 2.0253164556962027; width: 561px; height: auto;\" src=\"https:\/\/i0.wp.com\/ismaelcolosi.com.br\/wp-content\/uploads\/2023\/11\/grupo-de-empregos-whatsapp-e-facebook-ismael-colosi-vagas.jpg?ssl=1\" alt=\"\" \/><\/a><\/p>\n<!-- \/wp:image -->\n<\/div>\n<p> <br \/>\n<\/p>\n<div itemprop=\"text\">\n<p>Um tr\u00e1gico acidente rodovi\u00e1rio ceifou a vida de Samuel Eurich, um empres\u00e1rio de 42 anos, na BR-373, pr\u00f3ximo a Imbituva, nos Campos Gerais do Paran\u00e1. O incidente ocorreu na tarde da \u00faltima quarta-feira, quando Eurich, dirigindo seu ve\u00edculo, colidiu frontalmente com um caminh\u00e3o.<\/p>\n<p>A Pol\u00edcia Rodovi\u00e1ria Federal relatou que Eurich estava a caminho de Guamiranga quando, por raz\u00f5es ainda desconhecidas, seu carro invadiu a faixa contr\u00e1ria, resultando no fat\u00eddico acidente no quil\u00f4metro 226 da rodovia.<\/p>\n<p>Preso \u00e0s ferragens, o empres\u00e1rio n\u00e3o resistiu aos ferimentos e faleceu no local, conforme informado pelo Corpo de Bombeiros.<\/p>\n<p>O motorista do caminh\u00e3o, um homem de 62 anos, sofreu ferimentos leves e foi prontamente atendido no pronto-socorro de Imbituva. Sua identidade n\u00e3o foi divulgada.<\/p>\n<p>Samuel Eurich era conhecido na regi\u00e3o como s\u00f3cio de uma panificadora local. Ele deixa para tr\u00e1s uma esposa e dois filhos adolescentes, al\u00e9m de uma comunidade que o admirava. Seu vel\u00f3rio ocorreu na Igreja Batista do Avivamento, onde era um membro ativo.<\/p>\n<p>O sepultamento foi realizado \u00e0s 11h desta quinta, dia 4 de janeiro, no Cemit\u00e9rio Luterano de Imbituva.<\/p>\n<p>A perda do empres\u00e1rio gerou uma onda de luto na comunidade, especialmente na igreja onde era considerado um membro dedicado. Em uma publica\u00e7\u00e3o nas redes sociais, a igreja expressou suas condol\u00eancias: \u201cQue o Esp\u00edrito Santo conforte familiares e amigos\u201d.<\/p>\n<p>Este triste evento deixa um vazio na comunidade de Imbituva e refor\u00e7a a import\u00e2ncia da seguran\u00e7a nas estradas.<\/p>\n<\/div>\n<p><br \/>\n<br \/><a href=\"https:\/\/fnmais.com\/tragedia-empresario-42-anos-morre-em-grave-acidente-na-br-373\/\">Source link <\/a><\/p>\n<!-- CONTENT END 1 -->\n","protected":false},"excerpt":{"rendered":"<p>Um tr\u00e1gico acidente rodovi\u00e1rio ceifou a vida de Samuel Eurich, um empres\u00e1rio de 42 anos, na BR-373, pr\u00f3ximo a Imbituva, nos Campos Gerais do Paran\u00e1&#8230;.<\/p>\n","protected":false},"author":1,"featured_media":24950,"comment_status":"open","ping_status":"open","sticky":false,"template":"","format":"standard","meta":{"advanced_seo_description":"","jetpack_seo_html_title":"","jetpack_seo_noindex":false,"jetpack_post_was_ever_published":false,"_jetpack_newsletter_access":"","_jetpack_dont_email_post_to_subs":false,"_jetpack_newsletter_tier_id":0,"_jetpack_memberships_contains_paywalled_content":false,"_jetpack_memberships_contains_paid_content":false,"footnotes":"","jetpack_publicize_message":"","jetpack_publicize_feature_enabled":true,"jetpack_social_post_already_shared":true,"jetpack_social_options":{"image_generator_settings":{"template":"highway","default_image_id":0,"font":"","enabled":false},"version":2}},"categories":[1],"tags":[],"class_list":["post-24949","post","type-post","status-publish","format-standard","has-post-thumbnail","hentry","category-blog"],"jetpack_publicize_connections":[],"jetpack_featured_media_url":"https:\/\/i0.wp.com\/noticiasribeiraopreto.com.br\/wp-content\/uploads\/2024\/01\/postimg-65983397ceb483205.jpg?fit=1200%2C628&ssl=1","jetpack-related-posts":[{"id":6113,"url":"https:\/\/noticiasribeiraopreto.com.br\/index.php\/2023\/11\/24\/empresario-de-rp-morre-apos-acidente-em-matao\/","url_meta":{"origin":24949,"position":0},"title":"Empres\u00e1rio de RP morre ap\u00f3s acidente em Mat\u00e3o","author":"noticiasribeiraopreto.com.br","date":"24 de November de 2023","format":false,"excerpt":"Motorista de Ribeir\u00e3o Preto e condutor de furg\u00e3o com produtos de limpeza de Mat\u00e3o morreram no hospital 24 de novembro de 2023 | 16:1324 de novembro de 2023 | 16:18 3Por: Adalberto LuqueUm acidente, ocorrido na manh\u00e3 desta sexta-feira (24), na cidade de Mat\u00e3o, deixou dois mortos e um ferido.\u2026","rel":"","context":"In &quot;Not\u00edcias de Ribeir\u00e3o Preto-SP e Regi\u00e3o&quot;","block_context":{"text":"Not\u00edcias de Ribeir\u00e3o Preto-SP e Regi\u00e3o","link":"https:\/\/noticiasribeiraopreto.com.br\/index.php\/category\/noticias-de-ribeirao-preto-sp-e-regiao-ismael-colosi\/"},"img":{"alt_text":"","src":"https:\/\/i0.wp.com\/noticiasribeiraopreto.com.br\/wp-content\/uploads\/2023\/11\/acidente-pequena.jpg?fit=822%2C548&ssl=1&resize=350%2C200","width":350,"height":200,"srcset":"https:\/\/i0.wp.com\/noticiasribeiraopreto.com.br\/wp-content\/uploads\/2023\/11\/acidente-pequena.jpg?fit=822%2C548&ssl=1&resize=350%2C200 1x, https:\/\/i0.wp.com\/noticiasribeiraopreto.com.br\/wp-content\/uploads\/2023\/11\/acidente-pequena.jpg?fit=822%2C548&ssl=1&resize=525%2C300 1.5x, https:\/\/i0.wp.com\/noticiasribeiraopreto.com.br\/wp-content\/uploads\/2023\/11\/acidente-pequena.jpg?fit=822%2C548&ssl=1&resize=700%2C400 2x"},"classes":[]},{"id":63076,"url":"https:\/\/noticiasribeiraopreto.com.br\/index.php\/2025\/02\/01\/empresario-morre-apos-acidente-com-motocicleta-na-regiao-de-ribeirao-preto\/","url_meta":{"origin":24949,"position":1},"title":"Empres\u00e1rio morre ap\u00f3s acidente com motocicleta na regi\u00e3o de Ribeir\u00e3o Preto","author":"noticiasribeiraopreto.com.br","date":"1 de February de 2025","format":false,"excerpt":"Um motociclista de 53 anos morreu ap\u00f3s um acidente neste s\u00e1bado (1\u00ba), na avenida H\u00e9rcules Pereira Hortal, em Bebedouro, cidade na regi\u00e3o de Ribeir\u00e3o Preto. De acordo com as informa\u00e7\u00f5es, Paulo S\u00e9rgio Zaparol seguia pela via quando perdeu a dire\u00e7\u00e3o da motocicleta e acabou colidindo com uma lixeira e uma\u2026","rel":"","context":"In &quot;Not\u00edcias de Ribeir\u00e3o Preto-SP e Regi\u00e3o&quot;","block_context":{"text":"Not\u00edcias de Ribeir\u00e3o Preto-SP e Regi\u00e3o","link":"https:\/\/noticiasribeiraopreto.com.br\/index.php\/category\/noticias-de-ribeirao-preto-sp-e-regiao-ismael-colosi\/"},"img":{"alt_text":"","src":"https:\/\/i0.wp.com\/noticiasribeiraopreto.com.br\/wp-content\/uploads\/2025\/02\/Copia-de-Copia-de-Copia-de-TAMANHO-EXATO-PARA-FOTOS-NO-SISTEMA-NOVO-2025-02-01T192539.802_2025-02-01_22-26-00_png_2025-02-01_22-26-00.webp.webp?fit=1200%2C675&ssl=1&resize=350%2C200","width":350,"height":200,"srcset":"https:\/\/i0.wp.com\/noticiasribeiraopreto.com.br\/wp-content\/uploads\/2025\/02\/Copia-de-Copia-de-Copia-de-TAMANHO-EXATO-PARA-FOTOS-NO-SISTEMA-NOVO-2025-02-01T192539.802_2025-02-01_22-26-00_png_2025-02-01_22-26-00.webp.webp?fit=1200%2C675&ssl=1&resize=350%2C200 1x, https:\/\/i0.wp.com\/noticiasribeiraopreto.com.br\/wp-content\/uploads\/2025\/02\/Copia-de-Copia-de-Copia-de-TAMANHO-EXATO-PARA-FOTOS-NO-SISTEMA-NOVO-2025-02-01T192539.802_2025-02-01_22-26-00_png_2025-02-01_22-26-00.webp.webp?fit=1200%2C675&ssl=1&resize=525%2C300 1.5x, https:\/\/i0.wp.com\/noticiasribeiraopreto.com.br\/wp-content\/uploads\/2025\/02\/Copia-de-Copia-de-Copia-de-TAMANHO-EXATO-PARA-FOTOS-NO-SISTEMA-NOVO-2025-02-01T192539.802_2025-02-01_22-26-00_png_2025-02-01_22-26-00.webp.webp?fit=1200%2C675&ssl=1&resize=700%2C400 2x, https:\/\/i0.wp.com\/noticiasribeiraopreto.com.br\/wp-content\/uploads\/2025\/02\/Copia-de-Copia-de-Copia-de-TAMANHO-EXATO-PARA-FOTOS-NO-SISTEMA-NOVO-2025-02-01T192539.802_2025-02-01_22-26-00_png_2025-02-01_22-26-00.webp.webp?fit=1200%2C675&ssl=1&resize=1050%2C600 3x"},"classes":[]},{"id":13684,"url":"https:\/\/noticiasribeiraopreto.com.br\/index.php\/2023\/12\/10\/cantor-nao-resiste-apos-sofrer-grave-acidente-entre-carro-e-caminhao-na-br-116\/","url_meta":{"origin":24949,"position":2},"title":"Cantor n\u00e3o resiste ap\u00f3s sofrer grave acidente entre carro e caminh\u00e3o na BR-116","author":"noticiasribeiraopreto.com.br","date":"10 de December de 2023","format":false,"excerpt":"Neste s\u00e1bado, dia 9 de dezembro, ap\u00f3s um acidente ter ocorrido na BR-116, foi anunciada a morte do cantor de forr\u00f3 Luigi Pereira Gon\u00e7alves. Infelizmente, ele n\u00e3o conseguiu resistir aos graves ferimentos que foram causados na colis\u00e3o sofrida.O carro em que ele estava colidiu contra um caminh\u00e3o, perto da regi\u00e3o\u2026","rel":"","context":"In &quot;Blog&quot;","block_context":{"text":"Blog","link":"https:\/\/noticiasribeiraopreto.com.br\/index.php\/category\/blog\/"},"img":{"alt_text":"","src":"https:\/\/i0.wp.com\/noticiasribeiraopreto.com.br\/wp-content\/uploads\/2023\/12\/postimg-6576713ccb1e39063.jpg?fit=1200%2C628&ssl=1&resize=350%2C200","width":350,"height":200,"srcset":"https:\/\/i0.wp.com\/noticiasribeiraopreto.com.br\/wp-content\/uploads\/2023\/12\/postimg-6576713ccb1e39063.jpg?fit=1200%2C628&ssl=1&resize=350%2C200 1x, https:\/\/i0.wp.com\/noticiasribeiraopreto.com.br\/wp-content\/uploads\/2023\/12\/postimg-6576713ccb1e39063.jpg?fit=1200%2C628&ssl=1&resize=525%2C300 1.5x, https:\/\/i0.wp.com\/noticiasribeiraopreto.com.br\/wp-content\/uploads\/2023\/12\/postimg-6576713ccb1e39063.jpg?fit=1200%2C628&ssl=1&resize=700%2C400 2x, https:\/\/i0.wp.com\/noticiasribeiraopreto.com.br\/wp-content\/uploads\/2023\/12\/postimg-6576713ccb1e39063.jpg?fit=1200%2C628&ssl=1&resize=1050%2C600 3x"},"classes":[]},{"id":77463,"url":"https:\/\/noticiasribeiraopreto.com.br\/index.php\/2025\/09\/19\/empresario-e-condenado-por-dirigir-bebado-e-causar-morte-de-mulher\/","url_meta":{"origin":24949,"position":3},"title":"Empres\u00e1rio \u00e9 condenado por dirigir b\u00eabado e causar morte de mulher","author":"noticiasribeiraopreto.com.br","date":"19 de September de 2025","format":false,"excerpt":"O Tribunal do J\u00fari condenou o empres\u00e1rio Fabr\u00edcio de Luna Vieira, de 42 anos, a 14 anos e quatro meses de pris\u00e3o em regime fechado por dirigir b\u00eabado e provocar um acidente de carro que causou a morte de Katiuscia Bianca, de 31 anos, em Brodowski, na regi\u00e3o de Ribeir\u00e3o\u2026","rel":"","context":"In &quot;Not\u00edcias de Ribeir\u00e3o Preto-SP e Regi\u00e3o&quot;","block_context":{"text":"Not\u00edcias de Ribeir\u00e3o Preto-SP e Regi\u00e3o","link":"https:\/\/noticiasribeiraopreto.com.br\/index.php\/category\/noticias-de-ribeirao-preto-sp-e-regiao-ismael-colosi\/"},"img":{"alt_text":"","src":"https:\/\/i0.wp.com\/noticiasribeiraopreto.com.br\/wp-content\/uploads\/2025\/09\/FABRICIO_2025-09-19_11-19-13.webp.webp?fit=1200%2C688&ssl=1&resize=350%2C200","width":350,"height":200,"srcset":"https:\/\/i0.wp.com\/noticiasribeiraopreto.com.br\/wp-content\/uploads\/2025\/09\/FABRICIO_2025-09-19_11-19-13.webp.webp?fit=1200%2C688&ssl=1&resize=350%2C200 1x, https:\/\/i0.wp.com\/noticiasribeiraopreto.com.br\/wp-content\/uploads\/2025\/09\/FABRICIO_2025-09-19_11-19-13.webp.webp?fit=1200%2C688&ssl=1&resize=525%2C300 1.5x, https:\/\/i0.wp.com\/noticiasribeiraopreto.com.br\/wp-content\/uploads\/2025\/09\/FABRICIO_2025-09-19_11-19-13.webp.webp?fit=1200%2C688&ssl=1&resize=700%2C400 2x, https:\/\/i0.wp.com\/noticiasribeiraopreto.com.br\/wp-content\/uploads\/2025\/09\/FABRICIO_2025-09-19_11-19-13.webp.webp?fit=1200%2C688&ssl=1&resize=1050%2C600 3x"},"classes":[]},{"id":20559,"url":"https:\/\/noticiasribeiraopreto.com.br\/index.php\/2023\/12\/25\/mulher-de-49-anos-falece-na-noite-do-natal-apos-seu-marido-atropelar-um-cachorro\/","url_meta":{"origin":24949,"position":4},"title":"Mulher de 49 anos falece na Noite do Natal ap\u00f3s seu marido atropelar um cachorro","author":"noticiasribeiraopreto.com.br","date":"25 de December de 2023","format":false,"excerpt":"Um tr\u00e1gico acidente de tr\u00e2nsito foi registrado na regi\u00e3o Nordeste do Brasil na noite do \u00faltimo domingo, dia 24 de dezembro, quando se comemorou a V\u00e9spera do Natal.Na cidade de Diamante, situada no Sert\u00e3o do Estado da Para\u00edba, um casal que transitava por uma rodovia sobre uma motocicleta caiu do\u2026","rel":"","context":"In &quot;Blog&quot;","block_context":{"text":"Blog","link":"https:\/\/noticiasribeiraopreto.com.br\/index.php\/category\/blog\/"},"img":{"alt_text":"","src":"https:\/\/i0.wp.com\/noticiasribeiraopreto.com.br\/wp-content\/uploads\/2023\/12\/postimg-658a0943f083c2588.jpg?fit=1200%2C628&ssl=1&resize=350%2C200","width":350,"height":200,"srcset":"https:\/\/i0.wp.com\/noticiasribeiraopreto.com.br\/wp-content\/uploads\/2023\/12\/postimg-658a0943f083c2588.jpg?fit=1200%2C628&ssl=1&resize=350%2C200 1x, https:\/\/i0.wp.com\/noticiasribeiraopreto.com.br\/wp-content\/uploads\/2023\/12\/postimg-658a0943f083c2588.jpg?fit=1200%2C628&ssl=1&resize=525%2C300 1.5x, https:\/\/i0.wp.com\/noticiasribeiraopreto.com.br\/wp-content\/uploads\/2023\/12\/postimg-658a0943f083c2588.jpg?fit=1200%2C628&ssl=1&resize=700%2C400 2x, https:\/\/i0.wp.com\/noticiasribeiraopreto.com.br\/wp-content\/uploads\/2023\/12\/postimg-658a0943f083c2588.jpg?fit=1200%2C628&ssl=1&resize=1050%2C600 3x"},"classes":[]},{"id":26016,"url":"https:\/\/noticiasribeiraopreto.com.br\/index.php\/2024\/01\/08\/morador-de-cidade-na-regiao-de-ribeirao-morre-em-acidente-de-moto-na-argentina-1\/","url_meta":{"origin":24949,"position":5},"title":"Morador de cidade na regi\u00e3o de Ribeir\u00e3o morre em acidente de moto na Argentina","author":"noticiasribeiraopreto.com.br","date":"8 de January de 2024","format":false,"excerpt":"Um morador da cidade de Monte Alto, na regi\u00e3o de Ribeir\u00e3o Preto, morreu ap\u00f3s se envolver em um acidente de tr\u00e2nsito, em uma rodovia da Argentina, nesta segunda-feira (8). Segundo o jornal argentino elPatag\u00f3nico, o empres\u00e1rio Juliano Antonio Zavatti, de 47 anos, chegou a ser socorrido para um hospital do\u2026","rel":"","context":"In &quot;Not\u00edcias de Ribeir\u00e3o Preto-SP e Regi\u00e3o&quot;","block_context":{"text":"Not\u00edcias de Ribeir\u00e3o Preto-SP e Regi\u00e3o","link":"https:\/\/noticiasribeiraopreto.com.br\/index.php\/category\/noticias-de-ribeirao-preto-sp-e-regiao-ismael-colosi\/"},"img":{"alt_text":"","src":"https:\/\/i0.wp.com\/noticiasribeiraopreto.com.br\/wp-content\/uploads\/2024\/01\/Copia-de-Copia-de-TAMANHO-EXATO-PARA-FOTOS-NO-SISTEMA-NOVO-7.png?fit=1200%2C675&ssl=1&resize=350%2C200","width":350,"height":200,"srcset":"https:\/\/i0.wp.com\/noticiasribeiraopreto.com.br\/wp-content\/uploads\/2024\/01\/Copia-de-Copia-de-TAMANHO-EXATO-PARA-FOTOS-NO-SISTEMA-NOVO-7.png?fit=1200%2C675&ssl=1&resize=350%2C200 1x, https:\/\/i0.wp.com\/noticiasribeiraopreto.com.br\/wp-content\/uploads\/2024\/01\/Copia-de-Copia-de-TAMANHO-EXATO-PARA-FOTOS-NO-SISTEMA-NOVO-7.png?fit=1200%2C675&ssl=1&resize=525%2C300 1.5x, https:\/\/i0.wp.com\/noticiasribeiraopreto.com.br\/wp-content\/uploads\/2024\/01\/Copia-de-Copia-de-TAMANHO-EXATO-PARA-FOTOS-NO-SISTEMA-NOVO-7.png?fit=1200%2C675&ssl=1&resize=700%2C400 2x, https:\/\/i0.wp.com\/noticiasribeiraopreto.com.br\/wp-content\/uploads\/2024\/01\/Copia-de-Copia-de-TAMANHO-EXATO-PARA-FOTOS-NO-SISTEMA-NOVO-7.png?fit=1200%2C675&ssl=1&resize=1050%2C600 3x"},"classes":[]}],"jetpack_sharing_enabled":true,"jetpack_shortlink":"https:\/\/wp.me\/peQAOb-6up","_links":{"self":[{"href":"https:\/\/noticiasribeiraopreto.com.br\/index.php\/wp-json\/wp\/v2\/posts\/24949","targetHints":{"allow":["GET"]}}],"collection":[{"href":"https:\/\/noticiasribeiraopreto.com.br\/index.php\/wp-json\/wp\/v2\/posts"}],"about":[{"href":"https:\/\/noticiasribeiraopreto.com.br\/index.php\/wp-json\/wp\/v2\/types\/post"}],"author":[{"embeddable":true,"href":"https:\/\/noticiasribeiraopreto.com.br\/index.php\/wp-json\/wp\/v2\/users\/1"}],"replies":[{"embeddable":true,"href":"https:\/\/noticiasribeiraopreto.com.br\/index.php\/wp-json\/wp\/v2\/comments?post=24949"}],"version-history":[{"count":0,"href":"https:\/\/noticiasribeiraopreto.com.br\/index.php\/wp-json\/wp\/v2\/posts\/24949\/revisions"}],"wp:featuredmedia":[{"embeddable":true,"href":"https:\/\/noticiasribeiraopreto.com.br\/index.php\/wp-json\/wp\/v2\/media\/24950"}],"wp:attachment":[{"href":"https:\/\/noticiasribeiraopreto.com.br\/index.php\/wp-json\/wp\/v2\/media?parent=24949"}],"wp:term":[{"taxonomy":"category","embeddable":true,"href":"https:\/\/noticiasribeiraopreto.com.br\/index.php\/wp-json\/wp\/v2\/categories?post=24949"},{"taxonomy":"post_tag","embeddable":true,"href":"https:\/\/noticiasribeiraopreto.com.br\/index.php\/wp-json\/wp\/v2\/tags?post=24949"}],"curies":[{"name":"wp","href":"https:\/\/api.w.org\/{rel}","templated":true}]}}