{"id":24951,"date":"2024-01-05T15:16:57","date_gmt":"2024-01-05T18:16:57","guid":{"rendered":"https:\/\/noticiasribeiraopreto.com.br\/index.php\/2024\/01\/05\/bosque-fabio-barreto-reabilita-e-libera-tamandua-bandeira\/"},"modified":"2024-01-05T15:16:57","modified_gmt":"2024-01-05T18:16:57","slug":"bosque-fabio-barreto-reabilita-e-libera-tamandua-bandeira","status":"publish","type":"post","link":"https:\/\/noticiasribeiraopreto.com.br\/index.php\/2024\/01\/05\/bosque-fabio-barreto-reabilita-e-libera-tamandua-bandeira\/","title":{"rendered":"Bosque F\u00e1bio Barreto reabilita e libera tamandu\u00e1-bandeira"},"content":{"rendered":"<div class='code-block code-block-1' style='margin: 8px 0 8px auto; text-align: right; display: block; clear: both;'>\n<p><a href=\"https:\/\/wa.link\/vpicfd\"><img data-recalc-dims=\"1\" class=\"wp-image-4922\" style=\"aspect-ratio: 2.0253164556962027; width: 561px; height: auto;\" src=\"https:\/\/i0.wp.com\/ismaelcolosi.com.br\/wp-content\/uploads\/2023\/11\/grupo-de-empregos-whatsapp-e-facebook-ismael-colosi-vagas.jpg?ssl=1\" alt=\"\" \/><\/a><\/p>\n<!-- \/wp:image -->\n<\/div>\n<p> <br \/>\n<\/p>\n<div id=\"\">\n<p> <span class=\"entry-meta-item penci-posted-on\"><i class=\"fa fa-clock-o\"\/><time class=\"entry-date published\" datetime=\"2024-01-05T15:00:28-03:00\">5 de janeiro de 2024 | 15:00<\/time><time class=\"updated\" datetime=\"2024-01-05T10:55:15-03:00\">5 de janeiro de 2024 | 10:55<\/time><\/span><\/p>\n<p> <span class=\"penci-social-buttons penci-social-share-footer\"><a href=\"#\" class=\"penci-post-like penci_post-meta_item  single-like-button penci-social-item like\" data-post_id=\"369385\" title=\"Like\" data-like=\"Like\" data-unlike=\"Unlike\"><i class=\"fa fa-thumbs-o-up\"\/><span class=\"penci-share-number\">0<\/span><\/a><i class=\"fa fa-facebook\"\/><a class=\"penci-social-item twitter\" target=\"_blank\" rel=\"noopener\" title=\"\" href=\"https:\/\/twitter.com\/intent\/tweet?text=Bosque%20F\u00e1bio%20Barreto%20reabilita%20e%20libera%20tamandu\u00e1-bandeira%20-%20https:\/\/www.tribunaribeirao.com.br\/site\/bosque-fabio-barreto-reabilita-e-libera-tamandua-bandeira\/\"><i class=\"fa fa-twitter\"\/><\/a><i class=\"fa fa-whatsapp\"\/><\/span><\/div>\n<div>\n<p>O Bosque Zool\u00f3gico F\u00e1bio Barreto conta com uma ampla estrutura e equipe multidisciplinar para o atendimento completo de animais silvestres vitimizados na regi\u00e3o de Ribeir\u00e3o Preto. Nesta quinta-feira, 04 de janeiro, um Tamandu\u00e1-bandeira (Mymecophaga tridactyla) foi solto e reintroduzido na natureza, na regi\u00e3o da cidade de Jardin\u00f3polis depois de passar por processo de recupera\u00e7\u00e3o.<\/p>\n<p>A f\u00eamea adulta de tamandu\u00e1 deu entrada no Bosque Zool\u00f3gico no dia 21 de dezembro de 2023, levada pelo Corpo de Bombeiros, que a encontrou em rodovia entre os munic\u00edpios de Sert\u00e3ozinho e Cruz das Posses. O animal foi atendido imediatamente pelo ambulat\u00f3rio veterin\u00e1rio, onde constatou-se um quadro de hipoglicemia, e com alto grau de stress.<\/p>\n<p>De acordo com a equipe de profissionais do Bosque Zool\u00f3gico, ap\u00f3s passar por tratamento nutricional intensivo, atendendo todos os requisitos nutricionais da esp\u00e9cie e com exames laboratoriais realizados pelo setor de Biologia. Foi constatada uma melhora substancial compat\u00edvel para a soltura em \u00e1rea de Preserva\u00e7\u00e3o Permanente do Rio Pardo em Jardin\u00f3polis, pelo Departamento de Fauna ex-situ do Estado de S\u00e3o Paulo.<\/p>\n<p><strong>Reintrodu\u00e7\u00e3o na Natureza<\/strong><\/p>\n<p>\u201cQuando definimos que o animal deve ir para a reintrodu\u00e7\u00e3o, temos que evitar ao m\u00e1ximo a humaniza\u00e7\u00e3o, situa\u00e7\u00e3o dif\u00edcil principalmente com os mam\u00edferos. Procuramos fazer com que o animal se alimente e se locomova procurando abrigo sozinho. Tamb\u00e9m estimulamos que o animal possa a interagir com indiv\u00edduos de sua esp\u00e9cie\u201d,\u00a0destaca o bi\u00f3logo Dr. Ot\u00e1vio Almeida.<\/p>\n<p>O protocolo b\u00e1sico de recep\u00e7\u00e3o de animais envolve uma equipe multidisciplinar com a atua\u00e7\u00e3o integrada de profissionais da \u00e1rea de zootecnia para o manejo alimentar; biologia com manejo comportamental e intera\u00e7\u00e3o com outros animais; e setor de veterin\u00e1ria com a parte sanit\u00e1ria.<\/p>\n<p>Os animais silvestres vitimados chegam ao Hospital Veterin\u00e1rio provenientes da a\u00e7\u00e3o da fiscaliza\u00e7\u00e3o ambiental, resgates ou entrega volunt\u00e1ria por meio da Guarda Civil Municipal; Corpo de Bombeiros; Pol\u00edcia Ambiental ou mun\u00edcipes. Ap\u00f3s passar pelo setor de medicina veterin\u00e1ria para a realiza\u00e7\u00e3o de exames, an\u00e1lises laboratoriais e f\u00edsicas, o animal \u00e9 encaminhado para o setor de quarentena garantindo a preserva\u00e7\u00e3o de outros animais.<\/p>\n<p>Dentre os procedimentos adotados pela equipe est\u00e1 a identifica\u00e7\u00e3o ou marca\u00e7\u00e3o atrav\u00e9s de anilhas ou microchips, avalia\u00e7\u00e3o ambulatorial, recupera\u00e7\u00e3o nutricional, exames coproparasitol\u00f3gicos, reabilita\u00e7\u00e3o, laudos de sanidade, aptid\u00e3o para soltura e destina\u00e7\u00e3o com autoriza\u00e7\u00e3o as Secretaria Estadual de Meio Ambiente.<\/p>\n<p>\u201c\u00c9 feita a avalia\u00e7\u00e3o biol\u00f3gica para verificar se esse animal apresenta o instinto preservado. Caso n\u00e3o seja identificada a necessidade de se manter no zool\u00f3gico, existe a soltura imediata, prevista em legisla\u00e7\u00e3o\u201d, explica Alexandre. \u201cCaso o animal necessite de uma reabilita\u00e7\u00e3o, como no caso de ter passado por uma cirurgia, ou ser um filhote \u00f3rf\u00e3o, \u00e9 necess\u00e1rio reabilitar esse animal para que ele aprenda a comer, a se desenvolver. Quando ele adquire uma robustez, retorna para a natureza com autoriza\u00e7\u00e3o de soltura feita pelos \u00f3rg\u00e3os competentes estaduais\u201d, detalha o Chefe de Divis\u00e3o de Unidades de Conserva\u00e7\u00e3o Alexandre Henrique Felcar.<\/p>\n<p>\u00a0<\/p>\n<\/div>\n<p><script async src=\"\/\/platform.twitter.com\/widgets.js\" charset=\"utf-8\"><\/script><br \/>\n<br \/><br \/>\n<br \/><a href=\"https:\/\/www.tribunaribeirao.com.br\/site\/bosque-fabio-barreto-reabilita-e-libera-tamandua-bandeira\/\">Source link <\/a><\/p>\n<!-- CONTENT END 1 -->\n","protected":false},"excerpt":{"rendered":"<p>5 de janeiro de 2024 | 15:005 de janeiro de 2024 | 10:55 0 O Bosque Zool\u00f3gico F\u00e1bio Barreto conta com uma ampla estrutura e&#8230;<\/p>\n","protected":false},"author":1,"featured_media":24952,"comment_status":"open","ping_status":"open","sticky":false,"template":"","format":"standard","meta":{"advanced_seo_description":"","jetpack_seo_html_title":"","jetpack_seo_noindex":false,"jetpack_post_was_ever_published":false,"_jetpack_newsletter_access":"","_jetpack_dont_email_post_to_subs":false,"_jetpack_newsletter_tier_id":0,"_jetpack_memberships_contains_paywalled_content":false,"_jetpack_memberships_contains_paid_content":false,"footnotes":"","jetpack_publicize_message":"","jetpack_publicize_feature_enabled":true,"jetpack_social_post_already_shared":true,"jetpack_social_options":{"image_generator_settings":{"template":"highway","default_image_id":0,"font":"","enabled":false},"version":2}},"categories":[11],"tags":[1422,380,1421,1948,3071,3064],"class_list":["post-24951","post","type-post","status-publish","format-standard","has-post-thumbnail","hentry","category-noticias-de-ribeirao-preto-sp-e-regiao-ismael-colosi","tag-barreto","tag-bosque","tag-fabio","tag-libera","tag-reabilita","tag-tamanduabandeira"],"jetpack_publicize_connections":[],"jetpack_featured_media_url":"https:\/\/i0.wp.com\/noticiasribeiraopreto.com.br\/wp-content\/uploads\/2024\/01\/reintroducao_animais_silvestres-scaled.jpg?fit=895%2C645&ssl=1","jetpack-related-posts":[{"id":21512,"url":"https:\/\/noticiasribeiraopreto.com.br\/index.php\/2023\/12\/27\/bosque-fabio-barreto-esta-com-inscricoes-abertas-para-estagio\/","url_meta":{"origin":24951,"position":0},"title":"Bosque F\u00e1bio Barreto est\u00e1 com inscri\u00e7\u00f5es abertas para est\u00e1gio","author":"noticiasribeiraopreto.com.br","date":"27 de December de 2023","format":false,"excerpt":"27 de dezembro de 2023 | 16:0027 de dezembro de 2023 | 16:10 0O Bosque Zool\u00f3gico F\u00e1bio Barreto est\u00e1 com inscri\u00e7\u00f5es abertas para o programa de treinamento e est\u00e1gio de 2024 com foco em enriquecimento ambiental de animais silvestres. As vagas s\u00e3o limitadas e os interessados poder\u00e3o se inscrever at\u00e9\u2026","rel":"","context":"In &quot;Not\u00edcias de Ribeir\u00e3o Preto-SP e Regi\u00e3o&quot;","block_context":{"text":"Not\u00edcias de Ribeir\u00e3o Preto-SP e Regi\u00e3o","link":"https:\/\/noticiasribeiraopreto.com.br\/index.php\/category\/noticias-de-ribeirao-preto-sp-e-regiao-ismael-colosi\/"},"img":{"alt_text":"","src":"https:\/\/i0.wp.com\/noticiasribeiraopreto.com.br\/wp-content\/uploads\/2023\/12\/programa_estagio_bosque_-_foto_fernando_gonzaga-1-scaled.jpg?fit=967%2C645&ssl=1&resize=350%2C200","width":350,"height":200,"srcset":"https:\/\/i0.wp.com\/noticiasribeiraopreto.com.br\/wp-content\/uploads\/2023\/12\/programa_estagio_bosque_-_foto_fernando_gonzaga-1-scaled.jpg?fit=967%2C645&ssl=1&resize=350%2C200 1x, https:\/\/i0.wp.com\/noticiasribeiraopreto.com.br\/wp-content\/uploads\/2023\/12\/programa_estagio_bosque_-_foto_fernando_gonzaga-1-scaled.jpg?fit=967%2C645&ssl=1&resize=525%2C300 1.5x, https:\/\/i0.wp.com\/noticiasribeiraopreto.com.br\/wp-content\/uploads\/2023\/12\/programa_estagio_bosque_-_foto_fernando_gonzaga-1-scaled.jpg?fit=967%2C645&ssl=1&resize=700%2C400 2x"},"classes":[]},{"id":61535,"url":"https:\/\/noticiasribeiraopreto.com.br\/index.php\/2024\/12\/16\/bosque-zoologico-de-ribeirao-vai-abrir-no-natal-e-ano-novo-confira\/","url_meta":{"origin":24951,"position":1},"title":"Bosque Zool\u00f3gico de Ribeir\u00e3o vai abrir no Natal e Ano Novo?\u00a0Confira","author":"noticiasribeiraopreto.com.br","date":"16 de December de 2024","format":false,"excerpt":"O Bosque Zool\u00f3gico F\u00e1bio Barreto, em Ribeir\u00e3o Preto, divulgou que ter\u00e1 esquema de funcionamento alterado durante o per\u00edodo de Natal e Ano Novo. Segundo a Prefeitura de Ribeir\u00e3o Preto, o espa\u00e7o ficar\u00e1 fechado para visita\u00e7\u00e3o nos dias 25 e 26 de dezembro e nos dias 1 e 2 de janeiro\u2026","rel":"","context":"In &quot;Not\u00edcias de Ribeir\u00e3o Preto-SP e Regi\u00e3o&quot;","block_context":{"text":"Not\u00edcias de Ribeir\u00e3o Preto-SP e Regi\u00e3o","link":"https:\/\/noticiasribeiraopreto.com.br\/index.php\/category\/noticias-de-ribeirao-preto-sp-e-regiao-ismael-colosi\/"},"img":{"alt_text":"","src":"https:\/\/i0.wp.com\/noticiasribeiraopreto.com.br\/wp-content\/uploads\/2024\/12\/obras_bosque_-_foto_guilherme_sircili_30.jpg?fit=1200%2C800&ssl=1&resize=350%2C200","width":350,"height":200,"srcset":"https:\/\/i0.wp.com\/noticiasribeiraopreto.com.br\/wp-content\/uploads\/2024\/12\/obras_bosque_-_foto_guilherme_sircili_30.jpg?fit=1200%2C800&ssl=1&resize=350%2C200 1x, https:\/\/i0.wp.com\/noticiasribeiraopreto.com.br\/wp-content\/uploads\/2024\/12\/obras_bosque_-_foto_guilherme_sircili_30.jpg?fit=1200%2C800&ssl=1&resize=525%2C300 1.5x, https:\/\/i0.wp.com\/noticiasribeiraopreto.com.br\/wp-content\/uploads\/2024\/12\/obras_bosque_-_foto_guilherme_sircili_30.jpg?fit=1200%2C800&ssl=1&resize=700%2C400 2x, https:\/\/i0.wp.com\/noticiasribeiraopreto.com.br\/wp-content\/uploads\/2024\/12\/obras_bosque_-_foto_guilherme_sircili_30.jpg?fit=1200%2C800&ssl=1&resize=1050%2C600 3x"},"classes":[]},{"id":61647,"url":"https:\/\/noticiasribeiraopreto.com.br\/index.php\/2024\/12\/18\/bosque-zoologico-de-ribeirao-preto-e-opcao-gratuita-de-lazer-nas-ferias-veja-horario\/","url_meta":{"origin":24951,"position":2},"title":"Bosque Zool\u00f3gico de Ribeir\u00e3o Preto \u00e9 op\u00e7\u00e3o gratuita de lazer nas f\u00e9rias; Veja hor\u00e1rio","author":"noticiasribeiraopreto.com.br","date":"18 de December de 2024","format":false,"excerpt":"O Bosque Zool\u00f3gico F\u00e1bio Barreto, em Ribeir\u00e3o Preto, est\u00e1 entre as op\u00e7\u00f5es de lazer gratuitas para aproveitar durante as f\u00e9rias na cidade. O espa\u00e7o, localizado na rua Liberdade, s\/n\u00ba, no bairro Campos El\u00edseos, zona Norte, abre para visita\u00e7\u00e3o de quarta-feira a domingo, das 9h \u00e0s 16h30. Para o Natal e\u2026","rel":"","context":"In &quot;Not\u00edcias de Ribeir\u00e3o Preto-SP e Regi\u00e3o&quot;","block_context":{"text":"Not\u00edcias de Ribeir\u00e3o Preto-SP e Regi\u00e3o","link":"https:\/\/noticiasribeiraopreto.com.br\/index.php\/category\/noticias-de-ribeirao-preto-sp-e-regiao-ismael-colosi\/"},"img":{"alt_text":"","src":"https:\/\/i0.wp.com\/noticiasribeiraopreto.com.br\/wp-content\/uploads\/2024\/12\/bosque_1_-_foto_guilherme_sircili.jpg?fit=1200%2C799&ssl=1&resize=350%2C200","width":350,"height":200,"srcset":"https:\/\/i0.wp.com\/noticiasribeiraopreto.com.br\/wp-content\/uploads\/2024\/12\/bosque_1_-_foto_guilherme_sircili.jpg?fit=1200%2C799&ssl=1&resize=350%2C200 1x, https:\/\/i0.wp.com\/noticiasribeiraopreto.com.br\/wp-content\/uploads\/2024\/12\/bosque_1_-_foto_guilherme_sircili.jpg?fit=1200%2C799&ssl=1&resize=525%2C300 1.5x, https:\/\/i0.wp.com\/noticiasribeiraopreto.com.br\/wp-content\/uploads\/2024\/12\/bosque_1_-_foto_guilherme_sircili.jpg?fit=1200%2C799&ssl=1&resize=700%2C400 2x, https:\/\/i0.wp.com\/noticiasribeiraopreto.com.br\/wp-content\/uploads\/2024\/12\/bosque_1_-_foto_guilherme_sircili.jpg?fit=1200%2C799&ssl=1&resize=1050%2C600 3x"},"classes":[]},{"id":60788,"url":"https:\/\/noticiasribeiraopreto.com.br\/index.php\/2024\/11\/25\/bosque-de-ribeirao-preto-recebe-nova-moradora-conheca-a-lontra-tudy\/","url_meta":{"origin":24951,"position":3},"title":"Bosque de Ribeir\u00e3o Preto recebe nova moradora; conhe\u00e7a a lontra Tudy","author":"noticiasribeiraopreto.com.br","date":"25 de November de 2024","format":false,"excerpt":"O Bosque Zool\u00f3gico F\u00e1bio Barreto anunciou, nesta segunda-feira (25), a chegada de sua nova moradora: A Tudy, uma lontra f\u00eamea, que veio do Parque Quinta da Boa Vista\/Bioparque, no Rio de Janeiro. Tudy rapidamente conquistou o carinho dos cuidadores. Ap\u00f3s uma avalia\u00e7\u00e3o criteriosa das equipes de biologia, veterin\u00e1ria e zootecnia,\u2026","rel":"","context":"In &quot;Not\u00edcias de Ribeir\u00e3o Preto-SP e Regi\u00e3o&quot;","block_context":{"text":"Not\u00edcias de Ribeir\u00e3o Preto-SP e Regi\u00e3o","link":"https:\/\/noticiasribeiraopreto.com.br\/index.php\/category\/noticias-de-ribeirao-preto-sp-e-regiao-ismael-colosi\/"},"img":{"alt_text":"","src":"https:\/\/i0.wp.com\/noticiasribeiraopreto.com.br\/wp-content\/uploads\/2024\/11\/Copia-de-Copia-de-Copia-de-TAMANHO-EXATO-PARA-FOTOS-NO-SISTEMA-NOVO-2024-11-25T175927.237_2024-11-25_21-01-44_png_2024-11-25_21-01-44.webp.webp?fit=1200%2C675&ssl=1&resize=350%2C200","width":350,"height":200,"srcset":"https:\/\/i0.wp.com\/noticiasribeiraopreto.com.br\/wp-content\/uploads\/2024\/11\/Copia-de-Copia-de-Copia-de-TAMANHO-EXATO-PARA-FOTOS-NO-SISTEMA-NOVO-2024-11-25T175927.237_2024-11-25_21-01-44_png_2024-11-25_21-01-44.webp.webp?fit=1200%2C675&ssl=1&resize=350%2C200 1x, https:\/\/i0.wp.com\/noticiasribeiraopreto.com.br\/wp-content\/uploads\/2024\/11\/Copia-de-Copia-de-Copia-de-TAMANHO-EXATO-PARA-FOTOS-NO-SISTEMA-NOVO-2024-11-25T175927.237_2024-11-25_21-01-44_png_2024-11-25_21-01-44.webp.webp?fit=1200%2C675&ssl=1&resize=525%2C300 1.5x, https:\/\/i0.wp.com\/noticiasribeiraopreto.com.br\/wp-content\/uploads\/2024\/11\/Copia-de-Copia-de-Copia-de-TAMANHO-EXATO-PARA-FOTOS-NO-SISTEMA-NOVO-2024-11-25T175927.237_2024-11-25_21-01-44_png_2024-11-25_21-01-44.webp.webp?fit=1200%2C675&ssl=1&resize=700%2C400 2x, https:\/\/i0.wp.com\/noticiasribeiraopreto.com.br\/wp-content\/uploads\/2024\/11\/Copia-de-Copia-de-Copia-de-TAMANHO-EXATO-PARA-FOTOS-NO-SISTEMA-NOVO-2024-11-25T175927.237_2024-11-25_21-01-44_png_2024-11-25_21-01-44.webp.webp?fit=1200%2C675&ssl=1&resize=1050%2C600 3x"},"classes":[]},{"id":10480,"url":"https:\/\/noticiasribeiraopreto.com.br\/index.php\/2023\/12\/04\/bosque-fabio-barreto-tera-visitacao-suspensa-ate-sexta-feira-dia-8\/","url_meta":{"origin":24951,"position":4},"title":"Bosque F\u00e1bio Barreto ter\u00e1 visita\u00e7\u00e3o suspensa at\u00e9 sexta-feira, dia 8","author":"noticiasribeiraopreto.com.br","date":"4 de December de 2023","format":false,"excerpt":"4 de dezembro de 2023 | 16:004 de dezembro de 2023 | 14:52 0O Bosque Zool\u00f3gico F\u00e1bio Barreto ter\u00e1 a visita\u00e7\u00e3o suspensa durante essa semana, para a execu\u00e7\u00e3o de servi\u00e7os de implanta\u00e7\u00e3o de asfalto novo no espa\u00e7o. As atividades estar\u00e3o suspensas para a interven\u00e7\u00e3o de quarta a sexta-feira, dias 6\u2026","rel":"","context":"In &quot;Not\u00edcias de Ribeir\u00e3o Preto-SP e Regi\u00e3o&quot;","block_context":{"text":"Not\u00edcias de Ribeir\u00e3o Preto-SP e Regi\u00e3o","link":"https:\/\/noticiasribeiraopreto.com.br\/index.php\/category\/noticias-de-ribeirao-preto-sp-e-regiao-ismael-colosi\/"},"img":{"alt_text":"","src":"https:\/\/i0.wp.com\/noticiasribeiraopreto.com.br\/wp-content\/uploads\/2023\/12\/fechamento.jpeg?fit=900%2C616&ssl=1&resize=350%2C200","width":350,"height":200,"srcset":"https:\/\/i0.wp.com\/noticiasribeiraopreto.com.br\/wp-content\/uploads\/2023\/12\/fechamento.jpeg?fit=900%2C616&ssl=1&resize=350%2C200 1x, https:\/\/i0.wp.com\/noticiasribeiraopreto.com.br\/wp-content\/uploads\/2023\/12\/fechamento.jpeg?fit=900%2C616&ssl=1&resize=525%2C300 1.5x, https:\/\/i0.wp.com\/noticiasribeiraopreto.com.br\/wp-content\/uploads\/2023\/12\/fechamento.jpeg?fit=900%2C616&ssl=1&resize=700%2C400 2x"},"classes":[]},{"id":57247,"url":"https:\/\/noticiasribeiraopreto.com.br\/index.php\/2024\/08\/27\/bosque-fabio-barreto-em-ribeirao-recebe-11-animais-atingidos-por-queimadas-video\/","url_meta":{"origin":24951,"position":5},"title":"Bosque F\u00e1bio Barreto em Ribeir\u00e3o recebe 11 animais atingidos por queimadas; V\u00eddeo","author":"noticiasribeiraopreto.com.br","date":"27 de August de 2024","format":false,"excerpt":"O Bosque e Zool\u00f3gico F\u00e1bio Barreto, em Ribeir\u00e3o Preto, recebeu ao menos 11 animais v\u00edtimas das queimadas para atendimento veterin\u00e1rio. Assista ao v\u00eddeo. A equipe conta com mais de 20 profissionais que atuam no cuidado aos bichos atingidos pelos inc\u00eandios na regi\u00e3o, como um lagarto e um tamandu\u00e1. \u201cOs animais\u2026","rel":"","context":"In &quot;Not\u00edcias de Ribeir\u00e3o Preto-SP e Regi\u00e3o&quot;","block_context":{"text":"Not\u00edcias de Ribeir\u00e3o Preto-SP e Regi\u00e3o","link":"https:\/\/noticiasribeiraopreto.com.br\/index.php\/category\/noticias-de-ribeirao-preto-sp-e-regiao-ismael-colosi\/"},"img":{"alt_text":"","src":"https:\/\/i0.wp.com\/noticiasribeiraopreto.com.br\/wp-content\/uploads\/2024\/08\/LAGARTO_2024-08-27_13-10-14_jpg_2024-08-27_13-10-14.webp.webp?fit=1200%2C705&ssl=1&resize=350%2C200","width":350,"height":200,"srcset":"https:\/\/i0.wp.com\/noticiasribeiraopreto.com.br\/wp-content\/uploads\/2024\/08\/LAGARTO_2024-08-27_13-10-14_jpg_2024-08-27_13-10-14.webp.webp?fit=1200%2C705&ssl=1&resize=350%2C200 1x, https:\/\/i0.wp.com\/noticiasribeiraopreto.com.br\/wp-content\/uploads\/2024\/08\/LAGARTO_2024-08-27_13-10-14_jpg_2024-08-27_13-10-14.webp.webp?fit=1200%2C705&ssl=1&resize=525%2C300 1.5x, https:\/\/i0.wp.com\/noticiasribeiraopreto.com.br\/wp-content\/uploads\/2024\/08\/LAGARTO_2024-08-27_13-10-14_jpg_2024-08-27_13-10-14.webp.webp?fit=1200%2C705&ssl=1&resize=700%2C400 2x, https:\/\/i0.wp.com\/noticiasribeiraopreto.com.br\/wp-content\/uploads\/2024\/08\/LAGARTO_2024-08-27_13-10-14_jpg_2024-08-27_13-10-14.webp.webp?fit=1200%2C705&ssl=1&resize=1050%2C600 3x"},"classes":[]}],"jetpack_sharing_enabled":true,"jetpack_shortlink":"https:\/\/wp.me\/peQAOb-6ur","_links":{"self":[{"href":"https:\/\/noticiasribeiraopreto.com.br\/index.php\/wp-json\/wp\/v2\/posts\/24951","targetHints":{"allow":["GET"]}}],"collection":[{"href":"https:\/\/noticiasribeiraopreto.com.br\/index.php\/wp-json\/wp\/v2\/posts"}],"about":[{"href":"https:\/\/noticiasribeiraopreto.com.br\/index.php\/wp-json\/wp\/v2\/types\/post"}],"author":[{"embeddable":true,"href":"https:\/\/noticiasribeiraopreto.com.br\/index.php\/wp-json\/wp\/v2\/users\/1"}],"replies":[{"embeddable":true,"href":"https:\/\/noticiasribeiraopreto.com.br\/index.php\/wp-json\/wp\/v2\/comments?post=24951"}],"version-history":[{"count":0,"href":"https:\/\/noticiasribeiraopreto.com.br\/index.php\/wp-json\/wp\/v2\/posts\/24951\/revisions"}],"wp:featuredmedia":[{"embeddable":true,"href":"https:\/\/noticiasribeiraopreto.com.br\/index.php\/wp-json\/wp\/v2\/media\/24952"}],"wp:attachment":[{"href":"https:\/\/noticiasribeiraopreto.com.br\/index.php\/wp-json\/wp\/v2\/media?parent=24951"}],"wp:term":[{"taxonomy":"category","embeddable":true,"href":"https:\/\/noticiasribeiraopreto.com.br\/index.php\/wp-json\/wp\/v2\/categories?post=24951"},{"taxonomy":"post_tag","embeddable":true,"href":"https:\/\/noticiasribeiraopreto.com.br\/index.php\/wp-json\/wp\/v2\/tags?post=24951"}],"curies":[{"name":"wp","href":"https:\/\/api.w.org\/{rel}","templated":true}]}}