{"id":24967,"date":"2024-01-05T15:58:06","date_gmt":"2024-01-05T18:58:06","guid":{"rendered":"https:\/\/noticiasribeiraopreto.com.br\/index.php\/2024\/01\/05\/ator-falece-agarrado-as-suas-duas-filhas-pequenas-apos-aviao-em-que-estavam-cair-violentamente-sobre-o-mar\/"},"modified":"2024-01-05T15:58:06","modified_gmt":"2024-01-05T18:58:06","slug":"ator-falece-agarrado-as-suas-duas-filhas-pequenas-apos-aviao-em-que-estavam-cair-violentamente-sobre-o-mar","status":"publish","type":"post","link":"https:\/\/noticiasribeiraopreto.com.br\/index.php\/2024\/01\/05\/ator-falece-agarrado-as-suas-duas-filhas-pequenas-apos-aviao-em-que-estavam-cair-violentamente-sobre-o-mar\/","title":{"rendered":"Ator falece agarrado \u00e0s suas duas filhas pequenas ap\u00f3s avi\u00e3o em que estavam cair violentamente sobre o mar"},"content":{"rendered":"<div class='code-block code-block-1' style='margin: 8px 0 8px auto; text-align: right; display: block; clear: both;'>\n<p><a href=\"https:\/\/wa.link\/vpicfd\"><img data-recalc-dims=\"1\" class=\"wp-image-4922\" style=\"aspect-ratio: 2.0253164556962027; width: 561px; height: auto;\" src=\"https:\/\/i0.wp.com\/ismaelcolosi.com.br\/wp-content\/uploads\/2023\/11\/grupo-de-empregos-whatsapp-e-facebook-ismael-colosi-vagas.jpg?ssl=1\" alt=\"\" \/><\/a><\/p>\n<!-- \/wp:image -->\n<\/div>\n<p> <br \/>\n<\/p>\n<div itemprop=\"text\">\n<p>Conhecido em todo o planeta por conta de seus pap\u00e9is de destaque em filmes de enorme sucesso de bilheteria, o ator Christian Oliver, que tinha 51 anos de idade, faleceu na companhia das duas filhas pequenas em virtude de um tr\u00e1gico acidente a\u00e9reo.<\/p>\n<p>Christian Oliver curtia um per\u00edodo de f\u00e9rias em fam\u00edlia na regi\u00e3o do Caribe. Com ele estavam as pequenas Madita, de 10 anos de idade, e Annik, de 12. Em determinado momento, os tr\u00eas pegaram um voo, mas a aeronave caiu no meio do caminho.<\/p>\n<p>Conforme informa\u00e7\u00f5es veiculadas pelo portal TMZ, dos Estados Unidos, Christian Oliver, as duas filhas e o piloto, Robert Sachs, que tamb\u00e9m faleceu, partiram do aeroporto JF Mitchell, situado na ilha de Bequia, em S\u00e3o Vicente e Granadinas, na tarde da \u00faltima quinta-feira, dia 04 de janeiro.<\/p>\n<p>O destino dos ocupantes era Santa L\u00facia, onde o pouso seria efetuado no mesmo dia. Contudo, em determinado momento do deslocamento, a aeronave perdeu altitude e caiu sobre as \u00e1guas do mar, afundando logo em seguida.<\/p>\n<p>Ainda em conformidade com a apura\u00e7\u00e3o da imprensa dos Estados Unidos, a aeronave em quest\u00e3o seria um modelo monomotor. Diante da intensidade do impacto, todas as v\u00edtimas perderam suas vidas de modo instant\u00e2neo.<\/p>\n<p>Em um primeiro momento, equipes de socorristas da guarda costeira foram acionados \u00e0s pressas, e chegaram rapidamente ao palco da trag\u00e9dia. Contudo, os profissionais nada puderam fazer, pois todos os ocupantes estavam sem vida, presos \u00e0 cabine.<\/p>\n<p>O caso foi entregue nas m\u00e3os das autoridades a\u00e9reas competentes para que as causas da trag\u00e9dia sejam devidamente apuradas.<\/p>\n<\/div>\n<p><br \/>\n<br \/><a href=\"https:\/\/fnmais.com\/ator-falece-agarrado-suas-duas-filhas-pequenas-apos-aviao-em-que-estavam-cair-violentamente-sobre-mar\/\">Source link <\/a><\/p>\n<!-- CONTENT END 1 -->\n","protected":false},"excerpt":{"rendered":"<p>Conhecido em todo o planeta por conta de seus pap\u00e9is de destaque em filmes de enorme sucesso de bilheteria, o ator Christian Oliver, que tinha&#8230;<\/p>\n","protected":false},"author":1,"featured_media":24968,"comment_status":"open","ping_status":"open","sticky":false,"template":"","format":"standard","meta":{"advanced_seo_description":"","jetpack_seo_html_title":"","jetpack_seo_noindex":false,"jetpack_post_was_ever_published":false,"_jetpack_newsletter_access":"","_jetpack_dont_email_post_to_subs":false,"_jetpack_newsletter_tier_id":0,"_jetpack_memberships_contains_paywalled_content":false,"_jetpack_memberships_contains_paid_content":false,"footnotes":"","jetpack_publicize_message":"","jetpack_publicize_feature_enabled":true,"jetpack_social_post_already_shared":true,"jetpack_social_options":{"image_generator_settings":{"template":"highway","default_image_id":0,"font":"","enabled":false},"version":2}},"categories":[1],"tags":[],"class_list":["post-24967","post","type-post","status-publish","format-standard","has-post-thumbnail","hentry","category-blog"],"jetpack_publicize_connections":[],"jetpack_featured_media_url":"https:\/\/i0.wp.com\/noticiasribeiraopreto.com.br\/wp-content\/uploads\/2024\/01\/postimg-65985038799789401.jpg?fit=1200%2C628&ssl=1","jetpack-related-posts":[{"id":25169,"url":"https:\/\/noticiasribeiraopreto.com.br\/index.php\/2024\/01\/06\/tragedia-quem-e-o-ator-de-indiana-jones-que-perdeu-a-vida-lado-das-duas-filhas-apos-acidente-tragico\/","url_meta":{"origin":24967,"position":0},"title":"Trag\u00e9dia! Quem \u00e9 o ator de Indiana Jones que perdeu a vida lado das duas filhas ap\u00f3s acidente tr\u00e1gico","author":"noticiasribeiraopreto.com.br","date":"6 de January de 2024","format":false,"excerpt":"O cinema est\u00e1 de luto por causa da morte de um querido ator e de suas filhas em um tr\u00e1gico acidente a\u00e9reo.Aos 51 anos, o ator Christian Oliver faleceu em um tr\u00e1gico acidente a\u00e9reo. Ele estava a bordo de um jato particular acompanhado de suas duas filhas, Madita, de 10\u2026","rel":"","context":"In &quot;Blog&quot;","block_context":{"text":"Blog","link":"https:\/\/noticiasribeiraopreto.com.br\/index.php\/category\/blog\/"},"img":{"alt_text":"","src":"https:\/\/i0.wp.com\/noticiasribeiraopreto.com.br\/wp-content\/uploads\/2024\/01\/postimg-6598d9973b87d4080.jpg?fit=1200%2C628&ssl=1&resize=350%2C200","width":350,"height":200,"srcset":"https:\/\/i0.wp.com\/noticiasribeiraopreto.com.br\/wp-content\/uploads\/2024\/01\/postimg-6598d9973b87d4080.jpg?fit=1200%2C628&ssl=1&resize=350%2C200 1x, https:\/\/i0.wp.com\/noticiasribeiraopreto.com.br\/wp-content\/uploads\/2024\/01\/postimg-6598d9973b87d4080.jpg?fit=1200%2C628&ssl=1&resize=525%2C300 1.5x, https:\/\/i0.wp.com\/noticiasribeiraopreto.com.br\/wp-content\/uploads\/2024\/01\/postimg-6598d9973b87d4080.jpg?fit=1200%2C628&ssl=1&resize=700%2C400 2x, https:\/\/i0.wp.com\/noticiasribeiraopreto.com.br\/wp-content\/uploads\/2024\/01\/postimg-6598d9973b87d4080.jpg?fit=1200%2C628&ssl=1&resize=1050%2C600 3x"},"classes":[]},{"id":25104,"url":"https:\/\/noticiasribeiraopreto.com.br\/index.php\/2024\/01\/05\/ator-e-duas-filhas-morrem-em-acidente-de-aviao-video-mostra-momento-que-aeronave-cai-no-mar\/","url_meta":{"origin":24967,"position":1},"title":"Ator e duas filhas morrem em acidente de avi\u00e3o; v\u00eddeo mostra momento que aeronave cai no mar","author":"noticiasribeiraopreto.com.br","date":"5 de January de 2024","format":false,"excerpt":"Os f\u00e3s de um querido ator foram surpreendidos nesta sexta-feira (05\/01) com uma triste not\u00edcia a seu respeito. Christian Oliver, que tinha 51 anos, acabou perdendo a vida depois de ser v\u00edtima de um grave acidente de avi\u00e3o.No momento da trag\u00e9dia, Christian estava com as suas dias filhas, Madita, de\u2026","rel":"","context":"In &quot;Blog&quot;","block_context":{"text":"Blog","link":"https:\/\/noticiasribeiraopreto.com.br\/index.php\/category\/blog\/"},"img":{"alt_text":"","src":"https:\/\/i0.wp.com\/noticiasribeiraopreto.com.br\/wp-content\/uploads\/2024\/01\/postimg-6598903f3e69e9620.jpg?fit=1200%2C628&ssl=1&resize=350%2C200","width":350,"height":200,"srcset":"https:\/\/i0.wp.com\/noticiasribeiraopreto.com.br\/wp-content\/uploads\/2024\/01\/postimg-6598903f3e69e9620.jpg?fit=1200%2C628&ssl=1&resize=350%2C200 1x, https:\/\/i0.wp.com\/noticiasribeiraopreto.com.br\/wp-content\/uploads\/2024\/01\/postimg-6598903f3e69e9620.jpg?fit=1200%2C628&ssl=1&resize=525%2C300 1.5x, https:\/\/i0.wp.com\/noticiasribeiraopreto.com.br\/wp-content\/uploads\/2024\/01\/postimg-6598903f3e69e9620.jpg?fit=1200%2C628&ssl=1&resize=700%2C400 2x, https:\/\/i0.wp.com\/noticiasribeiraopreto.com.br\/wp-content\/uploads\/2024\/01\/postimg-6598903f3e69e9620.jpg?fit=1200%2C628&ssl=1&resize=1050%2C600 3x"},"classes":[]},{"id":41532,"url":"https:\/\/noticiasribeiraopreto.com.br\/index.php\/2024\/03\/08\/o-que-se-sabe-sobre-mae-acusada-de-agredir-filha-de-3-anos-em-ribeirao-preto\/","url_meta":{"origin":24967,"position":2},"title":"O que se sabe sobre m\u00e3e acusada de agredir filha de 3 anos em Ribeir\u00e3o Preto","author":"noticiasribeiraopreto.com.br","date":"8 de March de 2024","format":false,"excerpt":"A mulher que foi presa ap\u00f3s agredir uma das filhas de apenas tr\u00eas anos de idade recebeu liberdade provis\u00f3ria na quinta-feira (7), ap\u00f3s passar por audi\u00eancia de cust\u00f3dia realizada pelo Tribunal de Justi\u00e7a de S\u00e3o Paulo. Mesmo em liberdade, a m\u00e3e de duas crian\u00e7as ter\u00e1 que cumprir algumas medidas cautelares\u2026","rel":"","context":"In &quot;Not\u00edcias de Ribeir\u00e3o Preto-SP e Regi\u00e3o&quot;","block_context":{"text":"Not\u00edcias de Ribeir\u00e3o Preto-SP e Regi\u00e3o","link":"https:\/\/noticiasribeiraopreto.com.br\/index.php\/category\/noticias-de-ribeirao-preto-sp-e-regiao-ismael-colosi\/"},"img":{"alt_text":"","src":"https:\/\/i0.wp.com\/noticiasribeiraopreto.com.br\/wp-content\/uploads\/2024\/03\/WhatsApp-Image-2023-12-09-at-13.55.44.jpeg?fit=1024%2C576&ssl=1&resize=350%2C200","width":350,"height":200,"srcset":"https:\/\/i0.wp.com\/noticiasribeiraopreto.com.br\/wp-content\/uploads\/2024\/03\/WhatsApp-Image-2023-12-09-at-13.55.44.jpeg?fit=1024%2C576&ssl=1&resize=350%2C200 1x, https:\/\/i0.wp.com\/noticiasribeiraopreto.com.br\/wp-content\/uploads\/2024\/03\/WhatsApp-Image-2023-12-09-at-13.55.44.jpeg?fit=1024%2C576&ssl=1&resize=525%2C300 1.5x, https:\/\/i0.wp.com\/noticiasribeiraopreto.com.br\/wp-content\/uploads\/2024\/03\/WhatsApp-Image-2023-12-09-at-13.55.44.jpeg?fit=1024%2C576&ssl=1&resize=700%2C400 2x"},"classes":[]},{"id":69630,"url":"https:\/\/noticiasribeiraopreto.com.br\/index.php\/2025\/05\/07\/mulher-e-morta-a-facadas-na-frente-da-filha-na-regiao-de-ribeirao-preto\/","url_meta":{"origin":24967,"position":3},"title":"Mulher \u00e9 morta a facadas na frente da filha na regi\u00e3o de Ribeir\u00e3o Preto","author":"noticiasribeiraopreto.com.br","date":"7 de May de 2025","format":false,"excerpt":"Uma mulher de 29 anos foi morta a facadas na frente da filha menor de idade, na manh\u00e3 desta ter\u00e7a-feira (6), em Cajuru, cidade a aproximadamente 60 quil\u00f4metros de Ribeir\u00e3o Preto. O ex-marido, de 31 anos, \u00e9 o principal suspeito do crime. Segundo o boletim de ocorr\u00eancia (BO), Daiane Ta\u00eds\u2026","rel":"","context":"In &quot;Not\u00edcias de Ribeir\u00e3o Preto-SP e Regi\u00e3o&quot;","block_context":{"text":"Not\u00edcias de Ribeir\u00e3o Preto-SP e Regi\u00e3o","link":"https:\/\/noticiasribeiraopreto.com.br\/index.php\/category\/noticias-de-ribeirao-preto-sp-e-regiao-ismael-colosi\/"},"img":{"alt_text":"","src":"https:\/\/i0.wp.com\/noticiasribeiraopreto.com.br\/wp-content\/uploads\/2025\/05\/1746649727_20220620_114539075_policia_qru_1024x576_25052021184749_jpg_715985292.jpg?fit=1200%2C606&ssl=1&resize=350%2C200","width":350,"height":200,"srcset":"https:\/\/i0.wp.com\/noticiasribeiraopreto.com.br\/wp-content\/uploads\/2025\/05\/1746649727_20220620_114539075_policia_qru_1024x576_25052021184749_jpg_715985292.jpg?fit=1200%2C606&ssl=1&resize=350%2C200 1x, https:\/\/i0.wp.com\/noticiasribeiraopreto.com.br\/wp-content\/uploads\/2025\/05\/1746649727_20220620_114539075_policia_qru_1024x576_25052021184749_jpg_715985292.jpg?fit=1200%2C606&ssl=1&resize=525%2C300 1.5x, https:\/\/i0.wp.com\/noticiasribeiraopreto.com.br\/wp-content\/uploads\/2025\/05\/1746649727_20220620_114539075_policia_qru_1024x576_25052021184749_jpg_715985292.jpg?fit=1200%2C606&ssl=1&resize=700%2C400 2x, https:\/\/i0.wp.com\/noticiasribeiraopreto.com.br\/wp-content\/uploads\/2025\/05\/1746649727_20220620_114539075_policia_qru_1024x576_25052021184749_jpg_715985292.jpg?fit=1200%2C606&ssl=1&resize=1050%2C600 3x"},"classes":[]},{"id":25039,"url":"https:\/\/noticiasribeiraopreto.com.br\/index.php\/2024\/01\/05\/com-menos-de-1-ano-de-idade-filha-de-viih-tube-ja-tem-presente-dos-15-garantido-saiba-qual\/","url_meta":{"origin":24967,"position":4},"title":"Com menos de 1 ano de idade, filha de Viih Tube j\u00e1 tem presente dos 15 garantido; saiba qual","author":"noticiasribeiraopreto.com.br","date":"5 de January de 2024","format":false,"excerpt":"Alguns pais consideram importantes a comemora\u00e7\u00e3o e presentes especiais em algumas idades espec\u00edficas. Para as meninas, os t\u00e3o sonhados 15 anos para os pais \u00e9 motivo de preparar aquele fest\u00e3o.J\u00e1 outros, pensam desde o primeiro momento do filho na barriga um presente especial. Como fez a influenciadora digital Viih Tube,\u2026","rel":"","context":"In &quot;Blog&quot;","block_context":{"text":"Blog","link":"https:\/\/noticiasribeiraopreto.com.br\/index.php\/category\/blog\/"},"img":{"alt_text":"","src":"https:\/\/i0.wp.com\/noticiasribeiraopreto.com.br\/wp-content\/uploads\/2024\/01\/postimg-65984872b936e7404.jpg?fit=1200%2C628&ssl=1&resize=350%2C200","width":350,"height":200,"srcset":"https:\/\/i0.wp.com\/noticiasribeiraopreto.com.br\/wp-content\/uploads\/2024\/01\/postimg-65984872b936e7404.jpg?fit=1200%2C628&ssl=1&resize=350%2C200 1x, https:\/\/i0.wp.com\/noticiasribeiraopreto.com.br\/wp-content\/uploads\/2024\/01\/postimg-65984872b936e7404.jpg?fit=1200%2C628&ssl=1&resize=525%2C300 1.5x, https:\/\/i0.wp.com\/noticiasribeiraopreto.com.br\/wp-content\/uploads\/2024\/01\/postimg-65984872b936e7404.jpg?fit=1200%2C628&ssl=1&resize=700%2C400 2x, https:\/\/i0.wp.com\/noticiasribeiraopreto.com.br\/wp-content\/uploads\/2024\/01\/postimg-65984872b936e7404.jpg?fit=1200%2C628&ssl=1&resize=1050%2C600 3x"},"classes":[]},{"id":73697,"url":"https:\/\/noticiasribeiraopreto.com.br\/index.php\/2025\/07\/08\/mulher-morre-e-filha-fica-ferida-em-colisao-entre-motos\/","url_meta":{"origin":24967,"position":5},"title":"Mulher morre e filha fica ferida em colis\u00e3o entre motos","author":"noticiasribeiraopreto.com.br","date":"8 de July de 2025","format":false,"excerpt":"7 de julho de 2025 21:228 de julho de 2025 08:2545 Compartilhar0 Uma mulher de 26 anos morreu e a filha dela, de 9 anos, ficou ferida ap\u00f3s um acidente envolvendo duas motocicletas, na tarde desta segunda-feira (7), no bairro Vida Nova, em Barretos (SP). Segundo informa\u00e7\u00f5es da Pol\u00edcia Militar,\u2026","rel":"","context":"In &quot;Not\u00edcias de Ribeir\u00e3o Preto-SP e Regi\u00e3o&quot;","block_context":{"text":"Not\u00edcias de Ribeir\u00e3o Preto-SP e Regi\u00e3o","link":"https:\/\/noticiasribeiraopreto.com.br\/index.php\/category\/noticias-de-ribeirao-preto-sp-e-regiao-ismael-colosi\/"},"img":{"alt_text":"","src":"https:\/\/i0.wp.com\/noticiasribeiraopreto.com.br\/wp-content\/uploads\/2025\/07\/motos_batida_barretos.jpeg?fit=768%2C432&ssl=1&resize=350%2C200","width":350,"height":200,"srcset":"https:\/\/i0.wp.com\/noticiasribeiraopreto.com.br\/wp-content\/uploads\/2025\/07\/motos_batida_barretos.jpeg?fit=768%2C432&ssl=1&resize=350%2C200 1x, https:\/\/i0.wp.com\/noticiasribeiraopreto.com.br\/wp-content\/uploads\/2025\/07\/motos_batida_barretos.jpeg?fit=768%2C432&ssl=1&resize=525%2C300 1.5x, https:\/\/i0.wp.com\/noticiasribeiraopreto.com.br\/wp-content\/uploads\/2025\/07\/motos_batida_barretos.jpeg?fit=768%2C432&ssl=1&resize=700%2C400 2x"},"classes":[]}],"jetpack_sharing_enabled":true,"jetpack_shortlink":"https:\/\/wp.me\/peQAOb-6uH","_links":{"self":[{"href":"https:\/\/noticiasribeiraopreto.com.br\/index.php\/wp-json\/wp\/v2\/posts\/24967","targetHints":{"allow":["GET"]}}],"collection":[{"href":"https:\/\/noticiasribeiraopreto.com.br\/index.php\/wp-json\/wp\/v2\/posts"}],"about":[{"href":"https:\/\/noticiasribeiraopreto.com.br\/index.php\/wp-json\/wp\/v2\/types\/post"}],"author":[{"embeddable":true,"href":"https:\/\/noticiasribeiraopreto.com.br\/index.php\/wp-json\/wp\/v2\/users\/1"}],"replies":[{"embeddable":true,"href":"https:\/\/noticiasribeiraopreto.com.br\/index.php\/wp-json\/wp\/v2\/comments?post=24967"}],"version-history":[{"count":0,"href":"https:\/\/noticiasribeiraopreto.com.br\/index.php\/wp-json\/wp\/v2\/posts\/24967\/revisions"}],"wp:featuredmedia":[{"embeddable":true,"href":"https:\/\/noticiasribeiraopreto.com.br\/index.php\/wp-json\/wp\/v2\/media\/24968"}],"wp:attachment":[{"href":"https:\/\/noticiasribeiraopreto.com.br\/index.php\/wp-json\/wp\/v2\/media?parent=24967"}],"wp:term":[{"taxonomy":"category","embeddable":true,"href":"https:\/\/noticiasribeiraopreto.com.br\/index.php\/wp-json\/wp\/v2\/categories?post=24967"},{"taxonomy":"post_tag","embeddable":true,"href":"https:\/\/noticiasribeiraopreto.com.br\/index.php\/wp-json\/wp\/v2\/tags?post=24967"}],"curies":[{"name":"wp","href":"https:\/\/api.w.org\/{rel}","templated":true}]}}