{"id":24973,"date":"2024-01-05T16:09:49","date_gmt":"2024-01-05T19:09:49","guid":{"rendered":"https:\/\/noticiasribeiraopreto.com.br\/index.php\/2024\/01\/05\/7-dicas-sobre-o-que-fazer-apos-ser-demitido\/"},"modified":"2024-01-05T16:09:49","modified_gmt":"2024-01-05T19:09:49","slug":"7-dicas-sobre-o-que-fazer-apos-ser-demitido","status":"publish","type":"post","link":"https:\/\/noticiasribeiraopreto.com.br\/index.php\/2024\/01\/05\/7-dicas-sobre-o-que-fazer-apos-ser-demitido\/","title":{"rendered":"7 dicas sobre o que fazer ap\u00f3s ser demitido"},"content":{"rendered":"<div class='code-block code-block-1' style='margin: 8px 0 8px auto; text-align: right; display: block; clear: both;'>\n<p><a href=\"https:\/\/wa.link\/vpicfd\"><img data-recalc-dims=\"1\" class=\"wp-image-4922\" style=\"aspect-ratio: 2.0253164556962027; width: 561px; height: auto;\" src=\"https:\/\/i0.wp.com\/ismaelcolosi.com.br\/wp-content\/uploads\/2023\/11\/grupo-de-empregos-whatsapp-e-facebook-ismael-colosi-vagas.jpg?ssl=1\" alt=\"\" \/><\/a><\/p>\n<!-- \/wp:image -->\n<\/div>\n<p> <br \/>\n<\/p>\n<div>\n<p>Ser demitido nunca \u00e9 uma situa\u00e7\u00e3o agrad\u00e1vel, sendo um momento dif\u00edcil para o psicol\u00f3gico e autoestima. Por\u00e9m, a demiss\u00e3o pode acontecer por diversos motivos e, por isso, voc\u00ea n\u00e3o deve se sentir menosprezado ou culpado pela situa\u00e7\u00e3o.<\/p>\n<p>Nesse momento, \u00e9 preciso ter for\u00e7a e seguir em frente, aprendendo com os erros passados e entendendo que a demiss\u00e3o \u00e9 uma fase muito comum na carreira profissional de diversas pessoas. <\/p>\n<p>Para ajudar voc\u00ea a levantar a cabe\u00e7a e mudar esse cen\u00e1rio, preparamos uma lista com 7 a\u00e7\u00f5es para se fazer ap\u00f3s uma demiss\u00e3o. Continue a leitura e confira as nossas dicas!<\/p>\n<nav class=\"toc-container  active\">\n<hr\/>\n<\/nav>\n<h2 class=\"wp-block-heading\" id=\"Reveja_seus_gastos_e_faca_um_plano_de_contingencia\">Reveja seus gastos e fa\u00e7a um plano de conting\u00eancia<\/h2>\n<p>O tempo para se recolocar no mercado pode ser demorado, chegando a durar v\u00e1rios meses ou at\u00e9 mais de um ano. Por isso, \u00e9 muito importante ter um bom controle de gastos para n\u00e3o se endividar e ter problemas financeiros. <strong>Reveja os seus gastos mensais e corte aquilo que n\u00e3o for essencial para voc\u00ea<\/strong>.<\/p>\n<p>Esse \u00e9 um \u00f3timo momento para identificar aquelas contas sup\u00e9rfluas que acabam comprometendo uma boa parte da sua renda mensal sem que voc\u00ea perceba. Al\u00e9m disso, essa \u00e9 uma situa\u00e7\u00e3o que pode nos ajudar a valorizar mais aquelas coisas que n\u00e3o custam dinheiro.<\/p>\n<h2 class=\"wp-block-heading\" id=\"Nao_se_martirize_pela_demissao\">N\u00e3o se martirize pela demiss\u00e3o<\/h2>\n<p>N\u00e3o esconda que foi demitido e nem se envergonhe por isso, a demiss\u00e3o \u00e9 algo totalmente natural na vida profissional e pode acontecer com qualquer pessoa. Converse com pessoas pr\u00f3ximas a voc\u00ea, isso pode ajudar a se sentir mais acolhido.<\/p>\n<p>Outro ponto importante \u00e9 n\u00e3o guardar rancor ou m\u00e1goa do antigo empregador. Tente entender os fatores que levaram ao seu desligamento, <strong>talvez voc\u00ea possa encontrar sinais de uma poss\u00edvel demiss\u00e3o que n\u00e3o tinham sido percebidos antes<\/strong>.<\/p>\n<p>Al\u00e9m disso, com essa an\u00e1lise, voc\u00ea consegue aprender com os seus erros e evit\u00e1-los no pr\u00f3ximo emprego. Ent\u00e3o, nada de se martirizar pela demiss\u00e3o.<\/p>\n<h2 class=\"wp-block-heading\" id=\"Mantenha_o_curriculo_atualizado\">Mantenha o curr\u00edculo atualizado<\/h2>\n<p>\u00c9 fundamental deixar o seu curr\u00edculo com informa\u00e7\u00f5es corretas e atualizadas, assim, quando surgir uma vaga de emprego, voc\u00ea estar\u00e1 preparado. Al\u00e9m disso, personalize o documento conforme a vaga oferecida, isso ajuda na avalia\u00e7\u00e3o dos recrutadores e aumenta as suas chances de contrata\u00e7\u00e3o.<\/p>\n<p>Se voc\u00ea precisa de ajuda para montar o seu, aproveite para conferir os nossos modelos de curr\u00edculo. Com eles, voc\u00ea tem um direcionamento preciso do que \u00e9 importante colocar no documento, <strong>garantindo que ele seja atraente para os empregadores<\/strong>.<\/p>\n<h2 class=\"wp-block-heading\" id=\"Faca_networking\">Fa\u00e7a networking<\/h2>\n<p>Uma das melhores chances que voc\u00ea pode ter para voltar logo ao mercado de trabalho \u00e9 por meio do networking. Ter uma boa rede de contatos aumenta muito as chances de voc\u00ea ser indicado ou receber uma nova oferta de emprego.<\/p>\n<p>Voc\u00ea pode fazer isso construindo uma presen\u00e7a online s\u00f3lida em redes como o LinkedIn, mantendo contato com ex-colegas, antigos professores e outros profissionais do mercado. Curta publica\u00e7\u00f5es, comente, parabenize os outros pelas conquistas e alimente um relacionamento saud\u00e1vel com as outras pessoas.<\/p>\n<p>Com isso, no momento em que voc\u00ea estiver aberto para propostas, \u00e9 prov\u00e1vel que as pessoas presentes na sua rede de contatos possam te indicar oportunidades que se encaixam com o seu perfil.<\/p>\n<h2 class=\"wp-block-heading\" id=\"Esteja_sempre_disponivel\">Esteja sempre dispon\u00edvel<\/h2>\n<p>Ao se colocar aberto para novas propostas de emprego, \u00e9 fundamental ficar atento ao celular, ao e-mail e a mensagens do LinkedIn. D\u00ea prioridade para retornar as respostas com agilidade e, assim, <strong>evitar perder a chance de entrar em um processo por demora no contato<\/strong>.<\/p>\n<p>Muitos recrutadores acabam eliminando alguns candidatos simplesmente por n\u00e3o conseguirem falar com eles. Por isso, fique atento \u00e0s mensagens e liga\u00e7\u00f5es.<\/p>\n<h2 class=\"wp-block-heading\" id=\"Faca_um_bom_plano_de_carreira\">Fa\u00e7a um bom plano de carreira<\/h2>\n<p>Ap\u00f3s uma demiss\u00e3o, \u00e9 um bom momento para revisar o seu plano de carreira ou tra\u00e7ar um caso n\u00e3o tenha. Se voc\u00ea tivesse a oportunidade de escolher, pense onde trabalharia, qual seria a fun\u00e7\u00e3o dos seus sonhos, sal\u00e1rio, entre outros fatores.<\/p>\n<p>Analise o que te chama a aten\u00e7\u00e3o nas empresas e nas fun\u00e7\u00f5es que gostaria de atuar, isso pode te ajudar a definir os melhores alvos para enviar seu curr\u00edculo e tentar uma oportunidade. <strong>Sempre acompanhe a abertura de vagas nessas organiza\u00e7\u00f5es<\/strong> nas suas redes sociais e site.<\/p>\n<p>\u00c9 importante avaliar tamb\u00e9m a possibilidade de mudar de carreira, indo para alguma outra \u00e1rea do seu interesse. O momento de desemprego pode ser uma boa hora para pensar nisso.<\/p>\n<blockquote class=\"wp-block-quote\">\n<p>Leia tamb\u00e9m: Como conseguir um emprego sem ter experi\u00eancia?<\/p>\n<\/blockquote>\n<h2 class=\"wp-block-heading\" id=\"Invista_no_seu_bem-estar_e_capacitacao\">Invista no seu bem-estar e capacita\u00e7\u00e3o<\/h2>\n<p>Enquanto espera pela resposta em entrevistas e processos seletivos, voc\u00ea pode investir o seu tempo em coisas que gosta de fazer. Use o tempo livre tamb\u00e9m para estudar e se capacitar ainda mais, tornando-se um profissional cada vez mais requisitado pelas empresas.<\/p>\n<p>Com essas dicas de a\u00e7\u00f5es para se tomar depois de uma demiss\u00e3o, voc\u00ea tem muito mais chances de se recolocar rapidamente no mercado, al\u00e9m de <strong>conseguir ver o lado positivo de toda essa situa\u00e7\u00e3o<\/strong> que pode n\u00e3o ser agrad\u00e1vel, mas traz a chance de mudar os rumos da sua carreira.<\/p>\n<p>Aproveite para conhecer algumas das profiss\u00f5es em alta para esse ano e veja qual \u00e9 a melhor oportunidade para se recolocar no mercado!<\/p>\n<div id=\"banner_bottom\"><img data-recalc-dims=\"1\" decoding=\"async\" style=\"with:100%\" data-gtm-event-category=\"catho:lp-carreira-sucesso\" data-gtm-event-action=\"carreira-sucesso:banner-artigo\" data-gtm-event-label=\"botao:banner\" src=\"https:\/\/i0.wp.com\/s24534.pcdn.co\/carreira-sucesso\/wp-content\/uploads\/sites\/3\/2023\/12\/banner-970x250_CBU_CONSIDERACAO_PORTAL.jpeg?ssl=1\"\/><noscript><img data-recalc-dims=\"1\" decoding=\"async\" src=\"https:\/\/i0.wp.com\/s24534.pcdn.co\/carreira-sucesso\/wp-content\/uploads\/sites\/3\/2023\/12\/banner-970x250_CBU_CONSIDERACAO_PORTAL.jpeg?ssl=1\" style=\"with:100%\" data-gtm-event-category=\"catho:lp-carreira-sucesso\" data-gtm-event-action=\"carreira-sucesso:banner-artigo\" data-gtm-event-label=\"botao:banner\"\/><\/noscript><\/div>\n<\/p><\/div>\n<p><br \/>\n<br \/><a href=\"https:\/\/www.catho.com.br\/carreira-sucesso\/demissao-o-que-fazer-apos-ser-demitido\/\">Source link <\/a><\/p>\n<!-- CONTENT END 1 -->\n","protected":false},"excerpt":{"rendered":"<p>Ser demitido nunca \u00e9 uma situa\u00e7\u00e3o agrad\u00e1vel, sendo um momento dif\u00edcil para o psicol\u00f3gico e autoestima. Por\u00e9m, a demiss\u00e3o pode acontecer por diversos motivos e,&#8230;<\/p>\n","protected":false},"author":1,"featured_media":24974,"comment_status":"open","ping_status":"open","sticky":false,"template":"","format":"standard","meta":{"advanced_seo_description":"","jetpack_seo_html_title":"","jetpack_seo_noindex":false,"jetpack_post_was_ever_published":false,"_jetpack_newsletter_access":"","_jetpack_dont_email_post_to_subs":false,"_jetpack_newsletter_tier_id":0,"_jetpack_memberships_contains_paywalled_content":false,"_jetpack_memberships_contains_paid_content":false,"footnotes":"","jetpack_publicize_message":"","jetpack_publicize_feature_enabled":true,"jetpack_social_post_already_shared":true,"jetpack_social_options":{"image_generator_settings":{"template":"highway","default_image_id":0,"font":"","enabled":false},"version":2}},"categories":[1],"tags":[],"class_list":["post-24973","post","type-post","status-publish","format-standard","has-post-thumbnail","hentry","category-blog"],"jetpack_publicize_connections":[],"jetpack_featured_media_url":"https:\/\/i0.wp.com\/noticiasribeiraopreto.com.br\/wp-content\/uploads\/2024\/01\/demissao-justa-causa.jpg?fit=1200%2C675&ssl=1","jetpack-related-posts":[{"id":34935,"url":"https:\/\/noticiasribeiraopreto.com.br\/index.php\/2024\/02\/04\/foi-demitido-nao-se-desespere-veja-cinco-passos-para-se-organizar-apos-demissao\/","url_meta":{"origin":24973,"position":0},"title":"Foi demitido? N\u00e3o se desespere. Veja cinco passos para se organizar ap\u00f3s demiss\u00e3o","author":"noticiasribeiraopreto.com.br","date":"4 de February de 2024","format":false,"excerpt":"Getty imagesO recurso mais valioso que voc\u00ea pode investir em sua busca por emprego \u00e9 o tempo, n\u00e3o o dinheiro. Ap\u00f3s uma demiss\u00e3o, uma das principais preocupa\u00e7\u00f5es \u00e9 o dinheiro. Sem um sal\u00e1rio, surgem d\u00favidas sobre como pagar as contas e quanto tempo levar\u00e1 para conseguir o pr\u00f3ximo emprego. Por\u2026","rel":"","context":"In &quot;Blog&quot;","block_context":{"text":"Blog","link":"https:\/\/noticiasribeiraopreto.com.br\/index.php\/category\/blog\/"},"img":{"alt_text":"","src":"https:\/\/i0.wp.com\/noticiasribeiraopreto.com.br\/wp-content\/uploads\/2024\/02\/demissao-1024x683.jpg?fit=1024%2C683&ssl=1&resize=350%2C200","width":350,"height":200,"srcset":"https:\/\/i0.wp.com\/noticiasribeiraopreto.com.br\/wp-content\/uploads\/2024\/02\/demissao-1024x683.jpg?fit=1024%2C683&ssl=1&resize=350%2C200 1x, https:\/\/i0.wp.com\/noticiasribeiraopreto.com.br\/wp-content\/uploads\/2024\/02\/demissao-1024x683.jpg?fit=1024%2C683&ssl=1&resize=525%2C300 1.5x, https:\/\/i0.wp.com\/noticiasribeiraopreto.com.br\/wp-content\/uploads\/2024\/02\/demissao-1024x683.jpg?fit=1024%2C683&ssl=1&resize=700%2C400 2x"},"classes":[]},{"id":18355,"url":"https:\/\/noticiasribeiraopreto.com.br\/index.php\/2023\/12\/20\/entrevista-de-desligamento-o-que-e-e-como-funciona\/","url_meta":{"origin":24973,"position":1},"title":"Entrevista de desligamento: o que \u00e9 e como funciona?","author":"noticiasribeiraopreto.com.br","date":"20 de December de 2023","format":false,"excerpt":"Se voc\u00ea est\u00e1 em processo de sa\u00edda na empresa em que trabalha, saiba que podem solicitar uma entrevista de desligamento antes do seu \u00faltimo dia. \u00c9 importante saber que esse bate-papo \u00e9 para saber o seu ponto de vista sobre seu per\u00edodo de trabalho e o que pode ser otimizado\u2026","rel":"","context":"In &quot;Blog&quot;","block_context":{"text":"Blog","link":"https:\/\/noticiasribeiraopreto.com.br\/index.php\/category\/blog\/"},"img":{"alt_text":"","src":"https:\/\/i0.wp.com\/noticiasribeiraopreto.com.br\/wp-content\/uploads\/2023\/12\/entrevista-de-desligamento.jpg?fit=1200%2C675&ssl=1&resize=350%2C200","width":350,"height":200,"srcset":"https:\/\/i0.wp.com\/noticiasribeiraopreto.com.br\/wp-content\/uploads\/2023\/12\/entrevista-de-desligamento.jpg?fit=1200%2C675&ssl=1&resize=350%2C200 1x, https:\/\/i0.wp.com\/noticiasribeiraopreto.com.br\/wp-content\/uploads\/2023\/12\/entrevista-de-desligamento.jpg?fit=1200%2C675&ssl=1&resize=525%2C300 1.5x, https:\/\/i0.wp.com\/noticiasribeiraopreto.com.br\/wp-content\/uploads\/2023\/12\/entrevista-de-desligamento.jpg?fit=1200%2C675&ssl=1&resize=700%2C400 2x, https:\/\/i0.wp.com\/noticiasribeiraopreto.com.br\/wp-content\/uploads\/2023\/12\/entrevista-de-desligamento.jpg?fit=1200%2C675&ssl=1&resize=1050%2C600 3x"},"classes":[]},{"id":35751,"url":"https:\/\/noticiasribeiraopreto.com.br\/index.php\/2024\/02\/07\/confira-10-dicas-para-sua-recolocacao-profissional-em-2024\/","url_meta":{"origin":24973,"position":2},"title":"Confira 10 dicas para sua recoloca\u00e7\u00e3o profissional em 2024","author":"noticiasribeiraopreto.com.br","date":"7 de February de 2024","format":false,"excerpt":"A recoloca\u00e7\u00e3o profissional \u00e9 um momento comum na carreira de qualquer trabalhador. Afinal, \u00e9 normal que, em determinado ponto da sua vida profissional, voc\u00ea veja a necessidade de se realocar no mercado, seja por conta de uma demiss\u00e3o ou por vontade de adquirir novas viv\u00eancias. Se voc\u00ea \u00e9 uma dessas\u2026","rel":"","context":"In &quot;Blog&quot;","block_context":{"text":"Blog","link":"https:\/\/noticiasribeiraopreto.com.br\/index.php\/category\/blog\/"},"img":{"alt_text":"","src":"https:\/\/i0.wp.com\/noticiasribeiraopreto.com.br\/wp-content\/uploads\/2024\/02\/recolocacao-profissional-02.jpg?fit=1200%2C675&ssl=1&resize=350%2C200","width":350,"height":200,"srcset":"https:\/\/i0.wp.com\/noticiasribeiraopreto.com.br\/wp-content\/uploads\/2024\/02\/recolocacao-profissional-02.jpg?fit=1200%2C675&ssl=1&resize=350%2C200 1x, https:\/\/i0.wp.com\/noticiasribeiraopreto.com.br\/wp-content\/uploads\/2024\/02\/recolocacao-profissional-02.jpg?fit=1200%2C675&ssl=1&resize=525%2C300 1.5x, https:\/\/i0.wp.com\/noticiasribeiraopreto.com.br\/wp-content\/uploads\/2024\/02\/recolocacao-profissional-02.jpg?fit=1200%2C675&ssl=1&resize=700%2C400 2x, https:\/\/i0.wp.com\/noticiasribeiraopreto.com.br\/wp-content\/uploads\/2024\/02\/recolocacao-profissional-02.jpg?fit=1200%2C675&ssl=1&resize=1050%2C600 3x"},"classes":[]},{"id":52800,"url":"https:\/\/noticiasribeiraopreto.com.br\/index.php\/2024\/06\/12\/posso-pedir-demissao-nas-ferias-entenda-o-que-diz-a-lei\/","url_meta":{"origin":24973,"position":3},"title":"Posso pedir demiss\u00e3o nas f\u00e9rias? Entenda o que diz a lei","author":"noticiasribeiraopreto.com.br","date":"12 de June de 2024","format":false,"excerpt":"A decis\u00e3o de pedir demiss\u00e3o deve ser feita com planejamento e organiza\u00e7\u00e3o para que o funcion\u00e1rio n\u00e3o saia prejudicado. Para isso, deve ser feito da maneira mais adequada poss\u00edvel, conhecendo os seus direitos e o que a legisla\u00e7\u00e3o trabalhista determina sobre o assunto. Ent\u00e3o, o funcion\u00e1rio pode\u00a0pedir demiss\u00e3o\u00a0durante as suas\u2026","rel":"","context":"In &quot;Blog&quot;","block_context":{"text":"Blog","link":"https:\/\/noticiasribeiraopreto.com.br\/index.php\/category\/blog\/"},"img":{"alt_text":"","src":"https:\/\/i0.wp.com\/noticiasribeiraopreto.com.br\/wp-content\/uploads\/2024\/06\/Posso-pedir-demissao-nas-ferias-.png?fit=1200%2C627&ssl=1&resize=350%2C200","width":350,"height":200,"srcset":"https:\/\/i0.wp.com\/noticiasribeiraopreto.com.br\/wp-content\/uploads\/2024\/06\/Posso-pedir-demissao-nas-ferias-.png?fit=1200%2C627&ssl=1&resize=350%2C200 1x, https:\/\/i0.wp.com\/noticiasribeiraopreto.com.br\/wp-content\/uploads\/2024\/06\/Posso-pedir-demissao-nas-ferias-.png?fit=1200%2C627&ssl=1&resize=525%2C300 1.5x, https:\/\/i0.wp.com\/noticiasribeiraopreto.com.br\/wp-content\/uploads\/2024\/06\/Posso-pedir-demissao-nas-ferias-.png?fit=1200%2C627&ssl=1&resize=700%2C400 2x, https:\/\/i0.wp.com\/noticiasribeiraopreto.com.br\/wp-content\/uploads\/2024\/06\/Posso-pedir-demissao-nas-ferias-.png?fit=1200%2C627&ssl=1&resize=1050%2C600 3x"},"classes":[]},{"id":23332,"url":"https:\/\/noticiasribeiraopreto.com.br\/index.php\/2024\/01\/02\/demissao-sem-justa-causa-7-direitos-que-todo-trabalhador-tem\/","url_meta":{"origin":24973,"position":4},"title":"Demiss\u00e3o sem justa causa: 7 direitos que todo trabalhador tem","author":"noticiasribeiraopreto.com.br","date":"2 de January de 2024","format":false,"excerpt":"A demiss\u00e3o sem justa causa \u00e9 aquela em que o empregador decide encerrar o contrato de trabalho sem que o empregado tenha cometido uma falta grave. Nesse caso, a empresa n\u00e3o precisa apresentar um motivo para a dispensa, mas deve cumprir com as obriga\u00e7\u00f5es trabalhistas previstas na lei. Mas voc\u00ea\u2026","rel":"","context":"In &quot;Vagas de Emprego em Ribeir\u00e3o Preto-SP&quot;","block_context":{"text":"Vagas de Emprego em Ribeir\u00e3o Preto-SP","link":"https:\/\/noticiasribeiraopreto.com.br\/index.php\/category\/empregos-classificados-vagas-trabalho\/vagas-de-empregos-em-ribeirao-preto-regiao-brasil\/"},"img":{"alt_text":"","src":"https:\/\/i0.wp.com\/noticiasribeiraopreto.com.br\/wp-content\/uploads\/2024\/01\/noticiasconcursos.com_.br-demissao-sem-justa-causa-7-direitos-que-todo-trabalhador-tem-reproducao-canva-16.jpg?fit=1200%2C800&ssl=1&resize=350%2C200","width":350,"height":200,"srcset":"https:\/\/i0.wp.com\/noticiasribeiraopreto.com.br\/wp-content\/uploads\/2024\/01\/noticiasconcursos.com_.br-demissao-sem-justa-causa-7-direitos-que-todo-trabalhador-tem-reproducao-canva-16.jpg?fit=1200%2C800&ssl=1&resize=350%2C200 1x, https:\/\/i0.wp.com\/noticiasribeiraopreto.com.br\/wp-content\/uploads\/2024\/01\/noticiasconcursos.com_.br-demissao-sem-justa-causa-7-direitos-que-todo-trabalhador-tem-reproducao-canva-16.jpg?fit=1200%2C800&ssl=1&resize=525%2C300 1.5x, https:\/\/i0.wp.com\/noticiasribeiraopreto.com.br\/wp-content\/uploads\/2024\/01\/noticiasconcursos.com_.br-demissao-sem-justa-causa-7-direitos-que-todo-trabalhador-tem-reproducao-canva-16.jpg?fit=1200%2C800&ssl=1&resize=700%2C400 2x, https:\/\/i0.wp.com\/noticiasribeiraopreto.com.br\/wp-content\/uploads\/2024\/01\/noticiasconcursos.com_.br-demissao-sem-justa-causa-7-direitos-que-todo-trabalhador-tem-reproducao-canva-16.jpg?fit=1200%2C800&ssl=1&resize=1050%2C600 3x"},"classes":[]},{"id":20072,"url":"https:\/\/noticiasribeiraopreto.com.br\/index.php\/2023\/12\/24\/reserva-de-emergencia-7-motivos-para-ter-e-como-comecar-hoje-mesmo\/","url_meta":{"origin":24973,"position":5},"title":"Reserva de emerg\u00eancia: 7 motivos para ter e como come\u00e7ar hoje mesmo","author":"noticiasribeiraopreto.com.br","date":"24 de December de 2023","format":false,"excerpt":"Voc\u00ea j\u00e1 se imaginou em uma situa\u00e7\u00e3o de emerg\u00eancia financeira, como perder o emprego, ter um problema de sa\u00fade ou precisar consertar o carro? Se a resposta for sim, voc\u00ea sabe como \u00e9 importante ter uma reserva de emerg\u00eancia para lidar com esses imprevistos. Mas, se a resposta for n\u00e3o,\u2026","rel":"","context":"In &quot;Vagas de Emprego em Ribeir\u00e3o Preto-SP&quot;","block_context":{"text":"Vagas de Emprego em Ribeir\u00e3o Preto-SP","link":"https:\/\/noticiasribeiraopreto.com.br\/index.php\/category\/empregos-classificados-vagas-trabalho\/vagas-de-empregos-em-ribeirao-preto-regiao-brasil\/"},"img":{"alt_text":"","src":"https:\/\/i0.wp.com\/noticiasribeiraopreto.com.br\/wp-content\/uploads\/2023\/12\/noticiasconcursos.com_.br-7-motivos-para-ter-uma-reserva-de-emergencia-e-como-comecar-hoje-mesmo-reproducao-canva-34.jpg?fit=1200%2C800&ssl=1&resize=350%2C200","width":350,"height":200,"srcset":"https:\/\/i0.wp.com\/noticiasribeiraopreto.com.br\/wp-content\/uploads\/2023\/12\/noticiasconcursos.com_.br-7-motivos-para-ter-uma-reserva-de-emergencia-e-como-comecar-hoje-mesmo-reproducao-canva-34.jpg?fit=1200%2C800&ssl=1&resize=350%2C200 1x, https:\/\/i0.wp.com\/noticiasribeiraopreto.com.br\/wp-content\/uploads\/2023\/12\/noticiasconcursos.com_.br-7-motivos-para-ter-uma-reserva-de-emergencia-e-como-comecar-hoje-mesmo-reproducao-canva-34.jpg?fit=1200%2C800&ssl=1&resize=525%2C300 1.5x, https:\/\/i0.wp.com\/noticiasribeiraopreto.com.br\/wp-content\/uploads\/2023\/12\/noticiasconcursos.com_.br-7-motivos-para-ter-uma-reserva-de-emergencia-e-como-comecar-hoje-mesmo-reproducao-canva-34.jpg?fit=1200%2C800&ssl=1&resize=700%2C400 2x, https:\/\/i0.wp.com\/noticiasribeiraopreto.com.br\/wp-content\/uploads\/2023\/12\/noticiasconcursos.com_.br-7-motivos-para-ter-uma-reserva-de-emergencia-e-como-comecar-hoje-mesmo-reproducao-canva-34.jpg?fit=1200%2C800&ssl=1&resize=1050%2C600 3x"},"classes":[]}],"jetpack_sharing_enabled":true,"jetpack_shortlink":"https:\/\/wp.me\/peQAOb-6uN","_links":{"self":[{"href":"https:\/\/noticiasribeiraopreto.com.br\/index.php\/wp-json\/wp\/v2\/posts\/24973","targetHints":{"allow":["GET"]}}],"collection":[{"href":"https:\/\/noticiasribeiraopreto.com.br\/index.php\/wp-json\/wp\/v2\/posts"}],"about":[{"href":"https:\/\/noticiasribeiraopreto.com.br\/index.php\/wp-json\/wp\/v2\/types\/post"}],"author":[{"embeddable":true,"href":"https:\/\/noticiasribeiraopreto.com.br\/index.php\/wp-json\/wp\/v2\/users\/1"}],"replies":[{"embeddable":true,"href":"https:\/\/noticiasribeiraopreto.com.br\/index.php\/wp-json\/wp\/v2\/comments?post=24973"}],"version-history":[{"count":0,"href":"https:\/\/noticiasribeiraopreto.com.br\/index.php\/wp-json\/wp\/v2\/posts\/24973\/revisions"}],"wp:featuredmedia":[{"embeddable":true,"href":"https:\/\/noticiasribeiraopreto.com.br\/index.php\/wp-json\/wp\/v2\/media\/24974"}],"wp:attachment":[{"href":"https:\/\/noticiasribeiraopreto.com.br\/index.php\/wp-json\/wp\/v2\/media?parent=24973"}],"wp:term":[{"taxonomy":"category","embeddable":true,"href":"https:\/\/noticiasribeiraopreto.com.br\/index.php\/wp-json\/wp\/v2\/categories?post=24973"},{"taxonomy":"post_tag","embeddable":true,"href":"https:\/\/noticiasribeiraopreto.com.br\/index.php\/wp-json\/wp\/v2\/tags?post=24973"}],"curies":[{"name":"wp","href":"https:\/\/api.w.org\/{rel}","templated":true}]}}