{"id":24975,"date":"2024-01-05T16:10:51","date_gmt":"2024-01-05T19:10:51","guid":{"rendered":"https:\/\/noticiasribeiraopreto.com.br\/index.php\/2024\/01\/05\/novo-salario-minimo-anunciado-por-lula-vem-com-mais-impostos-contribuicao-do-mei-tem-reajuste-em-2024\/"},"modified":"2024-01-05T16:10:51","modified_gmt":"2024-01-05T19:10:51","slug":"novo-salario-minimo-anunciado-por-lula-vem-com-mais-impostos-contribuicao-do-mei-tem-reajuste-em-2024","status":"publish","type":"post","link":"https:\/\/noticiasribeiraopreto.com.br\/index.php\/2024\/01\/05\/novo-salario-minimo-anunciado-por-lula-vem-com-mais-impostos-contribuicao-do-mei-tem-reajuste-em-2024\/","title":{"rendered":"Novo sal\u00e1rio m\u00ednimo anunciado por Lula vem com mais impostos; contribui\u00e7\u00e3o do MEI tem reajuste em 2024"},"content":{"rendered":"<div class='code-block code-block-1' style='margin: 8px 0 8px auto; text-align: right; display: block; clear: both;'>\n<p><a href=\"https:\/\/wa.link\/vpicfd\"><img data-recalc-dims=\"1\" class=\"wp-image-4922\" style=\"aspect-ratio: 2.0253164556962027; width: 561px; height: auto;\" src=\"https:\/\/i0.wp.com\/ismaelcolosi.com.br\/wp-content\/uploads\/2023\/11\/grupo-de-empregos-whatsapp-e-facebook-ismael-colosi-vagas.jpg?ssl=1\" alt=\"\" \/><\/a><\/p>\n<!-- \/wp:image -->\n<\/div>\n<p> <br \/>\n<\/p>\n<div id=\"js-first-letter\">\n<p>O novo<strong> sal\u00e1rio m\u00ednimo<\/strong> entrou em vigor no come\u00e7o deste ano \u2014 e, junto a ele, o reajuste no valor trouxe efeitos no pagamento de <strong>impostos <\/strong>\u00e0 Receita Federal, incluindo a contribui\u00e7\u00e3o mensal do Microempreendedor Individual (MEI) em 2024.<\/p>\n<p>Com o reajuste do sal\u00e1rio m\u00ednimo para R$ 1.412, os novos valores de contribui\u00e7\u00e3o ao Le\u00e3o come\u00e7am a valer em boletos com vencimento em 20 de fevereiro, referentes \u00e0 compet\u00eancia de janeiro.<\/p>\n<p>De acordo com o Sebrae (Servi\u00e7o Brasileiro de Apoio \u00e0s Micro e Pequenas Empresas), o reajuste acontece porque, no Documento de Arrecada\u00e7\u00e3o do Simples Nacional (DAS-MEI), est\u00e1 incluso um valor referente \u00e0 contribui\u00e7\u00e3o para o INSS (Instituto Nacional do Seguro Social), que acompanha anualmente a varia\u00e7\u00e3o do sal\u00e1rio m\u00ednimo.<\/p>\n<p>Para o MEI, al\u00e9m de um valor mais baixo de contribui\u00e7\u00e3o, os impostos s\u00e3o fixos, independentemente do faturamento. Vale destacar que esta regra se aplica desde que esteja dentro do limite anual para microempreendedores, de R$ 81 mil.\u00a0<\/p>\n<p>\u201cPortanto, o novo valor do DAS-MEI em 2024 vai variar de R$ 70,60 a R$ 76,60, a depender da atividade desempenhada pelo empreendedor, sendo que algumas ocupa\u00e7\u00f5es s\u00f3 pagam INSS\u201d, explicou o Sebrae.<\/p>\n<h2 class=\"wp-block-heading\" id=\"h-o-calculo-dos-impostos\">O c\u00e1lculo dos impostos<\/h2>\n<p>O c\u00e1lculo se d\u00e1 pela soma das tributa\u00e7\u00f5es:<\/p>\n<ol>\n<li>do INSS: 5% do sal\u00e1rio-m\u00ednimo em vigor;<\/li>\n<li>do Imposto Sobre Servi\u00e7os (ISS): R$ 5; e\u00a0<\/li>\n<li>do Imposto Sobre Circula\u00e7\u00e3o de Mercadorias e Servi\u00e7os (ICMS): R$ 1.\u00a0<\/li>\n<\/ol>\n<p>Por exemplo, pessoas que atuam na \u00e1rea de com\u00e9rcio e ind\u00fastria pagam R$ 71,60; em servi\u00e7os, R$ 75,60; em com\u00e9rcio e servi\u00e7os, R$ 76,60.<\/p>\n<p>\u00c9 importante lembrar que o DAS-MEI \u00e9 a \u00fanica obriga\u00e7\u00e3o financeira do MEI, mesmo que n\u00e3o esteja em atividade.\u00a0<\/p>\n<p>Em uma \u00fanica guia de pagamento, s\u00e3o recolhidos os impostos (ICMS e ISS) e a contribui\u00e7\u00e3o ao INSS, que d\u00e1 direitos a benef\u00edcios previdenci\u00e1rios.<\/p>\n<p>Quem optar pelo recolhimento por esse sistema \u00e9 isento de Imposto de Renda de Pessoa Jur\u00eddica (IRPJ), Contribui\u00e7\u00e3o Social sobre o Lucro L\u00edquido (CSLL), contribui\u00e7\u00e3o para o Programa de Integra\u00e7\u00e3o Social e Programa de Forma\u00e7\u00e3o do Patrim\u00f4nio do Servidor P\u00fablico, Contribui\u00e7\u00e3o para o Financiamento da Seguridade Social (Cofins), Imposto sobre Produtos Industrializados (IPI) (exceto se incidentes na importa\u00e7\u00e3o) e contribui\u00e7\u00e3o previdenci\u00e1ria patronal (exceto se contratar empregado).<\/p>\n<p>No caso do MEI Caminhoneiro, o valor varia de R$ 169,44 a R$ 175,44, a depender do tipo de produto transportado e o local de destino.\u00a0<\/p>\n<p>O c\u00e1lculo considera 12% do sal\u00e1rio-m\u00ednimo para o INSS, R$ 5 para ISS e R$ R$ 1 para ICMS.<\/p>\n<ul>\n<li><strong>Quer come\u00e7ar a investir em 2024, mas n\u00e3o sabe por onde come\u00e7ar? <\/strong>Veja o guia completo do Seu Dinheiro e descubra as recomenda\u00e7\u00f5es dos analistas mais gabaritados do mercado. <a href=\"https:\/\/lp.seudinheiro.com\/onde-investir-oinv01-a\/?xpromo=XD-MEL-SD-OINV01-AUDSD-X-CHLTB-EDITORIAL6-MKTPORTAIS\" target=\"_blank\" rel=\"noreferrer noopener\"><strong>\u00c9 s\u00f3 clicar aqui.<\/strong><\/a><\/li>\n<\/ul>\n<h2 class=\"wp-block-heading\" id=\"h-a-categoria-mei\">A categoria MEI<\/h2>\n<p>Relembrando, a categoria do MEI foi criada em 2008, durante o segundo mandato do presidente Luiz In\u00e1cio Lula da Silva.\u00a0<\/p>\n<p>No fim de 2023, a Receita Federal contabilizou a marca de 12 milh\u00f5es de neg\u00f3cios formalizados. Segundo o Sebrae, esse n\u00famero representa em torno de 60% do total de empresas do Brasil.\u00a0<\/p>\n<p>A emiss\u00e3o do Documento de Arrecada\u00e7\u00e3o do Simples Nacional (DAS) pode ser feita atrav\u00e9s de um programa gerador, por meio de aplicativo para celulares ou nos portais do Simples Nacional, da Receita Federal e do Sebrae.<\/p>\n<p><em>*Com informa\u00e7\u00f5es de Ag\u00eancia Brasil.<\/em><\/p>\n<\/div>\n<p><br \/>\n<br \/><a href=\"https:\/\/www.seudinheiro.com\/2024\/economia\/novo-salario-minimo-anunciado-por-lula-vem-com-mais-impostos-contribuicao-do-mei-tem-reajuste-em-2024-miql\/\">Source link <\/a><\/p>\n<!-- CONTENT END 1 -->\n","protected":false},"excerpt":{"rendered":"<p>O novo sal\u00e1rio m\u00ednimo entrou em vigor no come\u00e7o deste ano \u2014 e, junto a ele, o reajuste no valor trouxe efeitos no pagamento de&#8230;<\/p>\n","protected":false},"author":1,"featured_media":24976,"comment_status":"open","ping_status":"open","sticky":false,"template":"","format":"standard","meta":{"advanced_seo_description":"","jetpack_seo_html_title":"","jetpack_seo_noindex":false,"jetpack_post_was_ever_published":false,"_jetpack_newsletter_access":"","_jetpack_dont_email_post_to_subs":false,"_jetpack_newsletter_tier_id":0,"_jetpack_memberships_contains_paywalled_content":false,"_jetpack_memberships_contains_paid_content":false,"footnotes":"","jetpack_publicize_message":"","jetpack_publicize_feature_enabled":true,"jetpack_social_post_already_shared":true,"jetpack_social_options":{"image_generator_settings":{"template":"highway","default_image_id":0,"font":"","enabled":false},"version":2}},"categories":[1235],"tags":[],"class_list":["post-24975","post","type-post","status-publish","format-standard","has-post-thumbnail","hentry","category-dinheiro-e-investimento-como-fazer-como-ganhar"],"jetpack_publicize_connections":[],"jetpack_featured_media_url":"https:\/\/i0.wp.com\/noticiasribeiraopreto.com.br\/wp-content\/uploads\/2024\/01\/Layout-Carol-Gama-6-715x402.png?fit=715%2C402&ssl=1","jetpack-related-posts":[{"id":25108,"url":"https:\/\/noticiasribeiraopreto.com.br\/index.php\/2024\/01\/05\/contribuicao-do-mei-tem-novo-valor-com-alta-do-salario-minimo-em-2024\/","url_meta":{"origin":24975,"position":0},"title":"Contribui\u00e7\u00e3o do MEI tem novo valor com alta do sal\u00e1rio m\u00ednimo em 2024 \u2013 Folha de Ribeir\u00e3o","author":"noticiasribeiraopreto.com.br","date":"5 de January de 2024","format":false,"excerpt":"O reajuste do sal\u00e1rio m\u00ednimo para R$ 1.412 \u2013 a partir de 1\u00ba de janeiro de 2024 \u2013 tamb\u00e9m alterou o pagamento de impostos \u00e0 Receita Federal, incluindo a contribui\u00e7\u00e3o mensal do Microempreendedor Individual (MEI). Os novos valores come\u00e7am a valer nos boletos com vencimento em 20 de fevereiro, referentes\u2026","rel":"","context":"In &quot;Not\u00edcias de Ribeir\u00e3o Preto-SP e Regi\u00e3o&quot;","block_context":{"text":"Not\u00edcias de Ribeir\u00e3o Preto-SP e Regi\u00e3o","link":"https:\/\/noticiasribeiraopreto.com.br\/index.php\/category\/noticias-de-ribeirao-preto-sp-e-regiao-ismael-colosi\/"},"img":{"alt_text":"","src":"","width":0,"height":0},"classes":[]},{"id":23837,"url":"https:\/\/noticiasribeiraopreto.com.br\/index.php\/2024\/01\/03\/contribuicao-do-mei-fica-mais-cara-em-janeiro-de-2024-entenda-os-detalhes\/","url_meta":{"origin":24975,"position":1},"title":"Contribui\u00e7\u00e3o do MEI fica mais cara em janeiro de 2024; entenda os detalhes","author":"noticiasribeiraopreto.com.br","date":"3 de January de 2024","format":false,"excerpt":"Voc\u00ea sabe quanto vai pagar de contribui\u00e7\u00e3o mensal do MEI em 2024?\u00a0Parte da taxa se baseia no valor do sal\u00e1rio m\u00ednimo vigente. Assim, com o aumento do sal\u00e1rio m\u00ednimo, a contribui\u00e7\u00e3o tamb\u00e9m dever\u00e1 aumentar. Isso significa que o MEI ter\u00e1 que desembolsar mais alguns reais por m\u00eas para manter seus\u2026","rel":"","context":"In &quot;Vagas de Emprego em Ribeir\u00e3o Preto-SP&quot;","block_context":{"text":"Vagas de Emprego em Ribeir\u00e3o Preto-SP","link":"https:\/\/noticiasribeiraopreto.com.br\/index.php\/category\/empregos-classificados-vagas-trabalho\/vagas-de-empregos-em-ribeirao-preto-regiao-brasil\/"},"img":{"alt_text":"","src":"https:\/\/i0.wp.com\/noticiasribeiraopreto.com.br\/wp-content\/uploads\/2024\/01\/noticiasconcursos.com_.br-contribuicao-do-mei-fica-mais-cara-em-janeiro-de-2024-entenda-os-detalhes-reproducao-canva-37.jpg?fit=1200%2C800&ssl=1&resize=350%2C200","width":350,"height":200,"srcset":"https:\/\/i0.wp.com\/noticiasribeiraopreto.com.br\/wp-content\/uploads\/2024\/01\/noticiasconcursos.com_.br-contribuicao-do-mei-fica-mais-cara-em-janeiro-de-2024-entenda-os-detalhes-reproducao-canva-37.jpg?fit=1200%2C800&ssl=1&resize=350%2C200 1x, https:\/\/i0.wp.com\/noticiasribeiraopreto.com.br\/wp-content\/uploads\/2024\/01\/noticiasconcursos.com_.br-contribuicao-do-mei-fica-mais-cara-em-janeiro-de-2024-entenda-os-detalhes-reproducao-canva-37.jpg?fit=1200%2C800&ssl=1&resize=525%2C300 1.5x, https:\/\/i0.wp.com\/noticiasribeiraopreto.com.br\/wp-content\/uploads\/2024\/01\/noticiasconcursos.com_.br-contribuicao-do-mei-fica-mais-cara-em-janeiro-de-2024-entenda-os-detalhes-reproducao-canva-37.jpg?fit=1200%2C800&ssl=1&resize=700%2C400 2x, https:\/\/i0.wp.com\/noticiasribeiraopreto.com.br\/wp-content\/uploads\/2024\/01\/noticiasconcursos.com_.br-contribuicao-do-mei-fica-mais-cara-em-janeiro-de-2024-entenda-os-detalhes-reproducao-canva-37.jpg?fit=1200%2C800&ssl=1&resize=1050%2C600 3x"},"classes":[]},{"id":25177,"url":"https:\/\/noticiasribeiraopreto.com.br\/index.php\/2024\/01\/06\/contribuicao-do-mei-tem-novo-valor\/","url_meta":{"origin":24975,"position":2},"title":"Contribui\u00e7\u00e3o do MEI tem novo valor","author":"noticiasribeiraopreto.com.br","date":"6 de January de 2024","format":false,"excerpt":"5 de janeiro de 2024 | 14:305 de janeiro de 2024 | 14:13 0O reajuste do sal\u00e1rio m\u00ednimo para R$ 1.412 \u2013 a partir de 1\u00ba de janeiro de 2024 \u2013 tamb\u00e9m alterou o pagamento de impostos \u00e0 Receita Federal, incluindo a contribui\u00e7\u00e3o mensal do Microempreendedor Individual (MEI). Os novos\u2026","rel":"","context":"In &quot;Not\u00edcias de Ribeir\u00e3o Preto-SP e Regi\u00e3o&quot;","block_context":{"text":"Not\u00edcias de Ribeir\u00e3o Preto-SP e Regi\u00e3o","link":"https:\/\/noticiasribeiraopreto.com.br\/index.php\/category\/noticias-de-ribeirao-preto-sp-e-regiao-ismael-colosi\/"},"img":{"alt_text":"","src":"https:\/\/i0.wp.com\/noticiasribeiraopreto.com.br\/wp-content\/uploads\/2024\/01\/035086c5-a86e-4fdd-b457-27fa26fa820b.jpg?fit=912%2C645&ssl=1&resize=350%2C200","width":350,"height":200,"srcset":"https:\/\/i0.wp.com\/noticiasribeiraopreto.com.br\/wp-content\/uploads\/2024\/01\/035086c5-a86e-4fdd-b457-27fa26fa820b.jpg?fit=912%2C645&ssl=1&resize=350%2C200 1x, https:\/\/i0.wp.com\/noticiasribeiraopreto.com.br\/wp-content\/uploads\/2024\/01\/035086c5-a86e-4fdd-b457-27fa26fa820b.jpg?fit=912%2C645&ssl=1&resize=525%2C300 1.5x, https:\/\/i0.wp.com\/noticiasribeiraopreto.com.br\/wp-content\/uploads\/2024\/01\/035086c5-a86e-4fdd-b457-27fa26fa820b.jpg?fit=912%2C645&ssl=1&resize=700%2C400 2x"},"classes":[]},{"id":22652,"url":"https:\/\/noticiasribeiraopreto.com.br\/index.php\/2023\/12\/30\/reajuste-para-aposentados-do-inss-em-2024-e-anunciado-confira\/","url_meta":{"origin":24975,"position":3},"title":"Reajuste para Aposentados do INSS em 2024 \u00e9 ANUNCIADO; confira","author":"noticiasribeiraopreto.com.br","date":"30 de December de 2023","format":false,"excerpt":"O INSS (Instituto Nacional do Seguro Social) \u00e9 uma institui\u00e7\u00e3o crucial para os cidad\u00e3os brasileiros. Ele garante direitos como aposentadoria, pens\u00f5es e outros benef\u00edcios. Nesta mat\u00e9ria do Not\u00edcias Concursos vamos explorar o impacto da recente mudan\u00e7a no valor do sal\u00e1rio m\u00ednimo sobre os benef\u00edcios concedidos pelo INSS, especialmente para os\u2026","rel":"","context":"In &quot;Vagas de Emprego em Ribeir\u00e3o Preto-SP&quot;","block_context":{"text":"Vagas de Emprego em Ribeir\u00e3o Preto-SP","link":"https:\/\/noticiasribeiraopreto.com.br\/index.php\/category\/empregos-classificados-vagas-trabalho\/vagas-de-empregos-em-ribeirao-preto-regiao-brasil\/"},"img":{"alt_text":"","src":"","width":0,"height":0},"classes":[]},{"id":42027,"url":"https:\/\/noticiasribeiraopreto.com.br\/index.php\/2024\/03\/12\/rp-tinha-76-299-meis-em-fevereiro\/","url_meta":{"origin":24975,"position":4},"title":"RP tinha 76.299 MEIs em fevereiro\u00a0","author":"noticiasribeiraopreto.com.br","date":"12 de March de 2024","format":false,"excerpt":"12 de mar\u00e7o de 2024 | 16:0012 de mar\u00e7o de 2024 | 10:13 0A economia de Ribeir\u00e3o Preto manteve-se favor\u00e1vel aos microempreendedores individuais (MEIs), no m\u00eas de fevereiro, de acordo com levantamento da Secretaria de Inova\u00e7\u00e3o e Desenvolvimento. O crescimento de 0,79% registrado no m\u00eas \u00e9 maior que a m\u00e9dia\u2026","rel":"","context":"In &quot;Not\u00edcias de Ribeir\u00e3o Preto-SP e Regi\u00e3o&quot;","block_context":{"text":"Not\u00edcias de Ribeir\u00e3o Preto-SP e Regi\u00e3o","link":"https:\/\/noticiasribeiraopreto.com.br\/index.php\/category\/noticias-de-ribeirao-preto-sp-e-regiao-ismael-colosi\/"},"img":{"alt_text":"","src":"https:\/\/i0.wp.com\/noticiasribeiraopreto.com.br\/wp-content\/uploads\/2024\/03\/MicroMEI-Fernando-Gonzaga-scaled.jpg?fit=970%2C645&ssl=1&resize=350%2C200","width":350,"height":200,"srcset":"https:\/\/i0.wp.com\/noticiasribeiraopreto.com.br\/wp-content\/uploads\/2024\/03\/MicroMEI-Fernando-Gonzaga-scaled.jpg?fit=970%2C645&ssl=1&resize=350%2C200 1x, https:\/\/i0.wp.com\/noticiasribeiraopreto.com.br\/wp-content\/uploads\/2024\/03\/MicroMEI-Fernando-Gonzaga-scaled.jpg?fit=970%2C645&ssl=1&resize=525%2C300 1.5x, https:\/\/i0.wp.com\/noticiasribeiraopreto.com.br\/wp-content\/uploads\/2024\/03\/MicroMEI-Fernando-Gonzaga-scaled.jpg?fit=970%2C645&ssl=1&resize=700%2C400 2x"},"classes":[]},{"id":22168,"url":"https:\/\/noticiasribeiraopreto.com.br\/index.php\/2023\/12\/29\/novo-ano-novas-regras-entenda-agora-mesmo\/","url_meta":{"origin":24975,"position":5},"title":"novo ano, novas regras; entenda agora mesmo","author":"noticiasribeiraopreto.com.br","date":"29 de December de 2023","format":false,"excerpt":"Cr\u00e9ditos: Istock\/FG TradeGoverno prepara condi\u00e7\u00f5es SURPREENDENTES para quem \u00e9 MEI em 2024 O ano de 2024 reserva importantes mudan\u00e7as para o Microempreendedor Individual (MEI), com destaque para o reajuste da contribui\u00e7\u00e3o mensal, conhecida como Documento de Arrecada\u00e7\u00e3o do Simples Nacional (DAS), e a poss\u00edvel amplia\u00e7\u00e3o do limite de faturamento anual.\u2026","rel":"","context":"In &quot;Variedades&quot;","block_context":{"text":"Variedades","link":"https:\/\/noticiasribeiraopreto.com.br\/index.php\/category\/variedades\/"},"img":{"alt_text":"","src":"https:\/\/i0.wp.com\/noticiasribeiraopreto.com.br\/wp-content\/uploads\/2023\/12\/1703856911_istock-1423350853.jpg?fit=1200%2C638&ssl=1&resize=350%2C200","width":350,"height":200,"srcset":"https:\/\/i0.wp.com\/noticiasribeiraopreto.com.br\/wp-content\/uploads\/2023\/12\/1703856911_istock-1423350853.jpg?fit=1200%2C638&ssl=1&resize=350%2C200 1x, https:\/\/i0.wp.com\/noticiasribeiraopreto.com.br\/wp-content\/uploads\/2023\/12\/1703856911_istock-1423350853.jpg?fit=1200%2C638&ssl=1&resize=525%2C300 1.5x, https:\/\/i0.wp.com\/noticiasribeiraopreto.com.br\/wp-content\/uploads\/2023\/12\/1703856911_istock-1423350853.jpg?fit=1200%2C638&ssl=1&resize=700%2C400 2x, https:\/\/i0.wp.com\/noticiasribeiraopreto.com.br\/wp-content\/uploads\/2023\/12\/1703856911_istock-1423350853.jpg?fit=1200%2C638&ssl=1&resize=1050%2C600 3x"},"classes":[]}],"jetpack_sharing_enabled":true,"jetpack_shortlink":"https:\/\/wp.me\/peQAOb-6uP","_links":{"self":[{"href":"https:\/\/noticiasribeiraopreto.com.br\/index.php\/wp-json\/wp\/v2\/posts\/24975","targetHints":{"allow":["GET"]}}],"collection":[{"href":"https:\/\/noticiasribeiraopreto.com.br\/index.php\/wp-json\/wp\/v2\/posts"}],"about":[{"href":"https:\/\/noticiasribeiraopreto.com.br\/index.php\/wp-json\/wp\/v2\/types\/post"}],"author":[{"embeddable":true,"href":"https:\/\/noticiasribeiraopreto.com.br\/index.php\/wp-json\/wp\/v2\/users\/1"}],"replies":[{"embeddable":true,"href":"https:\/\/noticiasribeiraopreto.com.br\/index.php\/wp-json\/wp\/v2\/comments?post=24975"}],"version-history":[{"count":0,"href":"https:\/\/noticiasribeiraopreto.com.br\/index.php\/wp-json\/wp\/v2\/posts\/24975\/revisions"}],"wp:featuredmedia":[{"embeddable":true,"href":"https:\/\/noticiasribeiraopreto.com.br\/index.php\/wp-json\/wp\/v2\/media\/24976"}],"wp:attachment":[{"href":"https:\/\/noticiasribeiraopreto.com.br\/index.php\/wp-json\/wp\/v2\/media?parent=24975"}],"wp:term":[{"taxonomy":"category","embeddable":true,"href":"https:\/\/noticiasribeiraopreto.com.br\/index.php\/wp-json\/wp\/v2\/categories?post=24975"},{"taxonomy":"post_tag","embeddable":true,"href":"https:\/\/noticiasribeiraopreto.com.br\/index.php\/wp-json\/wp\/v2\/tags?post=24975"}],"curies":[{"name":"wp","href":"https:\/\/api.w.org\/{rel}","templated":true}]}}