{"id":24979,"date":"2024-01-05T16:17:38","date_gmt":"2024-01-05T19:17:38","guid":{"rendered":"https:\/\/noticiasribeiraopreto.com.br\/index.php\/2024\/01\/05\/apos-complicacoes-no-quadro-de-saude-filha-cacula-de-juliano-cazarre-e-internada-as-pressas-rezem\/"},"modified":"2024-01-05T16:17:38","modified_gmt":"2024-01-05T19:17:38","slug":"apos-complicacoes-no-quadro-de-saude-filha-cacula-de-juliano-cazarre-e-internada-as-pressas-rezem","status":"publish","type":"post","link":"https:\/\/noticiasribeiraopreto.com.br\/index.php\/2024\/01\/05\/apos-complicacoes-no-quadro-de-saude-filha-cacula-de-juliano-cazarre-e-internada-as-pressas-rezem\/","title":{"rendered":"Ap\u00f3s complica\u00e7\u00f5es no quadro de sa\u00fade, filha ca\u00e7ula de Juliano Cazarr\u00e9 \u00e9 internada \u00e0s pressas: &#8216;Rezem&#8217;"},"content":{"rendered":"<div class='code-block code-block-1' style='margin: 8px 0 8px auto; text-align: right; display: block; clear: both;'>\n<p><a href=\"https:\/\/wa.link\/vpicfd\"><img data-recalc-dims=\"1\" class=\"wp-image-4922\" style=\"aspect-ratio: 2.0253164556962027; width: 561px; height: auto;\" src=\"https:\/\/i0.wp.com\/ismaelcolosi.com.br\/wp-content\/uploads\/2023\/11\/grupo-de-empregos-whatsapp-e-facebook-ismael-colosi-vagas.jpg?ssl=1\" alt=\"\" \/><\/a><\/p>\n<!-- \/wp:image -->\n<\/div>\n<p> <br \/>\n<\/p>\n<div itemprop=\"text\">\n<p>Na madrugada desta sexta-feira,5 de janeiro, Let\u00edcia Cazarr\u00e9, esposa de Juliano Cazarr\u00e9, recorreu \u00e0s plataformas de m\u00eddia social para informar aos seus seguidores sobre a urgente ida ao hospital da filha ca\u00e7ula do casal, Maria.<\/p>\n<p>A crian\u00e7a enfrentou complica\u00e7\u00f5es relacionadas \u00e0 sua condi\u00e7\u00e3o de sa\u00fade, uma vez que ela \u00e9 portadora da rara anomalia de Ebstein, uma cardiopatia.<\/p>\n<p>Maria Guilhermina permanece internada no hospital, e a c\u00f4njuge do ator fez um apelo aos f\u00e3s, solicitando suas preces pela sa\u00fade dela.<\/p>\n<p><i>\u201cAinda estamos tentando estabilizar a respira\u00e7\u00e3o. Rezem por ela, amigos\u201d<\/i>, pediu encarecidamente Let\u00edcia Cazarr\u00e9 que est\u00e1 em sua sexta gesta\u00e7\u00e3o, fruto do casamento com o ator.<\/p>\n<p>O casal \u00e9 cat\u00f3lico conservador e n\u00e3o faz uso de contraceptivos, quando a sexta gravidez foi anunciada, o ator e a esposa foram alvos de cr\u00edticas, j\u00e1 Maria Guilhermina \u00e9 uma crian\u00e7a especial que precisa de cuidados intensivos dia e noite para seguir lutando por sua vida.<\/p>\n<p>Recentemente, Let\u00edcia Cazarr\u00e9 recorreu \u00e0s plataformas de m\u00eddia social para informar seus seguidores sobre sua condi\u00e7\u00e3o de sa\u00fade, ap\u00f3s receber o diagn\u00f3stico de burnout, uma s\u00edndrome relacionada ao esgotamento profissional.<\/p>\n<p><i>\u201cDo burnout estou bem melhor! Diria que ficou para tr\u00e1s! Mas h\u00e1 duas semanas estou com uma gripe\/sinusite muito forte e inc\u00f4moda. Cansada, mas feliz\u201d,<\/i> afirmou a esposa do ator global.<\/p>\n<p>Na ocasi\u00e3o a m\u00e3e de Maria Guilhermina afirmou que se sentiu aliviada por ter sido diagnosticada com burnout, segundo ela, seu maior medo era ter um diagn\u00f3stico que mostrasse algum problema no cora\u00e7\u00e3o.<\/p>\n<\/div>\n<p><br \/>\n<br \/><a href=\"https:\/\/fnmais.com\/apos-complicacoes-no-quadro-saude-filha-cacula-juliano-cazarre-internada-pressas-rezem\/\">Source link <\/a><\/p>\n<!-- CONTENT END 1 -->\n","protected":false},"excerpt":{"rendered":"<p>Na madrugada desta sexta-feira,5 de janeiro, Let\u00edcia Cazarr\u00e9, esposa de Juliano Cazarr\u00e9, recorreu \u00e0s plataformas de m\u00eddia social para informar aos seus seguidores sobre a&#8230;<\/p>\n","protected":false},"author":1,"featured_media":24980,"comment_status":"open","ping_status":"open","sticky":false,"template":"","format":"standard","meta":{"advanced_seo_description":"","jetpack_seo_html_title":"","jetpack_seo_noindex":false,"jetpack_post_was_ever_published":false,"_jetpack_newsletter_access":"","_jetpack_dont_email_post_to_subs":false,"_jetpack_newsletter_tier_id":0,"_jetpack_memberships_contains_paywalled_content":false,"_jetpack_memberships_contains_paid_content":false,"footnotes":"","jetpack_publicize_message":"","jetpack_publicize_feature_enabled":true,"jetpack_social_post_already_shared":true,"jetpack_social_options":{"image_generator_settings":{"template":"highway","default_image_id":0,"font":"","enabled":false},"version":2}},"categories":[1],"tags":[],"class_list":["post-24979","post","type-post","status-publish","format-standard","has-post-thumbnail","hentry","category-blog"],"jetpack_publicize_connections":[],"jetpack_featured_media_url":"https:\/\/i0.wp.com\/noticiasribeiraopreto.com.br\/wp-content\/uploads\/2024\/01\/postimg-65982ae8ef1f05114.jpg?fit=1200%2C628&ssl=1","jetpack-related-posts":[{"id":31057,"url":"https:\/\/noticiasribeiraopreto.com.br\/index.php\/2024\/01\/20\/chega-ao-fim-a-luta-de-mamma-bruschetta-que-estava-internada-em-sao-paulo-detalhes-sobre-o-desfecho-do-caso-sao-expostos\/","url_meta":{"origin":24979,"position":0},"title":"Chega ao fim a luta de Mamma Bruschetta que estava internada em S\u00e3o Paulo, detalhes sobre o desfecho do caso s\u00e3o expostos","author":"noticiasribeiraopreto.com.br","date":"20 de January de 2024","format":false,"excerpt":"Aos 74 anos, a apresentadora Mamma Bruschetta, que havia sido hospitalizada na Unidade de Terapia Intensiva em S\u00e3o Paulo desde sexta-feira (12), quando renomada artista foi admitida no pronto-socorro do Hospital S\u00e3o Luiz, localizado na regi\u00e3o da Zona Sul de S\u00e3o Paulo, devido a sintomas de tosse e dificuldades respirat\u00f3rias.A\u2026","rel":"","context":"In &quot;Blog&quot;","block_context":{"text":"Blog","link":"https:\/\/noticiasribeiraopreto.com.br\/index.php\/category\/blog\/"},"img":{"alt_text":"","src":"https:\/\/i0.wp.com\/noticiasribeiraopreto.com.br\/wp-content\/uploads\/2024\/01\/postimg-65ac5c20a0e875450.jpg?fit=1200%2C628&ssl=1&resize=350%2C200","width":350,"height":200,"srcset":"https:\/\/i0.wp.com\/noticiasribeiraopreto.com.br\/wp-content\/uploads\/2024\/01\/postimg-65ac5c20a0e875450.jpg?fit=1200%2C628&ssl=1&resize=350%2C200 1x, https:\/\/i0.wp.com\/noticiasribeiraopreto.com.br\/wp-content\/uploads\/2024\/01\/postimg-65ac5c20a0e875450.jpg?fit=1200%2C628&ssl=1&resize=525%2C300 1.5x, https:\/\/i0.wp.com\/noticiasribeiraopreto.com.br\/wp-content\/uploads\/2024\/01\/postimg-65ac5c20a0e875450.jpg?fit=1200%2C628&ssl=1&resize=700%2C400 2x, https:\/\/i0.wp.com\/noticiasribeiraopreto.com.br\/wp-content\/uploads\/2024\/01\/postimg-65ac5c20a0e875450.jpg?fit=1200%2C628&ssl=1&resize=1050%2C600 3x"},"classes":[]},{"id":16439,"url":"https:\/\/noticiasribeiraopreto.com.br\/index.php\/2023\/12\/15\/chega-triste-noticia-sobre-a-atriz-bruna-griphao-internada-em-hospital-ela-recebeu-visita-de-amigos\/","url_meta":{"origin":24979,"position":1},"title":"Chega triste not\u00edcia sobre a atriz Bruna Griphao, internada em hospital; ela recebeu visita de amigos","author":"noticiasribeiraopreto.com.br","date":"15 de December de 2023","format":false,"excerpt":"Bruna Griphao \u00e9 uma atriz que \u00e9 bastante conhecida por conta de ter participado de diversas produ\u00e7\u00f5es na televis\u00e3o e tamb\u00e9m por ter feito parto do elenco do Reality Show, Big Brother Brasil.E de forma recente, chegou a ser divulgado atrav\u00e9s de diversos canais de comunica\u00e7\u00e3o, uma triste not\u00edcia a\u2026","rel":"","context":"In &quot;Blog&quot;","block_context":{"text":"Blog","link":"https:\/\/noticiasribeiraopreto.com.br\/index.php\/category\/blog\/"},"img":{"alt_text":"","src":"https:\/\/i0.wp.com\/noticiasribeiraopreto.com.br\/wp-content\/uploads\/2023\/12\/postimg-657c642f71eca5306.jpg?fit=1200%2C628&ssl=1&resize=350%2C200","width":350,"height":200,"srcset":"https:\/\/i0.wp.com\/noticiasribeiraopreto.com.br\/wp-content\/uploads\/2023\/12\/postimg-657c642f71eca5306.jpg?fit=1200%2C628&ssl=1&resize=350%2C200 1x, https:\/\/i0.wp.com\/noticiasribeiraopreto.com.br\/wp-content\/uploads\/2023\/12\/postimg-657c642f71eca5306.jpg?fit=1200%2C628&ssl=1&resize=525%2C300 1.5x, https:\/\/i0.wp.com\/noticiasribeiraopreto.com.br\/wp-content\/uploads\/2023\/12\/postimg-657c642f71eca5306.jpg?fit=1200%2C628&ssl=1&resize=700%2C400 2x, https:\/\/i0.wp.com\/noticiasribeiraopreto.com.br\/wp-content\/uploads\/2023\/12\/postimg-657c642f71eca5306.jpg?fit=1200%2C628&ssl=1&resize=1050%2C600 3x"},"classes":[]},{"id":8583,"url":"https:\/\/noticiasribeiraopreto.com.br\/index.php\/2023\/11\/30\/quem-e-o-pedreiro-que-tirou-a-vida-da-mae-e-de-suas-3-filhas-no-mt\/","url_meta":{"origin":24979,"position":2},"title":"quem \u00e9 o pedreiro que tirou a vida da m\u00e3e e de suas 3 filhas no MT","author":"noticiasribeiraopreto.com.br","date":"30 de November de 2023","format":false,"excerpt":"Na regi\u00e3o de Sorriso, no norte do Mato Grosso, o suspeito Gilberto Rodrigues dos Anjos, de 32 anos, confessou que tirou a vida de uma m\u00e3e e de suas tr\u00eas filhas. O crime chocou a popula\u00e7\u00e3o e o homem j\u00e1 tinha dois madados de pris\u00e3o em aberto por outros crimes.Gilberto\u2026","rel":"","context":"In &quot;Blog&quot;","block_context":{"text":"Blog","link":"https:\/\/noticiasribeiraopreto.com.br\/index.php\/category\/blog\/"},"img":{"alt_text":"","src":"https:\/\/i0.wp.com\/noticiasribeiraopreto.com.br\/wp-content\/uploads\/2023\/11\/postimg-6568a2a2e76331194.jpg?fit=1200%2C628&ssl=1&resize=350%2C200","width":350,"height":200,"srcset":"https:\/\/i0.wp.com\/noticiasribeiraopreto.com.br\/wp-content\/uploads\/2023\/11\/postimg-6568a2a2e76331194.jpg?fit=1200%2C628&ssl=1&resize=350%2C200 1x, https:\/\/i0.wp.com\/noticiasribeiraopreto.com.br\/wp-content\/uploads\/2023\/11\/postimg-6568a2a2e76331194.jpg?fit=1200%2C628&ssl=1&resize=525%2C300 1.5x, https:\/\/i0.wp.com\/noticiasribeiraopreto.com.br\/wp-content\/uploads\/2023\/11\/postimg-6568a2a2e76331194.jpg?fit=1200%2C628&ssl=1&resize=700%2C400 2x, https:\/\/i0.wp.com\/noticiasribeiraopreto.com.br\/wp-content\/uploads\/2023\/11\/postimg-6568a2a2e76331194.jpg?fit=1200%2C628&ssl=1&resize=1050%2C600 3x"},"classes":[]},{"id":18736,"url":"https:\/\/noticiasribeiraopreto.com.br\/index.php\/2023\/12\/20\/mae-suspeita-de-afogar-as-filhas-e-em-seguida-tirar-a-propria-vida-deixou-carta-macabra-para-ex-policia-investiga-o-caso\/","url_meta":{"origin":24979,"position":3},"title":"M\u00e3e suspeita de afogar as filhas e em seguida tirar a pr\u00f3pria vida deixou carta macabra para ex, pol\u00edcia investiga o caso","author":"noticiasribeiraopreto.com.br","date":"20 de December de 2023","format":false,"excerpt":"Uma mulher conhecida como J\u00e9ssica Silva do Nascimento \u00e9 suspeita de ter causado a morte de suas filhas, Alice e Let\u00edcia, nesta ter\u00e7a-feira (20), na cidade de Parna\u00edba, localizada no litoral do estado do Piau\u00ed.Logo em seguida, ela foi encontrada sem vida, e h\u00e1 ind\u00edcios de que tenha cometido suic\u00eddio,\u2026","rel":"","context":"In &quot;Blog&quot;","block_context":{"text":"Blog","link":"https:\/\/noticiasribeiraopreto.com.br\/index.php\/category\/blog\/"},"img":{"alt_text":"","src":"https:\/\/i0.wp.com\/noticiasribeiraopreto.com.br\/wp-content\/uploads\/2023\/12\/postimg-658399f8b44d11127.jpg?fit=1200%2C628&ssl=1&resize=350%2C200","width":350,"height":200,"srcset":"https:\/\/i0.wp.com\/noticiasribeiraopreto.com.br\/wp-content\/uploads\/2023\/12\/postimg-658399f8b44d11127.jpg?fit=1200%2C628&ssl=1&resize=350%2C200 1x, https:\/\/i0.wp.com\/noticiasribeiraopreto.com.br\/wp-content\/uploads\/2023\/12\/postimg-658399f8b44d11127.jpg?fit=1200%2C628&ssl=1&resize=525%2C300 1.5x, https:\/\/i0.wp.com\/noticiasribeiraopreto.com.br\/wp-content\/uploads\/2023\/12\/postimg-658399f8b44d11127.jpg?fit=1200%2C628&ssl=1&resize=700%2C400 2x, https:\/\/i0.wp.com\/noticiasribeiraopreto.com.br\/wp-content\/uploads\/2023\/12\/postimg-658399f8b44d11127.jpg?fit=1200%2C628&ssl=1&resize=1050%2C600 3x"},"classes":[]},{"id":83845,"url":"https:\/\/noticiasribeiraopreto.com.br\/index.php\/2026\/03\/27\/idosa-segue-internada-em-hospital\/","url_meta":{"origin":24979,"position":4},"title":"Idosa segue internada em hospital","author":"noticiasribeiraopreto.com.br","date":"27 de March de 2026","format":false,"excerpt":"\r Fam\u00edlia continua acompanhando sua recupera\u00e7\u00e3o ap\u00f3s cirurgia para retirar larvas da boca\r \r 27 de mar\u00e7o de 2026 10:3627 de mar\u00e7o de 2026 10:37 \r Compartilhar1 Por: Adalberto Luque A idosa que estava internada em uma cl\u00ednica de repouso fechada pela Prefeitura de Ribeir\u00e3o Preto, segue internada e sem\u2026","rel":"","context":"In &quot;Not\u00edcias de Ribeir\u00e3o Preto-SP e Regi\u00e3o&quot;","block_context":{"text":"Not\u00edcias de Ribeir\u00e3o Preto-SP e Regi\u00e3o","link":"https:\/\/noticiasribeiraopreto.com.br\/index.php\/category\/noticias-de-ribeirao-preto-sp-e-regiao-ismael-colosi\/"},"img":{"alt_text":"","src":"https:\/\/i0.wp.com\/noticiasribeiraopreto.com.br\/wp-content\/uploads\/2026\/03\/26-mar-2026-casarepousoclandestina1-scaled.jpg?fit=1170%2C780&ssl=1&resize=350%2C200","width":350,"height":200,"srcset":"https:\/\/i0.wp.com\/noticiasribeiraopreto.com.br\/wp-content\/uploads\/2026\/03\/26-mar-2026-casarepousoclandestina1-scaled.jpg?fit=1170%2C780&ssl=1&resize=350%2C200 1x, https:\/\/i0.wp.com\/noticiasribeiraopreto.com.br\/wp-content\/uploads\/2026\/03\/26-mar-2026-casarepousoclandestina1-scaled.jpg?fit=1170%2C780&ssl=1&resize=525%2C300 1.5x, https:\/\/i0.wp.com\/noticiasribeiraopreto.com.br\/wp-content\/uploads\/2026\/03\/26-mar-2026-casarepousoclandestina1-scaled.jpg?fit=1170%2C780&ssl=1&resize=700%2C400 2x, https:\/\/i0.wp.com\/noticiasribeiraopreto.com.br\/wp-content\/uploads\/2026\/03\/26-mar-2026-casarepousoclandestina1-scaled.jpg?fit=1170%2C780&ssl=1&resize=1050%2C600 3x"},"classes":[]},{"id":69099,"url":"https:\/\/noticiasribeiraopreto.com.br\/index.php\/2025\/05\/02\/despedida-de-nanna-caymmi-acontece-nesta-sexta-cantora-morreu-aos-84-anos\/","url_meta":{"origin":24979,"position":5},"title":"Despedida de Nanna Caymmi acontece\u00a0nesta sexta; Cantora morreu aos 84 anos","author":"noticiasribeiraopreto.com.br","date":"2 de May de 2025","format":false,"excerpt":"A despedida da cantora Nana Caymmi, que morreu aos 84 anos, nesta quinta-feira (1), ser\u00e1 nesta sexta-feira (2), no Theatro Municipal do Rio de Janeiro. O vel\u00f3rio acontecer\u00e1 das 8h30 \u00e0s 12h. O enterro est\u00e1 marcado \u00e0s 14h, no Cemit\u00e9rio S\u00e3o Jo\u00e3o Batista, no Rio. Nana estava internada na cl\u00ednica\u2026","rel":"","context":"In &quot;Not\u00edcias de Ribeir\u00e3o Preto-SP e Regi\u00e3o&quot;","block_context":{"text":"Not\u00edcias de Ribeir\u00e3o Preto-SP e Regi\u00e3o","link":"https:\/\/noticiasribeiraopreto.com.br\/index.php\/category\/noticias-de-ribeirao-preto-sp-e-regiao-ismael-colosi\/"},"img":{"alt_text":"","src":"https:\/\/i0.wp.com\/noticiasribeiraopreto.com.br\/wp-content\/uploads\/2025\/05\/NANA-CAYMMI_2025-05-02_11-56-52.webp.webp?fit=1200%2C662&ssl=1&resize=350%2C200","width":350,"height":200,"srcset":"https:\/\/i0.wp.com\/noticiasribeiraopreto.com.br\/wp-content\/uploads\/2025\/05\/NANA-CAYMMI_2025-05-02_11-56-52.webp.webp?fit=1200%2C662&ssl=1&resize=350%2C200 1x, https:\/\/i0.wp.com\/noticiasribeiraopreto.com.br\/wp-content\/uploads\/2025\/05\/NANA-CAYMMI_2025-05-02_11-56-52.webp.webp?fit=1200%2C662&ssl=1&resize=525%2C300 1.5x, https:\/\/i0.wp.com\/noticiasribeiraopreto.com.br\/wp-content\/uploads\/2025\/05\/NANA-CAYMMI_2025-05-02_11-56-52.webp.webp?fit=1200%2C662&ssl=1&resize=700%2C400 2x, https:\/\/i0.wp.com\/noticiasribeiraopreto.com.br\/wp-content\/uploads\/2025\/05\/NANA-CAYMMI_2025-05-02_11-56-52.webp.webp?fit=1200%2C662&ssl=1&resize=1050%2C600 3x"},"classes":[]}],"jetpack_sharing_enabled":true,"jetpack_shortlink":"https:\/\/wp.me\/peQAOb-6uT","_links":{"self":[{"href":"https:\/\/noticiasribeiraopreto.com.br\/index.php\/wp-json\/wp\/v2\/posts\/24979","targetHints":{"allow":["GET"]}}],"collection":[{"href":"https:\/\/noticiasribeiraopreto.com.br\/index.php\/wp-json\/wp\/v2\/posts"}],"about":[{"href":"https:\/\/noticiasribeiraopreto.com.br\/index.php\/wp-json\/wp\/v2\/types\/post"}],"author":[{"embeddable":true,"href":"https:\/\/noticiasribeiraopreto.com.br\/index.php\/wp-json\/wp\/v2\/users\/1"}],"replies":[{"embeddable":true,"href":"https:\/\/noticiasribeiraopreto.com.br\/index.php\/wp-json\/wp\/v2\/comments?post=24979"}],"version-history":[{"count":0,"href":"https:\/\/noticiasribeiraopreto.com.br\/index.php\/wp-json\/wp\/v2\/posts\/24979\/revisions"}],"wp:featuredmedia":[{"embeddable":true,"href":"https:\/\/noticiasribeiraopreto.com.br\/index.php\/wp-json\/wp\/v2\/media\/24980"}],"wp:attachment":[{"href":"https:\/\/noticiasribeiraopreto.com.br\/index.php\/wp-json\/wp\/v2\/media?parent=24979"}],"wp:term":[{"taxonomy":"category","embeddable":true,"href":"https:\/\/noticiasribeiraopreto.com.br\/index.php\/wp-json\/wp\/v2\/categories?post=24979"},{"taxonomy":"post_tag","embeddable":true,"href":"https:\/\/noticiasribeiraopreto.com.br\/index.php\/wp-json\/wp\/v2\/tags?post=24979"}],"curies":[{"name":"wp","href":"https:\/\/api.w.org\/{rel}","templated":true}]}}