{"id":24981,"date":"2024-01-05T16:19:54","date_gmt":"2024-01-05T19:19:54","guid":{"rendered":"https:\/\/noticiasribeiraopreto.com.br\/index.php\/2024\/01\/05\/gilmar-mendes-determina-retorno-de-ednaldo-rodrigues-ao-comando-da-cbf\/"},"modified":"2024-01-05T16:19:54","modified_gmt":"2024-01-05T19:19:54","slug":"gilmar-mendes-determina-retorno-de-ednaldo-rodrigues-ao-comando-da-cbf","status":"publish","type":"post","link":"https:\/\/noticiasribeiraopreto.com.br\/index.php\/2024\/01\/05\/gilmar-mendes-determina-retorno-de-ednaldo-rodrigues-ao-comando-da-cbf\/","title":{"rendered":"Gilmar Mendes determina retorno de Ednaldo Rodrigues ao comando da CBF \u2013 Folha de Ribeir\u00e3o"},"content":{"rendered":"<div class='code-block code-block-1' style='margin: 8px 0 8px auto; text-align: right; display: block; clear: both;'>\n<p><a href=\"https:\/\/wa.link\/vpicfd\"><img data-recalc-dims=\"1\" class=\"wp-image-4922\" style=\"aspect-ratio: 2.0253164556962027; width: 561px; height: auto;\" src=\"https:\/\/i0.wp.com\/ismaelcolosi.com.br\/wp-content\/uploads\/2023\/11\/grupo-de-empregos-whatsapp-e-facebook-ismael-colosi-vagas.jpg?ssl=1\" alt=\"\" \/><\/a><\/p>\n<!-- \/wp:image -->\n<\/div>\n<p> <br \/>\n<\/p>\n<div>\n<p>Quase um m\u00eas ap\u00f3s ter sido\u00a0<strong>destitu\u00eddo da presid\u00eancia da Confedera\u00e7\u00e3o Brasileira de Futebol (CBF),<\/strong>\u00a0por decis\u00e3o do Tribunal de Justi\u00e7a do Rio de Janeiro (TJRJ), Ednaldo Rodrigues pode retornar ao comando da entidade. No final da tarde desta quinta-feira (4), o ministro Gilmar Mendes, do Supremo Tribunal Federal (STF),\u00a0<a href=\"https:\/\/portal.stf.jus.br\/processos\/detalhe.asp?incidente=6823597\"><strong>concedeu liminar suspendendo a\u00a0decis\u00e3o da\u00a0Justi\u00e7a do Rio\u00a0<\/strong><\/a>que havia retirado Rodrigues do cargo.<img data-recalc-dims=\"1\" decoding=\"async\" src=\"https:\/\/i0.wp.com\/agenciabrasil.ebc.com.br\/ebc.gif?ssl=1\"\/><\/p>\n<p>O ministro atendeu, em parte, ao pedido do Partido Comunista do Brasil (PcdoB), que ingressou com a\u00e7\u00e3o direta de inconstitucionalidade (ADI) no STF na semana passada, questionando a decis\u00e3o do TJRJ que retirou Rodrigues do posto.. Al\u00e9m disso, o PcdoB argumentou que havia \u201crisco iminente de n\u00e3o inscri\u00e7\u00e3o da sele\u00e7\u00e3o brasileira Sub 23 no torneio pr\u00e9-ol\u00edmpico, cujo prazo termina nesta sexta (5).<\/p>\n<p>Na decis\u00e3o liminar, Gilmar Mendes, relator do caso, ressalta que a Fifa, entidade m\u00e1xima que regula o futebol no mundo, encaminhou sucessivos of\u00edcios ao Brasil afirmando n\u00e3o reconhecer como leg\u00edtimo o interventor indicado pelo TJRJ para a CBF, Jos\u00e9 Perdiz,\u00a0\u00a0presidente do Superior Tribunal de Justi\u00e7a Desportiva (STJD). O ministro reitera ainda o risco de a sele\u00e7\u00e3o ol\u00edmpica masculina perder o Pr\u00e9-ol\u00edmpico.<\/p>\n<blockquote>\n<p>\u201cNessa situa\u00e7\u00e3o, h\u00e1 risco de preju\u00edzo iminente, uma vez que a inscri\u00e7\u00e3o de jogadores da sele\u00e7\u00e3o brasileira no torneio qualificat\u00f3rio para os Jogos Ol\u00edmpicos de Paris 2024, que deve ser ultimada at\u00e9 amanh\u00e3 (5), restaria inviabilizada\u201d.<\/p>\n<\/blockquote>\n<p>Antes de conceder a liminar, Gilmar Mendes, tamb\u00e9m \u00a0considerou as manifesta\u00e7\u00f5es feitas na manh\u00e3 de hoje (4) pelo Procurador-Geral da Rep\u00fablica (PGR), Paulo Gonet Branco, e pela Advocacia Geral da Rep\u00fablica (AGU). Ambos defenderam a suspens\u00e3o da decis\u00e3o do TJRJ que retirou Rodrigues do comando da CBF.<\/p>\n<p>Ao concluir o despacho, Gilmar Mendes ressalta \u201cque o provimento acautelat\u00f3rio ora concedido n\u00e3o importa em qualquer interven\u00e7\u00e3o estatal na CBF; pelo contr\u00e1rio, privilegia a sua autonomia ao restaurar a efetividade do ato pr\u00f3prio por meio do qual a entidade elegeu seus dirigentes, qual seja a Assembleia Geral Eleitoral realizada em 23 de mar\u00e7o de 2022\u201d.<\/p>\n<\/p><\/div>\n<p><br \/>\n<br \/><a href=\"https:\/\/folhaderibeirao.com.br\/2024\/01\/05\/gilmar-mendes-determina-retorno-de-ednaldo-rodrigues-ao-comando-da-cbf\/\">Source link <\/a><\/p>\n<!-- CONTENT END 1 -->\n","protected":false},"excerpt":{"rendered":"<p>Quase um m\u00eas ap\u00f3s ter sido\u00a0destitu\u00eddo da presid\u00eancia da Confedera\u00e7\u00e3o Brasileira de Futebol (CBF),\u00a0por decis\u00e3o do Tribunal de Justi\u00e7a do Rio de Janeiro (TJRJ), Ednaldo&#8230;<\/p>\n","protected":false},"author":1,"featured_media":24982,"comment_status":"open","ping_status":"open","sticky":false,"template":"","format":"standard","meta":{"advanced_seo_description":"","jetpack_seo_html_title":"","jetpack_seo_noindex":false,"jetpack_post_was_ever_published":false,"_jetpack_newsletter_access":"","_jetpack_dont_email_post_to_subs":false,"_jetpack_newsletter_tier_id":0,"_jetpack_memberships_contains_paywalled_content":false,"_jetpack_memberships_contains_paid_content":false,"footnotes":"","jetpack_publicize_message":"","jetpack_publicize_feature_enabled":true,"jetpack_social_post_already_shared":true,"jetpack_social_options":{"image_generator_settings":{"template":"highway","default_image_id":0,"font":"","enabled":false},"version":2}},"categories":[11],"tags":[3078,3077,3074,3075,753,3072,3073,1664,26,3076],"class_list":["post-24981","post","type-post","status-publish","format-standard","has-post-thumbnail","hentry","category-noticias-de-ribeirao-preto-sp-e-regiao-ismael-colosi","tag-cbf","tag-comando","tag-determina","tag-ednaldo","tag-folha","tag-gilmar","tag-mendes","tag-retorno","tag-ribeirao","tag-rodrigues"],"jetpack_publicize_connections":[],"jetpack_featured_media_url":"https:\/\/i0.wp.com\/noticiasribeiraopreto.com.br\/wp-content\/uploads\/2024\/01\/1704482395_ebc.png?fit=1%2C1&ssl=1","jetpack-related-posts":[{"id":70360,"url":"https:\/\/noticiasribeiraopreto.com.br\/index.php\/2025\/05\/25\/samir-xaud-e-eleito-presidente-da-cbf\/","url_meta":{"origin":24981,"position":0},"title":"Samir Xaud \u00e9 eleito presidente da CBF","author":"noticiasribeiraopreto.com.br","date":"25 de May de 2025","format":false,"excerpt":"25 de maio de 2025 12:263 Compartilhar0 Neste domingo (25) Samir Xaud foi eleito presidente da Confedera\u00e7\u00e3o Brasileira de Futebol (CBF), sucedendo Ednaldo Rodrigues. Aos 41 anos, o m\u00e9dico e empres\u00e1rio de Roraima assume o comando da entidade m\u00e1xima do futebol brasileiro at\u00e9 2029, ap\u00f3s uma elei\u00e7\u00e3o marcada por apoio\u2026","rel":"","context":"In &quot;Not\u00edcias de Ribeir\u00e3o Preto-SP e Regi\u00e3o&quot;","block_context":{"text":"Not\u00edcias de Ribeir\u00e3o Preto-SP e Regi\u00e3o","link":"https:\/\/noticiasribeiraopreto.com.br\/index.php\/category\/noticias-de-ribeirao-preto-sp-e-regiao-ismael-colosi\/"},"img":{"alt_text":"","src":"https:\/\/i0.wp.com\/noticiasribeiraopreto.com.br\/wp-content\/uploads\/2025\/05\/samir_cbf.jpg?fit=1170%2C700&ssl=1&resize=350%2C200","width":350,"height":200,"srcset":"https:\/\/i0.wp.com\/noticiasribeiraopreto.com.br\/wp-content\/uploads\/2025\/05\/samir_cbf.jpg?fit=1170%2C700&ssl=1&resize=350%2C200 1x, https:\/\/i0.wp.com\/noticiasribeiraopreto.com.br\/wp-content\/uploads\/2025\/05\/samir_cbf.jpg?fit=1170%2C700&ssl=1&resize=525%2C300 1.5x, https:\/\/i0.wp.com\/noticiasribeiraopreto.com.br\/wp-content\/uploads\/2025\/05\/samir_cbf.jpg?fit=1170%2C700&ssl=1&resize=700%2C400 2x, https:\/\/i0.wp.com\/noticiasribeiraopreto.com.br\/wp-content\/uploads\/2025\/05\/samir_cbf.jpg?fit=1170%2C700&ssl=1&resize=1050%2C600 3x"},"classes":[]},{"id":77497,"url":"https:\/\/noticiasribeiraopreto.com.br\/index.php\/2025\/09\/19\/stf-suspende-julgamento-de-escutas-da-operacao-sevandija\/","url_meta":{"origin":24981,"position":1},"title":"STF suspende julgamento de escutas da Opera\u00e7\u00e3o Sevandija","author":"noticiasribeiraopreto.com.br","date":"19 de September de 2025","format":false,"excerpt":"19 de setembro de 2025 16:252 Compartilhar0 Julgamento sobre a legalidade das provas obtidas por meio de intercepta\u00e7\u00f5es telef\u00f4nicas foi suspenso nesta sexta-feira, 19 de setembro, em fun\u00e7\u00e3o de pedido de vistas de Gilmar Mendes; ministro ter\u00e1 prazo de at\u00e9 90 dias para votar O Supremo Tribunal Federal (STF) suspendeu\u2026","rel":"","context":"In &quot;Not\u00edcias de Ribeir\u00e3o Preto-SP e Regi\u00e3o&quot;","block_context":{"text":"Not\u00edcias de Ribeir\u00e3o Preto-SP e Regi\u00e3o","link":"https:\/\/noticiasribeiraopreto.com.br\/index.php\/category\/noticias-de-ribeirao-preto-sp-e-regiao-ismael-colosi\/"},"img":{"alt_text":"","src":"https:\/\/i0.wp.com\/noticiasribeiraopreto.com.br\/wp-content\/uploads\/2025\/09\/seva.webp.webp?fit=984%2C616&ssl=1&resize=350%2C200","width":350,"height":200,"srcset":"https:\/\/i0.wp.com\/noticiasribeiraopreto.com.br\/wp-content\/uploads\/2025\/09\/seva.webp.webp?fit=984%2C616&ssl=1&resize=350%2C200 1x, https:\/\/i0.wp.com\/noticiasribeiraopreto.com.br\/wp-content\/uploads\/2025\/09\/seva.webp.webp?fit=984%2C616&ssl=1&resize=525%2C300 1.5x, https:\/\/i0.wp.com\/noticiasribeiraopreto.com.br\/wp-content\/uploads\/2025\/09\/seva.webp.webp?fit=984%2C616&ssl=1&resize=700%2C400 2x"},"classes":[]},{"id":82364,"url":"https:\/\/noticiasribeiraopreto.com.br\/index.php\/2026\/02\/12\/sevandija-ribeirao-aguarda-voto-de-gilmar-mendes\/","url_meta":{"origin":24981,"position":2},"title":"Sevandija: Ribeir\u00e3o aguarda voto de Gilmar Mendes","author":"noticiasribeiraopreto.com.br","date":"12 de February de 2026","format":false,"excerpt":"Voto de ministro do STF sobre a validade das escutas telef\u00f4nicas da Sevandija n\u00e3o havia sido publicado at\u00e9 a tarde desta quarta-feira (11) At\u00e9 a tarde desta quarta-feira, 11 de fevereiro, o Supremo Tribunal Federal (STF) n\u00e3o havia publicado o voto do ministro Gilmar Mendes, presidente da Segunda da Corte,\u2026","rel":"","context":"In &quot;Not\u00edcias de Ribeir\u00e3o Preto-SP e Regi\u00e3o&quot;","block_context":{"text":"Not\u00edcias de Ribeir\u00e3o Preto-SP e Regi\u00e3o","link":"https:\/\/noticiasribeiraopreto.com.br\/index.php\/category\/noticias-de-ribeirao-preto-sp-e-regiao-ismael-colosi\/"},"img":{"alt_text":"","src":"https:\/\/i0.wp.com\/noticiasribeiraopreto.com.br\/wp-content\/uploads\/2026\/02\/SevandijaDV-Antonio-Augusto-STF.jpg?fit=1170%2C700&ssl=1&resize=350%2C200","width":350,"height":200,"srcset":"https:\/\/i0.wp.com\/noticiasribeiraopreto.com.br\/wp-content\/uploads\/2026\/02\/SevandijaDV-Antonio-Augusto-STF.jpg?fit=1170%2C700&ssl=1&resize=350%2C200 1x, https:\/\/i0.wp.com\/noticiasribeiraopreto.com.br\/wp-content\/uploads\/2026\/02\/SevandijaDV-Antonio-Augusto-STF.jpg?fit=1170%2C700&ssl=1&resize=525%2C300 1.5x, https:\/\/i0.wp.com\/noticiasribeiraopreto.com.br\/wp-content\/uploads\/2026\/02\/SevandijaDV-Antonio-Augusto-STF.jpg?fit=1170%2C700&ssl=1&resize=700%2C400 2x, https:\/\/i0.wp.com\/noticiasribeiraopreto.com.br\/wp-content\/uploads\/2026\/02\/SevandijaDV-Antonio-Augusto-STF.jpg?fit=1170%2C700&ssl=1&resize=1050%2C600 3x"},"classes":[]},{"id":67453,"url":"https:\/\/noticiasribeiraopreto.com.br\/index.php\/2025\/04\/14\/pejotizacao-processos-em-todo-o-pais-sao-suspensos-pelo-stf-entenda\/","url_meta":{"origin":24981,"position":3},"title":"Pejotiza\u00e7\u00e3o: Processos em todo o Pa\u00eds s\u00e3o suspensos pelo STF; Entenda","author":"noticiasribeiraopreto.com.br","date":"14 de April de 2025","format":false,"excerpt":"O ministro Gilmar Mendes, do STF (Supremo Tribunal Federal), suspendeu nesta segunda-feira (14) todos os processos que tratam da licitude da contrata\u00e7\u00e3o de trabalhador aut\u00f4nomo ou pessoa jur\u00eddica para a presta\u00e7\u00e3o de servi\u00e7os, a chamada \u201cpejotiza\u00e7\u00e3o\u201d. Esse tipo de contrato \u00e9 comum em diversos setores, como representa\u00e7\u00e3o comercial, corretagem de\u2026","rel":"","context":"In &quot;Not\u00edcias de Ribeir\u00e3o Preto-SP e Regi\u00e3o&quot;","block_context":{"text":"Not\u00edcias de Ribeir\u00e3o Preto-SP e Regi\u00e3o","link":"https:\/\/noticiasribeiraopreto.com.br\/index.php\/category\/noticias-de-ribeirao-preto-sp-e-regiao-ismael-colosi\/"},"img":{"alt_text":"","src":"https:\/\/i0.wp.com\/noticiasribeiraopreto.com.br\/wp-content\/uploads\/2025\/04\/gilmar-mendes_2025-04-14_16-10-14_jpg_2025-04-14_16-10-14.webp.webp?fit=1200%2C800&ssl=1&resize=350%2C200","width":350,"height":200,"srcset":"https:\/\/i0.wp.com\/noticiasribeiraopreto.com.br\/wp-content\/uploads\/2025\/04\/gilmar-mendes_2025-04-14_16-10-14_jpg_2025-04-14_16-10-14.webp.webp?fit=1200%2C800&ssl=1&resize=350%2C200 1x, https:\/\/i0.wp.com\/noticiasribeiraopreto.com.br\/wp-content\/uploads\/2025\/04\/gilmar-mendes_2025-04-14_16-10-14_jpg_2025-04-14_16-10-14.webp.webp?fit=1200%2C800&ssl=1&resize=525%2C300 1.5x, https:\/\/i0.wp.com\/noticiasribeiraopreto.com.br\/wp-content\/uploads\/2025\/04\/gilmar-mendes_2025-04-14_16-10-14_jpg_2025-04-14_16-10-14.webp.webp?fit=1200%2C800&ssl=1&resize=700%2C400 2x, https:\/\/i0.wp.com\/noticiasribeiraopreto.com.br\/wp-content\/uploads\/2025\/04\/gilmar-mendes_2025-04-14_16-10-14_jpg_2025-04-14_16-10-14.webp.webp?fit=1200%2C800&ssl=1&resize=1050%2C600 3x"},"classes":[]},{"id":82993,"url":"https:\/\/noticiasribeiraopreto.com.br\/index.php\/2026\/03\/06\/stf-volta-a-julgar-escutas-da-sevandija\/","url_meta":{"origin":24981,"position":4},"title":"STF volta a julgar escutas da Sevandija","author":"noticiasribeiraopreto.com.br","date":"6 de March de 2026","format":false,"excerpt":"Supremo Tribunal Federal (STF) retoma nesta sexta-feira (6) a conclus\u00e3o do julgamento que decidir\u00e1 sobre a legalidade das escutas telef\u00f4nicas da Opera\u00e7\u00e3o Sevandija O Supremo Tribunal Federal (STF) retoma nesta sexta-feira, 6 de mar\u00e7o, a conclus\u00e3o do julgamento que decidir\u00e1 sobre a legalidade das escutas telef\u00f4nicas da Opera\u00e7\u00e3o Sevandija que\u2026","rel":"","context":"In &quot;Not\u00edcias de Ribeir\u00e3o Preto-SP e Regi\u00e3o&quot;","block_context":{"text":"Not\u00edcias de Ribeir\u00e3o Preto-SP e Regi\u00e3o","link":"https:\/\/noticiasribeiraopreto.com.br\/index.php\/category\/noticias-de-ribeirao-preto-sp-e-regiao-ismael-colosi\/"},"img":{"alt_text":"","src":"https:\/\/i0.wp.com\/noticiasribeiraopreto.com.br\/wp-content\/uploads\/2026\/03\/SevandijaDV-Dar-JF-Pimenta-Arquivo-scaled.jpg?fit=1170%2C780&ssl=1&resize=350%2C200","width":350,"height":200,"srcset":"https:\/\/i0.wp.com\/noticiasribeiraopreto.com.br\/wp-content\/uploads\/2026\/03\/SevandijaDV-Dar-JF-Pimenta-Arquivo-scaled.jpg?fit=1170%2C780&ssl=1&resize=350%2C200 1x, https:\/\/i0.wp.com\/noticiasribeiraopreto.com.br\/wp-content\/uploads\/2026\/03\/SevandijaDV-Dar-JF-Pimenta-Arquivo-scaled.jpg?fit=1170%2C780&ssl=1&resize=525%2C300 1.5x, https:\/\/i0.wp.com\/noticiasribeiraopreto.com.br\/wp-content\/uploads\/2026\/03\/SevandijaDV-Dar-JF-Pimenta-Arquivo-scaled.jpg?fit=1170%2C780&ssl=1&resize=700%2C400 2x, https:\/\/i0.wp.com\/noticiasribeiraopreto.com.br\/wp-content\/uploads\/2026\/03\/SevandijaDV-Dar-JF-Pimenta-Arquivo-scaled.jpg?fit=1170%2C780&ssl=1&resize=1050%2C600 3x"},"classes":[]},{"id":77491,"url":"https:\/\/noticiasribeiraopreto.com.br\/index.php\/2025\/09\/19\/gilmar-mendes-pede-vista-e-julgamento-da-sevandija-e-suspenso-no-stf\/","url_meta":{"origin":24981,"position":5},"title":"Gilmar Mendes pede vista e julgamento da Sevandija \u00e9 suspenso no STF","author":"noticiasribeiraopreto.com.br","date":"19 de September de 2025","format":false,"excerpt":"O ministro Gilmar Mendes, do STF (Supremo Tribunal Federal), fez um pedido de vista no julgamento da legalidade das escutas telef\u00f4nicas da Opera\u00e7\u00e3o Sevandija. O julgamento come\u00e7ou nesta sexta-feira (19) no plen\u00e1rio virtual da 2\u00ba Turma do Supremo. Com isso, o julgamento foi suspenso e s\u00f3 ser\u00e1 reiniciado quando o\u2026","rel":"","context":"In &quot;Not\u00edcias de Ribeir\u00e3o Preto-SP e Regi\u00e3o&quot;","block_context":{"text":"Not\u00edcias de Ribeir\u00e3o Preto-SP e Regi\u00e3o","link":"https:\/\/noticiasribeiraopreto.com.br\/index.php\/category\/noticias-de-ribeirao-preto-sp-e-regiao-ismael-colosi\/"},"img":{"alt_text":"","src":"https:\/\/i0.wp.com\/noticiasribeiraopreto.com.br\/wp-content\/uploads\/2025\/09\/gilmar-mendes_2025-09-19_16-57-38.webp.webp?fit=1200%2C799&ssl=1&resize=350%2C200","width":350,"height":200,"srcset":"https:\/\/i0.wp.com\/noticiasribeiraopreto.com.br\/wp-content\/uploads\/2025\/09\/gilmar-mendes_2025-09-19_16-57-38.webp.webp?fit=1200%2C799&ssl=1&resize=350%2C200 1x, https:\/\/i0.wp.com\/noticiasribeiraopreto.com.br\/wp-content\/uploads\/2025\/09\/gilmar-mendes_2025-09-19_16-57-38.webp.webp?fit=1200%2C799&ssl=1&resize=525%2C300 1.5x, https:\/\/i0.wp.com\/noticiasribeiraopreto.com.br\/wp-content\/uploads\/2025\/09\/gilmar-mendes_2025-09-19_16-57-38.webp.webp?fit=1200%2C799&ssl=1&resize=700%2C400 2x, https:\/\/i0.wp.com\/noticiasribeiraopreto.com.br\/wp-content\/uploads\/2025\/09\/gilmar-mendes_2025-09-19_16-57-38.webp.webp?fit=1200%2C799&ssl=1&resize=1050%2C600 3x"},"classes":[]}],"jetpack_sharing_enabled":true,"jetpack_shortlink":"https:\/\/wp.me\/peQAOb-6uV","_links":{"self":[{"href":"https:\/\/noticiasribeiraopreto.com.br\/index.php\/wp-json\/wp\/v2\/posts\/24981","targetHints":{"allow":["GET"]}}],"collection":[{"href":"https:\/\/noticiasribeiraopreto.com.br\/index.php\/wp-json\/wp\/v2\/posts"}],"about":[{"href":"https:\/\/noticiasribeiraopreto.com.br\/index.php\/wp-json\/wp\/v2\/types\/post"}],"author":[{"embeddable":true,"href":"https:\/\/noticiasribeiraopreto.com.br\/index.php\/wp-json\/wp\/v2\/users\/1"}],"replies":[{"embeddable":true,"href":"https:\/\/noticiasribeiraopreto.com.br\/index.php\/wp-json\/wp\/v2\/comments?post=24981"}],"version-history":[{"count":0,"href":"https:\/\/noticiasribeiraopreto.com.br\/index.php\/wp-json\/wp\/v2\/posts\/24981\/revisions"}],"wp:featuredmedia":[{"embeddable":true,"href":"https:\/\/noticiasribeiraopreto.com.br\/index.php\/wp-json\/wp\/v2\/media\/24982"}],"wp:attachment":[{"href":"https:\/\/noticiasribeiraopreto.com.br\/index.php\/wp-json\/wp\/v2\/media?parent=24981"}],"wp:term":[{"taxonomy":"category","embeddable":true,"href":"https:\/\/noticiasribeiraopreto.com.br\/index.php\/wp-json\/wp\/v2\/categories?post=24981"},{"taxonomy":"post_tag","embeddable":true,"href":"https:\/\/noticiasribeiraopreto.com.br\/index.php\/wp-json\/wp\/v2\/tags?post=24981"}],"curies":[{"name":"wp","href":"https:\/\/api.w.org\/{rel}","templated":true}]}}