{"id":24985,"date":"2024-01-05T16:35:05","date_gmt":"2024-01-05T19:35:05","guid":{"rendered":"https:\/\/noticiasribeiraopreto.com.br\/index.php\/2024\/01\/05\/biancardi-desabafa-sobre-carater-e-detalhe-faz-fas-apontarem-indireta-para-neymar\/"},"modified":"2024-01-05T16:35:05","modified_gmt":"2024-01-05T19:35:05","slug":"biancardi-desabafa-sobre-carater-e-detalhe-faz-fas-apontarem-indireta-para-neymar","status":"publish","type":"post","link":"https:\/\/noticiasribeiraopreto.com.br\/index.php\/2024\/01\/05\/biancardi-desabafa-sobre-carater-e-detalhe-faz-fas-apontarem-indireta-para-neymar\/","title":{"rendered":"Biancardi desabafa sobre car\u00e1ter e detalhe faz f\u00e3s apontarem indireta para Neymar"},"content":{"rendered":"<div class='code-block code-block-1' style='margin: 8px 0 8px auto; text-align: right; display: block; clear: both;'>\n<p><a href=\"https:\/\/wa.link\/vpicfd\"><img data-recalc-dims=\"1\" class=\"wp-image-4922\" style=\"aspect-ratio: 2.0253164556962027; width: 561px; height: auto;\" src=\"https:\/\/i0.wp.com\/ismaelcolosi.com.br\/wp-content\/uploads\/2023\/11\/grupo-de-empregos-whatsapp-e-facebook-ismael-colosi-vagas.jpg?ssl=1\" alt=\"\" \/><\/a><\/p>\n<!-- \/wp:image -->\n<\/div>\n<p> <br \/>\n<\/p>\n<div itemprop=\"text\">\n<p>Bruna Biancardi voltou a desabafar nas redes sociais e chamar a aten\u00e7\u00e3o com o conte\u00fado publicado. A influenciadora postou um text\u00e3o sobre car\u00e1ter, o que muitos f\u00e3s entenderam como uma alfinetada em Neymar.<\/p>\n<p>\u201c<b>Car\u00e1ter \u00e9 algo que est\u00e1 no cora\u00e7\u00e3o, nas veias, na pele, na alma. Car\u00e1ter corre no sangue. Quem n\u00e3o possui, destr\u00f3i vidas, relacionamentos, amizades, e a si mesmo<\/b>\u201d, diz a mensagem.<\/p>\n<p><img data-recalc-dims=\"1\" decoding=\"async\" title=\"Image: https:\/\/fnmais.com\/wp-content\/uploads\/2024\/01\/postiimg-65985238a3a293158.jpg\" src=\"https:\/\/i0.wp.com\/fnmais.com\/wp-content\/uploads\/2024\/01\/postiimg-65985238a3a293158.jpg?ssl=1\" alt=\"\"\/><\/p>\n<p>Muitos internautas entenderam a mensagem como uma indireta para o jogador, visto que recentemente a influenciadora deixou de seguir Neymar nas redes sociais. A atitude aconteceu ap\u00f3s os boatos de que Neymar seria papai pela terceira vez.<\/p>\n<p>Bruna, como todos sabem, \u00e9 m\u00e3e da segunda filha de Neymar. A ca\u00e7ula, Mavie, vive sob guarda da m\u00e3e, mas tem bastante contato com o pai. Neymar, por sua vez, tamb\u00e9m \u00e9 pai de um menino, Davi Lucca.<\/p>\n<p>Os dois, Neymar e Bruna, viveram um relacionamento curto e cercado de pol\u00eamicas. Entre idas e vindas, a rela\u00e7\u00e3o acabou chegando ao fim definitivo anunciado apos o nascimento da pequena.<\/p>\n<p>Neymar chegou a se manifestar sobre os boatos de que seria pai pela terceira vez e negou a informa\u00e7\u00e3o. O jogador ainda cobrou puni\u00e7\u00e3o para os respons\u00e1veis por criar a hist\u00f3ria nas redes sociais.<\/p>\n<p>Atualmente, Neymar segue se recuperando de les\u00e3o ap\u00f3s passar por um verdadeiro susto. O atleta segue contratado pelo Al Hilal, mas ainda n\u00e3o tem previs\u00e3o de voltar a ativa pelo clube at\u00e9 o momento.<\/p>\n<\/div>\n<p><br \/>\n<br \/><a href=\"https:\/\/fnmais.com\/biancardi-desabafa-sobre-carater-detalhe-faz-fas-apontarem-indireta-para-neymar\/\">Source link <\/a><\/p>\n<!-- CONTENT END 1 -->\n","protected":false},"excerpt":{"rendered":"<p>Bruna Biancardi voltou a desabafar nas redes sociais e chamar a aten\u00e7\u00e3o com o conte\u00fado publicado. A influenciadora postou um text\u00e3o sobre car\u00e1ter, o que&#8230;<\/p>\n","protected":false},"author":1,"featured_media":24986,"comment_status":"open","ping_status":"open","sticky":false,"template":"","format":"standard","meta":{"advanced_seo_description":"","jetpack_seo_html_title":"","jetpack_seo_noindex":false,"jetpack_post_was_ever_published":false,"_jetpack_newsletter_access":"","_jetpack_dont_email_post_to_subs":false,"_jetpack_newsletter_tier_id":0,"_jetpack_memberships_contains_paywalled_content":false,"_jetpack_memberships_contains_paid_content":false,"footnotes":"","jetpack_publicize_message":"","jetpack_publicize_feature_enabled":true,"jetpack_social_post_already_shared":true,"jetpack_social_options":{"image_generator_settings":{"template":"highway","default_image_id":0,"font":"","enabled":false},"version":2}},"categories":[1],"tags":[],"class_list":["post-24985","post","type-post","status-publish","format-standard","has-post-thumbnail","hentry","category-blog"],"jetpack_publicize_connections":[],"jetpack_featured_media_url":"https:\/\/i0.wp.com\/noticiasribeiraopreto.com.br\/wp-content\/uploads\/2024\/01\/postimg-659852396bb975844.jpg?fit=1200%2C628&ssl=1","jetpack-related-posts":[{"id":23693,"url":"https:\/\/noticiasribeiraopreto.com.br\/index.php\/2024\/01\/02\/polemica-em-torno-de-boato-de-terceiro-filho-de-neymar-gera-repercussao\/","url_meta":{"origin":24985,"position":0},"title":"Pol\u00eamica em torno de boato de terceiro filho de Neymar gera repercuss\u00e3o","author":"noticiasribeiraopreto.com.br","date":"2 de January de 2024","format":false,"excerpt":"A vida pessoal do jogador Neymar Jr. n\u00e3o para de ser assunto nas redes sociais. Desta vez, come\u00e7ou a circular o boato de que o atleta, que atualmente joga pelo Al-Hilal, iria ser pai novamente.A not\u00edcia foi divulgada na manh\u00e3 desta ter\u00e7a-feira (02\/12), pelo colunista Leo Dias. De acordo com\u2026","rel":"","context":"In &quot;Blog&quot;","block_context":{"text":"Blog","link":"https:\/\/noticiasribeiraopreto.com.br\/index.php\/category\/blog\/"},"img":{"alt_text":"","src":"https:\/\/i0.wp.com\/noticiasribeiraopreto.com.br\/wp-content\/uploads\/2024\/01\/postimg-659498a03c5504192.jpg?fit=1200%2C628&ssl=1&resize=350%2C200","width":350,"height":200,"srcset":"https:\/\/i0.wp.com\/noticiasribeiraopreto.com.br\/wp-content\/uploads\/2024\/01\/postimg-659498a03c5504192.jpg?fit=1200%2C628&ssl=1&resize=350%2C200 1x, https:\/\/i0.wp.com\/noticiasribeiraopreto.com.br\/wp-content\/uploads\/2024\/01\/postimg-659498a03c5504192.jpg?fit=1200%2C628&ssl=1&resize=525%2C300 1.5x, https:\/\/i0.wp.com\/noticiasribeiraopreto.com.br\/wp-content\/uploads\/2024\/01\/postimg-659498a03c5504192.jpg?fit=1200%2C628&ssl=1&resize=700%2C400 2x, https:\/\/i0.wp.com\/noticiasribeiraopreto.com.br\/wp-content\/uploads\/2024\/01\/postimg-659498a03c5504192.jpg?fit=1200%2C628&ssl=1&resize=1050%2C600 3x"},"classes":[]},{"id":20741,"url":"https:\/\/noticiasribeiraopreto.com.br\/index.php\/2023\/12\/26\/neymar-jr-e-bruna-biancardi-passam-noite-de-natal-juntos-e-registram\/","url_meta":{"origin":24985,"position":1},"title":"Neymar Jr e Bruna Biancardi passam noite de Natal juntos e registram","author":"noticiasribeiraopreto.com.br","date":"26 de December de 2023","format":false,"excerpt":"Natal tem um de\u00a0 seus sin\u00f4nimos reuni\u00e3o de fam\u00edlia. \u00c9 o momento em que qualquer tipo de desaven\u00e7a familiar \u00e9 deixada para tr\u00e1s para que todos se re\u00fanam \u00e0 mesa e comemorar.Um dos ex casais mais vigiados da internet, Bruna Biancardi e Neymar Jr est\u00e3o separados a mais de um\u2026","rel":"","context":"In &quot;Blog&quot;","block_context":{"text":"Blog","link":"https:\/\/noticiasribeiraopreto.com.br\/index.php\/category\/blog\/"},"img":{"alt_text":"","src":"https:\/\/i0.wp.com\/noticiasribeiraopreto.com.br\/wp-content\/uploads\/2023\/12\/postimg-658ae2c480ee47919.jpg?fit=1200%2C628&ssl=1&resize=350%2C200","width":350,"height":200,"srcset":"https:\/\/i0.wp.com\/noticiasribeiraopreto.com.br\/wp-content\/uploads\/2023\/12\/postimg-658ae2c480ee47919.jpg?fit=1200%2C628&ssl=1&resize=350%2C200 1x, https:\/\/i0.wp.com\/noticiasribeiraopreto.com.br\/wp-content\/uploads\/2023\/12\/postimg-658ae2c480ee47919.jpg?fit=1200%2C628&ssl=1&resize=525%2C300 1.5x, https:\/\/i0.wp.com\/noticiasribeiraopreto.com.br\/wp-content\/uploads\/2023\/12\/postimg-658ae2c480ee47919.jpg?fit=1200%2C628&ssl=1&resize=700%2C400 2x, https:\/\/i0.wp.com\/noticiasribeiraopreto.com.br\/wp-content\/uploads\/2023\/12\/postimg-658ae2c480ee47919.jpg?fit=1200%2C628&ssl=1&resize=1050%2C600 3x"},"classes":[]},{"id":23599,"url":"https:\/\/noticiasribeiraopreto.com.br\/index.php\/2024\/01\/02\/neymar-jr-se-envolve-em-boato-de-que-seria-pai-pela-terceira-vez-detalhes-sao-expostos\/","url_meta":{"origin":24985,"position":2},"title":"Neymar Jr. se envolve em boato de que seria pai pela terceira vez; detalhes s\u00e3o expostos","author":"noticiasribeiraopreto.com.br","date":"2 de January de 2024","format":false,"excerpt":"Nesta ter\u00e7a-feira, dia 2 de janeiro, a internet ficou agitada com a not\u00edcia de que possivelmente o famoso jogador Neymar Jr ser\u00e1 pai pela terceira vez.Tudo aconteceu ap\u00f3s a influenciadora Jamile Lima ter causado alvoro\u00e7o ao deixar um coment\u00e1rio sugestivo em uma postagem sobre Mavie, a filha mais nova do\u2026","rel":"","context":"In &quot;Blog&quot;","block_context":{"text":"Blog","link":"https:\/\/noticiasribeiraopreto.com.br\/index.php\/category\/blog\/"},"img":{"alt_text":"","src":"https:\/\/i0.wp.com\/noticiasribeiraopreto.com.br\/wp-content\/uploads\/2024\/01\/postimg-65944826e64816971.jpg?fit=1200%2C628&ssl=1&resize=350%2C200","width":350,"height":200,"srcset":"https:\/\/i0.wp.com\/noticiasribeiraopreto.com.br\/wp-content\/uploads\/2024\/01\/postimg-65944826e64816971.jpg?fit=1200%2C628&ssl=1&resize=350%2C200 1x, https:\/\/i0.wp.com\/noticiasribeiraopreto.com.br\/wp-content\/uploads\/2024\/01\/postimg-65944826e64816971.jpg?fit=1200%2C628&ssl=1&resize=525%2C300 1.5x, https:\/\/i0.wp.com\/noticiasribeiraopreto.com.br\/wp-content\/uploads\/2024\/01\/postimg-65944826e64816971.jpg?fit=1200%2C628&ssl=1&resize=700%2C400 2x, https:\/\/i0.wp.com\/noticiasribeiraopreto.com.br\/wp-content\/uploads\/2024\/01\/postimg-65944826e64816971.jpg?fit=1200%2C628&ssl=1&resize=1050%2C600 3x"},"classes":[]},{"id":17987,"url":"https:\/\/noticiasribeiraopreto.com.br\/index.php\/2023\/12\/19\/bruna-biancardi-rebate-criticas-apos-relatar-noite-mal-dormida-com-mavie-parem-de-ser-amargas\/","url_meta":{"origin":24985,"position":3},"title":"Bruna Biancardi rebate cr\u00edticas ap\u00f3s relatar noite mal dormida com Mavie: &#8216;Parem de ser amargas&#8217;","author":"noticiasribeiraopreto.com.br","date":"19 de December de 2023","format":false,"excerpt":"A mais nova herdeira do jogador Neymar Jr, fruto de seu relacionamento com a influenciadora digital Bruna Biancardi \u00e9 not\u00edcia sempre que aparece nas redes sociais dos pais.Dessa vez, a mam\u00e3e da rec\u00e9m nascida usou as redes sociais para falar da noite mal dormida ap\u00f3s a filha precisar acordar de\u2026","rel":"","context":"In &quot;Blog&quot;","block_context":{"text":"Blog","link":"https:\/\/noticiasribeiraopreto.com.br\/index.php\/category\/blog\/"},"img":{"alt_text":"","src":"https:\/\/i0.wp.com\/noticiasribeiraopreto.com.br\/wp-content\/uploads\/2023\/12\/postimg-6581c7a5034ad2756.jpg?fit=1200%2C628&ssl=1&resize=350%2C200","width":350,"height":200,"srcset":"https:\/\/i0.wp.com\/noticiasribeiraopreto.com.br\/wp-content\/uploads\/2023\/12\/postimg-6581c7a5034ad2756.jpg?fit=1200%2C628&ssl=1&resize=350%2C200 1x, https:\/\/i0.wp.com\/noticiasribeiraopreto.com.br\/wp-content\/uploads\/2023\/12\/postimg-6581c7a5034ad2756.jpg?fit=1200%2C628&ssl=1&resize=525%2C300 1.5x, https:\/\/i0.wp.com\/noticiasribeiraopreto.com.br\/wp-content\/uploads\/2023\/12\/postimg-6581c7a5034ad2756.jpg?fit=1200%2C628&ssl=1&resize=700%2C400 2x, https:\/\/i0.wp.com\/noticiasribeiraopreto.com.br\/wp-content\/uploads\/2023\/12\/postimg-6581c7a5034ad2756.jpg?fit=1200%2C628&ssl=1&resize=1050%2C600 3x"},"classes":[]},{"id":5922,"url":"https:\/\/noticiasribeiraopreto.com.br\/index.php\/2023\/11\/24\/disse-bruna-biancardi-apos-episodio-de-invasao-a-sua-casa\/","url_meta":{"origin":24985,"position":4},"title":"disse Bruna Biancardi ap\u00f3s epis\u00f3dio de invas\u00e3o \u00e0 sua casa","author":"noticiasribeiraopreto.com.br","date":"24 de November de 2023","format":false,"excerpt":"A influenciadora Bruna Biancardi estava \u2018sumida\u2019 das redes sociais desde o epis\u00f3dio da invas\u00e3o \u00e0 sua casa no come\u00e7o deste m\u00eas e explicou o motivo de n\u00e3o ter ficado com tanta frequ\u00eancia redes sociais.Primeiramente ela falou sobre a vida corrida que leva ap\u00f3s virar mam\u00e3e. Para ela, o tempo tem\u2026","rel":"","context":"In &quot;Blog&quot;","block_context":{"text":"Blog","link":"https:\/\/noticiasribeiraopreto.com.br\/index.php\/category\/blog\/"},"img":{"alt_text":"","src":"https:\/\/i0.wp.com\/noticiasribeiraopreto.com.br\/wp-content\/uploads\/2023\/11\/postimg-6561090069c636859.jpg?fit=1200%2C628&ssl=1&resize=350%2C200","width":350,"height":200,"srcset":"https:\/\/i0.wp.com\/noticiasribeiraopreto.com.br\/wp-content\/uploads\/2023\/11\/postimg-6561090069c636859.jpg?fit=1200%2C628&ssl=1&resize=350%2C200 1x, https:\/\/i0.wp.com\/noticiasribeiraopreto.com.br\/wp-content\/uploads\/2023\/11\/postimg-6561090069c636859.jpg?fit=1200%2C628&ssl=1&resize=525%2C300 1.5x, https:\/\/i0.wp.com\/noticiasribeiraopreto.com.br\/wp-content\/uploads\/2023\/11\/postimg-6561090069c636859.jpg?fit=1200%2C628&ssl=1&resize=700%2C400 2x, https:\/\/i0.wp.com\/noticiasribeiraopreto.com.br\/wp-content\/uploads\/2023\/11\/postimg-6561090069c636859.jpg?fit=1200%2C628&ssl=1&resize=1050%2C600 3x"},"classes":[]},{"id":23528,"url":"https:\/\/noticiasribeiraopreto.com.br\/index.php\/2024\/01\/02\/filho-de-neymar-sofre-acidente-e-imagens-sao-expostas-menino-tem-12-anos\/","url_meta":{"origin":24985,"position":5},"title":"Filho de Neymar sofre acidente e imagens s\u00e3o expostas; menino tem 12 anos","author":"noticiasribeiraopreto.com.br","date":"2 de January de 2024","format":false,"excerpt":"A \u00faltima semana do jogador Neymar Jr. foi de muita farr a edivers\u00e3o dentro de seu cruzeiro. O navio que levava o atleta transportava centenas de famosos e an\u00f4nimos, que pagaram valor astron\u00f4mico para ficar a bordo da embarca\u00e7\u00e3o.Recentemente, Neymar passou um susto com o filho, Davi Lucca, de 12\u2026","rel":"","context":"In &quot;Blog&quot;","block_context":{"text":"Blog","link":"https:\/\/noticiasribeiraopreto.com.br\/index.php\/category\/blog\/"},"img":{"alt_text":"","src":"https:\/\/i0.wp.com\/noticiasribeiraopreto.com.br\/wp-content\/uploads\/2024\/01\/postimg-659448d4e8ea36841.jpg?fit=1200%2C628&ssl=1&resize=350%2C200","width":350,"height":200,"srcset":"https:\/\/i0.wp.com\/noticiasribeiraopreto.com.br\/wp-content\/uploads\/2024\/01\/postimg-659448d4e8ea36841.jpg?fit=1200%2C628&ssl=1&resize=350%2C200 1x, https:\/\/i0.wp.com\/noticiasribeiraopreto.com.br\/wp-content\/uploads\/2024\/01\/postimg-659448d4e8ea36841.jpg?fit=1200%2C628&ssl=1&resize=525%2C300 1.5x, https:\/\/i0.wp.com\/noticiasribeiraopreto.com.br\/wp-content\/uploads\/2024\/01\/postimg-659448d4e8ea36841.jpg?fit=1200%2C628&ssl=1&resize=700%2C400 2x, https:\/\/i0.wp.com\/noticiasribeiraopreto.com.br\/wp-content\/uploads\/2024\/01\/postimg-659448d4e8ea36841.jpg?fit=1200%2C628&ssl=1&resize=1050%2C600 3x"},"classes":[]}],"jetpack_sharing_enabled":true,"jetpack_shortlink":"https:\/\/wp.me\/peQAOb-6uZ","_links":{"self":[{"href":"https:\/\/noticiasribeiraopreto.com.br\/index.php\/wp-json\/wp\/v2\/posts\/24985","targetHints":{"allow":["GET"]}}],"collection":[{"href":"https:\/\/noticiasribeiraopreto.com.br\/index.php\/wp-json\/wp\/v2\/posts"}],"about":[{"href":"https:\/\/noticiasribeiraopreto.com.br\/index.php\/wp-json\/wp\/v2\/types\/post"}],"author":[{"embeddable":true,"href":"https:\/\/noticiasribeiraopreto.com.br\/index.php\/wp-json\/wp\/v2\/users\/1"}],"replies":[{"embeddable":true,"href":"https:\/\/noticiasribeiraopreto.com.br\/index.php\/wp-json\/wp\/v2\/comments?post=24985"}],"version-history":[{"count":0,"href":"https:\/\/noticiasribeiraopreto.com.br\/index.php\/wp-json\/wp\/v2\/posts\/24985\/revisions"}],"wp:featuredmedia":[{"embeddable":true,"href":"https:\/\/noticiasribeiraopreto.com.br\/index.php\/wp-json\/wp\/v2\/media\/24986"}],"wp:attachment":[{"href":"https:\/\/noticiasribeiraopreto.com.br\/index.php\/wp-json\/wp\/v2\/media?parent=24985"}],"wp:term":[{"taxonomy":"category","embeddable":true,"href":"https:\/\/noticiasribeiraopreto.com.br\/index.php\/wp-json\/wp\/v2\/categories?post=24985"},{"taxonomy":"post_tag","embeddable":true,"href":"https:\/\/noticiasribeiraopreto.com.br\/index.php\/wp-json\/wp\/v2\/tags?post=24985"}],"curies":[{"name":"wp","href":"https:\/\/api.w.org\/{rel}","templated":true}]}}