{"id":24995,"date":"2024-01-05T17:09:06","date_gmt":"2024-01-05T20:09:06","guid":{"rendered":"https:\/\/noticiasribeiraopreto.com.br\/index.php\/2024\/01\/05\/primeiros-nomes-sao-oficialmente-anunciados-confira-lista\/"},"modified":"2024-01-05T17:09:06","modified_gmt":"2024-01-05T20:09:06","slug":"primeiros-nomes-sao-oficialmente-anunciados-confira-lista","status":"publish","type":"post","link":"https:\/\/noticiasribeiraopreto.com.br\/index.php\/2024\/01\/05\/primeiros-nomes-sao-oficialmente-anunciados-confira-lista\/","title":{"rendered":"primeiros nomes s\u00e3o oficialmente anunciados; confira lista"},"content":{"rendered":"<div class='code-block code-block-1' style='margin: 8px 0 8px auto; text-align: right; display: block; clear: both;'>\n<p><a href=\"https:\/\/wa.link\/vpicfd\"><img data-recalc-dims=\"1\" class=\"wp-image-4922\" style=\"aspect-ratio: 2.0253164556962027; width: 561px; height: auto;\" src=\"https:\/\/i0.wp.com\/ismaelcolosi.com.br\/wp-content\/uploads\/2023\/11\/grupo-de-empregos-whatsapp-e-facebook-ismael-colosi-vagas.jpg?ssl=1\" alt=\"\" \/><\/a><\/p>\n<!-- \/wp:image -->\n<\/div>\n<p> <br \/>\n<\/p>\n<div itemprop=\"text\">\n<p>A casa mais vigiada do Brasil est\u00e1 prestes a come\u00e7ar. Na pr\u00f3xima segunda feira, dia 8, estreia a edi\u00e7\u00e3o 24 do Big Brother Brasil e dois nomes j\u00e1 sa\u00edram na lista revelados pela pr\u00f3pria edi\u00e7\u00e3o do programa.<\/p>\n<p>Ap\u00f3s muito suspense, muito chute e spoiler, os nomes de Mc Bin Laden, de 30 anos e Leidy Elin, de 26 anos, estudante de direito foram os dois primeiros nomes revelados ao p\u00fablico.<\/p>\n<p><img data-recalc-dims=\"1\" decoding=\"async\" src=\"https:\/\/i0.wp.com\/fnmais.com\/wp-content\/uploads\/2024\/01\/postiimg-65984b1454dad6640.jpeg?ssl=1\" alt=\"foto colorida de MC Bin Laden homem de bon preto com camiseta preta e fundo de arte azul do bbb - metrpoles\"\/><\/p>\n<p><img data-recalc-dims=\"1\" decoding=\"async\" src=\"https:\/\/i0.wp.com\/fnmais.com\/wp-content\/uploads\/2024\/01\/postiimg-65984b154aaf39613.jpeg?ssl=1\" alt=\"foto colorida de mulher negra de blusa rosa com fundo de arte laranja do bbb - metrpoles\"\/><\/p>\n<p>Estes s\u00e3o os primeiros a disputarem o pr\u00eamio de R$ 1,5 milh\u00e3o de reais entregue aquele que \u201dsobreviver\u201d meses confinados com outros participantes famosos e an\u00f4nimos.<\/p>\n<p>O dono do hit \u201dTa Tranquilo, T\u00e1 Favor\u00e1vel\u201d \u00e9 natural de S\u00e3o Paulo e estourou nas plataformas musicais ap\u00f3s sucesso da m\u00fasica lhe render milh\u00f5es de visualiza\u00e7\u00f5es.<\/p>\n<p>Leydi Elin \u00e9 uma jovem que sonha em dar uma vida melhor a m\u00e3e com o valor do pr\u00eamio se lev\u00e1-lo para casa. Al\u00e9m disso, segundo eela, tamb\u00e9m pretende investir em seus sonhos.<\/p>\n<p>Ainda neste final de semana, mais 14 participantes ser\u00e3o apresentados. Nessa din\u00e2mica, o p\u00fablico ir\u00e1 decidir quem ir\u00e1 entrar na casa. Mas o resultado s\u00f3 sair\u00e1 na segunda feira.<\/p>\n<p>Os outros participantes ainda poder\u00e3o tentar mais uma vez entrar no reality. Os 18 confinados j\u00e1 definidos ser\u00e3o quem v\u00e3o escolher 6 desses 12 restantes.<\/p>\n<p>Parece que Boninho caprichou nas novidades desse ano para o programa. Agora s\u00f3 resta acompanhar as pr\u00f3ximas revela\u00e7\u00f5es e escolher seu favorito.<\/p>\n<\/div>\n<p><br \/>\n<br \/><a href=\"https:\/\/fnmais.com\/bbb-24-primeiros-nomes-sao-oficialmente-anunciados-confira-lista\/\">Source link <\/a><\/p>\n<!-- CONTENT END 1 -->\n","protected":false},"excerpt":{"rendered":"<p>A casa mais vigiada do Brasil est\u00e1 prestes a come\u00e7ar. Na pr\u00f3xima segunda feira, dia 8, estreia a edi\u00e7\u00e3o 24 do Big Brother Brasil e&#8230;<\/p>\n","protected":false},"author":1,"featured_media":24996,"comment_status":"open","ping_status":"open","sticky":false,"template":"","format":"standard","meta":{"advanced_seo_description":"","jetpack_seo_html_title":"","jetpack_seo_noindex":false,"jetpack_post_was_ever_published":false,"_jetpack_newsletter_access":"","_jetpack_dont_email_post_to_subs":false,"_jetpack_newsletter_tier_id":0,"_jetpack_memberships_contains_paywalled_content":false,"_jetpack_memberships_contains_paid_content":false,"footnotes":"","jetpack_publicize_message":"","jetpack_publicize_feature_enabled":true,"jetpack_social_post_already_shared":true,"jetpack_social_options":{"image_generator_settings":{"template":"highway","default_image_id":0,"font":"","enabled":false},"version":2}},"categories":[1],"tags":[],"class_list":["post-24995","post","type-post","status-publish","format-standard","has-post-thumbnail","hentry","category-blog"],"jetpack_publicize_connections":[],"jetpack_featured_media_url":"https:\/\/i0.wp.com\/noticiasribeiraopreto.com.br\/wp-content\/uploads\/2024\/01\/postimg-65984b168ef7e3447.jpg?fit=1200%2C628&ssl=1","jetpack-related-posts":[{"id":25003,"url":"https:\/\/noticiasribeiraopreto.com.br\/index.php\/2024\/01\/05\/evento-em-salvador-revela-participacao-de-cantor-no-bbb-24-antes-da-globo\/","url_meta":{"origin":24995,"position":0},"title":"Evento em Salvador revela participa\u00e7\u00e3o de cantor no BBB 24 antes da Globo","author":"noticiasribeiraopreto.com.br","date":"5 de January de 2024","format":false,"excerpt":"In\u00edcio do ano \u00e9 sin\u00f4nimo de BBB novo na \u00e1rea. O reality mais querido por muitos brasileiros j\u00e1 est\u00e1 na sua edi\u00e7\u00e3o 24 e o programa j\u00e1 deu fim a alguns mist\u00e9rios revelando dois participantes.At\u00e9 o an\u00fancio oficial, \u00e9 sigilo total o nome dos participantes confinado. Perto da estreia, o\u2026","rel":"","context":"In &quot;Blog&quot;","block_context":{"text":"Blog","link":"https:\/\/noticiasribeiraopreto.com.br\/index.php\/category\/blog\/"},"img":{"alt_text":"","src":"https:\/\/i0.wp.com\/noticiasribeiraopreto.com.br\/wp-content\/uploads\/2024\/01\/postimg-659861af1ee284411.jpg?fit=1200%2C628&ssl=1&resize=350%2C200","width":350,"height":200,"srcset":"https:\/\/i0.wp.com\/noticiasribeiraopreto.com.br\/wp-content\/uploads\/2024\/01\/postimg-659861af1ee284411.jpg?fit=1200%2C628&ssl=1&resize=350%2C200 1x, https:\/\/i0.wp.com\/noticiasribeiraopreto.com.br\/wp-content\/uploads\/2024\/01\/postimg-659861af1ee284411.jpg?fit=1200%2C628&ssl=1&resize=525%2C300 1.5x, https:\/\/i0.wp.com\/noticiasribeiraopreto.com.br\/wp-content\/uploads\/2024\/01\/postimg-659861af1ee284411.jpg?fit=1200%2C628&ssl=1&resize=700%2C400 2x, https:\/\/i0.wp.com\/noticiasribeiraopreto.com.br\/wp-content\/uploads\/2024\/01\/postimg-659861af1ee284411.jpg?fit=1200%2C628&ssl=1&resize=1050%2C600 3x"},"classes":[]},{"id":18281,"url":"https:\/\/noticiasribeiraopreto.com.br\/index.php\/2023\/12\/20\/saiba-quais-foram-os-nomes-mais-registrados-no-brasil-em-2023\/","url_meta":{"origin":24995,"position":1},"title":"Saiba quais foram os nomes mais registrados no Brasil em 2023","author":"noticiasribeiraopreto.com.br","date":"20 de December de 2023","format":false,"excerpt":"Nomes curtos e b\u00edblicos fizeram sucesso neste ano de 2023. Isso \u00e9 o que apontou um levantamento feito pela Associa\u00e7\u00e3o Nacional dos Registradores de Pessoas Naturais (Arpen-Brasil). Os dados s\u00e3o fornecidos pelos Cart\u00f3rios de Registro Civil do pa\u00eds. Os nomes preferidos pelos brasileiros no decorrer deste ano foram Miguel, com\u2026","rel":"","context":"In &quot;Variedades&quot;","block_context":{"text":"Variedades","link":"https:\/\/noticiasribeiraopreto.com.br\/index.php\/category\/variedades\/"},"img":{"alt_text":"","src":"https:\/\/i0.wp.com\/noticiasribeiraopreto.com.br\/wp-content\/uploads\/2023\/12\/pexels-ryutaro-tsukata-5220093.jpg?fit=1200%2C638&ssl=1&resize=350%2C200","width":350,"height":200,"srcset":"https:\/\/i0.wp.com\/noticiasribeiraopreto.com.br\/wp-content\/uploads\/2023\/12\/pexels-ryutaro-tsukata-5220093.jpg?fit=1200%2C638&ssl=1&resize=350%2C200 1x, https:\/\/i0.wp.com\/noticiasribeiraopreto.com.br\/wp-content\/uploads\/2023\/12\/pexels-ryutaro-tsukata-5220093.jpg?fit=1200%2C638&ssl=1&resize=525%2C300 1.5x, https:\/\/i0.wp.com\/noticiasribeiraopreto.com.br\/wp-content\/uploads\/2023\/12\/pexels-ryutaro-tsukata-5220093.jpg?fit=1200%2C638&ssl=1&resize=700%2C400 2x, https:\/\/i0.wp.com\/noticiasribeiraopreto.com.br\/wp-content\/uploads\/2023\/12\/pexels-ryutaro-tsukata-5220093.jpg?fit=1200%2C638&ssl=1&resize=1050%2C600 3x"},"classes":[]},{"id":25055,"url":"https:\/\/noticiasribeiraopreto.com.br\/index.php\/2024\/01\/05\/atriz-e-cantor-famosos-ja-estao-confirmados-no-reality-pela-globo-conheca-os-divulgados-ate-o-momento\/","url_meta":{"origin":24995,"position":2},"title":"atriz e cantor famosos j\u00e1 est\u00e3o confirmados no reality pela Globo; conhe\u00e7a os divulgados at\u00e9 o momento","author":"noticiasribeiraopreto.com.br","date":"5 de January de 2024","format":false,"excerpt":"Nesta sexta-feira (05\/01), a Rede Globo come\u00e7ou a anunciar os nomes dos primeiros participantes do Big Brother Brasil 24. O p\u00fablico j\u00e1 est\u00e1 bastante ansioso para conhecer os integrantes dos grupos do reality show deste ano, mas alguns ainda ser\u00e3o informados ao longo do dia.Assim como nas edi\u00e7\u00f5es anteirores, a\u2026","rel":"","context":"In &quot;Blog&quot;","block_context":{"text":"Blog","link":"https:\/\/noticiasribeiraopreto.com.br\/index.php\/category\/blog\/"},"img":{"alt_text":"","src":"https:\/\/i0.wp.com\/noticiasribeiraopreto.com.br\/wp-content\/uploads\/2024\/01\/postimg-659876907e2014927.jpg?fit=1200%2C628&ssl=1&resize=350%2C200","width":350,"height":200,"srcset":"https:\/\/i0.wp.com\/noticiasribeiraopreto.com.br\/wp-content\/uploads\/2024\/01\/postimg-659876907e2014927.jpg?fit=1200%2C628&ssl=1&resize=350%2C200 1x, https:\/\/i0.wp.com\/noticiasribeiraopreto.com.br\/wp-content\/uploads\/2024\/01\/postimg-659876907e2014927.jpg?fit=1200%2C628&ssl=1&resize=525%2C300 1.5x, https:\/\/i0.wp.com\/noticiasribeiraopreto.com.br\/wp-content\/uploads\/2024\/01\/postimg-659876907e2014927.jpg?fit=1200%2C628&ssl=1&resize=700%2C400 2x, https:\/\/i0.wp.com\/noticiasribeiraopreto.com.br\/wp-content\/uploads\/2024\/01\/postimg-659876907e2014927.jpg?fit=1200%2C628&ssl=1&resize=1050%2C600 3x"},"classes":[]},{"id":81057,"url":"https:\/\/noticiasribeiraopreto.com.br\/index.php\/2025\/12\/22\/pelo-2o-ano-helena-lidera-ranking-de-nomes-registrados-veja-a-lista\/","url_meta":{"origin":24995,"position":3},"title":"Pelo 2\u00ba ano, Helena lidera ranking de nomes registrados; veja a lista","author":"noticiasribeiraopreto.com.br","date":"22 de December de 2025","format":false,"excerpt":"\r \r \r 22 de dezembro de 2025 12:38 \r Compartilhar0 Pelo segundo ano consecutivo, o nome Helena \u00e9 o mais registrado no pa\u00eds. Em 2025, o Brasil ganhou 28.271 Helenas. Esse feito das Helenas consolida uma trajet\u00f3ria de populariza\u00e7\u00e3o de um nome que j\u00e1 foi prefer\u00eancia nacional na d\u00e9cada\u2026","rel":"","context":"In &quot;Not\u00edcias de Ribeir\u00e3o Preto-SP e Regi\u00e3o&quot;","block_context":{"text":"Not\u00edcias de Ribeir\u00e3o Preto-SP e Regi\u00e3o","link":"https:\/\/noticiasribeiraopreto.com.br\/index.php\/category\/noticias-de-ribeirao-preto-sp-e-regiao-ismael-colosi\/"},"img":{"alt_text":"","src":"https:\/\/i0.wp.com\/noticiasribeiraopreto.com.br\/wp-content\/uploads\/2025\/12\/2022-05-13t194134z_1_lynxnpei4c0sn_rtroptp_4_salud-bebes-muerte-subita.webp.webp?fit=1170%2C700&ssl=1&resize=350%2C200","width":350,"height":200,"srcset":"https:\/\/i0.wp.com\/noticiasribeiraopreto.com.br\/wp-content\/uploads\/2025\/12\/2022-05-13t194134z_1_lynxnpei4c0sn_rtroptp_4_salud-bebes-muerte-subita.webp.webp?fit=1170%2C700&ssl=1&resize=350%2C200 1x, https:\/\/i0.wp.com\/noticiasribeiraopreto.com.br\/wp-content\/uploads\/2025\/12\/2022-05-13t194134z_1_lynxnpei4c0sn_rtroptp_4_salud-bebes-muerte-subita.webp.webp?fit=1170%2C700&ssl=1&resize=525%2C300 1.5x, https:\/\/i0.wp.com\/noticiasribeiraopreto.com.br\/wp-content\/uploads\/2025\/12\/2022-05-13t194134z_1_lynxnpei4c0sn_rtroptp_4_salud-bebes-muerte-subita.webp.webp?fit=1170%2C700&ssl=1&resize=700%2C400 2x, https:\/\/i0.wp.com\/noticiasribeiraopreto.com.br\/wp-content\/uploads\/2025\/12\/2022-05-13t194134z_1_lynxnpei4c0sn_rtroptp_4_salud-bebes-muerte-subita.webp.webp?fit=1170%2C700&ssl=1&resize=1050%2C600 3x"},"classes":[]},{"id":85270,"url":"https:\/\/noticiasribeiraopreto.com.br\/index.php\/2026\/04\/27\/ribeirao-preto-e-alvo-de-operacao-contra-pcc\/","url_meta":{"origin":24995,"position":4},"title":"Ribeir\u00e3o Preto \u00e9 alvo de opera\u00e7\u00e3o contra PCC","author":"noticiasribeiraopreto.com.br","date":"27 de April de 2026","format":false,"excerpt":"\r Investiga\u00e7\u00e3o, iniciada a partir de Mogi das Cruzes, quer desmantelar esquema de infiltra\u00e7\u00e3o e financiamento do PCC a candidatos pol\u00edticos\r \r 27 de abril de 2026 12:28 \r Compartilhar1 | Por: Adalberto Luque | Ribeir\u00e3o Preto foi um dos alvos de uma investiga\u00e7\u00e3o da Pol\u00edcia Civil que apura um\u2026","rel":"","context":"In &quot;Not\u00edcias de Ribeir\u00e3o Preto-SP e Regi\u00e3o&quot;","block_context":{"text":"Not\u00edcias de Ribeir\u00e3o Preto-SP e Regi\u00e3o","link":"https:\/\/noticiasribeiraopreto.com.br\/index.php\/category\/noticias-de-ribeirao-preto-sp-e-regiao-ismael-colosi\/"},"img":{"alt_text":"","src":"https:\/\/i0.wp.com\/noticiasribeiraopreto.com.br\/wp-content\/uploads\/2026\/04\/27-abr-2026-operacaodise2.jpg?fit=715%2C428&ssl=1&resize=350%2C200","width":350,"height":200,"srcset":"https:\/\/i0.wp.com\/noticiasribeiraopreto.com.br\/wp-content\/uploads\/2026\/04\/27-abr-2026-operacaodise2.jpg?fit=715%2C428&ssl=1&resize=350%2C200 1x, https:\/\/i0.wp.com\/noticiasribeiraopreto.com.br\/wp-content\/uploads\/2026\/04\/27-abr-2026-operacaodise2.jpg?fit=715%2C428&ssl=1&resize=525%2C300 1.5x, https:\/\/i0.wp.com\/noticiasribeiraopreto.com.br\/wp-content\/uploads\/2026\/04\/27-abr-2026-operacaodise2.jpg?fit=715%2C428&ssl=1&resize=700%2C400 2x"},"classes":[]},{"id":39730,"url":"https:\/\/noticiasribeiraopreto.com.br\/index.php\/2024\/02\/27\/ferreira-gullar-esta-entre-os-homenageados-da-feira-do-livro-de-ribeirao-preto-veja-lista\/","url_meta":{"origin":24995,"position":5},"title":"Ferreira Gullar est\u00e1 entre os homenageados da Feira do Livro de Ribeir\u00e3o Preto; Veja lista","author":"noticiasribeiraopreto.com.br","date":"27 de February de 2024","format":false,"excerpt":"A organiza\u00e7\u00e3o da Feira Internacional do Livro de Ribeir\u00e3o Preto (FIL-RP) anunciou, nesta ter\u00e7a-feira (27), que o escritor e poeta Ferreira Gullar, ser\u00e1 um dos homenageados da 23\u00aa edi\u00e7\u00e3o, que ser\u00e1 realizada entre os dias 1\u00ba e 11 de agosto. Nascido em S\u00e3o Lu\u00eds do Maranh\u00e3o, Jos\u00e9 Ribamar Ferreira (Gullar)\u2026","rel":"","context":"In &quot;Not\u00edcias de Ribeir\u00e3o Preto-SP e Regi\u00e3o&quot;","block_context":{"text":"Not\u00edcias de Ribeir\u00e3o Preto-SP e Regi\u00e3o","link":"https:\/\/noticiasribeiraopreto.com.br\/index.php\/category\/noticias-de-ribeirao-preto-sp-e-regiao-ismael-colosi\/"},"img":{"alt_text":"","src":"https:\/\/i0.wp.com\/noticiasribeiraopreto.com.br\/wp-content\/uploads\/2024\/02\/Copia-de-Copia-de-TAMANHO-EXATO-PARA-FOTOS-NO-SISTEMA-NOVO-50.png?fit=1200%2C675&ssl=1&resize=350%2C200","width":350,"height":200,"srcset":"https:\/\/i0.wp.com\/noticiasribeiraopreto.com.br\/wp-content\/uploads\/2024\/02\/Copia-de-Copia-de-TAMANHO-EXATO-PARA-FOTOS-NO-SISTEMA-NOVO-50.png?fit=1200%2C675&ssl=1&resize=350%2C200 1x, https:\/\/i0.wp.com\/noticiasribeiraopreto.com.br\/wp-content\/uploads\/2024\/02\/Copia-de-Copia-de-TAMANHO-EXATO-PARA-FOTOS-NO-SISTEMA-NOVO-50.png?fit=1200%2C675&ssl=1&resize=525%2C300 1.5x, https:\/\/i0.wp.com\/noticiasribeiraopreto.com.br\/wp-content\/uploads\/2024\/02\/Copia-de-Copia-de-TAMANHO-EXATO-PARA-FOTOS-NO-SISTEMA-NOVO-50.png?fit=1200%2C675&ssl=1&resize=700%2C400 2x, https:\/\/i0.wp.com\/noticiasribeiraopreto.com.br\/wp-content\/uploads\/2024\/02\/Copia-de-Copia-de-TAMANHO-EXATO-PARA-FOTOS-NO-SISTEMA-NOVO-50.png?fit=1200%2C675&ssl=1&resize=1050%2C600 3x"},"classes":[]}],"jetpack_sharing_enabled":true,"jetpack_shortlink":"https:\/\/wp.me\/peQAOb-6v9","_links":{"self":[{"href":"https:\/\/noticiasribeiraopreto.com.br\/index.php\/wp-json\/wp\/v2\/posts\/24995","targetHints":{"allow":["GET"]}}],"collection":[{"href":"https:\/\/noticiasribeiraopreto.com.br\/index.php\/wp-json\/wp\/v2\/posts"}],"about":[{"href":"https:\/\/noticiasribeiraopreto.com.br\/index.php\/wp-json\/wp\/v2\/types\/post"}],"author":[{"embeddable":true,"href":"https:\/\/noticiasribeiraopreto.com.br\/index.php\/wp-json\/wp\/v2\/users\/1"}],"replies":[{"embeddable":true,"href":"https:\/\/noticiasribeiraopreto.com.br\/index.php\/wp-json\/wp\/v2\/comments?post=24995"}],"version-history":[{"count":0,"href":"https:\/\/noticiasribeiraopreto.com.br\/index.php\/wp-json\/wp\/v2\/posts\/24995\/revisions"}],"wp:featuredmedia":[{"embeddable":true,"href":"https:\/\/noticiasribeiraopreto.com.br\/index.php\/wp-json\/wp\/v2\/media\/24996"}],"wp:attachment":[{"href":"https:\/\/noticiasribeiraopreto.com.br\/index.php\/wp-json\/wp\/v2\/media?parent=24995"}],"wp:term":[{"taxonomy":"category","embeddable":true,"href":"https:\/\/noticiasribeiraopreto.com.br\/index.php\/wp-json\/wp\/v2\/categories?post=24995"},{"taxonomy":"post_tag","embeddable":true,"href":"https:\/\/noticiasribeiraopreto.com.br\/index.php\/wp-json\/wp\/v2\/tags?post=24995"}],"curies":[{"name":"wp","href":"https:\/\/api.w.org\/{rel}","templated":true}]}}