{"id":25114,"date":"2024-01-05T22:26:59","date_gmt":"2024-01-06T01:26:59","guid":{"rendered":"https:\/\/noticiasribeiraopreto.com.br\/index.php\/2024\/01\/05\/portabilidade-da-divida-do-cartao-trara-maior-controle-ao-consumidor\/"},"modified":"2024-01-05T22:26:59","modified_gmt":"2024-01-06T01:26:59","slug":"portabilidade-da-divida-do-cartao-trara-maior-controle-ao-consumidor","status":"publish","type":"post","link":"https:\/\/noticiasribeiraopreto.com.br\/index.php\/2024\/01\/05\/portabilidade-da-divida-do-cartao-trara-maior-controle-ao-consumidor\/","title":{"rendered":"Portabilidade da d\u00edvida do cart\u00e3o trar\u00e1 maior controle ao consumidor\u00a0"},"content":{"rendered":"<div class='code-block code-block-1' style='margin: 8px 0 8px auto; text-align: right; display: block; clear: both;'>\n<p><a href=\"https:\/\/wa.link\/vpicfd\"><img data-recalc-dims=\"1\" class=\"wp-image-4922\" style=\"aspect-ratio: 2.0253164556962027; width: 561px; height: auto;\" src=\"https:\/\/i0.wp.com\/ismaelcolosi.com.br\/wp-content\/uploads\/2023\/11\/grupo-de-empregos-whatsapp-e-facebook-ismael-colosi-vagas.jpg?ssl=1\" alt=\"\" \/><\/a><\/p>\n<!-- \/wp:image -->\n<\/div>\n<p> <br \/>\n<\/p>\n<div>\n<p><span data-contrast=\"auto\">Regulamentada junto com o teto dos juros para o rotativo, a portabilidade do saldo devedor do cart\u00e3o de cr\u00e9dito trar\u00e1 maior controle ao consumidor. Os especialistas, no entanto, recomendam comparar as propostas entre as institui\u00e7\u00f5es financeiras, antes de negociar condi\u00e7\u00f5es mais favor\u00e1veis.<\/span><span data-ccp-props=\"{&quot;201341983&quot;:0,&quot;335559739&quot;:160,&quot;335559740&quot;:259}\">\u00a0<\/span><\/p>\n<p><span data-contrast=\"auto\">Diferentemente do limite das taxas do rotativo, que entrou em vigor nesta quarta-feira (3), a portabilidade s\u00f3 valer\u00e1 a partir de julho, junto com medidas que trar\u00e3o mais transpar\u00eancia \u00e0 fatura do cart\u00e3o.<\/span><span data-ccp-props=\"{&quot;201341983&quot;:0,&quot;335559739&quot;:160,&quot;335559740&quot;:259}\">\u00a0<\/span><\/p>\n<p><span data-contrast=\"auto\">Segundo o presidente do Instituto Locomotiva e fundador do Data Favela, Renato Meirelles, a portabilidade trar\u00e1 maior controle ao consumidor, ao permitir que ele negocie as condi\u00e7\u00f5es do refinanciamento da d\u00edvida com a institui\u00e7\u00e3o que oferecer as menores taxas ou os prazos mais longos. \u201cO brasileiro estava preso em uma situa\u00e7\u00e3o de endividamento, de uma agiotagem legalizada, com juros absurdamente distorcidos e agora passa a ser dono da pr\u00f3pria d\u00edvida, com condi\u00e7\u00f5es de negociar e n\u00e3o tem mais um risco t\u00e3o grande de ficar preso na bola de neve do cart\u00e3o\u201d, ressalta.<\/span><span data-ccp-props=\"{&quot;201341983&quot;:0,&quot;335559739&quot;:160,&quot;335559740&quot;:259}\">\u00a0<\/span><\/p>\n<p><span data-contrast=\"auto\">Professora de finan\u00e7as da Funda\u00e7\u00e3o Getulio Vargas (FGV) Myrian Lund aconselha o consumidor a n\u00e3o aceitar a primeira proposta oferecida nas faturas ou nos aplicativos das institui\u00e7\u00f5es financeiras. Segundo ela, \u00e9 importante conversar com um gerente ou outro agente financeiro e negociar condi\u00e7\u00f5es mais favor\u00e1veis.<\/span><span data-ccp-props=\"{&quot;201341983&quot;:0,&quot;335559739&quot;:160,&quot;335559740&quot;:259}\">\u00a0<\/span><\/p>\n<p><span data-contrast=\"auto\">\u201cSempre que seu cr\u00e9dito vai para a an\u00e1lise, voc\u00ea consegue uma taxa menor. Tudo que \u00e9 f\u00e1cil \u00e9 ruim\u201d, explica. A professora recomenda as ofertas de cooperativas de cr\u00e9dito, que fazem an\u00e1lises mais criteriosas na hora de conceder o cr\u00e9dito, mas costumam oferecer condi\u00e7\u00f5es melhores que os bancos.<\/span><span data-ccp-props=\"{&quot;201341983&quot;:0,&quot;335559739&quot;:160,&quot;335559740&quot;:259}\">\u00a0<\/span><\/p>\n<p><span data-contrast=\"auto\">Diretor Executivo do Procon-SP, Luiz Orsatti Filho diz que a portabilidade precisa ser acompanhada do repasse de informa\u00e7\u00f5es corretas aos consumidores e de investimento em educa\u00e7\u00e3o financeira. Ainda neste m\u00eas, o Procon-SP convidar\u00e1 representantes de empresas de cr\u00e9dito para discutir a\u00e7\u00f5es de informa\u00e7\u00e3o e orienta\u00e7\u00e3o eficazes no relacionamento das institui\u00e7\u00f5es com os clientes e na defini\u00e7\u00e3o de rotinas e procedimentos para cada modelo de neg\u00f3cio.<\/span><span data-ccp-props=\"{&quot;201341983&quot;:0,&quot;335559739&quot;:160,&quot;335559740&quot;:259}\">\u00a0<\/span><\/p>\n<p><b><span data-contrast=\"auto\">Regulamenta\u00e7\u00e3o<\/span><\/b><span data-ccp-props=\"{&quot;201341983&quot;:0,&quot;335559739&quot;:160,&quot;335559740&quot;:259}\">\u00a0<\/span><\/p>\n<p><span data-contrast=\"auto\">A portabilidade e a transpar\u00eancia nas faturas foram regulamentadas pelo Conselho Monet\u00e1rio Nacional (CMN) no fim de dezembro, na mesma resolu\u00e7\u00e3o que instituiu o limite de juros para o cr\u00e9dito rotativo e a fatura parcelada em 100% do valor da d\u00edvida.<\/span><span data-ccp-props=\"{&quot;201341983&quot;:0,&quot;335559739&quot;:160,&quot;335559740&quot;:259}\">\u00a0<\/span><\/p>\n<p><span data-contrast=\"auto\">Por meio da portabilidade, a d\u00edvida com o rotativo e com o parcelamento da fatura poder\u00e1 ser transferida para outra institui\u00e7\u00e3o financeira que oferecer melhores condi\u00e7\u00f5es de renegocia\u00e7\u00e3o. A medida, que n\u00e3o estava prevista na Lei do Desenrola, que instituiu o teto para o rotativo, tamb\u00e9m vale para os demais instrumentos de pagamento p\u00f3s-pagos, modalidades nas quais os recursos s\u00e3o depositados para pagamento de d\u00e9bitos j\u00e1 assumidos.<\/span><span data-ccp-props=\"{&quot;201341983&quot;:0,&quot;335559739&quot;:160,&quot;335559740&quot;:259}\">\u00a0<\/span><\/p>\n<p><span data-contrast=\"auto\">Em rela\u00e7\u00e3o \u00e0 transpar\u00eancia, as faturas dos cart\u00f5es de cr\u00e9dito dever\u00e3o trazer, a partir de 1\u00ba de julho, uma \u00e1rea de destaque, com as informa\u00e7\u00f5es essenciais, como valor total da fatura, data de vencimento da fatura do per\u00edodo vigente e limite total de cr\u00e9dito.<\/span><span data-ccp-props=\"{&quot;201341983&quot;:0,&quot;335559739&quot;:160,&quot;335559740&quot;:259}\">\u00a0<\/span><\/p>\n<p><span data-contrast=\"auto\">As faturas tamb\u00e9m dever\u00e3o ter uma \u00e1rea em que sejam oferecidas op\u00e7\u00f5es de pagamento. Nessa \u00e1rea dever\u00e3o estar especificadas apenas as seguintes informa\u00e7\u00f5es: valor do pagamento m\u00ednimo obrigat\u00f3rio; valor dos encargos a ser cobrado no per\u00edodo seguinte no caso de pagamento m\u00ednimo; op\u00e7\u00f5es de financiamento do saldo devedor da fatura, apresentadas na ordem do menor para o maior valor total a pagar; taxas efetivas de juros mensal e anual; e Custo Efetivo Total (CET) das opera\u00e7\u00f5es de cr\u00e9dito.<\/span><span data-ccp-props=\"{&quot;201341983&quot;:0,&quot;335559739&quot;:160,&quot;335559740&quot;:259}\">\u00a0<\/span><\/p>\n<p><span data-contrast=\"auto\">Por fim, as faturas ter\u00e3o uma \u00e1rea com informa\u00e7\u00f5es complementares. Nesse campo, devem estar as informa\u00e7\u00f5es como lan\u00e7amentos na conta de pagamento; identifica\u00e7\u00e3o das opera\u00e7\u00f5es de cr\u00e9dito contratadas; juros e encargos cobrados no per\u00edodo vigente; valor total de juros e encargos financeiros cobrados referentes \u00e0s opera\u00e7\u00f5es de cr\u00e9dito contratadas; identifica\u00e7\u00e3o das tarifas cobradas; limites individuais para cada tipo de opera\u00e7\u00e3o, entre outros dados.<\/span><span data-ccp-props=\"{&quot;201341983&quot;:0,&quot;335559739&quot;:160,&quot;335559740&quot;:259}\">\u00a0<\/span><\/p>\n<\/div>\n<p><br \/>\n<br \/><a href=\"https:\/\/www.tribunaribeirao.com.br\/site\/portabilidade-da-divida-do-cartao-trara-maior-controle-ao-consumidor\/\">Source link <\/a><\/p>\n<!-- CONTENT END 1 -->\n","protected":false},"excerpt":{"rendered":"<p>Regulamentada junto com o teto dos juros para o rotativo, a portabilidade do saldo devedor do cart\u00e3o de cr\u00e9dito trar\u00e1 maior controle ao consumidor. Os&#8230;<\/p>\n","protected":false},"author":1,"featured_media":25115,"comment_status":"open","ping_status":"open","sticky":false,"template":"","format":"standard","meta":{"advanced_seo_description":"","jetpack_seo_html_title":"","jetpack_seo_noindex":false,"jetpack_post_was_ever_published":false,"_jetpack_newsletter_access":"","_jetpack_dont_email_post_to_subs":false,"_jetpack_newsletter_tier_id":0,"_jetpack_memberships_contains_paywalled_content":false,"_jetpack_memberships_contains_paid_content":false,"footnotes":"","jetpack_publicize_message":"","jetpack_publicize_feature_enabled":true,"jetpack_social_post_already_shared":true,"jetpack_social_options":{"image_generator_settings":{"template":"highway","default_image_id":0,"font":"","enabled":false},"version":2}},"categories":[11],"tags":[1389,3101,1753,3099,201,3098,3100],"class_list":["post-25114","post","type-post","status-publish","format-standard","has-post-thumbnail","hentry","category-noticias-de-ribeirao-preto-sp-e-regiao-ismael-colosi","tag-cartao","tag-consumidor","tag-controle","tag-divida","tag-maior","tag-portabilidade","tag-trara"],"jetpack_publicize_connections":[],"jetpack_featured_media_url":"https:\/\/i0.wp.com\/noticiasribeiraopreto.com.br\/wp-content\/uploads\/2024\/01\/WhatsAppImage2024-01-04at09.55.011.jpeg?fit=900%2C600&ssl=1","jetpack-related-posts":[{"id":23478,"url":"https:\/\/noticiasribeiraopreto.com.br\/index.php\/2024\/01\/02\/juros-do-rotativo-do-cartao-de-credito-limitados-a-100-entenda-o-que-muda-2\/","url_meta":{"origin":25114,"position":0},"title":"Juros do rotativo do cart\u00e3o de cr\u00e9dito limitados a 100%: Entenda o que muda","author":"noticiasribeiraopreto.com.br","date":"2 de January de 2024","format":false,"excerpt":"A partir desta ter\u00e7a-feira (2), os juros do rotativo do cart\u00e3o de cr\u00e9dito e da fatura parcelada passam a ser limitados a 100% da d\u00edvida. A medida, institu\u00edda pela lei do Programa Desenrola, foi sancionada em outubro. At\u00e9 ent\u00e3o, os juros do rotativo do cart\u00e3o de cr\u00e9dito eram os mais\u2026","rel":"","context":"In &quot;Vagas de Emprego em Ribeir\u00e3o Preto-SP&quot;","block_context":{"text":"Vagas de Emprego em Ribeir\u00e3o Preto-SP","link":"https:\/\/noticiasribeiraopreto.com.br\/index.php\/category\/empregos-classificados-vagas-trabalho\/vagas-de-empregos-em-ribeirao-preto-regiao-brasil\/"},"img":{"alt_text":"","src":"https:\/\/i0.wp.com\/noticiasribeiraopreto.com.br\/wp-content\/uploads\/2024\/01\/limite-cartao-whatsapp.jpg?fit=1200%2C675&ssl=1&resize=350%2C200","width":350,"height":200,"srcset":"https:\/\/i0.wp.com\/noticiasribeiraopreto.com.br\/wp-content\/uploads\/2024\/01\/limite-cartao-whatsapp.jpg?fit=1200%2C675&ssl=1&resize=350%2C200 1x, https:\/\/i0.wp.com\/noticiasribeiraopreto.com.br\/wp-content\/uploads\/2024\/01\/limite-cartao-whatsapp.jpg?fit=1200%2C675&ssl=1&resize=525%2C300 1.5x, https:\/\/i0.wp.com\/noticiasribeiraopreto.com.br\/wp-content\/uploads\/2024\/01\/limite-cartao-whatsapp.jpg?fit=1200%2C675&ssl=1&resize=700%2C400 2x, https:\/\/i0.wp.com\/noticiasribeiraopreto.com.br\/wp-content\/uploads\/2024\/01\/limite-cartao-whatsapp.jpg?fit=1200%2C675&ssl=1&resize=1050%2C600 3x"},"classes":[]},{"id":21077,"url":"https:\/\/noticiasribeiraopreto.com.br\/index.php\/2023\/12\/27\/consumidores-podem-transferir-dividas-a-partir-desta-data-veja-qual\/","url_meta":{"origin":25114,"position":1},"title":"Consumidores podem transferir d\u00edvidas a partir DESTA data; Veja qual","author":"noticiasribeiraopreto.com.br","date":"27 de December de 2023","format":false,"excerpt":"A partir de 1 de julho de 2024, consumidores que se encontram endividados devido ao cr\u00e9dito rotativo em cart\u00f5es de cr\u00e9dito poder\u00e3o solicitar a portabilidade de seus d\u00e9bitos junto \u00e0s institui\u00e7\u00f5es financeiras. A decis\u00e3o foi anunciada pelo Conselho Monet\u00e1rio Nacional no \u00faltimo dia 21, estabelecendo diretrizes espec\u00edficas para a transfer\u00eancia\u2026","rel":"","context":"In &quot;Vagas de Emprego em Ribeir\u00e3o Preto-SP&quot;","block_context":{"text":"Vagas de Emprego em Ribeir\u00e3o Preto-SP","link":"https:\/\/noticiasribeiraopreto.com.br\/index.php\/category\/empregos-classificados-vagas-trabalho\/vagas-de-empregos-em-ribeirao-preto-regiao-brasil\/"},"img":{"alt_text":"Cart\u00e3o de cr\u00e9dito: Consumidores podem transferir d\u00edvidas a partir DESTA data; Veja qual","src":"https:\/\/i0.wp.com\/noticiasconcursos.com.br\/wp-content\/uploads\/2023\/12\/noticiasconcursos.com.br-como-escolher-uma-maquininha-de-cartao-de-credito-conheca-3-melhores-opcoes-reproducao-canva-1-300x200.jpg?resize=350%2C200&ssl=1","width":350,"height":200},"classes":[]},{"id":20471,"url":"https:\/\/noticiasribeiraopreto.com.br\/index.php\/2023\/12\/25\/atencao-limite-de-juros-para-divida-em-cartao-de-credito-e-estabelecido-em-100\/","url_meta":{"origin":25114,"position":2},"title":"ATEN\u00c7\u00c3O: Limite de Juros para D\u00edvida em Cart\u00e3o de Cr\u00e9dito \u00e9 Estabelecido em 100%","author":"noticiasribeiraopreto.com.br","date":"25 de December de 2023","format":false,"excerpt":"O Conselho Monet\u00e1rio Nacional (CMN) adotou uma medida impactante que alterar\u00e1 diretamente a vida financeira dos brasileiros. A partir de 3 de janeiro de 2023, os juros referentes \u00e0 d\u00edvida rotativa do cart\u00e3o de cr\u00e9dito e \u00e0 fatura parcelada ser\u00e3o limitados a 100% da d\u00edvida. Isso aconteceu ap\u00f3s o t\u00e9rmino\u2026","rel":"","context":"In &quot;Vagas de Emprego em Ribeir\u00e3o Preto-SP&quot;","block_context":{"text":"Vagas de Emprego em Ribeir\u00e3o Preto-SP","link":"https:\/\/noticiasribeiraopreto.com.br\/index.php\/category\/empregos-classificados-vagas-trabalho\/vagas-de-empregos-em-ribeirao-preto-regiao-brasil\/"},"img":{"alt_text":"","src":"","width":0,"height":0},"classes":[]},{"id":55587,"url":"https:\/\/noticiasribeiraopreto.com.br\/index.php\/2024\/08\/03\/importante-mudancas-no-cartao-de-credito-autorizadas-por-lula-afetam-cpfs-de-0-a-9-confira-2\/","url_meta":{"origin":25114,"position":3},"title":"Importante! Mudan\u00e7as no Cart\u00e3o de Cr\u00e9dito Autorizadas por Lula Afetam CPFs de 0 a 9; Confira!","author":"noticiasribeiraopreto.com.br","date":"3 de August de 2024","format":false,"excerpt":"Em um esfor\u00e7o para criar um sistema financeiro mais justo e acess\u00edvel no pa\u00eds, o presidente Lula autorizou recentemente a Lei Federal n\u00ba 14.690\/23, que traria mudan\u00e7as no funcionamento dos cart\u00f5es de cr\u00e9dito e dos cr\u00e9ditos rotativos. Portanto, a nova lei afeta todos os brasileiros com CPF entre 0 e\u2026","rel":"","context":"In &quot;Dinheiro e Investimento&quot;","block_context":{"text":"Dinheiro e Investimento","link":"https:\/\/noticiasribeiraopreto.com.br\/index.php\/category\/dinheiro-e-investimento-como-fazer-como-ganhar\/"},"img":{"alt_text":"","src":"https:\/\/i0.wp.com\/noticiasribeiraopreto.com.br\/wp-content\/uploads\/2024\/07\/pix-vai-ocupar-o-lugar-do-cartao-de-credito.webp.webp?fit=1200%2C630&ssl=1&resize=350%2C200","width":350,"height":200,"srcset":"https:\/\/i0.wp.com\/noticiasribeiraopreto.com.br\/wp-content\/uploads\/2024\/07\/pix-vai-ocupar-o-lugar-do-cartao-de-credito.webp.webp?fit=1200%2C630&ssl=1&resize=350%2C200 1x, https:\/\/i0.wp.com\/noticiasribeiraopreto.com.br\/wp-content\/uploads\/2024\/07\/pix-vai-ocupar-o-lugar-do-cartao-de-credito.webp.webp?fit=1200%2C630&ssl=1&resize=525%2C300 1.5x, https:\/\/i0.wp.com\/noticiasribeiraopreto.com.br\/wp-content\/uploads\/2024\/07\/pix-vai-ocupar-o-lugar-do-cartao-de-credito.webp.webp?fit=1200%2C630&ssl=1&resize=700%2C400 2x, https:\/\/i0.wp.com\/noticiasribeiraopreto.com.br\/wp-content\/uploads\/2024\/07\/pix-vai-ocupar-o-lugar-do-cartao-de-credito.webp.webp?fit=1200%2C630&ssl=1&resize=1050%2C600 3x"},"classes":[]},{"id":21587,"url":"https:\/\/noticiasribeiraopreto.com.br\/index.php\/2023\/12\/28\/cartao-de-credito-instituicoes-financeiras-estao-limitadas-a-cobrar-ate-o-dobro-da-divida-entenda\/","url_meta":{"origin":25114,"position":4},"title":"Cart\u00e3o de Cr\u00e9dito: Institui\u00e7\u00f5es Financeiras est\u00e3o limitadas a cobrar at\u00e9 o DOBRO da d\u00edvida; entenda","author":"noticiasribeiraopreto.com.br","date":"28 de December de 2023","format":false,"excerpt":"Em decis\u00e3o recente, o Conselho Monet\u00e1rio Nacional (CMN) imp\u00f4s restri\u00e7\u00f5es \u00e0 cobran\u00e7a de juros em d\u00edvidas de cart\u00e3o de cr\u00e9dito. A partir de janeiro, as institui\u00e7\u00f5es financeiras est\u00e3o limitadas a cobrar at\u00e9 o dobro da d\u00edvida em cart\u00e3o de cr\u00e9dito. O Cart\u00e3o de Cr\u00e9dito e o Endividamento no Brasil O\u2026","rel":"","context":"In &quot;Vagas de Emprego em Ribeir\u00e3o Preto-SP&quot;","block_context":{"text":"Vagas de Emprego em Ribeir\u00e3o Preto-SP","link":"https:\/\/noticiasribeiraopreto.com.br\/index.php\/category\/empregos-classificados-vagas-trabalho\/vagas-de-empregos-em-ribeirao-preto-regiao-brasil\/"},"img":{"alt_text":"","src":"","width":0,"height":0},"classes":[]},{"id":19451,"url":"https:\/\/noticiasribeiraopreto.com.br\/index.php\/2023\/12\/22\/tem-dividas-no-cartao-de-credito-cmn-limita-juros-do-rotativo-a-100-e-voce-ainda-vai-poder-transferir-seus-debitos\/","url_meta":{"origin":25114,"position":5},"title":"Tem d\u00edvidas no cart\u00e3o de cr\u00e9dito? CMN limita juros do rotativo a 100% \u2014 e voc\u00ea ainda vai poder transferir seus d\u00e9bitos","author":"noticiasribeiraopreto.com.br","date":"22 de December de 2023","format":false,"excerpt":"Se o governo e os bancos n\u00e3o chegam a um acordo, o Conselho Monet\u00e1rio Nacional (CMN) interv\u00e9m e toma a decis\u00e3o final. O CMN bateu o martelo e limitou os juros da d\u00edvida do rotativo do cart\u00e3o de cr\u00e9dito e da fatura parcelada a 100% da d\u00edvida a partir de\u2026","rel":"","context":"In &quot;Dinheiro e Investimento&quot;","block_context":{"text":"Dinheiro e Investimento","link":"https:\/\/noticiasribeiraopreto.com.br\/index.php\/category\/dinheiro-e-investimento-como-fazer-como-ganhar\/"},"img":{"alt_text":"","src":"https:\/\/i0.wp.com\/noticiasribeiraopreto.com.br\/wp-content\/uploads\/2023\/12\/vista-superior-sortimento-de-elementos-financeiros-715x402.jpg?fit=715%2C402&ssl=1&resize=350%2C200","width":350,"height":200,"srcset":"https:\/\/i0.wp.com\/noticiasribeiraopreto.com.br\/wp-content\/uploads\/2023\/12\/vista-superior-sortimento-de-elementos-financeiros-715x402.jpg?fit=715%2C402&ssl=1&resize=350%2C200 1x, https:\/\/i0.wp.com\/noticiasribeiraopreto.com.br\/wp-content\/uploads\/2023\/12\/vista-superior-sortimento-de-elementos-financeiros-715x402.jpg?fit=715%2C402&ssl=1&resize=525%2C300 1.5x, https:\/\/i0.wp.com\/noticiasribeiraopreto.com.br\/wp-content\/uploads\/2023\/12\/vista-superior-sortimento-de-elementos-financeiros-715x402.jpg?fit=715%2C402&ssl=1&resize=700%2C400 2x"},"classes":[]}],"jetpack_sharing_enabled":true,"jetpack_shortlink":"https:\/\/wp.me\/peQAOb-6x4","_links":{"self":[{"href":"https:\/\/noticiasribeiraopreto.com.br\/index.php\/wp-json\/wp\/v2\/posts\/25114","targetHints":{"allow":["GET"]}}],"collection":[{"href":"https:\/\/noticiasribeiraopreto.com.br\/index.php\/wp-json\/wp\/v2\/posts"}],"about":[{"href":"https:\/\/noticiasribeiraopreto.com.br\/index.php\/wp-json\/wp\/v2\/types\/post"}],"author":[{"embeddable":true,"href":"https:\/\/noticiasribeiraopreto.com.br\/index.php\/wp-json\/wp\/v2\/users\/1"}],"replies":[{"embeddable":true,"href":"https:\/\/noticiasribeiraopreto.com.br\/index.php\/wp-json\/wp\/v2\/comments?post=25114"}],"version-history":[{"count":0,"href":"https:\/\/noticiasribeiraopreto.com.br\/index.php\/wp-json\/wp\/v2\/posts\/25114\/revisions"}],"wp:featuredmedia":[{"embeddable":true,"href":"https:\/\/noticiasribeiraopreto.com.br\/index.php\/wp-json\/wp\/v2\/media\/25115"}],"wp:attachment":[{"href":"https:\/\/noticiasribeiraopreto.com.br\/index.php\/wp-json\/wp\/v2\/media?parent=25114"}],"wp:term":[{"taxonomy":"category","embeddable":true,"href":"https:\/\/noticiasribeiraopreto.com.br\/index.php\/wp-json\/wp\/v2\/categories?post=25114"},{"taxonomy":"post_tag","embeddable":true,"href":"https:\/\/noticiasribeiraopreto.com.br\/index.php\/wp-json\/wp\/v2\/tags?post=25114"}],"curies":[{"name":"wp","href":"https:\/\/api.w.org\/{rel}","templated":true}]}}