{"id":25181,"date":"2024-01-06T02:55:39","date_gmt":"2024-01-06T05:55:39","guid":{"rendered":"https:\/\/noticiasribeiraopreto.com.br\/index.php\/2024\/01\/06\/casal-perde-a-vida-de-forma-tragica-pouco-antes-de-avisar-a-familia-sobre-gravidez\/"},"modified":"2024-01-06T02:55:39","modified_gmt":"2024-01-06T05:55:39","slug":"casal-perde-a-vida-de-forma-tragica-pouco-antes-de-avisar-a-familia-sobre-gravidez","status":"publish","type":"post","link":"https:\/\/noticiasribeiraopreto.com.br\/index.php\/2024\/01\/06\/casal-perde-a-vida-de-forma-tragica-pouco-antes-de-avisar-a-familia-sobre-gravidez\/","title":{"rendered":"Casal perde a vida de forma tr\u00e1gica pouco antes de avisar a fam\u00edlia sobre gravidez"},"content":{"rendered":"<div class='code-block code-block-1' style='margin: 8px 0 8px auto; text-align: right; display: block; clear: both;'>\n<p><a href=\"https:\/\/wa.link\/vpicfd\"><img data-recalc-dims=\"1\" class=\"wp-image-4922\" style=\"aspect-ratio: 2.0253164556962027; width: 561px; height: auto;\" src=\"https:\/\/i0.wp.com\/ismaelcolosi.com.br\/wp-content\/uploads\/2023\/11\/grupo-de-empregos-whatsapp-e-facebook-ismael-colosi-vagas.jpg?ssl=1\" alt=\"\" \/><\/a><\/p>\n<!-- \/wp:image -->\n<\/div>\n<p> <br \/>\n<\/p>\n<div itemprop=\"text\">\n<p>Este caso ganhou uma enorme repercuss\u00e3o ap\u00f3s se tornar destaque nos principais portais de not\u00edcias do mundo. Um casal residente em Utah, nos Estados Unidos, encontrou um destino tr\u00e1gico em um acidente de tr\u00e2nsito pouco antes do Natal, justamente quando se dirigiam para compartilhar com a fam\u00edlia a alegre not\u00edcia de que esperavam o primeiro filho.<\/p>\n<p>No dia 20 de dezembro, Parker e Chloe Stott estiveram envolvidos em uma colis\u00e3o frontal enquanto viajavam em dire\u00e7\u00e3o ao Arizona, conforme relatado pela KUTV.<\/p>\n<p><img data-recalc-dims=\"1\" decoding=\"async\" src=\"https:\/\/i0.wp.com\/fnmais.com\/wp-content\/uploads\/2024\/01\/postiimg-6598d77d632c44956.jpg?ssl=1\" alt=\"Os dois compartilhariam notcia da gravidez com a famlia Foto ReproduoInstagram\"\/><\/p>\n<p>Funcion\u00e1rios do Departamento de Seguran\u00e7a P\u00fablica do Arizona confirmaram que Chloe estava gr\u00e1vida e que a viagem tinha como objetivo compartilhar a emocionante novidade com a fam\u00edlia durante as festividades natalinas.<\/p>\n<p>Conforme informa\u00e7\u00f5es repassadas pelas autoridades respons\u00e1veis por atender a ocorr\u00eancia, o casal conduzia uma caminhonete em uma \u00e1rea designada para ultrapassagem legal.<\/p>\n<p>De acordo com as autoridades, por volta das 20h30, o ve\u00edculo n\u00e3o conseguiu concluir uma manobra de ultrapassagem e colidiu frontalmente com um caminh\u00e3o-trator comercial que rebocava uma carreta carregada de produtos dom\u00e9sticos.<\/p>\n<p>Infelizmente, tanto Chloe quanto seu filho n\u00e3o nascido n\u00e3o sobreviveram ao tr\u00e1gico acidente. Parker foi transferido de avi\u00e3o para o Arizona Burn Center e submetido a cuidados intensivos.<\/p>\n<p>Entretanto, ele n\u00e3o conseguiu superar os ferimentos e veio a falecer em 24 de dezembro, cercado por seus entes queridos, conforme relatado em uma atualiza\u00e7\u00e3o feita por sua fam\u00edlia.<\/p>\n<p>O motorista do caminh\u00e3o foi levado a uma unidade de sa\u00fade local como precau\u00e7\u00e3o, contudo, informa\u00e7\u00f5es sobre seu estado de sa\u00fade n\u00e3o foram divulgadas.<\/p>\n<\/div>\n<p><br \/>\n<br \/><a href=\"https:\/\/fnmais.com\/tragedia-casal-perde-vida-forma-tragica-pouco-antes-avisar-familia-sobre-gravidez\/\">Source link <\/a><\/p>\n<!-- CONTENT END 1 -->\n","protected":false},"excerpt":{"rendered":"<p>Este caso ganhou uma enorme repercuss\u00e3o ap\u00f3s se tornar destaque nos principais portais de not\u00edcias do mundo. Um casal residente em Utah, nos Estados Unidos,&#8230;<\/p>\n","protected":false},"author":1,"featured_media":25182,"comment_status":"open","ping_status":"open","sticky":false,"template":"","format":"standard","meta":{"advanced_seo_description":"","jetpack_seo_html_title":"","jetpack_seo_noindex":false,"jetpack_post_was_ever_published":false,"_jetpack_newsletter_access":"","_jetpack_dont_email_post_to_subs":false,"_jetpack_newsletter_tier_id":0,"_jetpack_memberships_contains_paywalled_content":false,"_jetpack_memberships_contains_paid_content":false,"footnotes":"","jetpack_publicize_message":"","jetpack_publicize_feature_enabled":true,"jetpack_social_post_already_shared":true,"jetpack_social_options":{"image_generator_settings":{"template":"highway","default_image_id":0,"font":"","enabled":false},"version":2}},"categories":[1],"tags":[],"class_list":["post-25181","post","type-post","status-publish","format-standard","has-post-thumbnail","hentry","category-blog"],"jetpack_publicize_connections":[],"jetpack_featured_media_url":"https:\/\/i0.wp.com\/noticiasribeiraopreto.com.br\/wp-content\/uploads\/2024\/01\/postimg-6598d77f861649632.jpg?fit=1200%2C628&ssl=1","jetpack-related-posts":[{"id":84615,"url":"https:\/\/noticiasribeiraopreto.com.br\/index.php\/2026\/04\/13\/video-mulher-e-ferida-com-tiro-nas-nadegas-na-regiao\/","url_meta":{"origin":25181,"position":0},"title":"V\u00cdDEO &#8211; Mulher \u00e9 ferida com tiro nas n\u00e1degas na regi\u00e3o","author":"noticiasribeiraopreto.com.br","date":"13 de April de 2026","format":false,"excerpt":"\r \r \r Disparo ocorreu durante discuss\u00e3o ocorrida ap\u00f3s show de dupla sertaneja; disparo tamb\u00e9m atingiu intestino e v\u00edtima foi internada em estado grave\r \r 13 de abril de 2026 11:3413 de abril de 2026 11:35 \r Compartilhar1 \r | Por: Adalberto Luque | Uma mulher de 29 anos ficou\u2026","rel":"","context":"In &quot;Not\u00edcias de Ribeir\u00e3o Preto-SP e Regi\u00e3o&quot;","block_context":{"text":"Not\u00edcias de Ribeir\u00e3o Preto-SP e Regi\u00e3o","link":"https:\/\/noticiasribeiraopreto.com.br\/index.php\/category\/noticias-de-ribeirao-preto-sp-e-regiao-ismael-colosi\/"},"img":{"alt_text":"","src":"https:\/\/i0.wp.com\/noticiasribeiraopreto.com.br\/wp-content\/uploads\/2026\/04\/13-mar-2026-tironabunda-scaled.jpg?fit=1200%2C640&ssl=1&resize=350%2C200","width":350,"height":200,"srcset":"https:\/\/i0.wp.com\/noticiasribeiraopreto.com.br\/wp-content\/uploads\/2026\/04\/13-mar-2026-tironabunda-scaled.jpg?fit=1200%2C640&ssl=1&resize=350%2C200 1x, https:\/\/i0.wp.com\/noticiasribeiraopreto.com.br\/wp-content\/uploads\/2026\/04\/13-mar-2026-tironabunda-scaled.jpg?fit=1200%2C640&ssl=1&resize=525%2C300 1.5x, https:\/\/i0.wp.com\/noticiasribeiraopreto.com.br\/wp-content\/uploads\/2026\/04\/13-mar-2026-tironabunda-scaled.jpg?fit=1200%2C640&ssl=1&resize=700%2C400 2x, https:\/\/i0.wp.com\/noticiasribeiraopreto.com.br\/wp-content\/uploads\/2026\/04\/13-mar-2026-tironabunda-scaled.jpg?fit=1200%2C640&ssl=1&resize=1050%2C600 3x"},"classes":[]},{"id":71446,"url":"https:\/\/noticiasribeiraopreto.com.br\/index.php\/2025\/06\/05\/jornal-da-franca-veja-o-que-pode-mudar-no-codigo-civil-projetos-no-senado-alteram-direito-de-familia\/","url_meta":{"origin":25181,"position":1},"title":"Jornal da Franca &#8211; Veja o que pode mudar no C\u00f3digo Civil: projetos no Senado alteram Direito de Fam\u00edlia","author":"noticiasribeiraopreto.com.br","date":"5 de June de 2025","format":false,"excerpt":"compartilhar no whatsapp compartilhar no telegram compartilhar no facebook compartilhar no linkedin Um conjunto de mudan\u00e7as no C\u00f3digo Civil brasileiro, em tramita\u00e7\u00e3o no Senado, tem provocado debates entre juristas, especialmente no campo do Direito de Fam\u00edlia Mudan\u00e7as no C\u00f3digo Civil brasileiro est\u00e3o em tramita\u00e7\u00e3o no Senado \u2013 foto Arquivo Um\u2026","rel":"","context":"In &quot;Not\u00edcias de Franca-SP&quot;","block_context":{"text":"Not\u00edcias de Franca-SP","link":"https:\/\/noticiasribeiraopreto.com.br\/index.php\/category\/noticias-de-ribeirao-preto-sp-e-regiao-ismael-colosi\/noticias-franca-sp\/"},"img":{"alt_text":"","src":"https:\/\/i0.wp.com\/noticiasribeiraopreto.com.br\/wp-content\/uploads\/2025\/06\/natureza-morta-com-a-balanca-da-justica-1.jpg?fit=1000%2C667&ssl=1&resize=350%2C200","width":350,"height":200,"srcset":"https:\/\/i0.wp.com\/noticiasribeiraopreto.com.br\/wp-content\/uploads\/2025\/06\/natureza-morta-com-a-balanca-da-justica-1.jpg?fit=1000%2C667&ssl=1&resize=350%2C200 1x, https:\/\/i0.wp.com\/noticiasribeiraopreto.com.br\/wp-content\/uploads\/2025\/06\/natureza-morta-com-a-balanca-da-justica-1.jpg?fit=1000%2C667&ssl=1&resize=525%2C300 1.5x, https:\/\/i0.wp.com\/noticiasribeiraopreto.com.br\/wp-content\/uploads\/2025\/06\/natureza-morta-com-a-balanca-da-justica-1.jpg?fit=1000%2C667&ssl=1&resize=700%2C400 2x"},"classes":[]},{"id":50187,"url":"https:\/\/noticiasribeiraopreto.com.br\/index.php\/2024\/05\/15\/caminhonete-que-transportava-familia-pega-fogo-em-cidade-na-regiao-de-ribeirao\/","url_meta":{"origin":25181,"position":2},"title":"Caminhonete que transportava fam\u00edlia pega fogo em cidade na regi\u00e3o de Ribeir\u00e3o","author":"noticiasribeiraopreto.com.br","date":"15 de May de 2024","format":false,"excerpt":"Uma caminhonete com um casal e o filho pegou fogo no in\u00edcio da manh\u00e3 desta quarta-feira (15), em Batatais, cidade a aproximadamente 40 quil\u00f4metros de Ribeir\u00e3o Preto. Segundo o Corpo de Bombeiros, a fam\u00edlia percebeu a fuma\u00e7a e conseguiu deixar o ve\u00edculo pela avenida Prefeito Jos\u00e9 Pimenta Neves com a\u2026","rel":"","context":"In &quot;Not\u00edcias de Ribeir\u00e3o Preto-SP e Regi\u00e3o&quot;","block_context":{"text":"Not\u00edcias de Ribeir\u00e3o Preto-SP e Regi\u00e3o","link":"https:\/\/noticiasribeiraopreto.com.br\/index.php\/category\/noticias-de-ribeirao-preto-sp-e-regiao-ismael-colosi\/"},"img":{"alt_text":"","src":"https:\/\/i0.wp.com\/noticiasribeiraopreto.com.br\/wp-content\/uploads\/2024\/05\/WhatsApp-Image-2024-05-15-at-08.06.21_2024-05-15_11-06-38_jpeg_2024-05-15_11-06-38.webp.webp?fit=1200%2C976&ssl=1&resize=350%2C200","width":350,"height":200,"srcset":"https:\/\/i0.wp.com\/noticiasribeiraopreto.com.br\/wp-content\/uploads\/2024\/05\/WhatsApp-Image-2024-05-15-at-08.06.21_2024-05-15_11-06-38_jpeg_2024-05-15_11-06-38.webp.webp?fit=1200%2C976&ssl=1&resize=350%2C200 1x, https:\/\/i0.wp.com\/noticiasribeiraopreto.com.br\/wp-content\/uploads\/2024\/05\/WhatsApp-Image-2024-05-15-at-08.06.21_2024-05-15_11-06-38_jpeg_2024-05-15_11-06-38.webp.webp?fit=1200%2C976&ssl=1&resize=525%2C300 1.5x, https:\/\/i0.wp.com\/noticiasribeiraopreto.com.br\/wp-content\/uploads\/2024\/05\/WhatsApp-Image-2024-05-15-at-08.06.21_2024-05-15_11-06-38_jpeg_2024-05-15_11-06-38.webp.webp?fit=1200%2C976&ssl=1&resize=700%2C400 2x, https:\/\/i0.wp.com\/noticiasribeiraopreto.com.br\/wp-content\/uploads\/2024\/05\/WhatsApp-Image-2024-05-15-at-08.06.21_2024-05-15_11-06-38_jpeg_2024-05-15_11-06-38.webp.webp?fit=1200%2C976&ssl=1&resize=1050%2C600 3x"},"classes":[]},{"id":7788,"url":"https:\/\/noticiasribeiraopreto.com.br\/index.php\/2023\/11\/28\/ela-se-casou-com-o-irmao-da-irma-e-explicacao-viralizou-nas-redes-sociais\/","url_meta":{"origin":25181,"position":3},"title":"Ela se casou com o irm\u00e3o da irm\u00e3 e explica\u00e7\u00e3o viralizou nas redes sociais","author":"noticiasribeiraopreto.com.br","date":"28 de November de 2023","format":false,"excerpt":"Num enredo que poderia facilmente pertencer a um roteiro dram\u00e1tico, a advogada Ariadne Bastos, de 27 anos, conheceu o amor no irm\u00e3o de sua meia-irm\u00e3, Carlos Bastos.No entanto, a particularidade dessa uni\u00e3o reside no fato de n\u00e3o haver parentesco direto entre o casal. Uma narrativa complexa e inusitada come\u00e7ou em\u2026","rel":"","context":"In &quot;Blog&quot;","block_context":{"text":"Blog","link":"https:\/\/noticiasribeiraopreto.com.br\/index.php\/category\/blog\/"},"img":{"alt_text":"","src":"https:\/\/i0.wp.com\/noticiasribeiraopreto.com.br\/wp-content\/uploads\/2023\/11\/postimg-656672fad55ea9764.jpg?fit=1200%2C628&ssl=1&resize=350%2C200","width":350,"height":200,"srcset":"https:\/\/i0.wp.com\/noticiasribeiraopreto.com.br\/wp-content\/uploads\/2023\/11\/postimg-656672fad55ea9764.jpg?fit=1200%2C628&ssl=1&resize=350%2C200 1x, https:\/\/i0.wp.com\/noticiasribeiraopreto.com.br\/wp-content\/uploads\/2023\/11\/postimg-656672fad55ea9764.jpg?fit=1200%2C628&ssl=1&resize=525%2C300 1.5x, https:\/\/i0.wp.com\/noticiasribeiraopreto.com.br\/wp-content\/uploads\/2023\/11\/postimg-656672fad55ea9764.jpg?fit=1200%2C628&ssl=1&resize=700%2C400 2x, https:\/\/i0.wp.com\/noticiasribeiraopreto.com.br\/wp-content\/uploads\/2023\/11\/postimg-656672fad55ea9764.jpg?fit=1200%2C628&ssl=1&resize=1050%2C600 3x"},"classes":[]},{"id":44689,"url":"https:\/\/noticiasribeiraopreto.com.br\/index.php\/2024\/03\/29\/pascoa-em-casa-8-filmes-para-assistir-com-toda-a-familia-no-streaming\/","url_meta":{"origin":25181,"position":4},"title":"P\u00e1scoa em casa: 8 filmes para assistir com toda a fam\u00edlia no streaming","author":"noticiasribeiraopreto.com.br","date":"29 de March de 2024","format":false,"excerpt":"Por Gabriela Caputo Para quem n\u00e3o vai viajar no feriado de P\u00e1scoa, as op\u00e7\u00f5es de divertimento ainda s\u00e3o muitas: em S\u00e3o Paulo, h\u00e1 op\u00e7\u00f5es de programas culturais gratuitos pela cidade. Nos cinemas, o lan\u00e7amento\u00a0Dois \u00e9 Demais em Orlando, filme gravado no parque da Universal, promete aquecer os cora\u00e7\u00f5es; enquanto\u00a0Godzilla e\u2026","rel":"","context":"In &quot;Not\u00edcias de Ribeir\u00e3o Preto-SP e Regi\u00e3o&quot;","block_context":{"text":"Not\u00edcias de Ribeir\u00e3o Preto-SP e Regi\u00e3o","link":"https:\/\/noticiasribeiraopreto.com.br\/index.php\/category\/noticias-de-ribeirao-preto-sp-e-regiao-ismael-colosi\/"},"img":{"alt_text":"","src":"https:\/\/i0.wp.com\/noticiasribeiraopreto.com.br\/wp-content\/uploads\/2024\/03\/assistir-streaming-netflix-amazon-prime-video-hbo.png?fit=1200%2C675&ssl=1&resize=350%2C200","width":350,"height":200,"srcset":"https:\/\/i0.wp.com\/noticiasribeiraopreto.com.br\/wp-content\/uploads\/2024\/03\/assistir-streaming-netflix-amazon-prime-video-hbo.png?fit=1200%2C675&ssl=1&resize=350%2C200 1x, https:\/\/i0.wp.com\/noticiasribeiraopreto.com.br\/wp-content\/uploads\/2024\/03\/assistir-streaming-netflix-amazon-prime-video-hbo.png?fit=1200%2C675&ssl=1&resize=525%2C300 1.5x, https:\/\/i0.wp.com\/noticiasribeiraopreto.com.br\/wp-content\/uploads\/2024\/03\/assistir-streaming-netflix-amazon-prime-video-hbo.png?fit=1200%2C675&ssl=1&resize=700%2C400 2x, https:\/\/i0.wp.com\/noticiasribeiraopreto.com.br\/wp-content\/uploads\/2024\/03\/assistir-streaming-netflix-amazon-prime-video-hbo.png?fit=1200%2C675&ssl=1&resize=1050%2C600 3x"},"classes":[]},{"id":80286,"url":"https:\/\/noticiasribeiraopreto.com.br\/index.php\/2025\/11\/19\/ribeirao-preto-passa-a-integrar-o-circuito-internacional-do-cinema-frances\/","url_meta":{"origin":25181,"position":5},"title":"Ribeir\u00e3o Preto passa a integrar o circuito internacional do cinema franc\u00eas","author":"noticiasribeiraopreto.com.br","date":"19 de November de 2025","format":false,"excerpt":"Ribeir\u00e3o Preto agora integra o circuito internacional do cinema franc\u00eas com a chegada do Festival de Cinema Franc\u00eas do Brasil ao Cineclube Cauim. A programa\u00e7\u00e3o traz filmes in\u00e9ditos no pa\u00eds. A mostra ser\u00e1 realizada entre 27 de novembro e 15 de dezembro. O festival re\u00fane produ\u00e7\u00f5es recentes da Fran\u00e7a, incluindo\u2026","rel":"","context":"In &quot;Not\u00edcias de Ribeir\u00e3o Preto-SP e Regi\u00e3o&quot;","block_context":{"text":"Not\u00edcias de Ribeir\u00e3o Preto-SP e Regi\u00e3o","link":"https:\/\/noticiasribeiraopreto.com.br\/index.php\/category\/noticias-de-ribeirao-preto-sp-e-regiao-ismael-colosi\/"},"img":{"alt_text":"","src":"https:\/\/i0.wp.com\/noticiasribeiraopreto.com.br\/wp-content\/uploads\/2025\/11\/novo-cauim-1.jpg?fit=1000%2C967&ssl=1&resize=350%2C200","width":350,"height":200,"srcset":"https:\/\/i0.wp.com\/noticiasribeiraopreto.com.br\/wp-content\/uploads\/2025\/11\/novo-cauim-1.jpg?fit=1000%2C967&ssl=1&resize=350%2C200 1x, https:\/\/i0.wp.com\/noticiasribeiraopreto.com.br\/wp-content\/uploads\/2025\/11\/novo-cauim-1.jpg?fit=1000%2C967&ssl=1&resize=525%2C300 1.5x, https:\/\/i0.wp.com\/noticiasribeiraopreto.com.br\/wp-content\/uploads\/2025\/11\/novo-cauim-1.jpg?fit=1000%2C967&ssl=1&resize=700%2C400 2x"},"classes":[]}],"jetpack_sharing_enabled":true,"jetpack_shortlink":"https:\/\/wp.me\/peQAOb-6y9","_links":{"self":[{"href":"https:\/\/noticiasribeiraopreto.com.br\/index.php\/wp-json\/wp\/v2\/posts\/25181","targetHints":{"allow":["GET"]}}],"collection":[{"href":"https:\/\/noticiasribeiraopreto.com.br\/index.php\/wp-json\/wp\/v2\/posts"}],"about":[{"href":"https:\/\/noticiasribeiraopreto.com.br\/index.php\/wp-json\/wp\/v2\/types\/post"}],"author":[{"embeddable":true,"href":"https:\/\/noticiasribeiraopreto.com.br\/index.php\/wp-json\/wp\/v2\/users\/1"}],"replies":[{"embeddable":true,"href":"https:\/\/noticiasribeiraopreto.com.br\/index.php\/wp-json\/wp\/v2\/comments?post=25181"}],"version-history":[{"count":0,"href":"https:\/\/noticiasribeiraopreto.com.br\/index.php\/wp-json\/wp\/v2\/posts\/25181\/revisions"}],"wp:featuredmedia":[{"embeddable":true,"href":"https:\/\/noticiasribeiraopreto.com.br\/index.php\/wp-json\/wp\/v2\/media\/25182"}],"wp:attachment":[{"href":"https:\/\/noticiasribeiraopreto.com.br\/index.php\/wp-json\/wp\/v2\/media?parent=25181"}],"wp:term":[{"taxonomy":"category","embeddable":true,"href":"https:\/\/noticiasribeiraopreto.com.br\/index.php\/wp-json\/wp\/v2\/categories?post=25181"},{"taxonomy":"post_tag","embeddable":true,"href":"https:\/\/noticiasribeiraopreto.com.br\/index.php\/wp-json\/wp\/v2\/tags?post=25181"}],"curies":[{"name":"wp","href":"https:\/\/api.w.org\/{rel}","templated":true}]}}