{"id":25185,"date":"2024-01-06T03:11:43","date_gmt":"2024-01-06T06:11:43","guid":{"rendered":"https:\/\/noticiasribeiraopreto.com.br\/index.php\/2024\/01\/06\/ex-esposa-e-suposta-ficante-de-famoso-estao-no-reality-e-treta-deixa-as-redes-sociais-em-polvorosa\/"},"modified":"2024-01-06T03:11:43","modified_gmt":"2024-01-06T06:11:43","slug":"ex-esposa-e-suposta-ficante-de-famoso-estao-no-reality-e-treta-deixa-as-redes-sociais-em-polvorosa","status":"publish","type":"post","link":"https:\/\/noticiasribeiraopreto.com.br\/index.php\/2024\/01\/06\/ex-esposa-e-suposta-ficante-de-famoso-estao-no-reality-e-treta-deixa-as-redes-sociais-em-polvorosa\/","title":{"rendered":"Ex-esposa e suposta ficante de famoso est\u00e3o no reality e &#8216;treta&#8217; deixa as redes sociais em polvorosa"},"content":{"rendered":"<div class='code-block code-block-1' style='margin: 8px 0 8px auto; text-align: right; display: block; clear: both;'>\n<p><a href=\"https:\/\/wa.link\/vpicfd\"><img data-recalc-dims=\"1\" class=\"wp-image-4922\" style=\"aspect-ratio: 2.0253164556962027; width: 561px; height: auto;\" src=\"https:\/\/i0.wp.com\/ismaelcolosi.com.br\/wp-content\/uploads\/2023\/11\/grupo-de-empregos-whatsapp-e-facebook-ismael-colosi-vagas.jpg?ssl=1\" alt=\"\" \/><\/a><\/p>\n<!-- \/wp:image -->\n<\/div>\n<p> <br \/>\n<\/p>\n<div itemprop=\"text\">\n<p>A vig\u00e9sima quarta edi\u00e7\u00e3o do Big Brother Brasil estreia oficialmente na TV Globo nesta pr\u00f3xima segunda-feira (8), contudo, o reality show j\u00e1 est\u00e1 entre os assuntos mais comentados nas redes sociais.<\/p>\n<p>Nesta sexta-feira (5), aconteceu o t\u00e3o aguardado Big Day, ou seja, \u00e9 o dia escolhido pela dire\u00e7\u00e3o do programa para anunciar alguns participantes que v\u00e3o entrar para o confinamento da casa mais vigiada do Brasil.<\/p>\n<p>Foi dada a largada para a disputa que acontece dentro da casa mais vigiada do Brasil, estes s\u00e3o os 18 participantes confirmados at\u00e9 o momento:<\/p>\n<p><img data-recalc-dims=\"1\" decoding=\"async\" src=\"https:\/\/i0.wp.com\/fnmais.com\/wp-content\/uploads\/2024\/01\/postiimg-6598d71d07ec49888.jpg?ssl=1\" alt=\"\"\/><\/p>\n<ol>\n<li>Alane Dias, bailarina e modelo;<\/li>\n<li>Beatriz Reis Brasil, vendedora;<\/li>\n<li>Deniziane (Anny) Ferreira, fisioterapeuta;<\/li>\n<li>Fernanda Bande, confeteira e modelo;<\/li>\n<li>Giovanna Marinho, assistente social;<\/li>\n<li>Leidy Elin, trancista e operadora de caixa;<\/li>\n<li>Lucas Luigi, vendedor;<\/li>\n<li>Lucas Pizane, m\u00fasico;<\/li>\n<li>Marcus Vinicius, comiss\u00e1rio de bordo;<\/li>\n<li>Matteus Amaral, estudante de engenharia agr\u00edcola;<\/li>\n<li>Maycon Cosmer, cozinheiro escolar;<\/li>\n<li>MC Bin Laden, funkeiro;<\/li>\n<li>Nizam Hayek Abou Jokh, executivo de contas;<\/li>\n<li>Rodriguinho, cantor e ex-Travessos;<\/li>\n<li>Vanessa Lopes, criadora de conte\u00fado;<\/li>\n<li>Vinicius Rodrigues, atleta paral\u00edmpico;<\/li>\n<li>Wanessa Camargo, cantora;<\/li>\n<li>Yasmin Brunet, modelo e empres\u00e1ria.<\/li>\n<\/ol>\n<p>Ex-esposa e suposta ficante de Gabriel Medina est\u00e3o no BBB 24 e \u2018treta\u2019 volta \u00e0 tona:<\/p>\n<p>Yasmin Brunet e Vanessa Lopes foram anunciadas como participantes confirmadas para o BBB 24. Contudo, fora do ambiente do reality, as duas j\u00e1 se envolveram em conflitos devido a Gabriel Medina, ex-marido da modelo e atual participante do programa.<\/p>\n<p>Ap\u00f3s o t\u00e9rmino do casamento entre Brunet e Medina no m\u00eas de janeiro de 2022, Vanessa foi sugerida como poss\u00edvel relacionamento amoroso do surfista.<\/p>\n<p>A tiktoker negou categoricamente qualquer envolvimento com o atleta, apesar de terem sido vistos juntos em algumas ocasi\u00f5es.<\/p>\n<p>Brunet manifestou desconforto com os boatos de um poss\u00edvel envolvimento entre Lopes e seu ex-marido, resultando em sua decis\u00e3o de deixar de seguir a influenciadora nas redes sociais.<\/p>\n<p>Em outra ocasi\u00e3o, Lopes provocou Yasmin quando a filha de Luiza Brunet foi associada a um poss\u00edvel envolvimento com Luan Santana, ap\u00f3s o t\u00e9rmino do relacionamento do sertanejo com Izabela Cunha, que era amiga de Brunet.<\/p>\n<p><i>\u201cAcho engra\u00e7ado que\u2026 Melhor eu fica quieta [risos]\u201d,<\/i> escreveu a tiktoker em uma postagem nas redes sociais que deu o que falar na \u00e9poca. Vanessa Lopes declarou que contar\u00e1 com o apoio de Gabriel Medina e o apoio veio em uma publica\u00e7\u00e3o do surfista confira:<\/p>\n<p><img data-recalc-dims=\"1\" decoding=\"async\" src=\"https:\/\/i0.wp.com\/fnmais.com\/wp-content\/uploads\/2024\/01\/postiimg-6598d71f218d63646.png?ssl=1\" alt=\"Medina comenta em post de Vanessa Lopes Foto Reproduo Instagram\"\/><\/p>\n<p>E voc\u00ea j\u00e1 escolheu um favorito entre os confirmados?<\/p>\n<\/div>\n<p><br \/>\n<br \/><a href=\"https:\/\/fnmais.com\/bbb-24-ex-esposa-suposta-ficante-famoso-estao-no-reality-treta-deixa-redes-sociais-em-polvorosa\/\">Source link <\/a><\/p>\n<!-- CONTENT END 1 -->\n","protected":false},"excerpt":{"rendered":"<p>A vig\u00e9sima quarta edi\u00e7\u00e3o do Big Brother Brasil estreia oficialmente na TV Globo nesta pr\u00f3xima segunda-feira (8), contudo, o reality show j\u00e1 est\u00e1 entre os&#8230;<\/p>\n","protected":false},"author":1,"featured_media":25186,"comment_status":"open","ping_status":"open","sticky":false,"template":"","format":"standard","meta":{"advanced_seo_description":"","jetpack_seo_html_title":"","jetpack_seo_noindex":false,"jetpack_post_was_ever_published":false,"_jetpack_newsletter_access":"","_jetpack_dont_email_post_to_subs":false,"_jetpack_newsletter_tier_id":0,"_jetpack_memberships_contains_paywalled_content":false,"_jetpack_memberships_contains_paid_content":false,"footnotes":"","jetpack_publicize_message":"","jetpack_publicize_feature_enabled":true,"jetpack_social_post_already_shared":true,"jetpack_social_options":{"image_generator_settings":{"template":"highway","default_image_id":0,"font":"","enabled":false},"version":2}},"categories":[1],"tags":[],"class_list":["post-25185","post","type-post","status-publish","format-standard","has-post-thumbnail","hentry","category-blog"],"jetpack_publicize_connections":[],"jetpack_featured_media_url":"https:\/\/i0.wp.com\/noticiasribeiraopreto.com.br\/wp-content\/uploads\/2024\/01\/postimg-6598d7219bf662441.jpg?fit=1200%2C628&ssl=1","jetpack-related-posts":[{"id":28152,"url":"https:\/\/noticiasribeiraopreto.com.br\/index.php\/2024\/01\/15\/enquete-uol-aponta-quem-entre-beatriz-davi-e-pizani-e-o-preferido-do-publico-para-ficar-no-reality-show\/","url_meta":{"origin":25185,"position":0},"title":"Enquete UOL aponta quem entre Beatriz, Davi e Pizani \u00e9 o preferido do p\u00fablico para ficar no reality show","author":"noticiasribeiraopreto.com.br","date":"15 de January de 2024","format":false,"excerpt":"A noite deste domingo (14), aconteceu a segunda elimina\u00e7\u00e3o da vig\u00e9sima quarta do Big Brother Brasil.Estavam na berlinda, Davi, Juninho e Thalyta que disputaram voto a voto a perman\u00eancia na casa mais vigiada do Brasil e foi a sister que precisou deixar o confinamento conforme a vontade do p\u00fablico.Ap\u00f3s anunciar\u2026","rel":"","context":"In &quot;Blog&quot;","block_context":{"text":"Blog","link":"https:\/\/noticiasribeiraopreto.com.br\/index.php\/category\/blog\/"},"img":{"alt_text":"","src":"https:\/\/i0.wp.com\/noticiasribeiraopreto.com.br\/wp-content\/uploads\/2024\/01\/postimg-65a4af765c9276129.jpg?fit=1200%2C628&ssl=1&resize=350%2C200","width":350,"height":200,"srcset":"https:\/\/i0.wp.com\/noticiasribeiraopreto.com.br\/wp-content\/uploads\/2024\/01\/postimg-65a4af765c9276129.jpg?fit=1200%2C628&ssl=1&resize=350%2C200 1x, https:\/\/i0.wp.com\/noticiasribeiraopreto.com.br\/wp-content\/uploads\/2024\/01\/postimg-65a4af765c9276129.jpg?fit=1200%2C628&ssl=1&resize=525%2C300 1.5x, https:\/\/i0.wp.com\/noticiasribeiraopreto.com.br\/wp-content\/uploads\/2024\/01\/postimg-65a4af765c9276129.jpg?fit=1200%2C628&ssl=1&resize=700%2C400 2x, https:\/\/i0.wp.com\/noticiasribeiraopreto.com.br\/wp-content\/uploads\/2024\/01\/postimg-65a4af765c9276129.jpg?fit=1200%2C628&ssl=1&resize=1050%2C600 3x"},"classes":[]},{"id":26427,"url":"https:\/\/noticiasribeiraopreto.com.br\/index.php\/2024\/01\/10\/enquete-uol-aponta-favorito-entre-maycon-giovanna-e-yasmim-brunet-para-continuar-no-reality-show\/","url_meta":{"origin":25185,"position":1},"title":"Enquete UOL aponta favorito entre Maycon, Giovanna e Yasmim Brunet para continuar no reality show","author":"noticiasribeiraopreto.com.br","date":"10 de January de 2024","format":false,"excerpt":"Na noite desta \u00faltima segunda-feira (8), aconteceu a estreia da vig\u00e9sima quarta edi\u00e7\u00e3o do Big Brother Brasil e se tornou um dos assuntos mais comentados nas redes sociais.Em menos de 24 horas de exibi\u00e7\u00e3o o reality show da TV Globo j\u00e1 movimentou a casa mais vigiada do Brasil e deixou\u2026","rel":"","context":"In &quot;Blog&quot;","block_context":{"text":"Blog","link":"https:\/\/noticiasribeiraopreto.com.br\/index.php\/category\/blog\/"},"img":{"alt_text":"","src":"https:\/\/i0.wp.com\/noticiasribeiraopreto.com.br\/wp-content\/uploads\/2024\/01\/postimg-659e03e3c96845721.jpg?fit=1200%2C628&ssl=1&resize=350%2C200","width":350,"height":200,"srcset":"https:\/\/i0.wp.com\/noticiasribeiraopreto.com.br\/wp-content\/uploads\/2024\/01\/postimg-659e03e3c96845721.jpg?fit=1200%2C628&ssl=1&resize=350%2C200 1x, https:\/\/i0.wp.com\/noticiasribeiraopreto.com.br\/wp-content\/uploads\/2024\/01\/postimg-659e03e3c96845721.jpg?fit=1200%2C628&ssl=1&resize=525%2C300 1.5x, https:\/\/i0.wp.com\/noticiasribeiraopreto.com.br\/wp-content\/uploads\/2024\/01\/postimg-659e03e3c96845721.jpg?fit=1200%2C628&ssl=1&resize=700%2C400 2x, https:\/\/i0.wp.com\/noticiasribeiraopreto.com.br\/wp-content\/uploads\/2024\/01\/postimg-659e03e3c96845721.jpg?fit=1200%2C628&ssl=1&resize=1050%2C600 3x"},"classes":[]},{"id":28630,"url":"https:\/\/noticiasribeiraopreto.com.br\/index.php\/2024\/01\/16\/enquete-uol-atualizada-apos-sincerao-expoe-participante-em-queda-na-popularidade-que-deve-sair-do-reality-show\/","url_meta":{"origin":25185,"position":2},"title":"Enquete UOL atualizada, ap\u00f3s \u2018Sincer\u00e3o\u2019, exp\u00f5e participante em queda na popularidade que deve sair do reality show","author":"noticiasribeiraopreto.com.br","date":"16 de January de 2024","format":false,"excerpt":"A vig\u00e9sima quarta edi\u00e7\u00e3o do Big Brother Brasil \u00e9 um inc\u00eandio de grandes propor\u00e7\u00f5es, o parquinho j\u00e1 foi completamente queimado na primeira semana do reality show global que estreou no \u00faltimo 8 de janeiro e j\u00e1 vai para a sua terceira elimina\u00e7\u00e3o que acontece na noite desta ter\u00e7a-feira (16).O BBB24,\u2026","rel":"","context":"In &quot;Blog&quot;","block_context":{"text":"Blog","link":"https:\/\/noticiasribeiraopreto.com.br\/index.php\/category\/blog\/"},"img":{"alt_text":"","src":"https:\/\/i0.wp.com\/noticiasribeiraopreto.com.br\/wp-content\/uploads\/2024\/01\/postimg-65a682a1070046861.jpg?fit=1200%2C628&ssl=1&resize=350%2C200","width":350,"height":200,"srcset":"https:\/\/i0.wp.com\/noticiasribeiraopreto.com.br\/wp-content\/uploads\/2024\/01\/postimg-65a682a1070046861.jpg?fit=1200%2C628&ssl=1&resize=350%2C200 1x, https:\/\/i0.wp.com\/noticiasribeiraopreto.com.br\/wp-content\/uploads\/2024\/01\/postimg-65a682a1070046861.jpg?fit=1200%2C628&ssl=1&resize=525%2C300 1.5x, https:\/\/i0.wp.com\/noticiasribeiraopreto.com.br\/wp-content\/uploads\/2024\/01\/postimg-65a682a1070046861.jpg?fit=1200%2C628&ssl=1&resize=700%2C400 2x, https:\/\/i0.wp.com\/noticiasribeiraopreto.com.br\/wp-content\/uploads\/2024\/01\/postimg-65a682a1070046861.jpg?fit=1200%2C628&ssl=1&resize=1050%2C600 3x"},"classes":[]},{"id":24995,"url":"https:\/\/noticiasribeiraopreto.com.br\/index.php\/2024\/01\/05\/primeiros-nomes-sao-oficialmente-anunciados-confira-lista\/","url_meta":{"origin":25185,"position":3},"title":"primeiros nomes s\u00e3o oficialmente anunciados; confira lista","author":"noticiasribeiraopreto.com.br","date":"5 de January de 2024","format":false,"excerpt":"A casa mais vigiada do Brasil est\u00e1 prestes a come\u00e7ar. Na pr\u00f3xima segunda feira, dia 8, estreia a edi\u00e7\u00e3o 24 do Big Brother Brasil e dois nomes j\u00e1 sa\u00edram na lista revelados pela pr\u00f3pria edi\u00e7\u00e3o do programa.Ap\u00f3s muito suspense, muito chute e spoiler, os nomes de Mc Bin Laden, de\u2026","rel":"","context":"In &quot;Blog&quot;","block_context":{"text":"Blog","link":"https:\/\/noticiasribeiraopreto.com.br\/index.php\/category\/blog\/"},"img":{"alt_text":"","src":"https:\/\/i0.wp.com\/noticiasribeiraopreto.com.br\/wp-content\/uploads\/2024\/01\/postimg-65984b168ef7e3447.jpg?fit=1200%2C628&ssl=1&resize=350%2C200","width":350,"height":200,"srcset":"https:\/\/i0.wp.com\/noticiasribeiraopreto.com.br\/wp-content\/uploads\/2024\/01\/postimg-65984b168ef7e3447.jpg?fit=1200%2C628&ssl=1&resize=350%2C200 1x, https:\/\/i0.wp.com\/noticiasribeiraopreto.com.br\/wp-content\/uploads\/2024\/01\/postimg-65984b168ef7e3447.jpg?fit=1200%2C628&ssl=1&resize=525%2C300 1.5x, https:\/\/i0.wp.com\/noticiasribeiraopreto.com.br\/wp-content\/uploads\/2024\/01\/postimg-65984b168ef7e3447.jpg?fit=1200%2C628&ssl=1&resize=700%2C400 2x, https:\/\/i0.wp.com\/noticiasribeiraopreto.com.br\/wp-content\/uploads\/2024\/01\/postimg-65984b168ef7e3447.jpg?fit=1200%2C628&ssl=1&resize=1050%2C600 3x"},"classes":[]},{"id":45031,"url":"https:\/\/noticiasribeiraopreto.com.br\/index.php\/2024\/04\/01\/bbb-24-davi-conquista-8-milhoes-de-seguidores-e-segue-na-lideranca-de-popularidade-nas-redes-sociais\/","url_meta":{"origin":25185,"position":4},"title":"BBB 24: Davi conquista 8 milh\u00f5es de seguidores e segue na lideran\u00e7a de popularidade nas redes sociais","author":"noticiasribeiraopreto.com.br","date":"1 de April de 2024","format":false,"excerpt":"BBB 24: Davi conquista 8 milh\u00f5es de seguidores e segue na lideran\u00e7a de popularidade nas redes sociaisA casa mais vigiada do Brasil est\u00e1 na reta final, mas o p\u00fablico ainda pode esperar surpresas ou reviravoltas. Nesta \u00faltima ter\u00e7a-feira, (26), o jogo acabou para a carioca Leidy Elin, que foi a\u2026","rel":"","context":"In &quot;Not\u00edcias de Ribeir\u00e3o Preto-SP e Regi\u00e3o&quot;","block_context":{"text":"Not\u00edcias de Ribeir\u00e3o Preto-SP e Regi\u00e3o","link":"https:\/\/noticiasribeiraopreto.com.br\/index.php\/category\/noticias-de-ribeirao-preto-sp-e-regiao-ismael-colosi\/"},"img":{"alt_text":"","src":"https:\/\/i0.wp.com\/noticiasribeiraopreto.com.br\/wp-content\/uploads\/2024\/04\/Davi-BBB24-1.webp.webp?fit=1200%2C800&ssl=1&resize=350%2C200","width":350,"height":200,"srcset":"https:\/\/i0.wp.com\/noticiasribeiraopreto.com.br\/wp-content\/uploads\/2024\/04\/Davi-BBB24-1.webp.webp?fit=1200%2C800&ssl=1&resize=350%2C200 1x, https:\/\/i0.wp.com\/noticiasribeiraopreto.com.br\/wp-content\/uploads\/2024\/04\/Davi-BBB24-1.webp.webp?fit=1200%2C800&ssl=1&resize=525%2C300 1.5x, https:\/\/i0.wp.com\/noticiasribeiraopreto.com.br\/wp-content\/uploads\/2024\/04\/Davi-BBB24-1.webp.webp?fit=1200%2C800&ssl=1&resize=700%2C400 2x, https:\/\/i0.wp.com\/noticiasribeiraopreto.com.br\/wp-content\/uploads\/2024\/04\/Davi-BBB24-1.webp.webp?fit=1200%2C800&ssl=1&resize=1050%2C600 3x"},"classes":[]},{"id":81635,"url":"https:\/\/noticiasribeiraopreto.com.br\/index.php\/2026\/01\/12\/relembre-os-participantes-do-bbb-de-ribeirao-elenco-de-2026-sera-anunciado-neste-domingo\/","url_meta":{"origin":25185,"position":5},"title":"Relembre os participantes do BBB de Ribeir\u00e3o; Elenco de 2026 ser\u00e1 anunciado neste domingo","author":"noticiasribeiraopreto.com.br","date":"12 de January de 2026","format":false,"excerpt":"O Big Brother Brasil 2026 est\u00e1 prestes a anunciar os participantes escolhidos pelo p\u00fablico para participar da nova edi\u00e7\u00e3o da \u201ccasa mais vigiado do Brasil\u201d. O resultado dos selecionados da Casa de Vidro ser\u00e1 divulgado neste domingo (11), durante o programa Sele\u00e7\u00e3o BBB, exibido pela TV Globo\/ EPTV, e os\u2026","rel":"","context":"In &quot;Not\u00edcias de Ribeir\u00e3o Preto-SP e Regi\u00e3o&quot;","block_context":{"text":"Not\u00edcias de Ribeir\u00e3o Preto-SP e Regi\u00e3o","link":"https:\/\/noticiasribeiraopreto.com.br\/index.php\/category\/noticias-de-ribeirao-preto-sp-e-regiao-ismael-colosi\/"},"img":{"alt_text":"","src":"https:\/\/i0.wp.com\/noticiasribeiraopreto.com.br\/wp-content\/uploads\/2026\/01\/domingo-76_2026-01-11_16-01-52.webp.webp?fit=1200%2C675&ssl=1&resize=350%2C200","width":350,"height":200,"srcset":"https:\/\/i0.wp.com\/noticiasribeiraopreto.com.br\/wp-content\/uploads\/2026\/01\/domingo-76_2026-01-11_16-01-52.webp.webp?fit=1200%2C675&ssl=1&resize=350%2C200 1x, https:\/\/i0.wp.com\/noticiasribeiraopreto.com.br\/wp-content\/uploads\/2026\/01\/domingo-76_2026-01-11_16-01-52.webp.webp?fit=1200%2C675&ssl=1&resize=525%2C300 1.5x, https:\/\/i0.wp.com\/noticiasribeiraopreto.com.br\/wp-content\/uploads\/2026\/01\/domingo-76_2026-01-11_16-01-52.webp.webp?fit=1200%2C675&ssl=1&resize=700%2C400 2x, https:\/\/i0.wp.com\/noticiasribeiraopreto.com.br\/wp-content\/uploads\/2026\/01\/domingo-76_2026-01-11_16-01-52.webp.webp?fit=1200%2C675&ssl=1&resize=1050%2C600 3x"},"classes":[]}],"jetpack_sharing_enabled":true,"jetpack_shortlink":"https:\/\/wp.me\/peQAOb-6yd","_links":{"self":[{"href":"https:\/\/noticiasribeiraopreto.com.br\/index.php\/wp-json\/wp\/v2\/posts\/25185","targetHints":{"allow":["GET"]}}],"collection":[{"href":"https:\/\/noticiasribeiraopreto.com.br\/index.php\/wp-json\/wp\/v2\/posts"}],"about":[{"href":"https:\/\/noticiasribeiraopreto.com.br\/index.php\/wp-json\/wp\/v2\/types\/post"}],"author":[{"embeddable":true,"href":"https:\/\/noticiasribeiraopreto.com.br\/index.php\/wp-json\/wp\/v2\/users\/1"}],"replies":[{"embeddable":true,"href":"https:\/\/noticiasribeiraopreto.com.br\/index.php\/wp-json\/wp\/v2\/comments?post=25185"}],"version-history":[{"count":0,"href":"https:\/\/noticiasribeiraopreto.com.br\/index.php\/wp-json\/wp\/v2\/posts\/25185\/revisions"}],"wp:featuredmedia":[{"embeddable":true,"href":"https:\/\/noticiasribeiraopreto.com.br\/index.php\/wp-json\/wp\/v2\/media\/25186"}],"wp:attachment":[{"href":"https:\/\/noticiasribeiraopreto.com.br\/index.php\/wp-json\/wp\/v2\/media?parent=25185"}],"wp:term":[{"taxonomy":"category","embeddable":true,"href":"https:\/\/noticiasribeiraopreto.com.br\/index.php\/wp-json\/wp\/v2\/categories?post=25185"},{"taxonomy":"post_tag","embeddable":true,"href":"https:\/\/noticiasribeiraopreto.com.br\/index.php\/wp-json\/wp\/v2\/tags?post=25185"}],"curies":[{"name":"wp","href":"https:\/\/api.w.org\/{rel}","templated":true}]}}