{"id":25217,"date":"2024-01-06T09:16:47","date_gmt":"2024-01-06T12:16:47","guid":{"rendered":"https:\/\/noticiasribeiraopreto.com.br\/index.php\/2024\/01\/06\/instituto-seleciona-empresas-para-projetos-de-tecnologia-no-rio-de-janeiro\/"},"modified":"2024-01-06T09:16:47","modified_gmt":"2024-01-06T12:16:47","slug":"instituto-seleciona-empresas-para-projetos-de-tecnologia-no-rio-de-janeiro","status":"publish","type":"post","link":"https:\/\/noticiasribeiraopreto.com.br\/index.php\/2024\/01\/06\/instituto-seleciona-empresas-para-projetos-de-tecnologia-no-rio-de-janeiro\/","title":{"rendered":"Instituto seleciona empresas para projetos de tecnologia no Rio de Janeiro"},"content":{"rendered":"<div class='code-block code-block-1' style='margin: 8px 0 8px auto; text-align: right; display: block; clear: both;'>\n<p><a href=\"https:\/\/wa.link\/vpicfd\"><img data-recalc-dims=\"1\" class=\"wp-image-4922\" style=\"aspect-ratio: 2.0253164556962027; width: 561px; height: auto;\" src=\"https:\/\/i0.wp.com\/ismaelcolosi.com.br\/wp-content\/uploads\/2023\/11\/grupo-de-empregos-whatsapp-e-facebook-ismael-colosi-vagas.jpg?ssl=1\" alt=\"\" \/><\/a><\/p>\n<!-- \/wp:image -->\n<\/div>\n<p> <br \/>\n<\/p>\n<div id=\"\">\n<div class=\"content-infos\">\n<div class=\"texts\">\n<p class=\"author tooltip-comp\"> Da reda\u00e7\u00e3o<span class=\"icon-i\">i<\/span><span class=\"tooltiptext\"> <span class=\"author\"><span>Da reda\u00e7\u00e3o<\/span> <\/span><span class=\"desc\"\/> <\/span><\/p>\n<p>06\/01\/2024 &#8211; 9:00<\/p>\n<\/div>\n<div id=\"share-modal\" class=\"share-modal\"> <button class=\"box-close btn-share\"> <img decoding=\"async\" src=\"https:\/\/istoedinheiro.com.br\/wp-content\/themes\/dinheiro-wp-theme\/assets\/img\/svg\/closeIcon.svg?x46096\" alt=\"Close icon\" class=\"close-btn lazy\"\/> <\/button><\/div>\n<\/p><\/div>\n<p>O Ibmec RJ est\u00e1 com inscri\u00e7\u00f5es abertas para selecionar empresas que t\u00eam interesse em participar dos seus projetos de tecnologia, do ciclo 2024.1. Empresas de qualquer segmento podem fazer as inscri\u00e7\u00f5es para participar, e as solu\u00e7\u00f5es em tecnologia \u00e9 que ser\u00e3o desenvolvidas pelos alunos e professores da institui\u00e7\u00e3o.<\/p>\n<p>Interessados devem preencher o <a href=\"https:\/\/bit.ly\/ibmec-tech-24-1-form\" rel=\"nofollow noopener\" target=\"_blank\"><strong>formul\u00e1rio de inscri\u00e7\u00e3o<\/strong><\/a> at\u00e9 o dia 19 de janeiro. Confira o <strong><a href=\"https:\/\/liveestacio-my.sharepoint.com\/personal\/00339239140_professores_ibmec_edu_br\/_layouts\/15\/onedrive.aspx?id=%2Fpersonal%2F00339239140%5Fprofessores%5Fibmec%5Fedu%5Fbr%2FDocuments%2Fibmec%20tech%20rj%20%2D%20extens%C3%A3o%2Fibmec%20tech%20rj%20%2D%20extens%C3%A3o%20%2D%20docentes%2F00%20%2D%20material%20introdut%C3%B3rio%2Fsele%C3%A7%C3%A3o%2F2024%2E1%2F2024%2E1%20%2D%20chamada%20para%20sele%C3%A7%C3%A3o%20de%20projetos%2Epdf&amp;parent=%2Fpersonal%2F00339239140%5Fprofessores%5Fibmec%5Fedu%5Fbr%2FDocuments%2Fibmec%20tech%20rj%20%2D%20extens%C3%A3o%2Fibmec%20tech%20rj%20%2D%20extens%C3%A3o%20%2D%20docentes%2F00%20%2D%20material%20introdut%C3%B3rio%2Fsele%C3%A7%C3%A3o%2F2024%2E1&amp;ga=1\" rel=\"nofollow noopener\" target=\"_blank\">edital aqui<\/a><\/strong>. Os alunos dos cursos de gradua\u00e7\u00e3o, na \u00e1rea de tecnologia do Ibmec RJ, atuam durante toda a forma\u00e7\u00e3o acad\u00eamica em projetos aplicados, que s\u00e3o desenvolvidos especialmente nas disciplinas de extens\u00e3o.<\/p>\n<p><strong>+ Especialistas d\u00e3o dicas de como conseguir o emprego dos sonhos em 2024<\/strong><\/p>\n<p>De acordo com Victor Machado, coordenador dos cursos de Tecnologia do Ibmec RJ, essas disciplinas ajudam o aluno na consolida\u00e7\u00e3o da sua forma\u00e7\u00e3o. \u201cNeste semestre teremos 11 disciplinas que fazem parte dos projetos de extens\u00e3o. Nossa inten\u00e7\u00e3o \u00e9 gerar intera\u00e7\u00e3o entre as empresas e nossos alunos, que ter\u00e3o desafios reais para solucionar, sempre seguindo as orienta\u00e7\u00f5es dos professores\u201d.<\/p>\n<p>Ele explica que por meio da metodologia de aprendizagem baseada em projetos do Ibmec, os alunos vivenciam o mercado de TI. Essa experi\u00eancia permite que eles desenvolvam algumas compet\u00eancias t\u00e9cnicas e comportamentais ao longo do curso, possibilitando tamb\u00e9m formar portf\u00f3lio profissional que ir\u00e1 ajud\u00e1-los futuramente.<\/p>\n<p>Os problemas resolvidos pelos alunos dentro das disciplinas ser\u00e3o apresentados \u00e0s empresas parceiras do Ibmec RJ, que acompanhar\u00e3o todo o processo de desenvolvimento e cria\u00e7\u00e3o dos projetos voltados para \u00e1reas de front-end, back-end, mobile, BI, sistemas embarcados e cloud.<\/p>\n<p>Para o aluno colocar em pr\u00e1tica o seu conhecimento, o Ibmec RJ ainda possui um Hub de empreendedorismo e inova\u00e7\u00e3o, onde os alunos fazem parte de um programa para desenvolver projetos de neg\u00f3cios baseados em casos reais. Eles t\u00eam mentorias com professores e empresas parceiras para alcan\u00e7ar o desenvolvimento profissional durante o curso.<\/p>\n<section data-hb-type=\"ads\" name=\"adsMateria\" data-hb-position=\"after-content\" data-hb-provider=\"\">\n<hr\/>\n<\/section>\n<div id=\"share-modal\" class=\"share-modal\"> <button class=\"box-close btn-share\"> <img decoding=\"async\" src=\"https:\/\/istoedinheiro.com.br\/wp-content\/themes\/dinheiro-wp-theme\/assets\/img\/svg\/closeIcon.svg?x46096\" alt=\"Close icon\" class=\"close-btn lazy\"\/> <\/button><\/div>\n<\/p><\/div>\n<p><script>!function(f,b,e,v,n,t,s){if(f.fbq)return;n=f.fbq=function(){n.callMethod?n.callMethod.apply(n,arguments):n.queue.push(arguments)};if(!f._fbq)f._fbq=n;n.push=n;n.loaded=!0;n.version='2.0';n.queue=[];t=b.createElement(e);t.async=!0;t.src=v;s=b.getElementsByTagName(e)[0];s.parentNode.insertBefore(t,s)}(window,document,'script','<\/script><br \/>\n<br \/><br \/>\n<br \/><a href=\"https:\/\/istoedinheiro.com.br\/instituto-seleciona-empresas-para-projetos-de-tecnologia-no-rio-de-janeiro\/\">Source link <\/a><\/p>\n<!-- CONTENT END 1 -->\n","protected":false},"excerpt":{"rendered":"<p>Da reda\u00e7\u00e3oi Da reda\u00e7\u00e3o 06\/01\/2024 &#8211; 9:00 O Ibmec RJ est\u00e1 com inscri\u00e7\u00f5es abertas para selecionar empresas que t\u00eam interesse em participar dos seus projetos&#8230;<\/p>\n","protected":false},"author":1,"featured_media":25218,"comment_status":"open","ping_status":"open","sticky":false,"template":"","format":"standard","meta":{"advanced_seo_description":"","jetpack_seo_html_title":"","jetpack_seo_noindex":false,"jetpack_post_was_ever_published":false,"_jetpack_newsletter_access":"","_jetpack_dont_email_post_to_subs":false,"_jetpack_newsletter_tier_id":0,"_jetpack_memberships_contains_paywalled_content":false,"_jetpack_memberships_contains_paid_content":false,"footnotes":"","jetpack_publicize_message":"","jetpack_publicize_feature_enabled":true,"jetpack_social_post_already_shared":true,"jetpack_social_options":{"image_generator_settings":{"template":"highway","default_image_id":0,"font":"","enabled":false},"version":2}},"categories":[7],"tags":[],"class_list":["post-25217","post","type-post","status-publish","format-standard","has-post-thumbnail","hentry","category-vagas-de-empregos-em-ribeirao-preto-regiao-brasil"],"jetpack_publicize_connections":[],"jetpack_featured_media_url":"https:\/\/i0.wp.com\/noticiasribeiraopreto.com.br\/wp-content\/uploads\/2024\/01\/estudantes-e1704467389786.jpg?fit=700%2C466&ssl=1","jetpack-related-posts":[{"id":17333,"url":"https:\/\/noticiasribeiraopreto.com.br\/index.php\/2023\/12\/18\/cielo-abre-inscricoes-para-novo-processo-seletivo-saiba-como-participar-2\/","url_meta":{"origin":25217,"position":0},"title":"Cielo abre inscri\u00e7\u00f5es para novo processo seletivo; saiba como participar","author":"noticiasribeiraopreto.com.br","date":"18 de December de 2023","format":false,"excerpt":"Est\u00e3o abertas as inscri\u00e7\u00f5es para o novo processo seletivo da Cielo. A oportunidade \u00e9 para a regi\u00e3o de Barueri\/SP e oferece vagas para diversas \u00e1reas. Interessados podem realizar suas inscri\u00e7\u00f5es at\u00e9 o dia 17 de janeiro do pr\u00f3ximo ano. O novo programa para est\u00e1gio da Cielo est\u00e1 a procura de\u2026","rel":"","context":"In &quot;Vagas de Emprego em Ribeir\u00e3o Preto-SP&quot;","block_context":{"text":"Vagas de Emprego em Ribeir\u00e3o Preto-SP","link":"https:\/\/noticiasribeiraopreto.com.br\/index.php\/category\/empregos-classificados-vagas-trabalho\/vagas-de-empregos-em-ribeirao-preto-regiao-brasil\/"},"img":{"alt_text":"","src":"https:\/\/i0.wp.com\/noticiasribeiraopreto.com.br\/wp-content\/uploads\/2023\/12\/cielo-divulgacao.jpg?fit=1200%2C675&ssl=1&resize=350%2C200","width":350,"height":200,"srcset":"https:\/\/i0.wp.com\/noticiasribeiraopreto.com.br\/wp-content\/uploads\/2023\/12\/cielo-divulgacao.jpg?fit=1200%2C675&ssl=1&resize=350%2C200 1x, https:\/\/i0.wp.com\/noticiasribeiraopreto.com.br\/wp-content\/uploads\/2023\/12\/cielo-divulgacao.jpg?fit=1200%2C675&ssl=1&resize=525%2C300 1.5x, https:\/\/i0.wp.com\/noticiasribeiraopreto.com.br\/wp-content\/uploads\/2023\/12\/cielo-divulgacao.jpg?fit=1200%2C675&ssl=1&resize=700%2C400 2x, https:\/\/i0.wp.com\/noticiasribeiraopreto.com.br\/wp-content\/uploads\/2023\/12\/cielo-divulgacao.jpg?fit=1200%2C675&ssl=1&resize=1050%2C600 3x"},"classes":[]},{"id":20668,"url":"https:\/\/noticiasribeiraopreto.com.br\/index.php\/2023\/12\/26\/inscricoes-para-o-processo-seletivo-cielo-vao-ate-meados-de-janeiro-2\/","url_meta":{"origin":25217,"position":1},"title":"Inscri\u00e7\u00f5es para o processo seletivo Cielo v\u00e3o at\u00e9 meados de janeiro","author":"noticiasribeiraopreto.com.br","date":"26 de December de 2023","format":false,"excerpt":"As inscri\u00e7\u00f5es para o novo processo seletivo da Cielo na regi\u00e3o de Barueri\/SP est\u00e3o abertas, contemplando diversas \u00e1reas. Os interessados podem se inscrever at\u00e9 o dia 17 de janeiro do pr\u00f3ximo ano. O programa de est\u00e1gio da Cielo busca jovens talentos alinhados com sua cultura de inova\u00e7\u00e3o, colabora\u00e7\u00e3o e autonomia,\u2026","rel":"","context":"In &quot;Vagas de Emprego em Ribeir\u00e3o Preto-SP&quot;","block_context":{"text":"Vagas de Emprego em Ribeir\u00e3o Preto-SP","link":"https:\/\/noticiasribeiraopreto.com.br\/index.php\/category\/empregos-classificados-vagas-trabalho\/vagas-de-empregos-em-ribeirao-preto-regiao-brasil\/"},"img":{"alt_text":"","src":"https:\/\/i0.wp.com\/noticiasribeiraopreto.com.br\/wp-content\/uploads\/2023\/12\/1703591007_cielo-divulgacao.jpg?fit=1200%2C675&ssl=1&resize=350%2C200","width":350,"height":200,"srcset":"https:\/\/i0.wp.com\/noticiasribeiraopreto.com.br\/wp-content\/uploads\/2023\/12\/1703591007_cielo-divulgacao.jpg?fit=1200%2C675&ssl=1&resize=350%2C200 1x, https:\/\/i0.wp.com\/noticiasribeiraopreto.com.br\/wp-content\/uploads\/2023\/12\/1703591007_cielo-divulgacao.jpg?fit=1200%2C675&ssl=1&resize=525%2C300 1.5x, https:\/\/i0.wp.com\/noticiasribeiraopreto.com.br\/wp-content\/uploads\/2023\/12\/1703591007_cielo-divulgacao.jpg?fit=1200%2C675&ssl=1&resize=700%2C400 2x, https:\/\/i0.wp.com\/noticiasribeiraopreto.com.br\/wp-content\/uploads\/2023\/12\/1703591007_cielo-divulgacao.jpg?fit=1200%2C675&ssl=1&resize=1050%2C600 3x"},"classes":[]},{"id":21888,"url":"https:\/\/noticiasribeiraopreto.com.br\/index.php\/2023\/12\/28\/agibank-oferta-35-vagas-em-processo-seletivo-veja-como-participar\/","url_meta":{"origin":25217,"position":2},"title":"Agibank oferta 35 vagas em processo seletivo; veja como participar","author":"noticiasribeiraopreto.com.br","date":"28 de December de 2023","format":false,"excerpt":"Est\u00e3o abertas as inscri\u00e7\u00f5es para o processo seletivo da Agibank, que oferece 35 vagas em diversas \u00e1reas na regi\u00e3o de S\u00e3o Paulo. Os interessados t\u00eam at\u00e9 22 de janeiro do pr\u00f3ximo ano para se candidatar. O novo programa de est\u00e1gio da Agibank, chamado \u201cCEO do Futuro\u201d, tem como objetivo recrutar\u2026","rel":"","context":"In &quot;Vagas de Emprego em Ribeir\u00e3o Preto-SP&quot;","block_context":{"text":"Vagas de Emprego em Ribeir\u00e3o Preto-SP","link":"https:\/\/noticiasribeiraopreto.com.br\/index.php\/category\/empregos-classificados-vagas-trabalho\/vagas-de-empregos-em-ribeirao-preto-regiao-brasil\/"},"img":{"alt_text":"","src":"https:\/\/i0.wp.com\/noticiasribeiraopreto.com.br\/wp-content\/uploads\/2023\/12\/agi-agibank-novo-divulgacao.jpg?fit=1200%2C675&ssl=1&resize=350%2C200","width":350,"height":200,"srcset":"https:\/\/i0.wp.com\/noticiasribeiraopreto.com.br\/wp-content\/uploads\/2023\/12\/agi-agibank-novo-divulgacao.jpg?fit=1200%2C675&ssl=1&resize=350%2C200 1x, https:\/\/i0.wp.com\/noticiasribeiraopreto.com.br\/wp-content\/uploads\/2023\/12\/agi-agibank-novo-divulgacao.jpg?fit=1200%2C675&ssl=1&resize=525%2C300 1.5x, https:\/\/i0.wp.com\/noticiasribeiraopreto.com.br\/wp-content\/uploads\/2023\/12\/agi-agibank-novo-divulgacao.jpg?fit=1200%2C675&ssl=1&resize=700%2C400 2x, https:\/\/i0.wp.com\/noticiasribeiraopreto.com.br\/wp-content\/uploads\/2023\/12\/agi-agibank-novo-divulgacao.jpg?fit=1200%2C675&ssl=1&resize=1050%2C600 3x"},"classes":[]},{"id":49154,"url":"https:\/\/noticiasribeiraopreto.com.br\/index.php\/2024\/05\/08\/startup-bettha-anuncia-programas-de-estagio-em-empresas-como-ype-accenture-e-akzo-nobel\/","url_meta":{"origin":25217,"position":3},"title":"Startup Bettha anuncia programas de est\u00e1gio em empresas como Yp\u00ea, Accenture e Akzo Nobel","author":"noticiasribeiraopreto.com.br","date":"8 de May de 2024","format":false,"excerpt":"Da reda\u00e7\u00e3oi Da reda\u00e7\u00e3o 08\/05\/2024 - 19:53 A Bettha, startup brasileira pioneira em recrutamento e sele\u00e7\u00e3o por meio de intelig\u00eancia artificial, est\u00e1 com as inscri\u00e7\u00f5es abertas para os programas de est\u00e1gio 2024 em parceria com grandes empresas, como Yp\u00ea, Afya, Akzo Nobel, entre outras.Os programas de est\u00e1gio representam oportunidades para\u2026","rel":"","context":"In &quot;Empregos - Classificados&quot;","block_context":{"text":"Empregos - Classificados","link":"https:\/\/noticiasribeiraopreto.com.br\/index.php\/category\/empregos-classificados-vagas-trabalho\/"},"img":{"alt_text":"","src":"https:\/\/i0.wp.com\/noticiasribeiraopreto.com.br\/wp-content\/uploads\/2024\/05\/jovens-na-sala-de-aula-com-computadores-23-2147663656.jpg?fit=996%2C664&ssl=1&resize=350%2C200","width":350,"height":200,"srcset":"https:\/\/i0.wp.com\/noticiasribeiraopreto.com.br\/wp-content\/uploads\/2024\/05\/jovens-na-sala-de-aula-com-computadores-23-2147663656.jpg?fit=996%2C664&ssl=1&resize=350%2C200 1x, https:\/\/i0.wp.com\/noticiasribeiraopreto.com.br\/wp-content\/uploads\/2024\/05\/jovens-na-sala-de-aula-com-computadores-23-2147663656.jpg?fit=996%2C664&ssl=1&resize=525%2C300 1.5x, https:\/\/i0.wp.com\/noticiasribeiraopreto.com.br\/wp-content\/uploads\/2024\/05\/jovens-na-sala-de-aula-com-computadores-23-2147663656.jpg?fit=996%2C664&ssl=1&resize=700%2C400 2x"},"classes":[]},{"id":11894,"url":"https:\/\/noticiasribeiraopreto.com.br\/index.php\/2023\/12\/07\/5-empresas-de-tecnologia-com-processo-seletivo-aberto-2\/","url_meta":{"origin":25217,"position":4},"title":"5 empresas de tecnologia com processo seletivo aberto","author":"noticiasribeiraopreto.com.br","date":"7 de December de 2023","format":false,"excerpt":"Se voc\u00ea est\u00e1 em busca de uma oportunidade de trabalho no setor de tecnologia, confira as vagas dispon\u00edveis em cinco empresas que est\u00e3o contratando. O ano de 2023 est\u00e1 chegando ao fim, mas ainda h\u00e1 tempo para come\u00e7ar 2024 com um novo emprego. Se voc\u00ea tem interesse em trabalhar no\u2026","rel":"","context":"In &quot;Vagas de Emprego em Ribeir\u00e3o Preto-SP&quot;","block_context":{"text":"Vagas de Emprego em Ribeir\u00e3o Preto-SP","link":"https:\/\/noticiasribeiraopreto.com.br\/index.php\/category\/empregos-classificados-vagas-trabalho\/vagas-de-empregos-em-ribeirao-preto-regiao-brasil\/"},"img":{"alt_text":"","src":"https:\/\/i0.wp.com\/noticiasribeiraopreto.com.br\/wp-content\/uploads\/2023\/12\/1701920904_tec-tecnologia-ti-pixabay.jpg?fit=1200%2C675&ssl=1&resize=350%2C200","width":350,"height":200,"srcset":"https:\/\/i0.wp.com\/noticiasribeiraopreto.com.br\/wp-content\/uploads\/2023\/12\/1701920904_tec-tecnologia-ti-pixabay.jpg?fit=1200%2C675&ssl=1&resize=350%2C200 1x, https:\/\/i0.wp.com\/noticiasribeiraopreto.com.br\/wp-content\/uploads\/2023\/12\/1701920904_tec-tecnologia-ti-pixabay.jpg?fit=1200%2C675&ssl=1&resize=525%2C300 1.5x, https:\/\/i0.wp.com\/noticiasribeiraopreto.com.br\/wp-content\/uploads\/2023\/12\/1701920904_tec-tecnologia-ti-pixabay.jpg?fit=1200%2C675&ssl=1&resize=700%2C400 2x, https:\/\/i0.wp.com\/noticiasribeiraopreto.com.br\/wp-content\/uploads\/2023\/12\/1701920904_tec-tecnologia-ti-pixabay.jpg?fit=1200%2C675&ssl=1&resize=1050%2C600 3x"},"classes":[]},{"id":18313,"url":"https:\/\/noticiasribeiraopreto.com.br\/index.php\/2023\/12\/20\/mondelez-honda-minerva-foods-e-outras-empresas-oferecem-mais-de-6-mil-vagas-de-emprego-2\/","url_meta":{"origin":25217,"position":5},"title":"Mondelez, Honda, Minerva Foods e outras empresas oferecem mais de 6 mil vagas de emprego","author":"noticiasribeiraopreto.com.br","date":"20 de December de 2023","format":false,"excerpt":"Na \u00faltima ter\u00e7a-feira (19), diversas empresas renomadas divulgaram a abertura de processos seletivos, com vagas em todo o Brasil. O JC Concursos fez um compilado das principais sele\u00e7\u00f5es publicadas, com destaque para Mondelez, PPG, Honda, Akad Seguros, Minerva Foods, Portal de Empregos e Youse.\u00a0 Confira as oportunidades abaixo e n\u00e3o\u2026","rel":"","context":"In &quot;Vagas de Emprego em Ribeir\u00e3o Preto-SP&quot;","block_context":{"text":"Vagas de Emprego em Ribeir\u00e3o Preto-SP","link":"https:\/\/noticiasribeiraopreto.com.br\/index.php\/category\/empregos-classificados-vagas-trabalho\/vagas-de-empregos-em-ribeirao-preto-regiao-brasil\/"},"img":{"alt_text":"","src":"https:\/\/i0.wp.com\/noticiasribeiraopreto.com.br\/wp-content\/uploads\/2023\/12\/movile_vagas_de_emprego_divulgacao.jpg?fit=1200%2C675&ssl=1&resize=350%2C200","width":350,"height":200,"srcset":"https:\/\/i0.wp.com\/noticiasribeiraopreto.com.br\/wp-content\/uploads\/2023\/12\/movile_vagas_de_emprego_divulgacao.jpg?fit=1200%2C675&ssl=1&resize=350%2C200 1x, https:\/\/i0.wp.com\/noticiasribeiraopreto.com.br\/wp-content\/uploads\/2023\/12\/movile_vagas_de_emprego_divulgacao.jpg?fit=1200%2C675&ssl=1&resize=525%2C300 1.5x, https:\/\/i0.wp.com\/noticiasribeiraopreto.com.br\/wp-content\/uploads\/2023\/12\/movile_vagas_de_emprego_divulgacao.jpg?fit=1200%2C675&ssl=1&resize=700%2C400 2x, https:\/\/i0.wp.com\/noticiasribeiraopreto.com.br\/wp-content\/uploads\/2023\/12\/movile_vagas_de_emprego_divulgacao.jpg?fit=1200%2C675&ssl=1&resize=1050%2C600 3x"},"classes":[]}],"jetpack_sharing_enabled":true,"jetpack_shortlink":"https:\/\/wp.me\/peQAOb-6yJ","_links":{"self":[{"href":"https:\/\/noticiasribeiraopreto.com.br\/index.php\/wp-json\/wp\/v2\/posts\/25217","targetHints":{"allow":["GET"]}}],"collection":[{"href":"https:\/\/noticiasribeiraopreto.com.br\/index.php\/wp-json\/wp\/v2\/posts"}],"about":[{"href":"https:\/\/noticiasribeiraopreto.com.br\/index.php\/wp-json\/wp\/v2\/types\/post"}],"author":[{"embeddable":true,"href":"https:\/\/noticiasribeiraopreto.com.br\/index.php\/wp-json\/wp\/v2\/users\/1"}],"replies":[{"embeddable":true,"href":"https:\/\/noticiasribeiraopreto.com.br\/index.php\/wp-json\/wp\/v2\/comments?post=25217"}],"version-history":[{"count":0,"href":"https:\/\/noticiasribeiraopreto.com.br\/index.php\/wp-json\/wp\/v2\/posts\/25217\/revisions"}],"wp:featuredmedia":[{"embeddable":true,"href":"https:\/\/noticiasribeiraopreto.com.br\/index.php\/wp-json\/wp\/v2\/media\/25218"}],"wp:attachment":[{"href":"https:\/\/noticiasribeiraopreto.com.br\/index.php\/wp-json\/wp\/v2\/media?parent=25217"}],"wp:term":[{"taxonomy":"category","embeddable":true,"href":"https:\/\/noticiasribeiraopreto.com.br\/index.php\/wp-json\/wp\/v2\/categories?post=25217"},{"taxonomy":"post_tag","embeddable":true,"href":"https:\/\/noticiasribeiraopreto.com.br\/index.php\/wp-json\/wp\/v2\/tags?post=25217"}],"curies":[{"name":"wp","href":"https:\/\/api.w.org\/{rel}","templated":true}]}}