{"id":25397,"date":"2024-01-07T09:24:13","date_gmt":"2024-01-07T12:24:13","guid":{"rendered":"https:\/\/noticiasribeiraopreto.com.br\/index.php\/2024\/01\/07\/casamento-no-club-med\/"},"modified":"2024-01-07T09:24:13","modified_gmt":"2024-01-07T12:24:13","slug":"casamento-no-club-med","status":"publish","type":"post","link":"https:\/\/noticiasribeiraopreto.com.br\/index.php\/2024\/01\/07\/casamento-no-club-med\/","title":{"rendered":"Casamento no Club Med"},"content":{"rendered":"<div class='code-block code-block-1' style='margin: 8px 0 8px auto; text-align: right; display: block; clear: both;'>\n<p><a href=\"https:\/\/wa.link\/vpicfd\"><img data-recalc-dims=\"1\" class=\"wp-image-4922\" style=\"aspect-ratio: 2.0253164556962027; width: 561px; height: auto;\" src=\"https:\/\/i0.wp.com\/ismaelcolosi.com.br\/wp-content\/uploads\/2023\/11\/grupo-de-empregos-whatsapp-e-facebook-ismael-colosi-vagas.jpg?ssl=1\" alt=\"\" \/><\/a><\/p>\n<!-- \/wp:image -->\n<\/div>\n<p> <br \/>\n<\/p>\n<p style=\"font-weight: 400\">As fal\u00e9sias do Club Med de Trancoso foi palco para a uni\u00e3o de Renata Camapum e Pedro Henrique Jorge.<\/p>\n<p style=\"font-weight: 400\">Casamento cinematogr\u00e1fico.<\/p>\n<p>O post Casamento no Club Med apareceu primeiro em Jornal Tribuna Ribeir\u00e3o.<\/p>\n<p><br \/>\n<br \/><a href=\"https:\/\/www.tribunaribeirao.com.br\/site\/casamento-no-club-med\/\">Source link <\/a><\/p>\n<!-- CONTENT END 1 -->\n","protected":false},"excerpt":{"rendered":"<p>As fal\u00e9sias do Club Med de Trancoso foi palco para a uni\u00e3o de Renata Camapum e Pedro Henrique Jorge. Casamento cinematogr\u00e1fico. O post Casamento no&#8230;<\/p>\n","protected":false},"author":1,"featured_media":25398,"comment_status":"open","ping_status":"open","sticky":false,"template":"","format":"standard","meta":{"advanced_seo_description":"","jetpack_seo_html_title":"","jetpack_seo_noindex":false,"jetpack_post_was_ever_published":false,"_jetpack_newsletter_access":"","_jetpack_dont_email_post_to_subs":false,"_jetpack_newsletter_tier_id":0,"_jetpack_memberships_contains_paywalled_content":false,"_jetpack_memberships_contains_paid_content":false,"footnotes":"","jetpack_publicize_message":"","jetpack_publicize_feature_enabled":true,"jetpack_social_post_already_shared":true,"jetpack_social_options":{"image_generator_settings":{"template":"highway","default_image_id":0,"font":"","enabled":false},"version":2}},"categories":[11],"tags":[3149,3150,3151],"class_list":["post-25397","post","type-post","status-publish","format-standard","has-post-thumbnail","hentry","category-noticias-de-ribeirao-preto-sp-e-regiao-ismael-colosi","tag-casamento","tag-club","tag-med"],"jetpack_publicize_connections":[],"jetpack_featured_media_url":"https:\/\/i0.wp.com\/noticiasribeiraopreto.com.br\/wp-content\/uploads\/2024\/01\/IMG_4419-scaled.jpeg?fit=735%2C645&ssl=1","jetpack-related-posts":[{"id":29856,"url":"https:\/\/noticiasribeiraopreto.com.br\/index.php\/2024\/01\/19\/nany-people-se-apresenta-em-ribeirao-com-o-stand-up-como-salvar-um-casamento\/","url_meta":{"origin":25397,"position":0},"title":"Nany People se apresenta em Ribeir\u00e3o com o stand-up &#8216;Como Salvar Um Casamento&#8217;","author":"noticiasribeiraopreto.com.br","date":"19 de January de 2024","format":false,"excerpt":"A atriz e comediante Nany People volta a Ribeir\u00e3o Preto no dia 1\u00ba de mar\u00e7o para apresentar o seu novo espet\u00e1culo \u201cComo Salvar Um Casamento\u201c, no Teatro Municipal. A artista retorna \u00e0s suas ra\u00edzes teatrais num mon\u00f3logo que fez hist\u00f3ria em sua carreira. O espet\u00e1culo ter\u00e1 \u00fanica apresenta\u00e7\u00e3o e as\u2026","rel":"","context":"In &quot;Not\u00edcias de Ribeir\u00e3o Preto-SP e Regi\u00e3o&quot;","block_context":{"text":"Not\u00edcias de Ribeir\u00e3o Preto-SP e Regi\u00e3o","link":"https:\/\/noticiasribeiraopreto.com.br\/index.php\/category\/noticias-de-ribeirao-preto-sp-e-regiao-ismael-colosi\/"},"img":{"alt_text":"","src":"https:\/\/i0.wp.com\/noticiasribeiraopreto.com.br\/wp-content\/uploads\/2024\/01\/FOTO-CARDS-1.jpg?fit=640%2C500&ssl=1&resize=350%2C200","width":350,"height":200,"srcset":"https:\/\/i0.wp.com\/noticiasribeiraopreto.com.br\/wp-content\/uploads\/2024\/01\/FOTO-CARDS-1.jpg?fit=640%2C500&ssl=1&resize=350%2C200 1x, https:\/\/i0.wp.com\/noticiasribeiraopreto.com.br\/wp-content\/uploads\/2024\/01\/FOTO-CARDS-1.jpg?fit=640%2C500&ssl=1&resize=525%2C300 1.5x"},"classes":[]},{"id":50101,"url":"https:\/\/noticiasribeiraopreto.com.br\/index.php\/2024\/05\/14\/homens-se-casam-mais-do-que-as-mulheres-a-partir-dos-30-anos-em-ribeirao-preto\/","url_meta":{"origin":25397,"position":1},"title":"Homens se casam mais do que as mulheres a partir dos 30 anos em Ribeir\u00e3o Preto","author":"noticiasribeiraopreto.com.br","date":"14 de May de 2024","format":false,"excerpt":"Uma pesquisa realizada pela Funda\u00e7\u00e3o Seade aponta que homens se casam mais do que as mulheres a partir dos 30 anos em Ribeir\u00e3o Preto. Os dados sobre casamentos em 2024 foram divulgados nesta ter\u00e7a-feira (14) e s\u00e3o divididos entre os sexos por regi\u00e3o administrativa e por munic\u00edpio do estado de\u2026","rel":"","context":"In &quot;Not\u00edcias de Ribeir\u00e3o Preto-SP e Regi\u00e3o&quot;","block_context":{"text":"Not\u00edcias de Ribeir\u00e3o Preto-SP e Regi\u00e3o","link":"https:\/\/noticiasribeiraopreto.com.br\/index.php\/category\/noticias-de-ribeirao-preto-sp-e-regiao-ismael-colosi\/"},"img":{"alt_text":"","src":"https:\/\/i0.wp.com\/noticiasribeiraopreto.com.br\/wp-content\/uploads\/2024\/05\/wedding-g9aad253bf_1920.jpg?fit=1200%2C800&ssl=1&resize=350%2C200","width":350,"height":200,"srcset":"https:\/\/i0.wp.com\/noticiasribeiraopreto.com.br\/wp-content\/uploads\/2024\/05\/wedding-g9aad253bf_1920.jpg?fit=1200%2C800&ssl=1&resize=350%2C200 1x, https:\/\/i0.wp.com\/noticiasribeiraopreto.com.br\/wp-content\/uploads\/2024\/05\/wedding-g9aad253bf_1920.jpg?fit=1200%2C800&ssl=1&resize=525%2C300 1.5x, https:\/\/i0.wp.com\/noticiasribeiraopreto.com.br\/wp-content\/uploads\/2024\/05\/wedding-g9aad253bf_1920.jpg?fit=1200%2C800&ssl=1&resize=700%2C400 2x, https:\/\/i0.wp.com\/noticiasribeiraopreto.com.br\/wp-content\/uploads\/2024\/05\/wedding-g9aad253bf_1920.jpg?fit=1200%2C800&ssl=1&resize=1050%2C600 3x"},"classes":[]},{"id":21400,"url":"https:\/\/noticiasribeiraopreto.com.br\/index.php\/2023\/12\/27\/casamentos-homoafetivos-no-brasil-aumentam-149-em-nove-anos\/","url_meta":{"origin":25397,"position":2},"title":"Casamentos homoafetivos no Brasil aumentam 149% em nove anos","author":"noticiasribeiraopreto.com.br","date":"27 de December de 2023","format":false,"excerpt":"O Brasil registrou\u00a059.620 casamentos entre pessoas do mesmo sexo entre 2013 e 2021. Os dados s\u00e3o do Observat\u00f3rio Nacional dos Direitos Humanos (ObservaDH), sob gest\u00e3o do Minist\u00e9rio dos Direitos Humanos e da Cidadania (MDHC). O levantamento tem como base\u00a0as estat\u00edsticas\u00a0do Registro Civil do Instituto Brasileiro de Geografia e Estat\u00edstica (IBGE).O\u2026","rel":"","context":"In &quot;Not\u00edcias de Ribeir\u00e3o Preto-SP e Regi\u00e3o&quot;","block_context":{"text":"Not\u00edcias de Ribeir\u00e3o Preto-SP e Regi\u00e3o","link":"https:\/\/noticiasribeiraopreto.com.br\/index.php\/category\/noticias-de-ribeirao-preto-sp-e-regiao-ismael-colosi\/"},"img":{"alt_text":"","src":"https:\/\/i0.wp.com\/noticiasribeiraopreto.com.br\/wp-content\/uploads\/2023\/12\/casamento-homoafetivo-casa-assuf-foto-reproducao-internet-5-1128x752-1-scaled.jpg?fit=967%2C645&ssl=1&resize=350%2C200","width":350,"height":200,"srcset":"https:\/\/i0.wp.com\/noticiasribeiraopreto.com.br\/wp-content\/uploads\/2023\/12\/casamento-homoafetivo-casa-assuf-foto-reproducao-internet-5-1128x752-1-scaled.jpg?fit=967%2C645&ssl=1&resize=350%2C200 1x, https:\/\/i0.wp.com\/noticiasribeiraopreto.com.br\/wp-content\/uploads\/2023\/12\/casamento-homoafetivo-casa-assuf-foto-reproducao-internet-5-1128x752-1-scaled.jpg?fit=967%2C645&ssl=1&resize=525%2C300 1.5x, https:\/\/i0.wp.com\/noticiasribeiraopreto.com.br\/wp-content\/uploads\/2023\/12\/casamento-homoafetivo-casa-assuf-foto-reproducao-internet-5-1128x752-1-scaled.jpg?fit=967%2C645&ssl=1&resize=700%2C400 2x"},"classes":[]},{"id":29142,"url":"https:\/\/noticiasribeiraopreto.com.br\/index.php\/2024\/01\/17\/teatro-municipal-de-ribeirao-recebe-musical-o-casamento-da-dona-baratinha\/","url_meta":{"origin":25397,"position":3},"title":"Teatro Municipal de Ribeir\u00e3o recebe musical \u2018O Casamento da Dona Baratinha\u2019","author":"noticiasribeiraopreto.com.br","date":"17 de January de 2024","format":false,"excerpt":"O musical infantil \u201cO Casamento da Dona Baratinha\u201d chega a Ribeir\u00e3o Preto no dia 25 de fevereiro, \u00e0s 16h, no Teatro Municipal. Os ingressos custam a partir de R$ 30 e podem ser comprados pela internet (clique aqui). Sinopse Na pe\u00e7a, Dona Baratinha herda de sua tia Baratonilda, todos os\u2026","rel":"","context":"In &quot;Not\u00edcias de Ribeir\u00e3o Preto-SP e Regi\u00e3o&quot;","block_context":{"text":"Not\u00edcias de Ribeir\u00e3o Preto-SP e Regi\u00e3o","link":"https:\/\/noticiasribeiraopreto.com.br\/index.php\/category\/noticias-de-ribeirao-preto-sp-e-regiao-ismael-colosi\/"},"img":{"alt_text":"","src":"https:\/\/i0.wp.com\/noticiasribeiraopreto.com.br\/wp-content\/uploads\/2024\/01\/com-macaco.jpg?fit=1200%2C900&ssl=1&resize=350%2C200","width":350,"height":200,"srcset":"https:\/\/i0.wp.com\/noticiasribeiraopreto.com.br\/wp-content\/uploads\/2024\/01\/com-macaco.jpg?fit=1200%2C900&ssl=1&resize=350%2C200 1x, https:\/\/i0.wp.com\/noticiasribeiraopreto.com.br\/wp-content\/uploads\/2024\/01\/com-macaco.jpg?fit=1200%2C900&ssl=1&resize=525%2C300 1.5x, https:\/\/i0.wp.com\/noticiasribeiraopreto.com.br\/wp-content\/uploads\/2024\/01\/com-macaco.jpg?fit=1200%2C900&ssl=1&resize=700%2C400 2x, https:\/\/i0.wp.com\/noticiasribeiraopreto.com.br\/wp-content\/uploads\/2024\/01\/com-macaco.jpg?fit=1200%2C900&ssl=1&resize=1050%2C600 3x"},"classes":[]},{"id":69224,"url":"https:\/\/noticiasribeiraopreto.com.br\/index.php\/2025\/05\/03\/fa-pede-namorada-em-casamento-no-show-de-ze-neto-e-cristiano-durante-rrm\/","url_meta":{"origin":25397,"position":4},"title":"F\u00e3 pede namorada em casamento no show de Z\u00e9 Neto e Cristiano durante RRM","author":"noticiasribeiraopreto.com.br","date":"3 de May de 2025","format":false,"excerpt":"O show da dupla sertaneja Z\u00e9 Neto e Cristiano, na noite desta sexta-feira (2), durante o Ribeir\u00e3o Rodeo Music 2025 foi marcado por um momento especial: um f\u00e3 pediu a namorada em casamento no palco. Matheus, que estava na plateia, conseguiu chamar aten\u00e7\u00e3o da dupla e foi convidado a subir\u2026","rel":"","context":"In &quot;Not\u00edcias de Ribeir\u00e3o Preto-SP e Regi\u00e3o&quot;","block_context":{"text":"Not\u00edcias de Ribeir\u00e3o Preto-SP e Regi\u00e3o","link":"https:\/\/noticiasribeiraopreto.com.br\/index.php\/category\/noticias-de-ribeirao-preto-sp-e-regiao-ismael-colosi\/"},"img":{"alt_text":"","src":"https:\/\/i0.wp.com\/noticiasribeiraopreto.com.br\/wp-content\/uploads\/2025\/05\/pedido-de-casamento_2025-05-03_17-29-29.webp.webp?fit=639%2C353&ssl=1&resize=350%2C200","width":350,"height":200,"srcset":"https:\/\/i0.wp.com\/noticiasribeiraopreto.com.br\/wp-content\/uploads\/2025\/05\/pedido-de-casamento_2025-05-03_17-29-29.webp.webp?fit=639%2C353&ssl=1&resize=350%2C200 1x, https:\/\/i0.wp.com\/noticiasribeiraopreto.com.br\/wp-content\/uploads\/2025\/05\/pedido-de-casamento_2025-05-03_17-29-29.webp.webp?fit=639%2C353&ssl=1&resize=525%2C300 1.5x"},"classes":[]},{"id":65834,"url":"https:\/\/noticiasribeiraopreto.com.br\/index.php\/2025\/03\/25\/jornal-da-franca-micro-wedding-as-pequenas-festas-intimistas-de-casamento-que-vieram-para-ficar\/","url_meta":{"origin":25397,"position":5},"title":"Jornal da Franca &#8211; Micro Wedding: As pequenas festas intimistas de casamento que vieram para ficar","author":"noticiasribeiraopreto.com.br","date":"25 de March de 2025","format":false,"excerpt":"compartilhar no whatsapp compartilhar no telegram compartilhar no facebook compartilhar no linkedin Modalidade ganha popularidade ao oferecer celebra\u00e7\u00f5es menores, mais em conta e personalizadas, redefinindo o conceito de casamento O crescimento no n\u00famero de casamentos no Brasil (foram 921.412 em 2024) acompanha uma tend\u00eancia que veio para ficar: os micro\u2026","rel":"","context":"In &quot;Not\u00edcias de Franca-SP&quot;","block_context":{"text":"Not\u00edcias de Franca-SP","link":"https:\/\/noticiasribeiraopreto.com.br\/index.php\/category\/noticias-de-ribeirao-preto-sp-e-regiao-ismael-colosi\/noticias-franca-sp\/"},"img":{"alt_text":"","src":"https:\/\/i0.wp.com\/noticiasribeiraopreto.com.br\/wp-content\/uploads\/2025\/03\/2149043956.jpg?fit=1000%2C667&ssl=1&resize=350%2C200","width":350,"height":200,"srcset":"https:\/\/i0.wp.com\/noticiasribeiraopreto.com.br\/wp-content\/uploads\/2025\/03\/2149043956.jpg?fit=1000%2C667&ssl=1&resize=350%2C200 1x, https:\/\/i0.wp.com\/noticiasribeiraopreto.com.br\/wp-content\/uploads\/2025\/03\/2149043956.jpg?fit=1000%2C667&ssl=1&resize=525%2C300 1.5x, https:\/\/i0.wp.com\/noticiasribeiraopreto.com.br\/wp-content\/uploads\/2025\/03\/2149043956.jpg?fit=1000%2C667&ssl=1&resize=700%2C400 2x"},"classes":[]}],"jetpack_sharing_enabled":true,"jetpack_shortlink":"https:\/\/wp.me\/peQAOb-6BD","_links":{"self":[{"href":"https:\/\/noticiasribeiraopreto.com.br\/index.php\/wp-json\/wp\/v2\/posts\/25397","targetHints":{"allow":["GET"]}}],"collection":[{"href":"https:\/\/noticiasribeiraopreto.com.br\/index.php\/wp-json\/wp\/v2\/posts"}],"about":[{"href":"https:\/\/noticiasribeiraopreto.com.br\/index.php\/wp-json\/wp\/v2\/types\/post"}],"author":[{"embeddable":true,"href":"https:\/\/noticiasribeiraopreto.com.br\/index.php\/wp-json\/wp\/v2\/users\/1"}],"replies":[{"embeddable":true,"href":"https:\/\/noticiasribeiraopreto.com.br\/index.php\/wp-json\/wp\/v2\/comments?post=25397"}],"version-history":[{"count":0,"href":"https:\/\/noticiasribeiraopreto.com.br\/index.php\/wp-json\/wp\/v2\/posts\/25397\/revisions"}],"wp:featuredmedia":[{"embeddable":true,"href":"https:\/\/noticiasribeiraopreto.com.br\/index.php\/wp-json\/wp\/v2\/media\/25398"}],"wp:attachment":[{"href":"https:\/\/noticiasribeiraopreto.com.br\/index.php\/wp-json\/wp\/v2\/media?parent=25397"}],"wp:term":[{"taxonomy":"category","embeddable":true,"href":"https:\/\/noticiasribeiraopreto.com.br\/index.php\/wp-json\/wp\/v2\/categories?post=25397"},{"taxonomy":"post_tag","embeddable":true,"href":"https:\/\/noticiasribeiraopreto.com.br\/index.php\/wp-json\/wp\/v2\/tags?post=25397"}],"curies":[{"name":"wp","href":"https:\/\/api.w.org\/{rel}","templated":true}]}}