{"id":25401,"date":"2024-01-07T09:38:03","date_gmt":"2024-01-07T12:38:03","guid":{"rendered":"https:\/\/noticiasribeiraopreto.com.br\/index.php\/2024\/01\/07\/veja-a-situacao-dos-moradores-de-ribeirao-preto-presos-nos-atos-de-8-de-janeiro\/"},"modified":"2024-01-07T09:38:03","modified_gmt":"2024-01-07T12:38:03","slug":"veja-a-situacao-dos-moradores-de-ribeirao-preto-presos-nos-atos-de-8-de-janeiro","status":"publish","type":"post","link":"https:\/\/noticiasribeiraopreto.com.br\/index.php\/2024\/01\/07\/veja-a-situacao-dos-moradores-de-ribeirao-preto-presos-nos-atos-de-8-de-janeiro\/","title":{"rendered":"Veja a situa\u00e7\u00e3o dos moradores de Ribeir\u00e3o Preto presos nos atos de 8 de janeiro"},"content":{"rendered":"<div class='code-block code-block-1' style='margin: 8px 0 8px auto; text-align: right; display: block; clear: both;'>\n<p><a href=\"https:\/\/wa.link\/vpicfd\"><img data-recalc-dims=\"1\" class=\"wp-image-4922\" style=\"aspect-ratio: 2.0253164556962027; width: 561px; height: auto;\" src=\"https:\/\/i0.wp.com\/ismaelcolosi.com.br\/wp-content\/uploads\/2023\/11\/grupo-de-empregos-whatsapp-e-facebook-ismael-colosi-vagas.jpg?ssl=1\" alt=\"\" \/><\/a><\/p>\n<!-- \/wp:image -->\n<\/div>\n<p> <br \/>\n<\/p>\n<div>\n<p>Os dois moradores de <strong>Ribeir\u00e3o Preto<\/strong> que foram presos ap\u00f3s os atos antidemocr\u00e1ticos de 8 de janeiro de 2023, em <strong>Bras\u00edlia<\/strong>, ainda aguardam para serem julgados pelo<strong><a href=\"https:\/\/portal.stf.jus.br\/\" target=\"_blank\" rel=\"noreferrer noopener nofollow\"> STF (Supremo Tribunal Federal).<\/a><\/strong> Desde agosto, a advogada <strong>Nara Faustino de Menezes<\/strong> e o ex-advogado<strong> Barquet Miguel J\u00fanior<\/strong>, respondem o processo em liberdade.<\/p>\n<h4 class=\"wp-block-heading\"><strong>Na fila para pauta<\/strong><\/h4>\n<p>De acordo com o STF, tanto o processo referente a Nara, quanto o processo referente a Barquet, <mark style=\"background-color:#fcb900\" class=\"has-inline-color has-black-color\">j\u00e1 foram encaminhados pelo ministro <strong>K\u00e1ssio Nunes Marques<\/strong>, revisor das a\u00e7\u00f5es, para que a presid\u00eancia possa inclu\u00ed-los na pauta de julgamento.<\/mark><\/p>\n<p>Contudo, isso s\u00f3 deve ocorrer ap\u00f3s a conclus\u00e3o de julgamento virtual de outros 40 r\u00e9us, o que s\u00f3 deve ocorrer no dia 5 de fevereiro. Lembrando que o STF est\u00e1 em recesso at\u00e9 o dia 20 de janeiro.<\/p>\n<h4 class=\"wp-block-heading\"><strong>Negam participa\u00e7\u00e3o<\/strong><\/h4>\n<p>Nos depoimentos realizados ap\u00f3s a pris\u00e3o, em janeiro do ano passado, tanto Nara Faustino, quanto Barquet Miguel J\u00fanior, negaram terem participado da depreda\u00e7\u00e3o dos pr\u00e9dios p\u00fablicos localizados na <strong>Pra\u00e7a dos Tr\u00eas Poderes<\/strong>, em<strong> Bras\u00edlia<\/strong>.<\/p>\n<p>Na ocasi\u00e3o, Nara disse que participava pacificamente do ato e que chegou ao <strong>Congresso Nacional<\/strong> quando tudo estava aberto e j\u00e1 depredado. Ela ainda afirmou que teria tentado se esconder no local ap\u00f3s sentir cheiro de fuma\u00e7a.<\/p>\n<p>J\u00e1 Barquet Miguel J\u00fanior afirmou no depoimento que estava em Bras\u00edlia a turismo e que teria resolvido participar da manifesta\u00e7\u00e3o com intuito de conhecer a \u00e1rea e os pr\u00e9dios. Quando ele se aproximou do <strong>Pal\u00e1cio do Planalto<\/strong>, teve in\u00edcio a confus\u00e3o, o que teria afetado os olhos e a respira\u00e7\u00e3o.<\/p>\n<h4 class=\"wp-block-heading\"><strong>Outro lado<\/strong><\/h4>\n<p>Desde os eventos do dia 8 de janeiro, a defesa de Nara Faustino informou que n\u00e3o iria se manifestar sobre o caso. J\u00e1 os advogados de Barquet Miguel J\u00fanior n\u00e3o foram encontrados.<\/p>\n<p>VEJA TAMB\u00c9M<br \/>Receita Federal de Ribeir\u00e3o tem leil\u00e3o com iPhone, t\u00eanis Adidas e bicicleta el\u00e9trica<\/p>\n<h4 class=\"wp-block-heading\"><strong>FIQUE ON<\/strong><\/h4>\n<p>Fique ligado em tudo que acontece em Ribeir\u00e3o Preto e regi\u00e3o. Siga os perfis do<strong> acidade on<\/strong> no <a href=\"https:\/\/www.instagram.com\/acidadeonribeirao\" target=\"_blank\" rel=\"noreferrer noopener nofollow\">Instagram <\/a>e no<a href=\"https:\/\/www.facebook.com\/acidadeonribeirao\" target=\"_blank\" rel=\"noreferrer noopener nofollow\"> Facebook.<\/a><\/p>\n<p>Receba not\u00edcias do <strong>acidade on<\/strong> no WhatsApp.<a href=\"https:\/\/chat.whatsapp.com\/Bnv2w66ZT4VDyZW3oiZ69n\" target=\"_blank\" rel=\"noreferrer noopener nofollow\"> Para entrar no grupo, basta clicar aqui.<\/a><\/p>\n<p>Fa\u00e7a uma den\u00fancia ou sugira uma reportagem sobre a Ribeir\u00e3o Preto e regi\u00e3o pelo WhatsApp: (16) 99117 7802.<\/p>\n<p>LEIA MAIS<br \/><a href=\"https:\/\/www.tudoep.com\/tudo-cult\/viu-essa\/NOT,0,0,1869289,big-day-conheca-os-brothers-e-as-sisters-do-big-brother-brasil-24.aspx\" target=\"_blank\" rel=\"noreferrer noopener nofollow\">Big Day: conhe\u00e7a os brothers e as sisters do Big Brother Brasil 24<\/a><\/p>\n<p><!-- AI CONTENT END 1 -->\n<\/div>\n<p><script async src=\"\/\/www.instagram.com\/embed.js\"><\/script><br \/>\n<br \/><br \/>\n<br \/><a href=\"https:\/\/www.acidadeon.com\/ribeiraopreto\/politica\/veja-a-situacao-dos-moradores-de-ribeirao-preto-presos-nos-atos-de-8-de-janeiro\/\">Source link <\/a><\/p>\n<!-- CONTENT END 1 -->\n","protected":false},"excerpt":{"rendered":"<p>Os dois moradores de Ribeir\u00e3o Preto que foram presos ap\u00f3s os atos antidemocr\u00e1ticos de 8 de janeiro de 2023, em Bras\u00edlia, ainda aguardam para serem&#8230;<\/p>\n","protected":false},"author":1,"featured_media":25402,"comment_status":"open","ping_status":"open","sticky":false,"template":"","format":"standard","meta":{"advanced_seo_description":"","jetpack_seo_html_title":"","jetpack_seo_noindex":false,"jetpack_post_was_ever_published":false,"_jetpack_newsletter_access":"","_jetpack_dont_email_post_to_subs":false,"_jetpack_newsletter_tier_id":0,"_jetpack_memberships_contains_paywalled_content":false,"_jetpack_memberships_contains_paid_content":false,"footnotes":"","jetpack_publicize_message":"","jetpack_publicize_feature_enabled":true,"jetpack_social_post_already_shared":true,"jetpack_social_options":{"image_generator_settings":{"template":"highway","default_image_id":0,"font":"","enabled":false},"version":2}},"categories":[11],"tags":[3152,470,174,307,896,1490,27,26,34,48],"class_list":["post-25401","post","type-post","status-publish","format-standard","has-post-thumbnail","hentry","category-noticias-de-ribeirao-preto-sp-e-regiao-ismael-colosi","tag-atos","tag-dos","tag-janeiro","tag-moradores","tag-nos","tag-presos","tag-preto","tag-ribeirao","tag-situacao","tag-veja"],"jetpack_publicize_connections":[],"jetpack_featured_media_url":"https:\/\/i0.wp.com\/noticiasribeiraopreto.com.br\/wp-content\/uploads\/2024\/01\/nara-faustino-e-barquet-miguel.jpeg?fit=1600%2C900&ssl=1","jetpack-related-posts":[{"id":37472,"url":"https:\/\/noticiasribeiraopreto.com.br\/index.php\/2024\/02\/16\/stf-define-data-para-julgamento-de-morador-de-ribeirao-preso-nos-atos-de-8-de-janeiro\/","url_meta":{"origin":25401,"position":0},"title":"STF define data para julgamento de morador de Ribeir\u00e3o preso nos atos de 8 de janeiro","author":"noticiasribeiraopreto.com.br","date":"16 de February de 2024","format":false,"excerpt":"O STF (Supremo Tribunal Federal) marcou o julgamento do Barquet Miguel J\u00fanior, morador de Ribeir\u00e3o Preto, preso nos atos de 8 de janeiro de 2023, em Bras\u00edlia. O julgamento ser\u00e1 realizado no plen\u00e1rio virtual, no per\u00edodo entre 23 de fevereiro e 1\u00ba de mar\u00e7o. Atualmente, ele responde o processo em\u2026","rel":"","context":"In &quot;Not\u00edcias de Ribeir\u00e3o Preto-SP e Regi\u00e3o&quot;","block_context":{"text":"Not\u00edcias de Ribeir\u00e3o Preto-SP e Regi\u00e3o","link":"https:\/\/noticiasribeiraopreto.com.br\/index.php\/category\/noticias-de-ribeirao-preto-sp-e-regiao-ismael-colosi\/"},"img":{"alt_text":"","src":"https:\/\/i0.wp.com\/noticiasribeiraopreto.com.br\/wp-content\/uploads\/2024\/02\/barquet-miguel-junior.jpeg?fit=1200%2C674&ssl=1&resize=350%2C200","width":350,"height":200,"srcset":"https:\/\/i0.wp.com\/noticiasribeiraopreto.com.br\/wp-content\/uploads\/2024\/02\/barquet-miguel-junior.jpeg?fit=1200%2C674&ssl=1&resize=350%2C200 1x, https:\/\/i0.wp.com\/noticiasribeiraopreto.com.br\/wp-content\/uploads\/2024\/02\/barquet-miguel-junior.jpeg?fit=1200%2C674&ssl=1&resize=525%2C300 1.5x, https:\/\/i0.wp.com\/noticiasribeiraopreto.com.br\/wp-content\/uploads\/2024\/02\/barquet-miguel-junior.jpeg?fit=1200%2C674&ssl=1&resize=700%2C400 2x, https:\/\/i0.wp.com\/noticiasribeiraopreto.com.br\/wp-content\/uploads\/2024\/02\/barquet-miguel-junior.jpeg?fit=1200%2C674&ssl=1&resize=1050%2C600 3x"},"classes":[]},{"id":40376,"url":"https:\/\/noticiasribeiraopreto.com.br\/index.php\/2024\/03\/03\/saiba-se-os-moradores-de-ribeirao-condenados-pelos-atos-de-8-de-janeiro-serao-presos\/","url_meta":{"origin":25401,"position":1},"title":"Saiba se os moradores de Ribeir\u00e3o condenados pelos atos de 8 de janeiro ser\u00e3o presos","author":"noticiasribeiraopreto.com.br","date":"3 de March de 2024","format":false,"excerpt":"O STF (Supremo Tribunal Federal) condenou dois moradores de Ribeir\u00e3o Preto pelos atos de 8 de janeiro de 2023 pelos crimes de tentativa de Golpe de Estado, entre outros. Mas isso n\u00e3o significa que eles v\u00e3o presos imediatamente. Quando ser\u00e3o presos? De acordo com a Corte, os condenados s\u00f3 passam\u2026","rel":"","context":"In &quot;Not\u00edcias de Ribeir\u00e3o Preto-SP e Regi\u00e3o&quot;","block_context":{"text":"Not\u00edcias de Ribeir\u00e3o Preto-SP e Regi\u00e3o","link":"https:\/\/noticiasribeiraopreto.com.br\/index.php\/category\/noticias-de-ribeirao-preto-sp-e-regiao-ismael-colosi\/"},"img":{"alt_text":"","src":"https:\/\/i0.wp.com\/noticiasribeiraopreto.com.br\/wp-content\/uploads\/2024\/03\/AnyConv.com__WhatsApp-Image-2024-03-02-at-10.37.09.webp.webp?fit=1200%2C675&ssl=1&resize=350%2C200","width":350,"height":200,"srcset":"https:\/\/i0.wp.com\/noticiasribeiraopreto.com.br\/wp-content\/uploads\/2024\/03\/AnyConv.com__WhatsApp-Image-2024-03-02-at-10.37.09.webp.webp?fit=1200%2C675&ssl=1&resize=350%2C200 1x, https:\/\/i0.wp.com\/noticiasribeiraopreto.com.br\/wp-content\/uploads\/2024\/03\/AnyConv.com__WhatsApp-Image-2024-03-02-at-10.37.09.webp.webp?fit=1200%2C675&ssl=1&resize=525%2C300 1.5x, https:\/\/i0.wp.com\/noticiasribeiraopreto.com.br\/wp-content\/uploads\/2024\/03\/AnyConv.com__WhatsApp-Image-2024-03-02-at-10.37.09.webp.webp?fit=1200%2C675&ssl=1&resize=700%2C400 2x, https:\/\/i0.wp.com\/noticiasribeiraopreto.com.br\/wp-content\/uploads\/2024\/03\/AnyConv.com__WhatsApp-Image-2024-03-02-at-10.37.09.webp.webp?fit=1200%2C675&ssl=1&resize=1050%2C600 3x"},"classes":[]},{"id":39067,"url":"https:\/\/noticiasribeiraopreto.com.br\/index.php\/2024\/02\/23\/alexandre-de-moraes-vota-para-condenar-morador-de-ribeirao-preso-nos-atos-de-8-de-janeiro\/","url_meta":{"origin":25401,"position":2},"title":"Alexandre de Moraes vota para condenar morador de Ribeir\u00e3o preso nos atos de 8 de janeiro","author":"noticiasribeiraopreto.com.br","date":"23 de February de 2024","format":false,"excerpt":"O ministro Alexandre de Moraes, do STF (Supremo Tribunal Federal), votou pela condena\u00e7\u00e3o de Barquet Miguel J\u00fanior, de Ribeir\u00e3o Preto, preso nos atos de 8 de janeiro. Moraes, que \u00e9 relator do processo, pediu que Barquet seja condenado a 14 anos de pris\u00e3o, al\u00e9m do pagamento de multa de R$\u2026","rel":"","context":"In &quot;Not\u00edcias de Ribeir\u00e3o Preto-SP e Regi\u00e3o&quot;","block_context":{"text":"Not\u00edcias de Ribeir\u00e3o Preto-SP e Regi\u00e3o","link":"https:\/\/noticiasribeiraopreto.com.br\/index.php\/category\/noticias-de-ribeirao-preto-sp-e-regiao-ismael-colosi\/"},"img":{"alt_text":"","src":"https:\/\/i0.wp.com\/noticiasribeiraopreto.com.br\/wp-content\/uploads\/2024\/02\/barquet-miguel-jr-alexandre-de-moraes.jpeg?fit=1200%2C675&ssl=1&resize=350%2C200","width":350,"height":200,"srcset":"https:\/\/i0.wp.com\/noticiasribeiraopreto.com.br\/wp-content\/uploads\/2024\/02\/barquet-miguel-jr-alexandre-de-moraes.jpeg?fit=1200%2C675&ssl=1&resize=350%2C200 1x, https:\/\/i0.wp.com\/noticiasribeiraopreto.com.br\/wp-content\/uploads\/2024\/02\/barquet-miguel-jr-alexandre-de-moraes.jpeg?fit=1200%2C675&ssl=1&resize=525%2C300 1.5x, https:\/\/i0.wp.com\/noticiasribeiraopreto.com.br\/wp-content\/uploads\/2024\/02\/barquet-miguel-jr-alexandre-de-moraes.jpeg?fit=1200%2C675&ssl=1&resize=700%2C400 2x, https:\/\/i0.wp.com\/noticiasribeiraopreto.com.br\/wp-content\/uploads\/2024\/02\/barquet-miguel-jr-alexandre-de-moraes.jpeg?fit=1200%2C675&ssl=1&resize=1050%2C600 3x"},"classes":[]},{"id":34330,"url":"https:\/\/noticiasribeiraopreto.com.br\/index.php\/2024\/02\/01\/stf-marca-julgamento-de-advogada-de-ribeirao-preto-presa-nos-atos-de-8-de-janeiro\/","url_meta":{"origin":25401,"position":3},"title":"STF marca julgamento de advogada de Ribeir\u00e3o Preto presa nos atos de 8 de janeiro","author":"noticiasribeiraopreto.com.br","date":"1 de February de 2024","format":false,"excerpt":"O STF (Supremo Tribunal Federal) incluiu a advogada Nara Faustino de Menezes, de Ribeir\u00e3o Preto, na pauta de julgamentos pelos atos de 8 de janeiro de 2023. O julgamento no plen\u00e1rio virtual acontece entre os dias 9 e 20 de fevereiro. A advogada foi autuada nos termos do artigo 359-M\u2026","rel":"","context":"In &quot;Not\u00edcias de Ribeir\u00e3o Preto-SP e Regi\u00e3o&quot;","block_context":{"text":"Not\u00edcias de Ribeir\u00e3o Preto-SP e Regi\u00e3o","link":"https:\/\/noticiasribeiraopreto.com.br\/index.php\/category\/noticias-de-ribeirao-preto-sp-e-regiao-ismael-colosi\/"},"img":{"alt_text":"","src":"https:\/\/noticiasribeiraopreto.com.br\/wp-content\/uploads\/2024\/02\/nara-faustino-de-menezes.jpe","width":350,"height":200,"srcset":"https:\/\/noticiasribeiraopreto.com.br\/wp-content\/uploads\/2024\/02\/nara-faustino-de-menezes.jpe 1x, https:\/\/noticiasribeiraopreto.com.br\/wp-content\/uploads\/2024\/02\/nara-faustino-de-menezes.jpe 1.5x, https:\/\/noticiasribeiraopreto.com.br\/wp-content\/uploads\/2024\/02\/nara-faustino-de-menezes.jpe 2x, https:\/\/noticiasribeiraopreto.com.br\/wp-content\/uploads\/2024\/02\/nara-faustino-de-menezes.jpe 3x"},"classes":[]},{"id":40227,"url":"https:\/\/noticiasribeiraopreto.com.br\/index.php\/2024\/03\/01\/atos-de-8-de-janeiro-stf-forma-maioria-para-condenar-morador-de-ribeirao-preto\/","url_meta":{"origin":25401,"position":4},"title":"Atos de 8 de janeiro: STF forma maioria para condenar morador de Ribeir\u00e3o Preto","author":"noticiasribeiraopreto.com.br","date":"1 de March de 2024","format":false,"excerpt":"O STF (Supremo Tribunal Federal) formou maioria, nesta sexta-feira (1\u00ba de mar\u00e7o), para condenar Barquet Miguel J\u00fanior, morador de Ribeir\u00e3o Preto que foi preso nos atos de 8 de janeiro de 2023. Ele est\u00e1 em liberdade desde agosto do ano passado. O relator do processo, o ministro Alexandre de Moraes,\u2026","rel":"","context":"In &quot;Not\u00edcias de Ribeir\u00e3o Preto-SP e Regi\u00e3o&quot;","block_context":{"text":"Not\u00edcias de Ribeir\u00e3o Preto-SP e Regi\u00e3o","link":"https:\/\/noticiasribeiraopreto.com.br\/index.php\/category\/noticias-de-ribeirao-preto-sp-e-regiao-ismael-colosi\/"},"img":{"alt_text":"","src":"https:\/\/i0.wp.com\/noticiasribeiraopreto.com.br\/wp-content\/uploads\/2024\/03\/barquet-miguel-junior.jpeg?fit=1200%2C674&ssl=1&resize=350%2C200","width":350,"height":200,"srcset":"https:\/\/i0.wp.com\/noticiasribeiraopreto.com.br\/wp-content\/uploads\/2024\/03\/barquet-miguel-junior.jpeg?fit=1200%2C674&ssl=1&resize=350%2C200 1x, https:\/\/i0.wp.com\/noticiasribeiraopreto.com.br\/wp-content\/uploads\/2024\/03\/barquet-miguel-junior.jpeg?fit=1200%2C674&ssl=1&resize=525%2C300 1.5x, https:\/\/i0.wp.com\/noticiasribeiraopreto.com.br\/wp-content\/uploads\/2024\/03\/barquet-miguel-junior.jpeg?fit=1200%2C674&ssl=1&resize=700%2C400 2x, https:\/\/i0.wp.com\/noticiasribeiraopreto.com.br\/wp-content\/uploads\/2024\/03\/barquet-miguel-junior.jpeg?fit=1200%2C674&ssl=1&resize=1050%2C600 3x"},"classes":[]},{"id":39083,"url":"https:\/\/noticiasribeiraopreto.com.br\/index.php\/2024\/02\/23\/stf-vai-julgar-barquet-miguel-2\/","url_meta":{"origin":25401,"position":5},"title":"STF vai julgar Barquet Miguel \u00a0","author":"noticiasribeiraopreto.com.br","date":"23 de February de 2024","format":false,"excerpt":"23 de fevereiro de 2024 | 11:0023 de fevereiro de 2024 | 7:55 0O Supremo Tribunal Federal (STF) inicia nesta sexta-feira, 23 de fevereiro, o julgamento do corretor de im\u00f3veis ribeir\u00e3o-pretano Barquet Miguel J\u00fanior, que chegou a ser preso durante os atos antidemocr\u00e1ticos e golpistas de 8 de janeiro do\u2026","rel":"","context":"In &quot;Not\u00edcias de Ribeir\u00e3o Preto-SP e Regi\u00e3o&quot;","block_context":{"text":"Not\u00edcias de Ribeir\u00e3o Preto-SP e Regi\u00e3o","link":"https:\/\/noticiasribeiraopreto.com.br\/index.php\/category\/noticias-de-ribeirao-preto-sp-e-regiao-ismael-colosi\/"},"img":{"alt_text":"","src":"https:\/\/i0.wp.com\/noticiasribeiraopreto.com.br\/wp-content\/uploads\/2024\/02\/TerrorSTF-Detalhe-Redes-sociais-Reproducao-01-2.jpg?fit=975%2C606&ssl=1&resize=350%2C200","width":350,"height":200,"srcset":"https:\/\/i0.wp.com\/noticiasribeiraopreto.com.br\/wp-content\/uploads\/2024\/02\/TerrorSTF-Detalhe-Redes-sociais-Reproducao-01-2.jpg?fit=975%2C606&ssl=1&resize=350%2C200 1x, https:\/\/i0.wp.com\/noticiasribeiraopreto.com.br\/wp-content\/uploads\/2024\/02\/TerrorSTF-Detalhe-Redes-sociais-Reproducao-01-2.jpg?fit=975%2C606&ssl=1&resize=525%2C300 1.5x, https:\/\/i0.wp.com\/noticiasribeiraopreto.com.br\/wp-content\/uploads\/2024\/02\/TerrorSTF-Detalhe-Redes-sociais-Reproducao-01-2.jpg?fit=975%2C606&ssl=1&resize=700%2C400 2x"},"classes":[]}],"jetpack_sharing_enabled":true,"jetpack_shortlink":"https:\/\/wp.me\/peQAOb-6BH","_links":{"self":[{"href":"https:\/\/noticiasribeiraopreto.com.br\/index.php\/wp-json\/wp\/v2\/posts\/25401","targetHints":{"allow":["GET"]}}],"collection":[{"href":"https:\/\/noticiasribeiraopreto.com.br\/index.php\/wp-json\/wp\/v2\/posts"}],"about":[{"href":"https:\/\/noticiasribeiraopreto.com.br\/index.php\/wp-json\/wp\/v2\/types\/post"}],"author":[{"embeddable":true,"href":"https:\/\/noticiasribeiraopreto.com.br\/index.php\/wp-json\/wp\/v2\/users\/1"}],"replies":[{"embeddable":true,"href":"https:\/\/noticiasribeiraopreto.com.br\/index.php\/wp-json\/wp\/v2\/comments?post=25401"}],"version-history":[{"count":0,"href":"https:\/\/noticiasribeiraopreto.com.br\/index.php\/wp-json\/wp\/v2\/posts\/25401\/revisions"}],"wp:featuredmedia":[{"embeddable":true,"href":"https:\/\/noticiasribeiraopreto.com.br\/index.php\/wp-json\/wp\/v2\/media\/25402"}],"wp:attachment":[{"href":"https:\/\/noticiasribeiraopreto.com.br\/index.php\/wp-json\/wp\/v2\/media?parent=25401"}],"wp:term":[{"taxonomy":"category","embeddable":true,"href":"https:\/\/noticiasribeiraopreto.com.br\/index.php\/wp-json\/wp\/v2\/categories?post=25401"},{"taxonomy":"post_tag","embeddable":true,"href":"https:\/\/noticiasribeiraopreto.com.br\/index.php\/wp-json\/wp\/v2\/tags?post=25401"}],"curies":[{"name":"wp","href":"https:\/\/api.w.org\/{rel}","templated":true}]}}