{"id":25476,"date":"2024-01-07T15:09:34","date_gmt":"2024-01-07T18:09:34","guid":{"rendered":"https:\/\/noticiasribeiraopreto.com.br\/index.php\/2024\/01\/07\/carreira-43-pediriam-demissao-em-caso-de-retorno-ao-trabalho-100-presencial\/"},"modified":"2024-01-07T15:09:34","modified_gmt":"2024-01-07T18:09:34","slug":"carreira-43-pediriam-demissao-em-caso-de-retorno-ao-trabalho-100-presencial","status":"publish","type":"post","link":"https:\/\/noticiasribeiraopreto.com.br\/index.php\/2024\/01\/07\/carreira-43-pediriam-demissao-em-caso-de-retorno-ao-trabalho-100-presencial\/","title":{"rendered":"Carreira: 43% pediriam demiss\u00e3o em caso de retorno ao trabalho 100% presencial"},"content":{"rendered":"<div class='code-block code-block-1' style='margin: 8px 0 8px auto; text-align: right; display: block; clear: both;'>\n<p><a href=\"https:\/\/wa.link\/vpicfd\"><img data-recalc-dims=\"1\" class=\"wp-image-4922\" style=\"aspect-ratio: 2.0253164556962027; width: 561px; height: auto;\" src=\"https:\/\/i0.wp.com\/ismaelcolosi.com.br\/wp-content\/uploads\/2023\/11\/grupo-de-empregos-whatsapp-e-facebook-ismael-colosi-vagas.jpg?ssl=1\" alt=\"\" \/><\/a><\/p>\n<!-- \/wp:image -->\n<\/div>\n<p> <br \/>\n<\/p>\n<div id=\"\">\n<div class=\"content-infos\">\n<div class=\"texts\">\n<p class=\"author tooltip-comp\"> Bruno Pavan<span class=\"icon-i\">i<\/span><span class=\"tooltiptext\"> <span class=\"author\"><span>Bruno Pavan<\/span> <\/span><span class=\"desc\"\/> <\/span><\/p>\n<p>07\/01\/2024 &#8211; 15:00<\/p>\n<\/div>\n<div id=\"share-modal\" class=\"share-modal\"> <button class=\"box-close btn-share\"> <img decoding=\"async\" src=\"https:\/\/istoedinheiro.com.br\/wp-content\/themes\/dinheiro-wp-theme\/assets\/img\/svg\/closeIcon.svg?x46096\" alt=\"Close icon\" class=\"close-btn lazy\"\/> <\/button><\/div>\n<\/p><\/div>\n<p>Ap\u00f3s um boom de vagas remotas ou h\u00edbridas por conta da pandemia de Covid-19, cada vez mais empresas est\u00e3o exigindo que seus funcion\u00e1rios voltem ao modelo de trabalho 100% presencial. De acordo com a plataforma Infojobs, entre novembro de 2022 e janeiro de 2023, 94,82% das vagas ofertadas no site eram totalmente presenciais.<\/p>\n<p>Apesar disso, a pesquisa \u201cThe Future of Work Trends Forecast 2024\u201d, do IWG empresa com foco na oferta de espa\u00e7os de trabalho e escrit\u00f3rios flex\u00edveis, mostrou que 75% dos CEOs entrevistados esperam que suas empresas continuem operando em um modelo h\u00edbrido nos pr\u00f3ximos cinco anos.<\/p>\n<p>Outro levantamento realizado pela Offerwise, a pedido do QuintoAndar e Imovelweb, mostra que 43% dos entrevistados afirmaram pediriam demiss\u00e3o caso tivessem que ir \u00e0 empresa todos os dias.<\/p>\n<p>Para Tiago Alves, CEO do IWG no Brasil, o modelo de trabalho h\u00edbrido \u00e9 uma das principais megatend\u00eancias de trabalho para 2024 e traz benef\u00edcios significativos, como aumento da felicidade dos funcion\u00e1rios, melhoria da produtividade e maior reten\u00e7\u00e3o e atra\u00e7\u00e3o de talentos.<\/p>\n<blockquote>\n<h4 style=\"text-align: center\"><strong><span style=\"color: #993300\">\u201cOs profissionais do regime h\u00edbrido podem ajustar seu trabalho \u00e0s suas vidas, inclusive reduzindo a necessidade de longos deslocamentos di\u00e1rios. Oferecer a op\u00e7\u00e3o de trabalho h\u00edbrido \u00e9 uma maneira importante e simples para as empresas mostrarem que se importam com seus funcion\u00e1rios. Isso permite que eles tenham mais controle sobre seus hor\u00e1rios e tenham mais tempo livre\u201d, pontua.<\/span><\/strong><\/h4>\n<\/blockquote>\n<p>A companhia tamb\u00e9m levantou dados sobre o trabalho h\u00edbrido ou remoto:<\/p>\n<ul>\n<li>88% dos trabalhadores h\u00edbridos atuaram de locais distantes de suas sedes em 2022;<\/li>\n<li>71% considerariam entrar para um novo trabalho, apenas se oferecesse a flexibilidade para trabalhar remotamente, em parte do tempo;<\/li>\n<li>\u00a076% destacaram maior equil\u00edbrio entre vida pessoal e o trabalho;<\/li>\n<li>52% a possibilidade de passar mais tempo com amigos e familiares;<\/li>\n<li>47% economizar dinheiro viajando em dias de menor movimento.<\/li>\n<\/ul>\n<section data-hb-type=\"ads\" name=\"adsMateria\" data-hb-position=\"after-content\" data-hb-provider=\"\">\n<hr\/>\n<\/section>\n<div id=\"share-modal\" class=\"share-modal\"> <button class=\"box-close btn-share\"> <img decoding=\"async\" src=\"https:\/\/istoedinheiro.com.br\/wp-content\/themes\/dinheiro-wp-theme\/assets\/img\/svg\/closeIcon.svg?x46096\" alt=\"Close icon\" class=\"close-btn lazy\"\/> <\/button><\/div>\n<\/p><\/div>\n<p><script>!function(f,b,e,v,n,t,s){if(f.fbq)return;n=f.fbq=function(){n.callMethod?n.callMethod.apply(n,arguments):n.queue.push(arguments)};if(!f._fbq)f._fbq=n;n.push=n;n.loaded=!0;n.version='2.0';n.queue=[];t=b.createElement(e);t.async=!0;t.src=v;s=b.getElementsByTagName(e)[0];s.parentNode.insertBefore(t,s)}(window,document,'script','<\/script><br \/>\n<br \/><br \/>\n<br \/><a href=\"https:\/\/istoedinheiro.com.br\/carreira-43-pediriam-demissao-em-caso-de-retorno-ao-trabalho-100-presencial\/\">Source link <\/a><\/p>\n<!-- CONTENT END 1 -->\n","protected":false},"excerpt":{"rendered":"<p>Bruno Pavani Bruno Pavan 07\/01\/2024 &#8211; 15:00 Ap\u00f3s um boom de vagas remotas ou h\u00edbridas por conta da pandemia de Covid-19, cada vez mais empresas&#8230;<\/p>\n","protected":false},"author":1,"featured_media":25477,"comment_status":"open","ping_status":"open","sticky":false,"template":"","format":"standard","meta":{"advanced_seo_description":"","jetpack_seo_html_title":"","jetpack_seo_noindex":false,"jetpack_post_was_ever_published":false,"_jetpack_newsletter_access":"","_jetpack_dont_email_post_to_subs":false,"_jetpack_newsletter_tier_id":0,"_jetpack_memberships_contains_paywalled_content":false,"_jetpack_memberships_contains_paid_content":false,"footnotes":"","jetpack_publicize_message":"","jetpack_publicize_feature_enabled":true,"jetpack_social_post_already_shared":true,"jetpack_social_options":{"image_generator_settings":{"template":"highway","default_image_id":0,"font":"","enabled":false},"version":2}},"categories":[7],"tags":[],"class_list":["post-25476","post","type-post","status-publish","format-standard","has-post-thumbnail","hentry","category-vagas-de-empregos-em-ribeirao-preto-regiao-brasil"],"jetpack_publicize_connections":[],"jetpack_featured_media_url":"https:\/\/i0.wp.com\/noticiasribeiraopreto.com.br\/wp-content\/uploads\/2024\/01\/pexels-fauxels-3183150-scaled.jpg?fit=2560%2C1708&ssl=1","jetpack-related-posts":[{"id":34209,"url":"https:\/\/noticiasribeiraopreto.com.br\/index.php\/2024\/02\/01\/o-trabalho-sera-presencial-em-2024-aponta-pesquisa-da-catho\/","url_meta":{"origin":25476,"position":0},"title":"O trabalho ser\u00e1 presencial em 2024, aponta pesquisa da Catho","author":"noticiasribeiraopreto.com.br","date":"1 de February de 2024","format":false,"excerpt":"Presencial, h\u00edbrido ou remoto: essa tem sido uma importante discuss\u00e3o entre empregadores e candidatos nos \u00faltimos 4 anos no mercado de trabalho.\u00a0 O cen\u00e1rio de curto prazo, entretanto, est\u00e1 em fase de mudan\u00e7a: \u00e9 o que aponta a Pesquisa de Tend\u00eancias RH 2024, realizada pela Catho no in\u00edcio deste ano,\u2026","rel":"","context":"In &quot;Blog&quot;","block_context":{"text":"Blog","link":"https:\/\/noticiasribeiraopreto.com.br\/index.php\/category\/blog\/"},"img":{"alt_text":"","src":"https:\/\/i0.wp.com\/noticiasribeiraopreto.com.br\/wp-content\/uploads\/2024\/02\/trabalho-presencial.jpg?fit=1200%2C675&ssl=1&resize=350%2C200","width":350,"height":200,"srcset":"https:\/\/i0.wp.com\/noticiasribeiraopreto.com.br\/wp-content\/uploads\/2024\/02\/trabalho-presencial.jpg?fit=1200%2C675&ssl=1&resize=350%2C200 1x, https:\/\/i0.wp.com\/noticiasribeiraopreto.com.br\/wp-content\/uploads\/2024\/02\/trabalho-presencial.jpg?fit=1200%2C675&ssl=1&resize=525%2C300 1.5x, https:\/\/i0.wp.com\/noticiasribeiraopreto.com.br\/wp-content\/uploads\/2024\/02\/trabalho-presencial.jpg?fit=1200%2C675&ssl=1&resize=700%2C400 2x, https:\/\/i0.wp.com\/noticiasribeiraopreto.com.br\/wp-content\/uploads\/2024\/02\/trabalho-presencial.jpg?fit=1200%2C675&ssl=1&resize=1050%2C600 3x"},"classes":[]},{"id":47085,"url":"https:\/\/noticiasribeiraopreto.com.br\/index.php\/2024\/04\/22\/como-funciona-o-trabalho-hibrido-no-nubank-com-uma-semana-presencial-por-trimestre\/","url_meta":{"origin":25476,"position":1},"title":"Como funciona o trabalho h\u00edbrido no Nubank com uma semana presencial por trimestre","author":"noticiasribeiraopreto.com.br","date":"22 de April de 2024","format":false,"excerpt":"Bruno Pavani Bruno Pavan 19\/04\/2024 - 7:05 Com um modelo diferente de trabalho h\u00edbrido, o Nubank vem se destacando no mercado dando mais flexibilidade para mais de 7 mil funcion\u00e1rios. Ao contr\u00e1rio da maioria das empresas brasileiras, que adota a jornada de dois dias no escrit\u00f3rio e tr\u00eas dias de\u2026","rel":"","context":"In &quot;Empregos - Classificados&quot;","block_context":{"text":"Empregos - Classificados","link":"https:\/\/noticiasribeiraopreto.com.br\/index.php\/category\/empregos-classificados-vagas-trabalho\/"},"img":{"alt_text":"","src":"https:\/\/i0.wp.com\/noticiasribeiraopreto.com.br\/wp-content\/uploads\/2024\/04\/nubankspark.jpg?fit=900%2C600&ssl=1&resize=350%2C200","width":350,"height":200,"srcset":"https:\/\/i0.wp.com\/noticiasribeiraopreto.com.br\/wp-content\/uploads\/2024\/04\/nubankspark.jpg?fit=900%2C600&ssl=1&resize=350%2C200 1x, https:\/\/i0.wp.com\/noticiasribeiraopreto.com.br\/wp-content\/uploads\/2024\/04\/nubankspark.jpg?fit=900%2C600&ssl=1&resize=525%2C300 1.5x, https:\/\/i0.wp.com\/noticiasribeiraopreto.com.br\/wp-content\/uploads\/2024\/04\/nubankspark.jpg?fit=900%2C600&ssl=1&resize=700%2C400 2x"},"classes":[]},{"id":19082,"url":"https:\/\/noticiasribeiraopreto.com.br\/index.php\/2023\/12\/21\/vaga-home-office-por-que-o-remoto-esta-em-extincao\/","url_meta":{"origin":25476,"position":2},"title":"&#8220;Vaga home office\u201d: por que o remoto est\u00e1 em extin\u00e7\u00e3o","author":"noticiasribeiraopreto.com.br","date":"21 de December de 2023","format":false,"excerpt":"Enquanto profissionais querem home office, l\u00edderes de grandes empresas t\u00eam exigido o retorno aos escrit\u00f3rios Os brasileiros nunca procuraram tanto por \u201cvaga home office\u201d no Google quanto em 2023.\u00a0 As buscas pelo termo na plataforma mais que dobraram em rela\u00e7\u00e3o ao ano passado, segundo relat\u00f3rio do Google Trends. Enquanto isso,\u2026","rel":"","context":"In &quot;Blog&quot;","block_context":{"text":"Blog","link":"https:\/\/noticiasribeiraopreto.com.br\/index.php\/category\/blog\/"},"img":{"alt_text":"","src":"https:\/\/i0.wp.com\/noticiasribeiraopreto.com.br\/wp-content\/uploads\/2023\/12\/carreira-trabalho-escritorio-1024x683.jpg?fit=1024%2C683&ssl=1&resize=350%2C200","width":350,"height":200,"srcset":"https:\/\/i0.wp.com\/noticiasribeiraopreto.com.br\/wp-content\/uploads\/2023\/12\/carreira-trabalho-escritorio-1024x683.jpg?fit=1024%2C683&ssl=1&resize=350%2C200 1x, https:\/\/i0.wp.com\/noticiasribeiraopreto.com.br\/wp-content\/uploads\/2023\/12\/carreira-trabalho-escritorio-1024x683.jpg?fit=1024%2C683&ssl=1&resize=525%2C300 1.5x, https:\/\/i0.wp.com\/noticiasribeiraopreto.com.br\/wp-content\/uploads\/2023\/12\/carreira-trabalho-escritorio-1024x683.jpg?fit=1024%2C683&ssl=1&resize=700%2C400 2x"},"classes":[]},{"id":34183,"url":"https:\/\/noticiasribeiraopreto.com.br\/index.php\/2024\/02\/01\/empresas-contam-com-mais-de-300-vagas-de-emprego-abertas\/","url_meta":{"origin":25476,"position":3},"title":"Empresas contam com mais de 300 vagas de emprego abertas","author":"noticiasribeiraopreto.com.br","date":"1 de February de 2024","format":false,"excerpt":"Bruno Pavani Bruno Pavan 01\/02\/2024 - 8:00 A Transpetro, Stellantis, FMU, \u00c2nima Educa\u00e7\u00e3o e Allianz est\u00e3o com mais de 300 vagas abertas neste in\u00edcio de ano. As oportunidades s\u00e3o para estagi\u00e1rios e funcion\u00e1rios efetivos em diversas \u00e1reas.\u00a0Confira todas as vagas:\u00a0A Stellantis, empresa do setor automotivo que det\u00e9m as marcas Abarth,\u2026","rel":"","context":"In &quot;Vagas de Emprego em Ribeir\u00e3o Preto-SP&quot;","block_context":{"text":"Vagas de Emprego em Ribeir\u00e3o Preto-SP","link":"https:\/\/noticiasribeiraopreto.com.br\/index.php\/category\/empregos-classificados-vagas-trabalho\/vagas-de-empregos-em-ribeirao-preto-regiao-brasil\/"},"img":{"alt_text":"","src":"https:\/\/i0.wp.com\/noticiasribeiraopreto.com.br\/wp-content\/uploads\/2024\/02\/celso-furtado-ma-01-easy-resizecom.jpg?fit=1200%2C800&ssl=1&resize=350%2C200","width":350,"height":200,"srcset":"https:\/\/i0.wp.com\/noticiasribeiraopreto.com.br\/wp-content\/uploads\/2024\/02\/celso-furtado-ma-01-easy-resizecom.jpg?fit=1200%2C800&ssl=1&resize=350%2C200 1x, https:\/\/i0.wp.com\/noticiasribeiraopreto.com.br\/wp-content\/uploads\/2024\/02\/celso-furtado-ma-01-easy-resizecom.jpg?fit=1200%2C800&ssl=1&resize=525%2C300 1.5x, https:\/\/i0.wp.com\/noticiasribeiraopreto.com.br\/wp-content\/uploads\/2024\/02\/celso-furtado-ma-01-easy-resizecom.jpg?fit=1200%2C800&ssl=1&resize=700%2C400 2x, https:\/\/i0.wp.com\/noticiasribeiraopreto.com.br\/wp-content\/uploads\/2024\/02\/celso-furtado-ma-01-easy-resizecom.jpg?fit=1200%2C800&ssl=1&resize=1050%2C600 3x"},"classes":[]},{"id":27772,"url":"https:\/\/noticiasribeiraopreto.com.br\/index.php\/2024\/01\/13\/empresas-comecam-testar-a-semana-de-4-dias-de-trabalho-no-brasil\/","url_meta":{"origin":25476,"position":4},"title":"Empresas come\u00e7am testar a semana de 4 dias de trabalho no Brasil","author":"noticiasribeiraopreto.com.br","date":"13 de January de 2024","format":false,"excerpt":"Bruno Pavani Bruno Pavan 13\/01\/2024 - 9:00 Ap\u00f3s anunciarem a ado\u00e7\u00e3o de um teste da semana de 4 dias de trabalho no final de 2023, 22 empresas come\u00e7aram a realizar a nova jornada de trabalho na primeira semana de janeiro de 2024.\u00a0O per\u00edodo de teste ser\u00e1 registrado em um estudo\u2026","rel":"","context":"In &quot;Vagas de Emprego em Ribeir\u00e3o Preto-SP&quot;","block_context":{"text":"Vagas de Emprego em Ribeir\u00e3o Preto-SP","link":"https:\/\/noticiasribeiraopreto.com.br\/index.php\/category\/empregos-classificados-vagas-trabalho\/vagas-de-empregos-em-ribeirao-preto-regiao-brasil\/"},"img":{"alt_text":"","src":"https:\/\/i0.wp.com\/noticiasribeiraopreto.com.br\/wp-content\/uploads\/2024\/01\/grupo-de-pessoas-trabalhando-no-plano-de-negocios-em-um-escritorio-scaled.jpg?fit=1200%2C800&ssl=1&resize=350%2C200","width":350,"height":200,"srcset":"https:\/\/i0.wp.com\/noticiasribeiraopreto.com.br\/wp-content\/uploads\/2024\/01\/grupo-de-pessoas-trabalhando-no-plano-de-negocios-em-um-escritorio-scaled.jpg?fit=1200%2C800&ssl=1&resize=350%2C200 1x, https:\/\/i0.wp.com\/noticiasribeiraopreto.com.br\/wp-content\/uploads\/2024\/01\/grupo-de-pessoas-trabalhando-no-plano-de-negocios-em-um-escritorio-scaled.jpg?fit=1200%2C800&ssl=1&resize=525%2C300 1.5x, https:\/\/i0.wp.com\/noticiasribeiraopreto.com.br\/wp-content\/uploads\/2024\/01\/grupo-de-pessoas-trabalhando-no-plano-de-negocios-em-um-escritorio-scaled.jpg?fit=1200%2C800&ssl=1&resize=700%2C400 2x, https:\/\/i0.wp.com\/noticiasribeiraopreto.com.br\/wp-content\/uploads\/2024\/01\/grupo-de-pessoas-trabalhando-no-plano-de-negocios-em-um-escritorio-scaled.jpg?fit=1200%2C800&ssl=1&resize=1050%2C600 3x"},"classes":[]},{"id":48380,"url":"https:\/\/noticiasribeiraopreto.com.br\/index.php\/2024\/05\/02\/dicas-de-como-trabalhar-em-home-office-e-conquistar-a-sua-vaga\/","url_meta":{"origin":25476,"position":5},"title":"Dicas de como trabalhar em home office e conquistar a sua vaga!","author":"noticiasribeiraopreto.com.br","date":"2 de May de 2024","format":false,"excerpt":"Trabalhar em casa \u00e9 o sonho de muitos profissionais, afinal, sem perda de tempo percorrendo longos trajetos de ida e volta, sem gastos com transportes, sem o uso de uniformes todos os dias, mas, para isso, \u00e9 preciso ter disciplina e comprometimento. Ent\u00e3o, como trabalhar em home office? Selecionamos algumas\u2026","rel":"","context":"In &quot;Blog&quot;","block_context":{"text":"Blog","link":"https:\/\/noticiasribeiraopreto.com.br\/index.php\/category\/blog\/"},"img":{"alt_text":"","src":"https:\/\/i0.wp.com\/noticiasribeiraopreto.com.br\/wp-content\/uploads\/2024\/05\/como-trabalhar-em-home-office.jpg?fit=1200%2C675&ssl=1&resize=350%2C200","width":350,"height":200,"srcset":"https:\/\/i0.wp.com\/noticiasribeiraopreto.com.br\/wp-content\/uploads\/2024\/05\/como-trabalhar-em-home-office.jpg?fit=1200%2C675&ssl=1&resize=350%2C200 1x, https:\/\/i0.wp.com\/noticiasribeiraopreto.com.br\/wp-content\/uploads\/2024\/05\/como-trabalhar-em-home-office.jpg?fit=1200%2C675&ssl=1&resize=525%2C300 1.5x, https:\/\/i0.wp.com\/noticiasribeiraopreto.com.br\/wp-content\/uploads\/2024\/05\/como-trabalhar-em-home-office.jpg?fit=1200%2C675&ssl=1&resize=700%2C400 2x, https:\/\/i0.wp.com\/noticiasribeiraopreto.com.br\/wp-content\/uploads\/2024\/05\/como-trabalhar-em-home-office.jpg?fit=1200%2C675&ssl=1&resize=1050%2C600 3x"},"classes":[]}],"jetpack_sharing_enabled":true,"jetpack_shortlink":"https:\/\/wp.me\/peQAOb-6CU","_links":{"self":[{"href":"https:\/\/noticiasribeiraopreto.com.br\/index.php\/wp-json\/wp\/v2\/posts\/25476","targetHints":{"allow":["GET"]}}],"collection":[{"href":"https:\/\/noticiasribeiraopreto.com.br\/index.php\/wp-json\/wp\/v2\/posts"}],"about":[{"href":"https:\/\/noticiasribeiraopreto.com.br\/index.php\/wp-json\/wp\/v2\/types\/post"}],"author":[{"embeddable":true,"href":"https:\/\/noticiasribeiraopreto.com.br\/index.php\/wp-json\/wp\/v2\/users\/1"}],"replies":[{"embeddable":true,"href":"https:\/\/noticiasribeiraopreto.com.br\/index.php\/wp-json\/wp\/v2\/comments?post=25476"}],"version-history":[{"count":0,"href":"https:\/\/noticiasribeiraopreto.com.br\/index.php\/wp-json\/wp\/v2\/posts\/25476\/revisions"}],"wp:featuredmedia":[{"embeddable":true,"href":"https:\/\/noticiasribeiraopreto.com.br\/index.php\/wp-json\/wp\/v2\/media\/25477"}],"wp:attachment":[{"href":"https:\/\/noticiasribeiraopreto.com.br\/index.php\/wp-json\/wp\/v2\/media?parent=25476"}],"wp:term":[{"taxonomy":"category","embeddable":true,"href":"https:\/\/noticiasribeiraopreto.com.br\/index.php\/wp-json\/wp\/v2\/categories?post=25476"},{"taxonomy":"post_tag","embeddable":true,"href":"https:\/\/noticiasribeiraopreto.com.br\/index.php\/wp-json\/wp\/v2\/tags?post=25476"}],"curies":[{"name":"wp","href":"https:\/\/api.w.org\/{rel}","templated":true}]}}