{"id":25528,"date":"2024-01-07T17:50:35","date_gmt":"2024-01-07T20:50:35","guid":{"rendered":"https:\/\/noticiasribeiraopreto.com.br\/index.php\/2024\/01\/07\/vaga-para-analista-de-pcp-em-ribeirao-preto-ou-bauru-spha-3-dias\/"},"modified":"2024-01-07T17:50:35","modified_gmt":"2024-01-07T20:50:35","slug":"vaga-para-analista-de-pcp-em-ribeirao-preto-ou-bauru-spha-3-dias","status":"publish","type":"post","link":"https:\/\/noticiasribeiraopreto.com.br\/index.php\/2024\/01\/07\/vaga-para-analista-de-pcp-em-ribeirao-preto-ou-bauru-spha-3-dias\/","title":{"rendered":"Vaga para Analista de PCP em Ribeir\u00e3o Preto ou Bauru &#8211; SPh\u00e1 3 dias"},"content":{"rendered":"<div class=\"box\"><span class=\"marker\"><\/span><a href=\"https:\/\/eventosrh.selecty.com.br\/vaga\/1785\/vaga-para-vendedor-externo-em-regiao-de-marilia-sp-e-belo-horizonte-mg\"><span>Vaga para <strong>Vendedor Externo em Regi\u00e3o de Mar\u00edlia\/SP e Belo Horizonte\/MG<\/strong><\/span><small title=\"05\/01\/2024 17:08:10\">h\u00e1 2 dias<\/small><\/a><\/div>\n<div class=\"box\"><span class=\"marker\"><\/span><a href=\"https:\/\/eventosrh.selecty.com.br\/vaga\/1784\/vaga-para-estagiario-comercial-home-office\"><span>Vaga para <strong>Estagi\u00e1rio Comercial &#8211; Home Office<\/strong><\/span><\/a><\/div>\n<div class=\"box\"><span class=\"marker\"><\/span><a href=\"https:\/\/eventosrh.selecty.com.br\/vaga\/1783\/vaga-para-analista-de-pcp-em-ribeirao-preto-ou-bauru-sp\"><span>Vaga para <strong>Analista de PCP em Ribeir\u00e3o Preto ou Bauru &#8211; SP<\/strong><\/span><small title=\"04\/01\/2024 10:16:29\">h\u00e1 3 dias<\/small><\/a><\/div>\n<div class=\"box\"><span class=\"marker\"><\/span><a href=\"https:\/\/eventosrh.selecty.com.br\/vaga\/1782\/vaga-para-motorista-entregador-em-ribeirao-preto\"><span>Vaga para <strong>Motorista Entregador<\/strong> em Ribeir\u00e3o Preto<\/span><\/a><\/div>\n<div class=\"box\"><span class=\"marker\"><\/span><a href=\"https:\/\/eventosrh.selecty.com.br\/vaga\/1777\/vaga-para-operador-de-empilhadeira-em-ribeirao-preto\"><span>Vaga para <strong>Operador de Empilhadeira<\/strong> em Ribeir\u00e3o Preto<\/span><\/a><\/div>\n<div class=\"box\"><span class=\"marker\"><\/span><a href=\"https:\/\/eventosrh.selecty.com.br\/vaga\/1778\/vaga-para-expedidor-i-em-ribeirao-preto\"><span>Vaga para <strong>Expedidor I<\/strong> em Ribeir\u00e3o Preto<\/span><\/a><\/div>\n<div class=\"box\"><span class=\"marker\"><\/span><a href=\"https:\/\/eventosrh.selecty.com.br\/vaga\/1781\/vaga-para-analista-de-desenvolvimento-humano-em-ribeirao-preto-sp\"><span>Vaga para <strong>Analista de Desenvolvimento Humano<\/strong> em Ribeir\u00e3o Preto &#8211; SP<\/span><small title=\"03\/01\/2024 14:22:06\">h\u00e1 4 dias<\/small><\/a><\/div>\n<!-- CONTENT END 1 -->\n","protected":false},"excerpt":{"rendered":"<p>Vaga para Vendedor Externo em Regi\u00e3o de Mar\u00edlia\/SP e Belo Horizonte\/MGh\u00e1 2 dias Vaga para Estagi\u00e1rio Comercial &#8211; Home Office Vaga para Analista de PCP&#8230;<\/p>\n","protected":false},"author":1,"featured_media":0,"comment_status":"open","ping_status":"open","sticky":false,"template":"","format":"standard","meta":{"advanced_seo_description":"","jetpack_seo_html_title":"","jetpack_seo_noindex":false,"jetpack_post_was_ever_published":false,"_jetpack_newsletter_access":"","_jetpack_dont_email_post_to_subs":false,"_jetpack_newsletter_tier_id":0,"_jetpack_memberships_contains_paywalled_content":false,"_jetpack_memberships_contains_paid_content":false,"footnotes":"","jetpack_publicize_message":"","jetpack_publicize_feature_enabled":true,"jetpack_social_post_already_shared":true,"jetpack_social_options":{"image_generator_settings":{"template":"highway","default_image_id":0,"font":"","enabled":false},"version":2}},"categories":[7],"tags":[],"class_list":["post-25528","post","type-post","status-publish","format-standard","hentry","category-vagas-de-empregos-em-ribeirao-preto-regiao-brasil"],"jetpack_publicize_connections":[],"jetpack_featured_media_url":"","jetpack-related-posts":[{"id":26303,"url":"https:\/\/noticiasribeiraopreto.com.br\/index.php\/2024\/01\/09\/1-vaga-para-lavador-de-carros-em-sao-paulo-spha-1-dia\/","url_meta":{"origin":25528,"position":0},"title":"1 vaga para Lavador de Carros em S\u00e3o Paulo &#8211; SPh\u00e1 1 dia","author":"noticiasribeiraopreto.com.br","date":"9 de January de 2024","format":false,"excerpt":"1 vaga para Lavador de Carros em S\u00e3o Paulo - SPh\u00e1 1 dia Vaga para Assistente Financeiro em Ribeir\u00e3o Preto Vaga para Vendedor Externo em Regi\u00e3o de Mar\u00edlia\/SP e Belo Horizonte\/MGh\u00e1 4 dias Vaga para Estagi\u00e1rio Comercial - Home Office Vaga para Analista de PCP em Ribeir\u00e3o Preto ou Bauru\u2026","rel":"","context":"In &quot;Vagas de Emprego em Ribeir\u00e3o Preto-SP&quot;","block_context":{"text":"Vagas de Emprego em Ribeir\u00e3o Preto-SP","link":"https:\/\/noticiasribeiraopreto.com.br\/index.php\/category\/empregos-classificados-vagas-trabalho\/vagas-de-empregos-em-ribeirao-preto-regiao-brasil\/"},"img":{"alt_text":"","src":"","width":0,"height":0},"classes":[]},{"id":19922,"url":"https:\/\/noticiasribeiraopreto.com.br\/index.php\/2023\/12\/23\/vaga-para-analista-operacional-de-riscos-em-ribeirao-preto-spha-1-dia\/","url_meta":{"origin":25528,"position":1},"title":"Vaga para Analista Operacional de Riscos em Ribeir\u00e3o Preto &#8211; SPh\u00e1 1 dia","author":"noticiasribeiraopreto.com.br","date":"23 de December de 2023","format":false,"excerpt":"Vaga para Assistente de Vendas J\u00fanior em Ribeir\u00e3o Pretoh\u00e1 1 dia 1 vaga para Vendedora Externa em Sert\u00e3ozinho - SPh\u00e1 1 dia Vaga para Analista Operacional de Riscos em Ribeir\u00e3o Preto - SPh\u00e1 1 dia Vaga para Assistente Financeiro PCD em Ribeir\u00e3o Preto Vaga para Recepcionista em Ribeir\u00e3o Preto Vaga\u2026","rel":"","context":"In &quot;Vagas de Emprego em Ribeir\u00e3o Preto-SP&quot;","block_context":{"text":"Vagas de Emprego em Ribeir\u00e3o Preto-SP","link":"https:\/\/noticiasribeiraopreto.com.br\/index.php\/category\/empregos-classificados-vagas-trabalho\/vagas-de-empregos-em-ribeirao-preto-regiao-brasil\/"},"img":{"alt_text":"","src":"","width":0,"height":0},"classes":[]},{"id":24588,"url":"https:\/\/noticiasribeiraopreto.com.br\/index.php\/2024\/01\/04\/confira-mais-de-571-vagas-disponiveis\/","url_meta":{"origin":25528,"position":2},"title":"Confira mais de 571 vagas dispon\u00edveis.","author":"noticiasribeiraopreto.com.br","date":"4 de January de 2024","format":false,"excerpt":"Confira mais de 571 vagas dispon\u00edveis.Vagas por cidadeTodas(498)Mat\u00e3o(203)Araras(201)Ribeir\u00e3o Preto(72)Santos(9)Monte Alto(3)Andradina(2)Vagas por \u00e1reaTodas(572)Produ\u00e7\u00e3o\/Fabrica\u00e7\u00e3o(214)Industrial, Produ\u00e7\u00e3o...(208)Transporte Terrestre(76)Industrial,Produ\u00e7\u00e3o...(10)Log\u00edstica(9)Administra\u00e7\u00e3o de...(9)Vagas por cargoTodas(572)Ajudante de Produ\u00e7\u00e3o -...(401)Motorista - V\u00e1rias...(72)Auxiliar de Produ\u00e7\u00e3o...(12)Operador de Produ\u00e7\u00e3o -...(9)Auxiliar de Produ\u00e7\u00e3o(5)Assistente Administrativo...(4) Vagas recentesVaga para Analista de PCP em Ribeir\u00e3o Preto ou Bauru - SPh\u00e1 7 horasVaga para Motorista Entregador em Ribeir\u00e3o\u2026","rel":"","context":"In &quot;Vagas de Emprego em Ribeir\u00e3o Preto-SP&quot;","block_context":{"text":"Vagas de Emprego em Ribeir\u00e3o Preto-SP","link":"https:\/\/noticiasribeiraopreto.com.br\/index.php\/category\/empregos-classificados-vagas-trabalho\/vagas-de-empregos-em-ribeirao-preto-regiao-brasil\/"},"img":{"alt_text":"","src":"","width":0,"height":0},"classes":[]},{"id":23254,"url":"https:\/\/noticiasribeiraopreto.com.br\/index.php\/2024\/01\/01\/1-vaga-para-analista-de-recursos-humanos-em-ribeirao-preto-spha-3-dias\/","url_meta":{"origin":25528,"position":3},"title":"1 vaga para Analista de Recursos Humanos em Ribeir\u00e3o Preto &#8211; SPh\u00e1 3 dias","author":"noticiasribeiraopreto.com.br","date":"1 de January de 2024","format":false,"excerpt":"Vaga para Assistente Operacional em Ribeir\u00e3o Preto 1 vaga para Analista de Recursos Humanos em Ribeir\u00e3o Preto - SPh\u00e1 3 dias Vaga para Atendente de Vendas em Ribeir\u00e3o Preto - SPh\u00e1 3 dias 1 vaga para Vendedora Externa em Sert\u00e3ozinhoh\u00e1 5 dias Vaga para Assistente de Vendas J\u00fanior em Ribeir\u00e3o\u2026","rel":"","context":"In &quot;Vagas de Emprego em Ribeir\u00e3o Preto-SP&quot;","block_context":{"text":"Vagas de Emprego em Ribeir\u00e3o Preto-SP","link":"https:\/\/noticiasribeiraopreto.com.br\/index.php\/category\/empregos-classificados-vagas-trabalho\/vagas-de-empregos-em-ribeirao-preto-regiao-brasil\/"},"img":{"alt_text":"","src":"","width":0,"height":0},"classes":[]},{"id":20870,"url":"https:\/\/noticiasribeiraopreto.com.br\/index.php\/2023\/12\/26\/vaga-para-analista-operacional-de-riscos-em-ribeirao-preto-spha-4-dias\/","url_meta":{"origin":25528,"position":4},"title":"Vaga para Analista Operacional de Riscos em Ribeir\u00e3o Preto &#8211; SPh\u00e1 4 dias","author":"noticiasribeiraopreto.com.br","date":"26 de December de 2023","format":false,"excerpt":"1 vaga para Vendedora Externa em Sert\u00e3ozinhoh\u00e1 7 horas Vaga para Assistente de Vendas J\u00fanior em Ribeir\u00e3o Pretoh\u00e1 4 dias Vaga para Analista Operacional de Riscos em Ribeir\u00e3o Preto - SPh\u00e1 4 dias Vaga para Assistente Financeiro PCD em Ribeir\u00e3o Preto Vaga para Recepcionista em Ribeir\u00e3o Preto Vaga para Motorista\u2026","rel":"","context":"In &quot;Vagas de Emprego em Ribeir\u00e3o Preto-SP&quot;","block_context":{"text":"Vagas de Emprego em Ribeir\u00e3o Preto-SP","link":"https:\/\/noticiasribeiraopreto.com.br\/index.php\/category\/empregos-classificados-vagas-trabalho\/vagas-de-empregos-em-ribeirao-preto-regiao-brasil\/"},"img":{"alt_text":"","src":"","width":0,"height":0},"classes":[]},{"id":53303,"url":"https:\/\/noticiasribeiraopreto.com.br\/index.php\/2024\/06\/18\/vaga-para-analista-contabil-em-ribeirao-preto-spha-1-dia\/","url_meta":{"origin":25528,"position":5},"title":"Vaga para Analista Cont\u00e1bil em Ribeir\u00e3o Preto &#8211; SPh\u00e1 1 dia","author":"noticiasribeiraopreto.com.br","date":"18 de June de 2024","format":false,"excerpt":"Vaga para Assistente Administrativo (tempor\u00e1rio) em Ribeir\u00e3o Preto Vaga para Analista Cont\u00e1bil em Ribeir\u00e3o Preto - SPh\u00e1 1 dia 5 vagas para Auxiliar de Servi\u00e7os Gerais em Monte Alto - SPh\u00e1 1 dia 1 vaga para Motorista Entregador em Ribeir\u00e3o Preto - SPh\u00e1 4 dias Vaga para Auxiliar Operacional de\u2026","rel":"","context":"In &quot;Vagas de Emprego em Ribeir\u00e3o Preto-SP&quot;","block_context":{"text":"Vagas de Emprego em Ribeir\u00e3o Preto-SP","link":"https:\/\/noticiasribeiraopreto.com.br\/index.php\/category\/empregos-classificados-vagas-trabalho\/vagas-de-empregos-em-ribeirao-preto-regiao-brasil\/"},"img":{"alt_text":"","src":"","width":0,"height":0},"classes":[]}],"jetpack_sharing_enabled":true,"jetpack_shortlink":"https:\/\/wp.me\/peQAOb-6DK","_links":{"self":[{"href":"https:\/\/noticiasribeiraopreto.com.br\/index.php\/wp-json\/wp\/v2\/posts\/25528","targetHints":{"allow":["GET"]}}],"collection":[{"href":"https:\/\/noticiasribeiraopreto.com.br\/index.php\/wp-json\/wp\/v2\/posts"}],"about":[{"href":"https:\/\/noticiasribeiraopreto.com.br\/index.php\/wp-json\/wp\/v2\/types\/post"}],"author":[{"embeddable":true,"href":"https:\/\/noticiasribeiraopreto.com.br\/index.php\/wp-json\/wp\/v2\/users\/1"}],"replies":[{"embeddable":true,"href":"https:\/\/noticiasribeiraopreto.com.br\/index.php\/wp-json\/wp\/v2\/comments?post=25528"}],"version-history":[{"count":0,"href":"https:\/\/noticiasribeiraopreto.com.br\/index.php\/wp-json\/wp\/v2\/posts\/25528\/revisions"}],"wp:attachment":[{"href":"https:\/\/noticiasribeiraopreto.com.br\/index.php\/wp-json\/wp\/v2\/media?parent=25528"}],"wp:term":[{"taxonomy":"category","embeddable":true,"href":"https:\/\/noticiasribeiraopreto.com.br\/index.php\/wp-json\/wp\/v2\/categories?post=25528"},{"taxonomy":"post_tag","embeddable":true,"href":"https:\/\/noticiasribeiraopreto.com.br\/index.php\/wp-json\/wp\/v2\/tags?post=25528"}],"curies":[{"name":"wp","href":"https:\/\/api.w.org\/{rel}","templated":true}]}}