{"id":25606,"date":"2024-01-07T22:27:37","date_gmt":"2024-01-08T01:27:37","guid":{"rendered":"https:\/\/noticiasribeiraopreto.com.br\/index.php\/2024\/01\/07\/chuva-e-vento-forte-provocam-estragos-na-cidade-de-jaboticabal\/"},"modified":"2024-01-07T22:27:37","modified_gmt":"2024-01-08T01:27:37","slug":"chuva-e-vento-forte-provocam-estragos-na-cidade-de-jaboticabal","status":"publish","type":"post","link":"https:\/\/noticiasribeiraopreto.com.br\/index.php\/2024\/01\/07\/chuva-e-vento-forte-provocam-estragos-na-cidade-de-jaboticabal\/","title":{"rendered":"Chuva e vento forte provocam estragos na cidade de Jaboticabal"},"content":{"rendered":"<div class='code-block code-block-1' style='margin: 8px 0 8px auto; text-align: right; display: block; clear: both;'>\n<p><a href=\"https:\/\/wa.link\/vpicfd\"><img data-recalc-dims=\"1\" class=\"wp-image-4922\" style=\"aspect-ratio: 2.0253164556962027; width: 561px; height: auto;\" src=\"https:\/\/i0.wp.com\/ismaelcolosi.com.br\/wp-content\/uploads\/2023\/11\/grupo-de-empregos-whatsapp-e-facebook-ismael-colosi-vagas.jpg?ssl=1\" alt=\"\" \/><\/a><\/p>\n<!-- \/wp:image -->\n<\/div>\n<p> <br \/>\n<\/p>\n<div data-td-block-uid=\"tdi_104\">\n<div class=\"tdb-block-inner td-fix-index\">\n<p><strong>A chuva e vento que atingiram de forma parcial a cidade de Jaboticabal, a 40 quil\u00f4metros de Ribeir\u00e3o Preto, causaram v\u00e1rios estragos na tarde deste domingo (7).<\/strong><\/p>\n<p><strong>A cobertura do Auto Posto Esplanada, na avenida Tiradentes, caiu<\/strong>. Uma \u00e1rvore, na regi\u00e3o do Sesi, caiu e derrubou um poste.<\/p>\n<p>De acordo com o Corpo de Bombeiros, s\u00e3o pelo menos 20 ocorr\u00eancias de queda de \u00e1rvores.<\/p>\n<p>Uma dessas \u00e1rvores caiu sobre um carro. Uma pessoa estava no ve\u00edculo, mas ela n\u00e3o se machucou.<\/p>\n<p><strong>Parte da cobertura de uma cl\u00ednica que cuida de idosos tamb\u00e9m cedeu, mas n\u00e3o h\u00e1 registro de feridos<\/strong>.<\/p>\n<p>O Corpo de Bombeiros e a Defesa Civil est\u00e3o realizando os atendimentos. O acidade on acompanha o caso.<\/p>\n<figure class=\"wp-block-gallery has-nested-images columns-default is-cropped wp-block-gallery-1 is-layout-flex\">\n<figure class=\"wp-block-image size-large\"><\/figure>\n<figure class=\"wp-block-image size-large\"><img data-recalc-dims=\"1\" decoding=\"async\" loading=\"lazy\" width=\"575\" height=\"1024\" data-id=\"65262\" src=\"https:\/\/i0.wp.com\/www.acidadeon.com\/ribeiraopreto\/wp-content\/uploads\/sites\/3\/2024\/01\/WhatsApp-Image-2024-01-07-at-17.02.36-1-575x1024.jpeg?resize=575%2C1024&#038;ssl=1\" alt=\"\" class=\"wp-image-65262\" srcset=\"https:\/\/www.acidadeon.com\/ribeiraopreto\/wp-content\/uploads\/sites\/3\/2024\/01\/WhatsApp-Image-2024-01-07-at-17.02.36-1-575x1024.jpeg 575w, https:\/\/www.acidadeon.com\/ribeiraopreto\/wp-content\/uploads\/sites\/3\/2024\/01\/WhatsApp-Image-2024-01-07-at-17.02.36-1-169x300.jpeg 169w, https:\/\/www.acidadeon.com\/ribeiraopreto\/wp-content\/uploads\/sites\/3\/2024\/01\/WhatsApp-Image-2024-01-07-at-17.02.36-1-768x1367.jpeg 768w, https:\/\/www.acidadeon.com\/ribeiraopreto\/wp-content\/uploads\/sites\/3\/2024\/01\/WhatsApp-Image-2024-01-07-at-17.02.36-1-696x1238.jpeg 696w, https:\/\/www.acidadeon.com\/ribeiraopreto\/wp-content\/uploads\/sites\/3\/2024\/01\/WhatsApp-Image-2024-01-07-at-17.02.36-1.jpeg 843w\" sizes=\"auto, (max-width: 575px) 100vw, 575px\"\/><\/figure>\n<figure class=\"wp-block-image size-large\"><img data-recalc-dims=\"1\" decoding=\"async\" loading=\"lazy\" width=\"768\" height=\"1024\" data-id=\"65261\" src=\"https:\/\/i0.wp.com\/www.acidadeon.com\/ribeiraopreto\/wp-content\/uploads\/sites\/3\/2024\/01\/WhatsApp-Image-2024-01-07-at-17.02.36-768x1024.jpeg?resize=768%2C1024&#038;ssl=1\" alt=\"\" class=\"wp-image-65261\" srcset=\"https:\/\/www.acidadeon.com\/ribeiraopreto\/wp-content\/uploads\/sites\/3\/2024\/01\/WhatsApp-Image-2024-01-07-at-17.02.36-768x1024.jpeg 768w, https:\/\/www.acidadeon.com\/ribeiraopreto\/wp-content\/uploads\/sites\/3\/2024\/01\/WhatsApp-Image-2024-01-07-at-17.02.36-225x300.jpeg 225w, https:\/\/www.acidadeon.com\/ribeiraopreto\/wp-content\/uploads\/sites\/3\/2024\/01\/WhatsApp-Image-2024-01-07-at-17.02.36-696x928.jpeg 696w, https:\/\/www.acidadeon.com\/ribeiraopreto\/wp-content\/uploads\/sites\/3\/2024\/01\/WhatsApp-Image-2024-01-07-at-17.02.36.jpeg 810w\" sizes=\"auto, (max-width: 768px) 100vw, 768px\"\/><\/figure>\n<figure class=\"wp-block-image size-large\"><img data-recalc-dims=\"1\" decoding=\"async\" loading=\"lazy\" width=\"768\" height=\"1024\" data-id=\"65264\" src=\"https:\/\/i0.wp.com\/www.acidadeon.com\/ribeiraopreto\/wp-content\/uploads\/sites\/3\/2024\/01\/WhatsApp-Image-2024-01-07-at-17.02.35-1-768x1024.jpeg?resize=768%2C1024&#038;ssl=1\" alt=\"\" class=\"wp-image-65264\" srcset=\"https:\/\/www.acidadeon.com\/ribeiraopreto\/wp-content\/uploads\/sites\/3\/2024\/01\/WhatsApp-Image-2024-01-07-at-17.02.35-1-768x1024.jpeg 768w, https:\/\/www.acidadeon.com\/ribeiraopreto\/wp-content\/uploads\/sites\/3\/2024\/01\/WhatsApp-Image-2024-01-07-at-17.02.35-1-225x300.jpeg 225w, https:\/\/www.acidadeon.com\/ribeiraopreto\/wp-content\/uploads\/sites\/3\/2024\/01\/WhatsApp-Image-2024-01-07-at-17.02.35-1-1152x1536.jpeg 1152w, https:\/\/www.acidadeon.com\/ribeiraopreto\/wp-content\/uploads\/sites\/3\/2024\/01\/WhatsApp-Image-2024-01-07-at-17.02.35-1-696x928.jpeg 696w, https:\/\/www.acidadeon.com\/ribeiraopreto\/wp-content\/uploads\/sites\/3\/2024\/01\/WhatsApp-Image-2024-01-07-at-17.02.35-1-1068x1424.jpeg 1068w, https:\/\/www.acidadeon.com\/ribeiraopreto\/wp-content\/uploads\/sites\/3\/2024\/01\/WhatsApp-Image-2024-01-07-at-17.02.35-1.jpeg 1200w\" sizes=\"auto, (max-width: 768px) 100vw, 768px\"\/><\/figure>\n<figure class=\"wp-block-image size-large\"><img data-recalc-dims=\"1\" decoding=\"async\" loading=\"lazy\" width=\"768\" height=\"1024\" data-id=\"65265\" src=\"https:\/\/i0.wp.com\/www.acidadeon.com\/ribeiraopreto\/wp-content\/uploads\/sites\/3\/2024\/01\/WhatsApp-Image-2024-01-07-at-17.02.35-768x1024.jpeg?resize=768%2C1024&#038;ssl=1\" alt=\"\" class=\"wp-image-65265\" srcset=\"https:\/\/www.acidadeon.com\/ribeiraopreto\/wp-content\/uploads\/sites\/3\/2024\/01\/WhatsApp-Image-2024-01-07-at-17.02.35-768x1024.jpeg 768w, https:\/\/www.acidadeon.com\/ribeiraopreto\/wp-content\/uploads\/sites\/3\/2024\/01\/WhatsApp-Image-2024-01-07-at-17.02.35-225x300.jpeg 225w, https:\/\/www.acidadeon.com\/ribeiraopreto\/wp-content\/uploads\/sites\/3\/2024\/01\/WhatsApp-Image-2024-01-07-at-17.02.35-1152x1536.jpeg 1152w, https:\/\/www.acidadeon.com\/ribeiraopreto\/wp-content\/uploads\/sites\/3\/2024\/01\/WhatsApp-Image-2024-01-07-at-17.02.35-696x928.jpeg 696w, https:\/\/www.acidadeon.com\/ribeiraopreto\/wp-content\/uploads\/sites\/3\/2024\/01\/WhatsApp-Image-2024-01-07-at-17.02.35-1068x1424.jpeg 1068w, https:\/\/www.acidadeon.com\/ribeiraopreto\/wp-content\/uploads\/sites\/3\/2024\/01\/WhatsApp-Image-2024-01-07-at-17.02.35.jpeg 1200w\" sizes=\"auto, (max-width: 768px) 100vw, 768px\"\/><\/figure><figcaption class=\"blocks-gallery-caption wp-element-caption\">Chuva provocou estragos em Jaboticabal (Fotos: Cidades Online)<\/figcaption><\/figure>\n<p><strong>FIQUE ON<\/strong><\/p>\n<p>Fique ligado em tudo que acontece em Ribeir\u00e3o Preto e regi\u00e3o. Siga os perfis do\u00a0<strong>acidade on\u00a0<\/strong>no\u00a0<a href=\"https:\/\/www.instagram.com\/acidadeonribeirao\" target=\"_blank\" rel=\"noreferrer noopener\">Instagram<\/a>\u00a0e no<a href=\"https:\/\/www.facebook.com\/acidadeonribeirao\" target=\"_blank\" rel=\"noreferrer noopener\">\u00a0Facebook.<\/a><\/p>\n<p>Receba not\u00edcias do<strong>\u00a0acidade on<\/strong>\u00a0no WhatsApp.\u00a0<a href=\"https:\/\/chat.whatsapp.com\/Bnv2w66ZT4VDyZW3oiZ69n\" target=\"_blank\" rel=\"noreferrer noopener\">Para entrar no grupo, basta clicar aqui.<\/a><\/p>\n<p>Fa\u00e7a uma den\u00fancia ou sugira uma reportagem sobre Ribeir\u00e3o Preto e regi\u00e3o pelo WhatsApp:\u00a0<strong>16 99117 7802.<\/strong><\/p>\n<p>VEJA TAMB\u00c9M<br \/>Saiba como visitar a maior exposi\u00e7\u00e3o do mundo sobre Chaves e Chapolin<\/p>\n<p><!-- AI CONTENT END 1 -->\n<\/div>\n<\/div>\n<p><script async src=\"\/\/www.instagram.com\/embed.js\"><\/script><br \/>\n<br \/><br \/>\n<br \/><a href=\"https:\/\/www.acidadeon.com\/ribeiraopreto\/cotidiano\/chuva-e-vento-forte-provocam-estragos-na-cidade-de-jaboticabal\/\">Source link <\/a><\/p>\n<!-- CONTENT END 1 -->\n","protected":false},"excerpt":{"rendered":"<p>A chuva e vento que atingiram de forma parcial a cidade de Jaboticabal, a 40 quil\u00f4metros de Ribeir\u00e3o Preto, causaram v\u00e1rios estragos na tarde deste&#8230;<\/p>\n","protected":false},"author":1,"featured_media":25607,"comment_status":"open","ping_status":"open","sticky":false,"template":"","format":"standard","meta":{"advanced_seo_description":"","jetpack_seo_html_title":"","jetpack_seo_noindex":false,"jetpack_post_was_ever_published":false,"_jetpack_newsletter_access":"","_jetpack_dont_email_post_to_subs":false,"_jetpack_newsletter_tier_id":0,"_jetpack_memberships_contains_paywalled_content":false,"_jetpack_memberships_contains_paid_content":false,"footnotes":"","jetpack_publicize_message":"","jetpack_publicize_feature_enabled":true,"jetpack_social_post_already_shared":true,"jetpack_social_options":{"image_generator_settings":{"template":"highway","default_image_id":0,"font":"","enabled":false},"version":2}},"categories":[11],"tags":[224,273,385,2590,2599,611,3181],"class_list":["post-25606","post","type-post","status-publish","format-standard","has-post-thumbnail","hentry","category-noticias-de-ribeirao-preto-sp-e-regiao-ismael-colosi","tag-chuva","tag-cidade","tag-estragos","tag-forte","tag-jaboticabal","tag-provocam","tag-vento"],"jetpack_publicize_connections":[],"jetpack_featured_media_url":"https:\/\/i0.wp.com\/noticiasribeiraopreto.com.br\/wp-content\/uploads\/2024\/01\/WhatsApp-Image-2024-01-07-at-17.05.14.jpeg?fit=1600%2C910&ssl=1","jetpack-related-posts":[{"id":25579,"url":"https:\/\/noticiasribeiraopreto.com.br\/index.php\/2024\/01\/07\/chuva-com-vento-deixa-rastro-de-destruicao-na-zona-leste-de-ribeirao-preto\/","url_meta":{"origin":25606,"position":0},"title":"Chuva com vento deixa rastro de destrui\u00e7\u00e3o na zona Leste de Ribeir\u00e3o Preto","author":"noticiasribeiraopreto.com.br","date":"7 de January de 2024","format":false,"excerpt":"Uma chuva acompanhada de vento, no final da tarde deste domingo (7), deixou um rastro de destrui\u00e7\u00e3o em v\u00e1rios bairros da zona Leste de Ribeir\u00e3o Preto (veja v\u00eddeo ao final do texto). V\u00e1rias \u00e1rvores ca\u00edram, algumas sobre carros. A for\u00e7a do vento tamb\u00e9m destelhou casas. Na zona Leste, al\u00e9m do\u2026","rel":"","context":"In &quot;Not\u00edcias de Ribeir\u00e3o Preto-SP e Regi\u00e3o&quot;","block_context":{"text":"Not\u00edcias de Ribeir\u00e3o Preto-SP e Regi\u00e3o","link":"https:\/\/noticiasribeiraopreto.com.br\/index.php\/category\/noticias-de-ribeirao-preto-sp-e-regiao-ismael-colosi\/"},"img":{"alt_text":"","src":"https:\/\/i0.wp.com\/noticiasribeiraopreto.com.br\/wp-content\/uploads\/2024\/01\/WhatsApp-Image-2024-01-07-at-19.19.33.jpeg?fit=1079%2C753&ssl=1&resize=350%2C200","width":350,"height":200,"srcset":"https:\/\/i0.wp.com\/noticiasribeiraopreto.com.br\/wp-content\/uploads\/2024\/01\/WhatsApp-Image-2024-01-07-at-19.19.33.jpeg?fit=1079%2C753&ssl=1&resize=350%2C200 1x, https:\/\/i0.wp.com\/noticiasribeiraopreto.com.br\/wp-content\/uploads\/2024\/01\/WhatsApp-Image-2024-01-07-at-19.19.33.jpeg?fit=1079%2C753&ssl=1&resize=525%2C300 1.5x, https:\/\/i0.wp.com\/noticiasribeiraopreto.com.br\/wp-content\/uploads\/2024\/01\/WhatsApp-Image-2024-01-07-at-19.19.33.jpeg?fit=1079%2C753&ssl=1&resize=700%2C400 2x, https:\/\/i0.wp.com\/noticiasribeiraopreto.com.br\/wp-content\/uploads\/2024\/01\/WhatsApp-Image-2024-01-07-at-19.19.33.jpeg?fit=1079%2C753&ssl=1&resize=1050%2C600 3x"},"classes":[]},{"id":61775,"url":"https:\/\/noticiasribeiraopreto.com.br\/index.php\/2024\/12\/21\/temporal-atinge-cidade-na-regiao-de-ribeirao-preto-e-provoca-estragos\/","url_meta":{"origin":25606,"position":1},"title":"Temporal atinge cidade na regi\u00e3o de Ribeir\u00e3o Preto e provoca estragos","author":"noticiasribeiraopreto.com.br","date":"21 de December de 2024","format":false,"excerpt":"O temporal que atinge a regi\u00e3o de Ribeir\u00e3o Preto na tarde deste s\u00e1bado (21), provocou estragos em Jaboticabal, cidade na regi\u00e3o. O interior de S\u00e3o Paulo est\u00e1 em alerta para chuvas intensas \u2013 saiba mais abaixo. De acordo com as informa\u00e7\u00f5es do Corpo de Bombeiros, as equipes foram acionadas para\u2026","rel":"","context":"In &quot;Not\u00edcias de Ribeir\u00e3o Preto-SP e Regi\u00e3o&quot;","block_context":{"text":"Not\u00edcias de Ribeir\u00e3o Preto-SP e Regi\u00e3o","link":"https:\/\/noticiasribeiraopreto.com.br\/index.php\/category\/noticias-de-ribeirao-preto-sp-e-regiao-ismael-colosi\/"},"img":{"alt_text":"","src":"https:\/\/i0.wp.com\/noticiasribeiraopreto.com.br\/wp-content\/uploads\/2024\/12\/Copia-de-Copia-de-Copia-de-TAMANHO-EXATO-PARA-FOTOS-NO-SISTEMA-NOVO-2024-12-21T150849.753_2024-12-21_18-09-51_png_2024-12-21_18-09-51.webp.webp?fit=1200%2C675&ssl=1&resize=350%2C200","width":350,"height":200,"srcset":"https:\/\/i0.wp.com\/noticiasribeiraopreto.com.br\/wp-content\/uploads\/2024\/12\/Copia-de-Copia-de-Copia-de-TAMANHO-EXATO-PARA-FOTOS-NO-SISTEMA-NOVO-2024-12-21T150849.753_2024-12-21_18-09-51_png_2024-12-21_18-09-51.webp.webp?fit=1200%2C675&ssl=1&resize=350%2C200 1x, https:\/\/i0.wp.com\/noticiasribeiraopreto.com.br\/wp-content\/uploads\/2024\/12\/Copia-de-Copia-de-Copia-de-TAMANHO-EXATO-PARA-FOTOS-NO-SISTEMA-NOVO-2024-12-21T150849.753_2024-12-21_18-09-51_png_2024-12-21_18-09-51.webp.webp?fit=1200%2C675&ssl=1&resize=525%2C300 1.5x, https:\/\/i0.wp.com\/noticiasribeiraopreto.com.br\/wp-content\/uploads\/2024\/12\/Copia-de-Copia-de-Copia-de-TAMANHO-EXATO-PARA-FOTOS-NO-SISTEMA-NOVO-2024-12-21T150849.753_2024-12-21_18-09-51_png_2024-12-21_18-09-51.webp.webp?fit=1200%2C675&ssl=1&resize=700%2C400 2x, https:\/\/i0.wp.com\/noticiasribeiraopreto.com.br\/wp-content\/uploads\/2024\/12\/Copia-de-Copia-de-Copia-de-TAMANHO-EXATO-PARA-FOTOS-NO-SISTEMA-NOVO-2024-12-21T150849.753_2024-12-21_18-09-51_png_2024-12-21_18-09-51.webp.webp?fit=1200%2C675&ssl=1&resize=1050%2C600 3x"},"classes":[]},{"id":34025,"url":"https:\/\/noticiasribeiraopreto.com.br\/index.php\/2024\/01\/31\/temporal-causa-estragos-em-cidade-na-regiao-de-ribeirao-interior-de-sp-esta-sob-alerta\/","url_meta":{"origin":25606,"position":2},"title":"Temporal causa estragos em cidade na regi\u00e3o de Ribeir\u00e3o; Interior de SP est\u00e1 sob alerta","author":"noticiasribeiraopreto.com.br","date":"31 de January de 2024","format":false,"excerpt":"Um forte temporal atingiu a cidade de Jaboticabal, a cerca de 59 quil\u00f4metros de Ribeir\u00e3o Preto, na tarde desta quarta-feira (31) e provocou estragos em todo o munic\u00edpio. De acordo com o Corpo de Bombeiros, em toda a cidade foram registradas doze ocorr\u00eancias de quedas de \u00e1rvores por conta do\u2026","rel":"","context":"In &quot;Not\u00edcias de Ribeir\u00e3o Preto-SP e Regi\u00e3o&quot;","block_context":{"text":"Not\u00edcias de Ribeir\u00e3o Preto-SP e Regi\u00e3o","link":"https:\/\/noticiasribeiraopreto.com.br\/index.php\/category\/noticias-de-ribeirao-preto-sp-e-regiao-ismael-colosi\/"},"img":{"alt_text":"","src":"https:\/\/i0.wp.com\/noticiasribeiraopreto.com.br\/wp-content\/uploads\/2024\/01\/Copia-de-Copia-de-TAMANHO-EXATO-PARA-FOTOS-NO-SISTEMA-NOVO-25.png?fit=1200%2C675&ssl=1&resize=350%2C200","width":350,"height":200,"srcset":"https:\/\/i0.wp.com\/noticiasribeiraopreto.com.br\/wp-content\/uploads\/2024\/01\/Copia-de-Copia-de-TAMANHO-EXATO-PARA-FOTOS-NO-SISTEMA-NOVO-25.png?fit=1200%2C675&ssl=1&resize=350%2C200 1x, https:\/\/i0.wp.com\/noticiasribeiraopreto.com.br\/wp-content\/uploads\/2024\/01\/Copia-de-Copia-de-TAMANHO-EXATO-PARA-FOTOS-NO-SISTEMA-NOVO-25.png?fit=1200%2C675&ssl=1&resize=525%2C300 1.5x, https:\/\/i0.wp.com\/noticiasribeiraopreto.com.br\/wp-content\/uploads\/2024\/01\/Copia-de-Copia-de-TAMANHO-EXATO-PARA-FOTOS-NO-SISTEMA-NOVO-25.png?fit=1200%2C675&ssl=1&resize=700%2C400 2x, https:\/\/i0.wp.com\/noticiasribeiraopreto.com.br\/wp-content\/uploads\/2024\/01\/Copia-de-Copia-de-TAMANHO-EXATO-PARA-FOTOS-NO-SISTEMA-NOVO-25.png?fit=1200%2C675&ssl=1&resize=1050%2C600 3x"},"classes":[]},{"id":84266,"url":"https:\/\/noticiasribeiraopreto.com.br\/index.php\/2026\/04\/06\/chuva-com-granizo-e-ventos-fortes-derruba-arvores-e-causa-interdicoes-em-ribeirao-preto\/","url_meta":{"origin":25606,"position":3},"title":"Chuva com granizo e ventos fortes derruba \u00e1rvores e causa interdi\u00e7\u00f5es em Ribeir\u00e3o Preto","author":"noticiasribeiraopreto.com.br","date":"6 de April de 2026","format":false,"excerpt":"Ler o resumo da not\u00edcia Chuva com granizo e ventos fortes derruba \u00e1rvores e causa interdi\u00e7\u00f5es em Ribeir\u00e3o Preto A chuva intensa acompanhada de granizo e ventos fortes que atingiu Ribeir\u00e3o Preto na tarde desta segunda-feira (6) causou transtornos em diferentes regi\u00f5es da cidade, com registro de queda de \u00e1rvores\u2026","rel":"","context":"In &quot;Not\u00edcias de Ribeir\u00e3o Preto-SP e Regi\u00e3o&quot;","block_context":{"text":"Not\u00edcias de Ribeir\u00e3o Preto-SP e Regi\u00e3o","link":"https:\/\/noticiasribeiraopreto.com.br\/index.php\/category\/noticias-de-ribeirao-preto-sp-e-regiao-ismael-colosi\/"},"img":{"alt_text":"","src":"https:\/\/i0.wp.com\/noticiasribeiraopreto.com.br\/wp-content\/uploads\/2026\/04\/WhatsApp-Image-2026-04-06-at-15.25.27_2026-04-06_18-27-18.webp.webp?fit=1200%2C592&ssl=1&resize=350%2C200","width":350,"height":200,"srcset":"https:\/\/i0.wp.com\/noticiasribeiraopreto.com.br\/wp-content\/uploads\/2026\/04\/WhatsApp-Image-2026-04-06-at-15.25.27_2026-04-06_18-27-18.webp.webp?fit=1200%2C592&ssl=1&resize=350%2C200 1x, https:\/\/i0.wp.com\/noticiasribeiraopreto.com.br\/wp-content\/uploads\/2026\/04\/WhatsApp-Image-2026-04-06-at-15.25.27_2026-04-06_18-27-18.webp.webp?fit=1200%2C592&ssl=1&resize=525%2C300 1.5x, https:\/\/i0.wp.com\/noticiasribeiraopreto.com.br\/wp-content\/uploads\/2026\/04\/WhatsApp-Image-2026-04-06-at-15.25.27_2026-04-06_18-27-18.webp.webp?fit=1200%2C592&ssl=1&resize=700%2C400 2x, https:\/\/i0.wp.com\/noticiasribeiraopreto.com.br\/wp-content\/uploads\/2026\/04\/WhatsApp-Image-2026-04-06-at-15.25.27_2026-04-06_18-27-18.webp.webp?fit=1200%2C592&ssl=1&resize=1050%2C600 3x"},"classes":[]},{"id":17952,"url":"https:\/\/noticiasribeiraopreto.com.br\/index.php\/2023\/12\/19\/interior-de-sp-tem-novo-alerta-de-tempestade-ventos-fortes-causam-estragos\/","url_meta":{"origin":25606,"position":4},"title":"Interior de SP tem novo alerta de tempestade; Ventos fortes causam estragos","author":"noticiasribeiraopreto.com.br","date":"19 de December de 2023","format":false,"excerpt":"O Inmet (Instituto Nacional de Meteorologia) publicou um novo alerta de \u201cperigo potencial\u201d para tempestade em algumas regi\u00f5es do interior de S\u00e3o Paulo. O aviso \u00e9 v\u00e1lido at\u00e9 10h de quarta-feira (20). Segundo o \u00f3rg\u00e3o, pode chover o acumulado de at\u00e9 30 mil\u00edmetros no per\u00edodo de uma hora, com ventos\u2026","rel":"","context":"In &quot;Not\u00edcias de Ribeir\u00e3o Preto-SP e Regi\u00e3o&quot;","block_context":{"text":"Not\u00edcias de Ribeir\u00e3o Preto-SP e Regi\u00e3o","link":"https:\/\/noticiasribeiraopreto.com.br\/index.php\/category\/noticias-de-ribeirao-preto-sp-e-regiao-ismael-colosi\/"},"img":{"alt_text":"","src":"https:\/\/i0.wp.com\/noticiasribeiraopreto.com.br\/wp-content\/uploads\/2023\/12\/queda-de-arvore.jpg?fit=978%2C541&ssl=1&resize=350%2C200","width":350,"height":200,"srcset":"https:\/\/i0.wp.com\/noticiasribeiraopreto.com.br\/wp-content\/uploads\/2023\/12\/queda-de-arvore.jpg?fit=978%2C541&ssl=1&resize=350%2C200 1x, https:\/\/i0.wp.com\/noticiasribeiraopreto.com.br\/wp-content\/uploads\/2023\/12\/queda-de-arvore.jpg?fit=978%2C541&ssl=1&resize=525%2C300 1.5x, https:\/\/i0.wp.com\/noticiasribeiraopreto.com.br\/wp-content\/uploads\/2023\/12\/queda-de-arvore.jpg?fit=978%2C541&ssl=1&resize=700%2C400 2x"},"classes":[]},{"id":79672,"url":"https:\/\/noticiasribeiraopreto.com.br\/index.php\/2025\/11\/05\/arvore-cai-e-atinge-dois-carros-no-centro-de-ribeirao-preto-apos-ventania\/","url_meta":{"origin":25606,"position":5},"title":"\u00c1rvore cai e atinge dois carros no Centro de Ribeir\u00e3o Preto ap\u00f3s ventania","author":"noticiasribeiraopreto.com.br","date":"5 de November de 2025","format":false,"excerpt":"Na tarde desta quarta-feira (5), os ventos fortes que atingiram Ribeir\u00e3o Preto e regi\u00e3o derrubaram uma \u00e1rvore, que caiu sobre dois carros e provocou a interdi\u00e7\u00e3o total de um trecho da rua \u00c1lvares Cabral, entre a rua Bernardino de Campos e a avenida Nove de Julho, na regi\u00e3o central da\u2026","rel":"","context":"In &quot;Not\u00edcias de Ribeir\u00e3o Preto-SP e Regi\u00e3o&quot;","block_context":{"text":"Not\u00edcias de Ribeir\u00e3o Preto-SP e Regi\u00e3o","link":"https:\/\/noticiasribeiraopreto.com.br\/index.php\/category\/noticias-de-ribeirao-preto-sp-e-regiao-ismael-colosi\/"},"img":{"alt_text":"","src":"https:\/\/i0.wp.com\/noticiasribeiraopreto.com.br\/wp-content\/uploads\/2025\/11\/Copia-de-Copia-de-Copia-de-TAMANHO-EXATO-PARA-FOTOS-NO-SISTEMA-NOVO-2025-11-05T165337.251_2025-11-05_19-53-47.webp.webp?fit=1200%2C675&ssl=1&resize=350%2C200","width":350,"height":200,"srcset":"https:\/\/i0.wp.com\/noticiasribeiraopreto.com.br\/wp-content\/uploads\/2025\/11\/Copia-de-Copia-de-Copia-de-TAMANHO-EXATO-PARA-FOTOS-NO-SISTEMA-NOVO-2025-11-05T165337.251_2025-11-05_19-53-47.webp.webp?fit=1200%2C675&ssl=1&resize=350%2C200 1x, https:\/\/i0.wp.com\/noticiasribeiraopreto.com.br\/wp-content\/uploads\/2025\/11\/Copia-de-Copia-de-Copia-de-TAMANHO-EXATO-PARA-FOTOS-NO-SISTEMA-NOVO-2025-11-05T165337.251_2025-11-05_19-53-47.webp.webp?fit=1200%2C675&ssl=1&resize=525%2C300 1.5x, https:\/\/i0.wp.com\/noticiasribeiraopreto.com.br\/wp-content\/uploads\/2025\/11\/Copia-de-Copia-de-Copia-de-TAMANHO-EXATO-PARA-FOTOS-NO-SISTEMA-NOVO-2025-11-05T165337.251_2025-11-05_19-53-47.webp.webp?fit=1200%2C675&ssl=1&resize=700%2C400 2x, https:\/\/i0.wp.com\/noticiasribeiraopreto.com.br\/wp-content\/uploads\/2025\/11\/Copia-de-Copia-de-Copia-de-TAMANHO-EXATO-PARA-FOTOS-NO-SISTEMA-NOVO-2025-11-05T165337.251_2025-11-05_19-53-47.webp.webp?fit=1200%2C675&ssl=1&resize=1050%2C600 3x"},"classes":[]}],"jetpack_sharing_enabled":true,"jetpack_shortlink":"https:\/\/wp.me\/peQAOb-6F0","_links":{"self":[{"href":"https:\/\/noticiasribeiraopreto.com.br\/index.php\/wp-json\/wp\/v2\/posts\/25606","targetHints":{"allow":["GET"]}}],"collection":[{"href":"https:\/\/noticiasribeiraopreto.com.br\/index.php\/wp-json\/wp\/v2\/posts"}],"about":[{"href":"https:\/\/noticiasribeiraopreto.com.br\/index.php\/wp-json\/wp\/v2\/types\/post"}],"author":[{"embeddable":true,"href":"https:\/\/noticiasribeiraopreto.com.br\/index.php\/wp-json\/wp\/v2\/users\/1"}],"replies":[{"embeddable":true,"href":"https:\/\/noticiasribeiraopreto.com.br\/index.php\/wp-json\/wp\/v2\/comments?post=25606"}],"version-history":[{"count":0,"href":"https:\/\/noticiasribeiraopreto.com.br\/index.php\/wp-json\/wp\/v2\/posts\/25606\/revisions"}],"wp:featuredmedia":[{"embeddable":true,"href":"https:\/\/noticiasribeiraopreto.com.br\/index.php\/wp-json\/wp\/v2\/media\/25607"}],"wp:attachment":[{"href":"https:\/\/noticiasribeiraopreto.com.br\/index.php\/wp-json\/wp\/v2\/media?parent=25606"}],"wp:term":[{"taxonomy":"category","embeddable":true,"href":"https:\/\/noticiasribeiraopreto.com.br\/index.php\/wp-json\/wp\/v2\/categories?post=25606"},{"taxonomy":"post_tag","embeddable":true,"href":"https:\/\/noticiasribeiraopreto.com.br\/index.php\/wp-json\/wp\/v2\/tags?post=25606"}],"curies":[{"name":"wp","href":"https:\/\/api.w.org\/{rel}","templated":true}]}}