{"id":25634,"date":"2024-01-08T00:09:42","date_gmt":"2024-01-08T03:09:42","guid":{"rendered":"https:\/\/noticiasribeiraopreto.com.br\/index.php\/2024\/01\/08\/em-cena-de-cortar-o-coracao-lucinda-abre-os-olhos-apos-coma-profundo-e-tem-desfecho-inesperado\/"},"modified":"2024-01-08T00:09:42","modified_gmt":"2024-01-08T03:09:42","slug":"em-cena-de-cortar-o-coracao-lucinda-abre-os-olhos-apos-coma-profundo-e-tem-desfecho-inesperado","status":"publish","type":"post","link":"https:\/\/noticiasribeiraopreto.com.br\/index.php\/2024\/01\/08\/em-cena-de-cortar-o-coracao-lucinda-abre-os-olhos-apos-coma-profundo-e-tem-desfecho-inesperado\/","title":{"rendered":"Em cena de cortar o cora\u00e7\u00e3o, Lucinda abre os olhos ap\u00f3s coma profundo e tem desfecho inesperado"},"content":{"rendered":"<div class='code-block code-block-1' style='margin: 8px 0 8px auto; text-align: right; display: block; clear: both;'>\n<p><a href=\"https:\/\/wa.link\/vpicfd\"><img data-recalc-dims=\"1\" class=\"wp-image-4922\" style=\"aspect-ratio: 2.0253164556962027; width: 561px; height: auto;\" src=\"https:\/\/i0.wp.com\/ismaelcolosi.com.br\/wp-content\/uploads\/2023\/11\/grupo-de-empregos-whatsapp-e-facebook-ismael-colosi-vagas.jpg?ssl=1\" alt=\"\" \/><\/a><\/p>\n<!-- \/wp:image -->\n<\/div>\n<p> <br \/>\n<\/p>\n<div itemprop=\"text\">\n<p>Ant\u00f4nio La Selva n\u00e3o tem limites e desta vez foi Lucinda que pagou caro por sua ira e sede de poder. Ap\u00f3s ser preso por causa do sequestro de Aline, o rei da soja, jurou que se vingaria de Marino e contratou um assassino para tirar a vida de Lucinda.<\/p>\n<p>A vingan\u00e7a ser\u00e1 colocada em pr\u00e1tica e a esposa do delegado vai levar um tiro na cabe\u00e7a e ficar\u00e1 entre a vida e a morte para o desespero de Marino.<\/p>\n<p>Ap\u00f3s ser v\u00edtima do atentado, Lucinda ser\u00e1 resgatada com vida e encaminhada para um hospital, ap\u00f3s passar por uma bateira de exames, Marino, Anely e os demais v\u00e3o ser informados que o estado de sa\u00fade da dona da pousada \u00e9 extremamente grave.<\/p>\n<p>Lucinda ser\u00e1 submetida a uma cirurgia e a fam\u00edlia ser\u00e1 avisada que o procedimento foi bem-sucedido, contudo, ela permanecer\u00e1 em coma profundo.<\/p>\n<p>Diante desta situa\u00e7\u00e3o, Marino perder\u00e1 a cabe\u00e7a e buscar\u00e1 por Ant\u00f4nio La Selva, o delegado vai prometer que acabar\u00e1 com a vida do rei da soja caso Lucinda n\u00e3o sobreviva.<\/p>\n<p>Haver\u00e1 uma passagem do tempo no folhetim e em uma cena de cortar o cora\u00e7\u00e3o, Christian ir\u00e1 conversar com a m\u00e3e e a pedir\u00e1 para que ela acorde no dia de seu anivers\u00e1rio.<\/p>\n<p>Como em um milagre, Lucinda abrir\u00e1 os olhos diante de seu filho, a cena est\u00e1 prevista para ir ao ar no dia 17 de janeiro, ou seja, em um dos \u00faltimos cap\u00edtulos de Terra e Paix\u00e3o.<\/p>\n<p>Por fim o atirador ser\u00e1 preso e confessar\u00e1 que foi Ant\u00f4nio La Selva que encomendou a morte de Lucinda. Existe a possibilidade que Marino e Lucinda sejam agraciados com um filho no final da trama e que sejam felizes para sempre.<\/p>\n<\/div>\n<p><br \/>\n<br \/><a href=\"https:\/\/fnmais.com\/terra-paixao-em-cena-cortar-coracao-lucinda-abre-olhos-apos-coma-profundo-tem-desfecho-inesperado\/\">Source link <\/a><\/p>\n<!-- CONTENT END 1 -->\n","protected":false},"excerpt":{"rendered":"<p>Ant\u00f4nio La Selva n\u00e3o tem limites e desta vez foi Lucinda que pagou caro por sua ira e sede de poder. Ap\u00f3s ser preso por&#8230;<\/p>\n","protected":false},"author":1,"featured_media":25635,"comment_status":"open","ping_status":"open","sticky":false,"template":"","format":"standard","meta":{"advanced_seo_description":"","jetpack_seo_html_title":"","jetpack_seo_noindex":false,"jetpack_post_was_ever_published":false,"_jetpack_newsletter_access":"","_jetpack_dont_email_post_to_subs":false,"_jetpack_newsletter_tier_id":0,"_jetpack_memberships_contains_paywalled_content":false,"_jetpack_memberships_contains_paid_content":false,"footnotes":"","jetpack_publicize_message":"","jetpack_publicize_feature_enabled":true,"jetpack_social_post_already_shared":true,"jetpack_social_options":{"image_generator_settings":{"template":"highway","default_image_id":0,"font":"","enabled":false},"version":2}},"categories":[1],"tags":[],"class_list":["post-25634","post","type-post","status-publish","format-standard","has-post-thumbnail","hentry","category-blog"],"jetpack_publicize_connections":[],"jetpack_featured_media_url":"https:\/\/i0.wp.com\/noticiasribeiraopreto.com.br\/wp-content\/uploads\/2024\/01\/postimg-659b340666ad99263.jpg?fit=1200%2C628&ssl=1","jetpack-related-posts":[{"id":25017,"url":"https:\/\/noticiasribeiraopreto.com.br\/index.php\/2024\/01\/05\/resumo-sabado-6-antonio-coloca-plano-perverso-em-pratica-e-lucinda-tem-um-triste-desfecho-na-trama\/","url_meta":{"origin":25634,"position":0},"title":"Resumo s\u00e1bado (6) \u2013 Ant\u00f4nio coloca plano perverso em pr\u00e1tica e Lucinda tem um triste desfecho na trama","author":"noticiasribeiraopreto.com.br","date":"5 de January de 2024","format":false,"excerpt":"Nas pr\u00f3ximas semanas os \u00faltimos cap\u00edtulos de Terra e Paix\u00e3o ser\u00e3o exibidos e o p\u00fablico n\u00e3o perde por esperar os desfechos que v\u00e3o acontecer at\u00e9 a grande final.Ant\u00f4nio La Selva, mesmo com todos os crimes que cometeu vai conseguir deixar a cadeia e furioso far\u00e1 a terra tremer em Nova\u2026","rel":"","context":"In &quot;Blog&quot;","block_context":{"text":"Blog","link":"https:\/\/noticiasribeiraopreto.com.br\/index.php\/category\/blog\/"},"img":{"alt_text":"","src":"https:\/\/i0.wp.com\/noticiasribeiraopreto.com.br\/wp-content\/uploads\/2024\/01\/postimg-6598492700f1c3002.jpg?fit=1200%2C628&ssl=1&resize=350%2C200","width":350,"height":200,"srcset":"https:\/\/i0.wp.com\/noticiasribeiraopreto.com.br\/wp-content\/uploads\/2024\/01\/postimg-6598492700f1c3002.jpg?fit=1200%2C628&ssl=1&resize=350%2C200 1x, https:\/\/i0.wp.com\/noticiasribeiraopreto.com.br\/wp-content\/uploads\/2024\/01\/postimg-6598492700f1c3002.jpg?fit=1200%2C628&ssl=1&resize=525%2C300 1.5x, https:\/\/i0.wp.com\/noticiasribeiraopreto.com.br\/wp-content\/uploads\/2024\/01\/postimg-6598492700f1c3002.jpg?fit=1200%2C628&ssl=1&resize=700%2C400 2x, https:\/\/i0.wp.com\/noticiasribeiraopreto.com.br\/wp-content\/uploads\/2024\/01\/postimg-6598492700f1c3002.jpg?fit=1200%2C628&ssl=1&resize=1050%2C600 3x"},"classes":[]},{"id":26044,"url":"https:\/\/noticiasribeiraopreto.com.br\/index.php\/2024\/01\/09\/resumo-quarta-feira-10-testemunha-volta-do-alem-para-assombrar-antonio-e-irene-em-julgamento\/","url_meta":{"origin":25634,"position":1},"title":"Resumo quarta-feira (10) \u2013 Testemunha volta do &#8216;al\u00e9m&#8217; para assombrar Ant\u00f4nio e Irene em julgamento","author":"noticiasribeiraopreto.com.br","date":"9 de January de 2024","format":false,"excerpt":"Ser\u00e1 que nos cap\u00edtulos finais de Terra e Paix\u00e3o, Ant\u00f4nio La Selva e Irene v\u00e3o pagar por todos os seus crimes? A trama que vai ao ar no hor\u00e1rio nobre da TV Globo ainda tem muita surpresa reservada para os f\u00e3s aficionados pela hist\u00f3ria criada pelo autor Walcyr Carrasco.Ap\u00f3s pagar\u2026","rel":"","context":"In &quot;Blog&quot;","block_context":{"text":"Blog","link":"https:\/\/noticiasribeiraopreto.com.br\/index.php\/category\/blog\/"},"img":{"alt_text":"","src":"https:\/\/i0.wp.com\/noticiasribeiraopreto.com.br\/wp-content\/uploads\/2024\/01\/postimg-659cc6ca1b0df7583.jpg?fit=1200%2C628&ssl=1&resize=350%2C200","width":350,"height":200,"srcset":"https:\/\/i0.wp.com\/noticiasribeiraopreto.com.br\/wp-content\/uploads\/2024\/01\/postimg-659cc6ca1b0df7583.jpg?fit=1200%2C628&ssl=1&resize=350%2C200 1x, https:\/\/i0.wp.com\/noticiasribeiraopreto.com.br\/wp-content\/uploads\/2024\/01\/postimg-659cc6ca1b0df7583.jpg?fit=1200%2C628&ssl=1&resize=525%2C300 1.5x, https:\/\/i0.wp.com\/noticiasribeiraopreto.com.br\/wp-content\/uploads\/2024\/01\/postimg-659cc6ca1b0df7583.jpg?fit=1200%2C628&ssl=1&resize=700%2C400 2x, https:\/\/i0.wp.com\/noticiasribeiraopreto.com.br\/wp-content\/uploads\/2024\/01\/postimg-659cc6ca1b0df7583.jpg?fit=1200%2C628&ssl=1&resize=1050%2C600 3x"},"classes":[]},{"id":25911,"url":"https:\/\/noticiasribeiraopreto.com.br\/index.php\/2024\/01\/08\/resumo-terca-feira-9-petra-viu-quem-tirou-a-vida-de-agatha-e-segredo-sombrio-vem-a-tona\/","url_meta":{"origin":25634,"position":2},"title":"Resumo ter\u00e7a-feira (9) \u2013 Petra viu quem tirou a vida de Agatha e segredo sombrio vem \u00e0 tona","author":"noticiasribeiraopreto.com.br","date":"8 de January de 2024","format":false,"excerpt":"Os \u00faltimos cap\u00edtulos de Terra e Paix\u00e3o prometem trazer muitas emo\u00e7\u00f5es para os espectadores do folhetim que vai ao ar no hor\u00e1rio nobre da TV Globo.Marino vai fazer de tudo para conseguir provas contundentes para colocar o rei da soja de uma vez por todas na pris\u00e3o. Enquanto isso, o\u2026","rel":"","context":"In &quot;Blog&quot;","block_context":{"text":"Blog","link":"https:\/\/noticiasribeiraopreto.com.br\/index.php\/category\/blog\/"},"img":{"alt_text":"","src":"https:\/\/i0.wp.com\/noticiasribeiraopreto.com.br\/wp-content\/uploads\/2024\/01\/postimg-659c4672b4a5c6129.jpg?fit=1200%2C628&ssl=1&resize=350%2C200","width":350,"height":200,"srcset":"https:\/\/i0.wp.com\/noticiasribeiraopreto.com.br\/wp-content\/uploads\/2024\/01\/postimg-659c4672b4a5c6129.jpg?fit=1200%2C628&ssl=1&resize=350%2C200 1x, https:\/\/i0.wp.com\/noticiasribeiraopreto.com.br\/wp-content\/uploads\/2024\/01\/postimg-659c4672b4a5c6129.jpg?fit=1200%2C628&ssl=1&resize=525%2C300 1.5x, https:\/\/i0.wp.com\/noticiasribeiraopreto.com.br\/wp-content\/uploads\/2024\/01\/postimg-659c4672b4a5c6129.jpg?fit=1200%2C628&ssl=1&resize=700%2C400 2x, https:\/\/i0.wp.com\/noticiasribeiraopreto.com.br\/wp-content\/uploads\/2024\/01\/postimg-659c4672b4a5c6129.jpg?fit=1200%2C628&ssl=1&resize=1050%2C600 3x"},"classes":[]},{"id":25533,"url":"https:\/\/noticiasribeiraopreto.com.br\/index.php\/2024\/01\/07\/em-cena-marcante-jussara-expoe-o-maior-segredo-de-antonio-e-derruba-o-imperio-do-rei-da-soja\/","url_meta":{"origin":25634,"position":3},"title":"Em cena marcante, Jussara exp\u00f5e o maior segredo de Ant\u00f4nio e derruba o imp\u00e9rio do rei da soja","author":"noticiasribeiraopreto.com.br","date":"7 de January de 2024","format":false,"excerpt":"A novela Terra e Paix\u00e3o que vai ao ar no hor\u00e1rio nobre da TV Globo entrou em sua reta final e est\u00e1 prestes a ter um dos maiores segredos da trama exposto.Ant\u00f4nio La Selva, o rei da soja, sempre foi o homem mais importante de Nova Primavera, ningu\u00e9m jamais teve\u2026","rel":"","context":"In &quot;Blog&quot;","block_context":{"text":"Blog","link":"https:\/\/noticiasribeiraopreto.com.br\/index.php\/category\/blog\/"},"img":{"alt_text":"","src":"https:\/\/i0.wp.com\/noticiasribeiraopreto.com.br\/wp-content\/uploads\/2024\/01\/postimg-659ae32be34da4098.jpg?fit=1200%2C628&ssl=1&resize=350%2C200","width":350,"height":200,"srcset":"https:\/\/i0.wp.com\/noticiasribeiraopreto.com.br\/wp-content\/uploads\/2024\/01\/postimg-659ae32be34da4098.jpg?fit=1200%2C628&ssl=1&resize=350%2C200 1x, https:\/\/i0.wp.com\/noticiasribeiraopreto.com.br\/wp-content\/uploads\/2024\/01\/postimg-659ae32be34da4098.jpg?fit=1200%2C628&ssl=1&resize=525%2C300 1.5x, https:\/\/i0.wp.com\/noticiasribeiraopreto.com.br\/wp-content\/uploads\/2024\/01\/postimg-659ae32be34da4098.jpg?fit=1200%2C628&ssl=1&resize=700%2C400 2x, https:\/\/i0.wp.com\/noticiasribeiraopreto.com.br\/wp-content\/uploads\/2024\/01\/postimg-659ae32be34da4098.jpg?fit=1200%2C628&ssl=1&resize=1050%2C600 3x"},"classes":[]},{"id":26357,"url":"https:\/\/noticiasribeiraopreto.com.br\/index.php\/2024\/01\/09\/antes-do-derradeiro-adeus-irene-causa-assombro-ao-expor-maior-segredo-de-petra\/","url_meta":{"origin":25634,"position":4},"title":"Antes do derradeiro adeus, Irene causa assombro ao expor maior segredo de Petra","author":"noticiasribeiraopreto.com.br","date":"9 de January de 2024","format":false,"excerpt":"O que esperar dos \u00faltimos cap\u00edtulos de Terra e Paix\u00e3o? Quem vem acompanhando o folhetim que vai ao ar no hor\u00e1rio nobre da TV Globo, sabe que a reta final da novela ainda tem muito para oferecer.A novela vem oferecendo cenas de muita emo\u00e7\u00e3o, o atentado contra Lucinda levou muita\u2026","rel":"","context":"In &quot;Blog&quot;","block_context":{"text":"Blog","link":"https:\/\/noticiasribeiraopreto.com.br\/index.php\/category\/blog\/"},"img":{"alt_text":"","src":"https:\/\/i0.wp.com\/noticiasribeiraopreto.com.br\/wp-content\/uploads\/2024\/01\/postimg-659db2e25afcc3889.jpg?fit=1200%2C628&ssl=1&resize=350%2C200","width":350,"height":200,"srcset":"https:\/\/i0.wp.com\/noticiasribeiraopreto.com.br\/wp-content\/uploads\/2024\/01\/postimg-659db2e25afcc3889.jpg?fit=1200%2C628&ssl=1&resize=350%2C200 1x, https:\/\/i0.wp.com\/noticiasribeiraopreto.com.br\/wp-content\/uploads\/2024\/01\/postimg-659db2e25afcc3889.jpg?fit=1200%2C628&ssl=1&resize=525%2C300 1.5x, https:\/\/i0.wp.com\/noticiasribeiraopreto.com.br\/wp-content\/uploads\/2024\/01\/postimg-659db2e25afcc3889.jpg?fit=1200%2C628&ssl=1&resize=700%2C400 2x, https:\/\/i0.wp.com\/noticiasribeiraopreto.com.br\/wp-content\/uploads\/2024\/01\/postimg-659db2e25afcc3889.jpg?fit=1200%2C628&ssl=1&resize=1050%2C600 3x"},"classes":[]},{"id":4665,"url":"https:\/\/noticiasribeiraopreto.com.br\/index.php\/2023\/11\/22\/quem-e-a-mulher-que-perdeu-a-vida-apos-ter-carro-atingido-por-objeto-lancado-de-cima-de-viaduto-no-rj\/","url_meta":{"origin":25634,"position":5},"title":"Quem \u00e9 a mulher que perdeu a vida ap\u00f3s ter carro atingido por objeto lan\u00e7ado de cima de viaduto no RJ","author":"noticiasribeiraopreto.com.br","date":"22 de November de 2023","format":false,"excerpt":"Uma mulher de 41 anos, que perdeu a vida ap\u00f3s ser atingida por um objeto que provavelmente foi arremessado \u2013 sobre seu carro debaixo do viaduto Oscar Brito, na Avenida Brasil, em Campo Grande, estava prestes a se casar em janeiro.A an\u00e1lise pericial confirmou que os danos no ve\u00edculo apresentavam\u2026","rel":"","context":"In &quot;Blog&quot;","block_context":{"text":"Blog","link":"https:\/\/noticiasribeiraopreto.com.br\/index.php\/category\/blog\/"},"img":{"alt_text":"","src":"https:\/\/i0.wp.com\/noticiasribeiraopreto.com.br\/wp-content\/uploads\/2023\/11\/postimg-655d89af81bcb5151.jpg?fit=1200%2C628&ssl=1&resize=350%2C200","width":350,"height":200,"srcset":"https:\/\/i0.wp.com\/noticiasribeiraopreto.com.br\/wp-content\/uploads\/2023\/11\/postimg-655d89af81bcb5151.jpg?fit=1200%2C628&ssl=1&resize=350%2C200 1x, https:\/\/i0.wp.com\/noticiasribeiraopreto.com.br\/wp-content\/uploads\/2023\/11\/postimg-655d89af81bcb5151.jpg?fit=1200%2C628&ssl=1&resize=525%2C300 1.5x, https:\/\/i0.wp.com\/noticiasribeiraopreto.com.br\/wp-content\/uploads\/2023\/11\/postimg-655d89af81bcb5151.jpg?fit=1200%2C628&ssl=1&resize=700%2C400 2x, https:\/\/i0.wp.com\/noticiasribeiraopreto.com.br\/wp-content\/uploads\/2023\/11\/postimg-655d89af81bcb5151.jpg?fit=1200%2C628&ssl=1&resize=1050%2C600 3x"},"classes":[]}],"jetpack_sharing_enabled":true,"jetpack_shortlink":"https:\/\/wp.me\/peQAOb-6Fs","_links":{"self":[{"href":"https:\/\/noticiasribeiraopreto.com.br\/index.php\/wp-json\/wp\/v2\/posts\/25634","targetHints":{"allow":["GET"]}}],"collection":[{"href":"https:\/\/noticiasribeiraopreto.com.br\/index.php\/wp-json\/wp\/v2\/posts"}],"about":[{"href":"https:\/\/noticiasribeiraopreto.com.br\/index.php\/wp-json\/wp\/v2\/types\/post"}],"author":[{"embeddable":true,"href":"https:\/\/noticiasribeiraopreto.com.br\/index.php\/wp-json\/wp\/v2\/users\/1"}],"replies":[{"embeddable":true,"href":"https:\/\/noticiasribeiraopreto.com.br\/index.php\/wp-json\/wp\/v2\/comments?post=25634"}],"version-history":[{"count":0,"href":"https:\/\/noticiasribeiraopreto.com.br\/index.php\/wp-json\/wp\/v2\/posts\/25634\/revisions"}],"wp:featuredmedia":[{"embeddable":true,"href":"https:\/\/noticiasribeiraopreto.com.br\/index.php\/wp-json\/wp\/v2\/media\/25635"}],"wp:attachment":[{"href":"https:\/\/noticiasribeiraopreto.com.br\/index.php\/wp-json\/wp\/v2\/media?parent=25634"}],"wp:term":[{"taxonomy":"category","embeddable":true,"href":"https:\/\/noticiasribeiraopreto.com.br\/index.php\/wp-json\/wp\/v2\/categories?post=25634"},{"taxonomy":"post_tag","embeddable":true,"href":"https:\/\/noticiasribeiraopreto.com.br\/index.php\/wp-json\/wp\/v2\/tags?post=25634"}],"curies":[{"name":"wp","href":"https:\/\/api.w.org\/{rel}","templated":true}]}}