{"id":25718,"date":"2024-01-08T10:28:15","date_gmt":"2024-01-08T13:28:15","guid":{"rendered":"https:\/\/noticiasribeiraopreto.com.br\/index.php\/2024\/01\/08\/ricardo-wolff-volta-ao-brasil-para-dirigir-a-kenvue-ex-johnson-johnson\/"},"modified":"2024-01-08T10:28:15","modified_gmt":"2024-01-08T13:28:15","slug":"ricardo-wolff-volta-ao-brasil-para-dirigir-a-kenvue-ex-johnson-johnson","status":"publish","type":"post","link":"https:\/\/noticiasribeiraopreto.com.br\/index.php\/2024\/01\/08\/ricardo-wolff-volta-ao-brasil-para-dirigir-a-kenvue-ex-johnson-johnson\/","title":{"rendered":"Ricardo Wolff volta ao Brasil para dirigir a Kenvue, ex-Johnson &#038; Johnson"},"content":{"rendered":"<div class='code-block code-block-1' style='margin: 8px 0 8px auto; text-align: right; display: block; clear: both;'>\n<p><a href=\"https:\/\/wa.link\/vpicfd\"><img data-recalc-dims=\"1\" class=\"wp-image-4922\" style=\"aspect-ratio: 2.0253164556962027; width: 561px; height: auto;\" src=\"https:\/\/i0.wp.com\/ismaelcolosi.com.br\/wp-content\/uploads\/2023\/11\/grupo-de-empregos-whatsapp-e-facebook-ismael-colosi-vagas.jpg?ssl=1\" alt=\"\" \/><\/a><\/p>\n<!-- \/wp:image -->\n<\/div>\n<p> <br \/>\n<\/p>\n<div>\n<div id=\"attachment_588748\" class=\"wp-caption alignnone style=\" max-width:=\"\"><img data-recalc-dims=\"1\" fetchpriority=\"high\" decoding=\"async\" class=\"alignnone wp-image-588748 size-full\" src=\"https:\/\/i0.wp.com\/forbes.com.br\/wp-content\/uploads\/2024\/01\/Ricardo-Wolff-Kenvue-768x512.jpg?resize=678%2C452&#038;ssl=1\" http:=\"\" alt=\"Divulga\u00e7\u00e3o \" width=\"678\" height=\"452\" data-lazy-src=\"https:\/\/forbes.com.br\/wp-content\/uploads\/2024\/01\/Ricardo-Wolff-Kenvue-768x512.jpg\"\/><noscript><img data-recalc-dims=\"1\" fetchpriority=\"high\" decoding=\"async\" class=\"alignnone wp-image-588748 size-full\" src=\"https:\/\/i0.wp.com\/forbes.com.br\/wp-content\/uploads\/2024\/01\/Ricardo-Wolff-Kenvue-768x512.jpg?resize=678%2C452&#038;ssl=1\" alt=\"Divulga\u00e7\u00e3o \" width=\"678\" height=\"452\"\/><\/noscript><\/p>\n<p class=\"wp-caption-text\">Ricardo Wolff estava h\u00e1 20 anos na J&amp;J, ser\u00e1 respons\u00e1vel por dar continuidade \u00e0s transforma\u00e7\u00f5es em curso com foco na proximidade com consumidores<\/p>\n<\/div>\n<p>Ent\u00e3o diretor geral para pa\u00edses da Am\u00e9rica do Sul da <strong>Kenvue<\/strong>, ex-Johnson &amp; Johnson, <strong>Ricardo Wolff<\/strong> retorna ao Brasil para comandar a Kenvue, divis\u00e3o de consumo que, at\u00e9 o segundo semestre do ano passado, pertencia \u00e0 Johnson &amp; Johnson. A empresa \u00e9 dona de marcas como Johnson\u2019s, Listerine, Neutrogena e Tylenol.<\/p>\n<p>O executivo, que estava h\u00e1 20 anos na J&amp;J, ser\u00e1 respons\u00e1vel por dar continuidade \u00e0s transforma\u00e7\u00f5es em curso com foco na proximidade com consumidores, principalmente priorizando ci\u00eancia e inova\u00e7\u00e3o.<\/p>\n<ul>\n<li>\n<h3>Siga a Forbes no <a href=\"https:\/\/whatsapp.com\/channel\/0029Va9gQKwBFLgM96cJnu0u\">WhatsApp<\/a> e receba as principais not\u00edcias sobre neg\u00f3cios, carreira, tecnologia e estilo de vida.<\/h3>\n<\/li>\n<\/ul>\n<p>\u201c\u00c9 uma honra e uma enorme responsabilidade assumir a lideran\u00e7a do Brasil. As equipes t\u00eam desempenhado um papel fundamental nesta estrat\u00e9gia e a minha miss\u00e3o ser\u00e1 continuar este trabalho, valorizando as nossas pessoas, fortalecendo alian\u00e7as comerciais e oferecendo aos consumidores produtos superiores com base em ci\u00eancia. Juntos, seguiremos construindo um neg\u00f3cio forte no pa\u00eds\u201d, afirma Ricardo.<\/p>\n<p>Ricardo Wolff continuar\u00e1 reportando diretamente a Rosana Padilla, presidente da Kenvue para a Am\u00e9rica Latina. Desde agosto do ano passado, a companhia era comandada no Brasil por Heloisa Glad, tamb\u00e9m respons\u00e1vel pela \u00e1rea comercial e que deixou a empresa.<\/p>\n<p>Em agosto de 2023, a Kenvue anunciou sua separa\u00e7\u00e3o total da Johnson &amp; Johnson dando origem a uma divis\u00e3o independente de cuidados pessoais. A empresa det\u00e9m marcas centen\u00e1rias e com a separa\u00e7\u00e3o busca agilidade, sobretudo em seu processo de digitaliza\u00e7\u00e3o.<\/p>\n<p><strong>Leia tamb\u00e9m:\u00a0<\/strong><\/p>\n<p>\u201cEste \u00e9 um momento hist\u00f3rico para a Kenvue e, com um foco \u00fanico na entrega de solu\u00e7\u00f5es inovadoras de cuidados para clientes e consumidores em todo o mundo, estamos entusiasmados em escrever o pr\u00f3ximo cap\u00edtulo da sa\u00fade do consumidor\u201d, disse Thibaut Mongon, presidente executivo e diretor da Kenvue, no dia da oficializa\u00e7\u00e3o do spin-off.<\/p>\n<\/div>\n<p><script type=\"rocketlazyloadscript\">\n\t\t\t\t(function(d, s, id){\n\t\t\t\t\tvar js, fjs = d.getElementsByTagName(s)[0];\n\t\t\t\t\tif (d.getElementById(id)) return;\n\t\t\t\t\tjs = d.createElement(s); js.id = id;\n\t\t\t\t\tjs.src = \"\/\/connect.facebook.net\/pt_BR\/sdk.js#xfbml=1&version=v2.9\";\n\t\t\t\t\tfjs.parentNode.insertBefore(js, fjs);\n\t\t\t\t}(document, 'script', 'facebook-jssdk'));\n\t\t\t<\/script><br \/>\n<br \/><br \/>\n<br \/><a href=\"https:\/\/forbes.com.br\/carreira\/2024\/01\/ricardo-wolff-volta-ao-brasil-para-dirigir-a-kenvue-ex-johnson-johnson\/\">Source link <\/a><\/p>\n<!-- CONTENT END 1 -->\n","protected":false},"excerpt":{"rendered":"<p>Ricardo Wolff estava h\u00e1 20 anos na J&amp;J, ser\u00e1 respons\u00e1vel por dar continuidade \u00e0s transforma\u00e7\u00f5es em curso com foco na proximidade com consumidores Ent\u00e3o diretor&#8230;<\/p>\n","protected":false},"author":1,"featured_media":25719,"comment_status":"open","ping_status":"open","sticky":false,"template":"","format":"standard","meta":{"advanced_seo_description":"","jetpack_seo_html_title":"","jetpack_seo_noindex":false,"jetpack_post_was_ever_published":false,"_jetpack_newsletter_access":"","_jetpack_dont_email_post_to_subs":false,"_jetpack_newsletter_tier_id":0,"_jetpack_memberships_contains_paywalled_content":false,"_jetpack_memberships_contains_paid_content":false,"footnotes":"","jetpack_publicize_message":"","jetpack_publicize_feature_enabled":true,"jetpack_social_post_already_shared":true,"jetpack_social_options":{"image_generator_settings":{"template":"highway","default_image_id":0,"font":"","enabled":false},"version":2}},"categories":[1],"tags":[],"class_list":["post-25718","post","type-post","status-publish","format-standard","has-post-thumbnail","hentry","category-blog"],"jetpack_publicize_connections":[],"jetpack_featured_media_url":"https:\/\/i0.wp.com\/noticiasribeiraopreto.com.br\/wp-content\/uploads\/2024\/01\/Ricardo-Wolff-Kenvue-1024x683.jpg?fit=1024%2C683&ssl=1","jetpack-related-posts":[{"id":32844,"url":"https:\/\/noticiasribeiraopreto.com.br\/index.php\/2024\/01\/26\/morre-em-ribeirao-preto-o-radialista-ricardo-tardelli-aos-81-anos\/","url_meta":{"origin":25718,"position":0},"title":"Morre em Ribeir\u00e3o Preto o radialista Ricardo Tardelli, aos 81 anos","author":"noticiasribeiraopreto.com.br","date":"26 de January de 2024","format":false,"excerpt":"Morreu em Ribeir\u00e3o Preto, nesta sexta-feira (26), o radialista e jornalista esportivo Ricardo Tardelli, aos 81 anos. Em mais de 60 anos de carreira, Tardelli trabalhou em diversos ve\u00edculos de comunica\u00e7\u00e3o em Ribeir\u00e3o Preto, como o jornal A Cidade. Al\u00e9m disso, ele passou pelas r\u00e1dios CMN, Colorado, PRA7, Renascen\u00e7a, Clube\u2026","rel":"","context":"In &quot;Not\u00edcias de Ribeir\u00e3o Preto-SP e Regi\u00e3o&quot;","block_context":{"text":"Not\u00edcias de Ribeir\u00e3o Preto-SP e Regi\u00e3o","link":"https:\/\/noticiasribeiraopreto.com.br\/index.php\/category\/noticias-de-ribeirao-preto-sp-e-regiao-ismael-colosi\/"},"img":{"alt_text":"","src":"https:\/\/i0.wp.com\/noticiasribeiraopreto.com.br\/wp-content\/uploads\/2024\/01\/ricardo-tardelli.jpg?fit=1000%2C736&ssl=1&resize=350%2C200","width":350,"height":200,"srcset":"https:\/\/i0.wp.com\/noticiasribeiraopreto.com.br\/wp-content\/uploads\/2024\/01\/ricardo-tardelli.jpg?fit=1000%2C736&ssl=1&resize=350%2C200 1x, https:\/\/i0.wp.com\/noticiasribeiraopreto.com.br\/wp-content\/uploads\/2024\/01\/ricardo-tardelli.jpg?fit=1000%2C736&ssl=1&resize=525%2C300 1.5x, https:\/\/i0.wp.com\/noticiasribeiraopreto.com.br\/wp-content\/uploads\/2024\/01\/ricardo-tardelli.jpg?fit=1000%2C736&ssl=1&resize=700%2C400 2x"},"classes":[]},{"id":10076,"url":"https:\/\/noticiasribeiraopreto.com.br\/index.php\/2023\/12\/03\/convidado-falece-sem-conseguir-respirar-ao-se-engasgar-com-pedaco-de-carne-do-buffet\/","url_meta":{"origin":25718,"position":1},"title":"convidado falece sem conseguir respirar ao se engasgar com peda\u00e7o de carne do buffet","author":"noticiasribeiraopreto.com.br","date":"3 de December de 2023","format":false,"excerpt":"Na noite do \u00faltimo s\u00e1bado, dia 2 de dezembro, o pecuarista Ricardo Lago Zaher, de 30 anos de idade, faleceu em um tr\u00e1gico incidente durante uma festa de casamento na cidade de Campo Grande, capital do Mato Grosso do Sul, na regi\u00e3o Centro-oeste do Brasil.De acordo com as informa\u00e7\u00f5es, Ricardo\u2026","rel":"","context":"In &quot;Blog&quot;","block_context":{"text":"Blog","link":"https:\/\/noticiasribeiraopreto.com.br\/index.php\/category\/blog\/"},"img":{"alt_text":"","src":"https:\/\/i0.wp.com\/noticiasribeiraopreto.com.br\/wp-content\/uploads\/2023\/12\/postimg-656cdc707c6103687.jpg?fit=1200%2C628&ssl=1&resize=350%2C200","width":350,"height":200,"srcset":"https:\/\/i0.wp.com\/noticiasribeiraopreto.com.br\/wp-content\/uploads\/2023\/12\/postimg-656cdc707c6103687.jpg?fit=1200%2C628&ssl=1&resize=350%2C200 1x, https:\/\/i0.wp.com\/noticiasribeiraopreto.com.br\/wp-content\/uploads\/2023\/12\/postimg-656cdc707c6103687.jpg?fit=1200%2C628&ssl=1&resize=525%2C300 1.5x, https:\/\/i0.wp.com\/noticiasribeiraopreto.com.br\/wp-content\/uploads\/2023\/12\/postimg-656cdc707c6103687.jpg?fit=1200%2C628&ssl=1&resize=700%2C400 2x, https:\/\/i0.wp.com\/noticiasribeiraopreto.com.br\/wp-content\/uploads\/2023\/12\/postimg-656cdc707c6103687.jpg?fit=1200%2C628&ssl=1&resize=1050%2C600 3x"},"classes":[]},{"id":58445,"url":"https:\/\/noticiasribeiraopreto.com.br\/index.php\/2024\/09\/27\/ricardo-silva-participa-nesta-sexta-da-serie-de-entrevistas-com-candidatos-a-prefeitura-de-ribeirao-preto\/","url_meta":{"origin":25718,"position":2},"title":"Ricardo Silva participa nesta sexta da s\u00e9rie de entrevistas com candidatos \u00e0 Prefeitura de Ribeir\u00e3o Preto","author":"noticiasribeiraopreto.com.br","date":"27 de September de 2024","format":false,"excerpt":"O acidade on Ribeir\u00e3o realiza nesta semana uma s\u00e9rie de entrevistas com os candidatos \u00e0 Prefeitura de Ribeir\u00e3o Preto nas elei\u00e7\u00f5es 2024. Nesta sexta-feira (27) \u00e9 a vez da sabatina do deputado federal Ricardo Silva (PSD) \u2013 veja o player acima. A entrevista, que encerra as transmiss\u00f5es ao vivo, ter\u00e1\u2026","rel":"","context":"In &quot;Not\u00edcias de Ribeir\u00e3o Preto-SP e Regi\u00e3o&quot;","block_context":{"text":"Not\u00edcias de Ribeir\u00e3o Preto-SP e Regi\u00e3o","link":"https:\/\/noticiasribeiraopreto.com.br\/index.php\/category\/noticias-de-ribeirao-preto-sp-e-regiao-ismael-colosi\/"},"img":{"alt_text":"","src":"https:\/\/i0.wp.com\/noticiasribeiraopreto.com.br\/wp-content\/uploads\/2024\/09\/ricardo-silva_2024-09-27_14-05-41_jpg_2024-09-27_14-05-41.webp.webp?fit=1200%2C863&ssl=1&resize=350%2C200","width":350,"height":200,"srcset":"https:\/\/i0.wp.com\/noticiasribeiraopreto.com.br\/wp-content\/uploads\/2024\/09\/ricardo-silva_2024-09-27_14-05-41_jpg_2024-09-27_14-05-41.webp.webp?fit=1200%2C863&ssl=1&resize=350%2C200 1x, https:\/\/i0.wp.com\/noticiasribeiraopreto.com.br\/wp-content\/uploads\/2024\/09\/ricardo-silva_2024-09-27_14-05-41_jpg_2024-09-27_14-05-41.webp.webp?fit=1200%2C863&ssl=1&resize=525%2C300 1.5x, https:\/\/i0.wp.com\/noticiasribeiraopreto.com.br\/wp-content\/uploads\/2024\/09\/ricardo-silva_2024-09-27_14-05-41_jpg_2024-09-27_14-05-41.webp.webp?fit=1200%2C863&ssl=1&resize=700%2C400 2x, https:\/\/i0.wp.com\/noticiasribeiraopreto.com.br\/wp-content\/uploads\/2024\/09\/ricardo-silva_2024-09-27_14-05-41_jpg_2024-09-27_14-05-41.webp.webp?fit=1200%2C863&ssl=1&resize=1050%2C600 3x"},"classes":[]},{"id":72105,"url":"https:\/\/noticiasribeiraopreto.com.br\/index.php\/2025\/06\/13\/video-ricardo-silva-volta-ao-brasil-apos-bloqueio-do-espaco-aereo-de-israel\/","url_meta":{"origin":25718,"position":3},"title":"V\u00eddeo: Ricardo Silva volta ao Brasil ap\u00f3s bloqueio do espa\u00e7o a\u00e9reo de Israel","author":"noticiasribeiraopreto.com.br","date":"13 de June de 2025","format":false,"excerpt":"13 de junho de 2025 10:177 Compartilhar0 O prefeito Ricardo Silva, que estava a caminho de Israel, vai precisar voltar para Ribeir\u00e3o Preto, ap\u00f3s o bloqueio do espa\u00e7o a\u00e9reo israelense. Ricardo partiu \u00e0 Israel nesta quinta-feira (12). O prefeito foi convidado pelo consulado-geral de Israel em S\u00e3o Paulo, representado por\u2026","rel":"","context":"In &quot;Not\u00edcias de Ribeir\u00e3o Preto-SP e Regi\u00e3o&quot;","block_context":{"text":"Not\u00edcias de Ribeir\u00e3o Preto-SP e Regi\u00e3o","link":"https:\/\/noticiasribeiraopreto.com.br\/index.php\/category\/noticias-de-ribeirao-preto-sp-e-regiao-ismael-colosi\/"},"img":{"alt_text":"","src":"https:\/\/i0.wp.com\/noticiasribeiraopreto.com.br\/wp-content\/uploads\/2025\/06\/ricardo-scaled.jpeg?fit=800%2C434&ssl=1&resize=350%2C200","width":350,"height":200,"srcset":"https:\/\/i0.wp.com\/noticiasribeiraopreto.com.br\/wp-content\/uploads\/2025\/06\/ricardo-scaled.jpeg?fit=800%2C434&ssl=1&resize=350%2C200 1x, https:\/\/i0.wp.com\/noticiasribeiraopreto.com.br\/wp-content\/uploads\/2025\/06\/ricardo-scaled.jpeg?fit=800%2C434&ssl=1&resize=525%2C300 1.5x, https:\/\/i0.wp.com\/noticiasribeiraopreto.com.br\/wp-content\/uploads\/2025\/06\/ricardo-scaled.jpeg?fit=800%2C434&ssl=1&resize=700%2C400 2x"},"classes":[]},{"id":61139,"url":"https:\/\/noticiasribeiraopreto.com.br\/index.php\/2024\/12\/04\/quem-criou-o-termo-california-brasileira-para-ribeirao-preto\/","url_meta":{"origin":25718,"position":4},"title":"Quem criou o termo &#8216;Calif\u00f3rnia Brasileira&#8217; para Ribeir\u00e3o Preto?","author":"noticiasribeiraopreto.com.br","date":"4 de December de 2024","format":false,"excerpt":"Um dos termos que mais s\u00e3o relacionados com Ribeir\u00e3o Preto na internet \u00e9 \u201cCalif\u00f3rnia Brasileira\u201d, contudo, poucas pessoas sabem quem foi o respons\u00e1vel por criar o apelido que ganhou popularidade entre o fim dos anos de 1980 e o in\u00edcio dos anos de 1990. A express\u00e3o foi muito utilizada por\u2026","rel":"","context":"In &quot;Not\u00edcias de Ribeir\u00e3o Preto-SP e Regi\u00e3o&quot;","block_context":{"text":"Not\u00edcias de Ribeir\u00e3o Preto-SP e Regi\u00e3o","link":"https:\/\/noticiasribeiraopreto.com.br\/index.php\/category\/noticias-de-ribeirao-preto-sp-e-regiao-ismael-colosi\/"},"img":{"alt_text":"","src":"https:\/\/i0.wp.com\/noticiasribeiraopreto.com.br\/wp-content\/uploads\/2024\/08\/PORTICO-FERNANDO-GONZAGA_2024-07-05_14-45-59_jpeg_2024-07-05_14-45-59.webp.webp?fit=1200%2C800&ssl=1&resize=350%2C200","width":350,"height":200,"srcset":"https:\/\/i0.wp.com\/noticiasribeiraopreto.com.br\/wp-content\/uploads\/2024\/08\/PORTICO-FERNANDO-GONZAGA_2024-07-05_14-45-59_jpeg_2024-07-05_14-45-59.webp.webp?fit=1200%2C800&ssl=1&resize=350%2C200 1x, https:\/\/i0.wp.com\/noticiasribeiraopreto.com.br\/wp-content\/uploads\/2024\/08\/PORTICO-FERNANDO-GONZAGA_2024-07-05_14-45-59_jpeg_2024-07-05_14-45-59.webp.webp?fit=1200%2C800&ssl=1&resize=525%2C300 1.5x, https:\/\/i0.wp.com\/noticiasribeiraopreto.com.br\/wp-content\/uploads\/2024\/08\/PORTICO-FERNANDO-GONZAGA_2024-07-05_14-45-59_jpeg_2024-07-05_14-45-59.webp.webp?fit=1200%2C800&ssl=1&resize=700%2C400 2x, https:\/\/i0.wp.com\/noticiasribeiraopreto.com.br\/wp-content\/uploads\/2024\/08\/PORTICO-FERNANDO-GONZAGA_2024-07-05_14-45-59_jpeg_2024-07-05_14-45-59.webp.webp?fit=1200%2C800&ssl=1&resize=1050%2C600 3x"},"classes":[]},{"id":72364,"url":"https:\/\/noticiasribeiraopreto.com.br\/index.php\/2025\/06\/16\/ricardo-silva-reassumiu-prefeitura-nesta-segunda\/","url_meta":{"origin":25718,"position":5},"title":"Ricardo Silva reassumiu prefeitura nesta segunda","author":"noticiasribeiraopreto.com.br","date":"16 de June de 2025","format":false,"excerpt":"16 de junho de 2025 14:531 Compartilhar0 O prefeito de Ribeir\u00e3o Preto, Ricardo Silva (PSD) reassumiu o cargo na manh\u00e3 desta segunda-feira, 16 de junho. Ele tinha se afastado do cargo na quinta-feira, 12 de junho, para integrar uma delega\u00e7\u00e3o que, durante seis dias \u2013 de 12 a17 de junho\u2026","rel":"","context":"In &quot;Not\u00edcias de Ribeir\u00e3o Preto-SP e Regi\u00e3o&quot;","block_context":{"text":"Not\u00edcias de Ribeir\u00e3o Preto-SP e Regi\u00e3o","link":"https:\/\/noticiasribeiraopreto.com.br\/index.php\/category\/noticias-de-ribeirao-preto-sp-e-regiao-ismael-colosi\/"},"img":{"alt_text":"","src":"https:\/\/i0.wp.com\/noticiasribeiraopreto.com.br\/wp-content\/uploads\/2025\/06\/Comam-Alfredo-Risk-scaled.jpg?fit=800%2C455&ssl=1&resize=350%2C200","width":350,"height":200,"srcset":"https:\/\/i0.wp.com\/noticiasribeiraopreto.com.br\/wp-content\/uploads\/2025\/06\/Comam-Alfredo-Risk-scaled.jpg?fit=800%2C455&ssl=1&resize=350%2C200 1x, https:\/\/i0.wp.com\/noticiasribeiraopreto.com.br\/wp-content\/uploads\/2025\/06\/Comam-Alfredo-Risk-scaled.jpg?fit=800%2C455&ssl=1&resize=525%2C300 1.5x, https:\/\/i0.wp.com\/noticiasribeiraopreto.com.br\/wp-content\/uploads\/2025\/06\/Comam-Alfredo-Risk-scaled.jpg?fit=800%2C455&ssl=1&resize=700%2C400 2x"},"classes":[]}],"jetpack_sharing_enabled":true,"jetpack_shortlink":"https:\/\/wp.me\/peQAOb-6GO","_links":{"self":[{"href":"https:\/\/noticiasribeiraopreto.com.br\/index.php\/wp-json\/wp\/v2\/posts\/25718","targetHints":{"allow":["GET"]}}],"collection":[{"href":"https:\/\/noticiasribeiraopreto.com.br\/index.php\/wp-json\/wp\/v2\/posts"}],"about":[{"href":"https:\/\/noticiasribeiraopreto.com.br\/index.php\/wp-json\/wp\/v2\/types\/post"}],"author":[{"embeddable":true,"href":"https:\/\/noticiasribeiraopreto.com.br\/index.php\/wp-json\/wp\/v2\/users\/1"}],"replies":[{"embeddable":true,"href":"https:\/\/noticiasribeiraopreto.com.br\/index.php\/wp-json\/wp\/v2\/comments?post=25718"}],"version-history":[{"count":0,"href":"https:\/\/noticiasribeiraopreto.com.br\/index.php\/wp-json\/wp\/v2\/posts\/25718\/revisions"}],"wp:featuredmedia":[{"embeddable":true,"href":"https:\/\/noticiasribeiraopreto.com.br\/index.php\/wp-json\/wp\/v2\/media\/25719"}],"wp:attachment":[{"href":"https:\/\/noticiasribeiraopreto.com.br\/index.php\/wp-json\/wp\/v2\/media?parent=25718"}],"wp:term":[{"taxonomy":"category","embeddable":true,"href":"https:\/\/noticiasribeiraopreto.com.br\/index.php\/wp-json\/wp\/v2\/categories?post=25718"},{"taxonomy":"post_tag","embeddable":true,"href":"https:\/\/noticiasribeiraopreto.com.br\/index.php\/wp-json\/wp\/v2\/tags?post=25718"}],"curies":[{"name":"wp","href":"https:\/\/api.w.org\/{rel}","templated":true}]}}