{"id":25724,"date":"2024-01-08T10:57:01","date_gmt":"2024-01-08T13:57:01","guid":{"rendered":"https:\/\/noticiasribeiraopreto.com.br\/index.php\/2024\/01\/08\/predio-e-interditado-apos-temporal-em-ribeirao-preto-transito-conta-com-bloqueios\/"},"modified":"2024-01-08T10:57:01","modified_gmt":"2024-01-08T13:57:01","slug":"predio-e-interditado-apos-temporal-em-ribeirao-preto-transito-conta-com-bloqueios","status":"publish","type":"post","link":"https:\/\/noticiasribeiraopreto.com.br\/index.php\/2024\/01\/08\/predio-e-interditado-apos-temporal-em-ribeirao-preto-transito-conta-com-bloqueios\/","title":{"rendered":"Pr\u00e9dio \u00e9 interditado ap\u00f3s temporal em Ribeir\u00e3o Preto; Tr\u00e2nsito conta com bloqueios"},"content":{"rendered":"<div class='code-block code-block-1' style='margin: 8px 0 8px auto; text-align: right; display: block; clear: both;'>\n<p><a href=\"https:\/\/wa.link\/vpicfd\"><img data-recalc-dims=\"1\" class=\"wp-image-4922\" style=\"aspect-ratio: 2.0253164556962027; width: 561px; height: auto;\" src=\"https:\/\/i0.wp.com\/ismaelcolosi.com.br\/wp-content\/uploads\/2023\/11\/grupo-de-empregos-whatsapp-e-facebook-ismael-colosi-vagas.jpg?ssl=1\" alt=\"\" \/><\/a><\/p>\n<!-- \/wp:image -->\n<\/div>\n<p> <br \/>\n<\/p>\n<div data-td-block-uid=\"tdi_104\">\n<div class=\"tdb-block-inner td-fix-index\">\n<p>Um pr\u00e9dio no <strong>Parque dos Lagos<\/strong>, na zona Leste de<strong> Ribeir\u00e3o Preto<\/strong>, foi interditado pela <strong><a href=\"https:\/\/www.ribeiraopreto.sp.gov.br\/portal\/defesa-civil\/\" target=\"_blank\" rel=\"noreferrer noopener nofollow\">Defesa Civil <\/a><\/strong>na madrugada desta segunda-feira (8) ap\u00f3s o temporal que atingiu a cidade no final da tarde de domingo (7).<\/p>\n<p>Segundo a <strong><a href=\"https:\/\/www.ribeiraopreto.sp.gov.br\/portal\/\" target=\"_blank\" rel=\"noreferrer noopener nofollow\">Prefeitura de Ribeir\u00e3o Preto<\/a><\/strong>, engenheiros ser\u00e3o enviados ao local para vistoriar o pr\u00e9dio. A Administra\u00e7\u00e3o Municipal ainda informou que<mark style=\"background-color:#fcb900\" class=\"has-inline-color has-black-color\"> os moradores foram para casa de parentes e amigos<\/mark> e, por isso, n\u00e3o foi necess\u00e1rio o apoio da Secretaria de Assist\u00eancia Social.<\/p>\n<p>A chuva intensa foi localizada na regi\u00e3o Leste do munic\u00edpio e, de acordo com a medi\u00e7\u00e3o realizada no <strong>aeroporto Leite Lopes<\/strong>, foram registrados <mark style=\"background-color:#fcb900\" class=\"has-inline-color has-black-color\">ventos de at\u00e9 55 km\/h, por volta das 17h.<\/mark><\/p>\n<h4 class=\"wp-block-heading\"><strong>Tr\u00e2nsito<\/strong><\/h4>\n<p>De acordo com a <strong>RP Mobi<\/strong>, ainda h\u00e1 <mark style=\"background-color:#fcb900\" class=\"has-inline-color has-black-color\">interdi\u00e7\u00f5es em quatro pontos de Ribeir\u00e3o Preto na manh\u00e3 desta segunda-feira por conta da queda de \u00e1rvores e postes <\/mark>\u2013 veja abaixo. As equipes est\u00e3o nos locais para auxiliar os motoristas.<\/p>\n<ul>\n<li>Rua Alfredo Ravaneli com a Rua Heron Domingues (Parque S\u00e3o Sebasti\u00e3o)<\/li>\n<\/ul>\n<ul>\n<li>Rua Alfredo Ravaneli na lateral do Clube dos Comerci\u00e1rios (Parque S\u00e3o Sebasti\u00e3o)<\/li>\n<\/ul>\n<ul>\n<li>Rua Francisca Massaro Farinha, na altura do n\u00famero 386 em raz\u00e3o de queda de \u00e1rvore e de poste (Ribeir\u00e2nia)<\/li>\n<\/ul>\n<ul>\n<li>Rua Pedro Barbieri, na altura do n\u00famero 1.050, queda de \u00e1rvore (Jardim Helena)<\/li>\n<\/ul>\n<p>Al\u00e9m disso, a Secretaria de Infraestrutura informou que recebeu 40 solicita\u00e7\u00f5es de problemas causados pela chuva e que realiza o recolhimento de galhos e \u00e1rvores na zona Leste.<\/p>\n<p>VEJA TAMB\u00c9M<br \/>Ap\u00f3s rastro de destrui\u00e7\u00e3o: Saiba como fica o tempo em Ribeir\u00e3o Preto<\/p>\n<h4 class=\"wp-block-heading\"><strong>FIQUE ON<\/strong><\/h4>\n<p>Fique ligado em tudo que acontece em Ribeir\u00e3o Preto e regi\u00e3o. Siga os perfis do<strong> acidade on <\/strong>no <a href=\"https:\/\/www.instagram.com\/acidadeonribeirao\" target=\"_blank\" rel=\"noreferrer noopener nofollow\">Instagram <\/a>e no<a href=\"https:\/\/www.facebook.com\/acidadeonribeirao\" target=\"_blank\" rel=\"noreferrer noopener nofollow\"> Facebook.<\/a><\/p>\n<p>Receba not\u00edcias do <strong>acidade on <\/strong>no WhatsApp. <a href=\"https:\/\/chat.whatsapp.com\/Bnv2w66ZT4VDyZW3oiZ69n\" target=\"_blank\" rel=\"noreferrer noopener nofollow\">Para entrar no grupo, basta clicar aqui.<\/a><\/p>\n<p>Fa\u00e7a uma den\u00fancia ou sugira uma reportagem sobre a Ribeir\u00e3o Preto e regi\u00e3o pelo WhatsApp: (16) 99117 7802.<\/p>\n<p>LEIA MAIS<br \/><a href=\"https:\/\/www.tudoep.com\/tudo-saude\/noticias\/NOT,0,0,1869231,o-que-e-a-h-pylori-entenda-doenca-do-cantor-nattan.aspx\" target=\"_blank\" rel=\"noreferrer noopener nofollow\">O que \u00e9 a H. pylori? Entenda doen\u00e7a do cantor Nattan<\/a><\/p>\n<p><!-- AI CONTENT END 1 -->\n<\/div>\n<\/div>\n<p><script async src=\"\/\/www.instagram.com\/embed.js\"><\/script><br \/>\n<br \/><br \/>\n<br \/><a href=\"https:\/\/www.acidadeon.com\/ribeiraopreto\/cotidiano\/predio-e-interditado-apos-temporal-em-ribeirao-preto-transito-conta-com-bloqueios\/\">Source link <\/a><\/p>\n<!-- CONTENT END 1 -->\n","protected":false},"excerpt":{"rendered":"<p>Um pr\u00e9dio no Parque dos Lagos, na zona Leste de Ribeir\u00e3o Preto, foi interditado pela Defesa Civil na madrugada desta segunda-feira (8) ap\u00f3s o temporal&#8230;<\/p>\n","protected":false},"author":1,"featured_media":25725,"comment_status":"open","ping_status":"open","sticky":false,"template":"","format":"standard","meta":{"advanced_seo_description":"","jetpack_seo_html_title":"","jetpack_seo_noindex":false,"jetpack_post_was_ever_published":false,"_jetpack_newsletter_access":"","_jetpack_dont_email_post_to_subs":false,"_jetpack_newsletter_tier_id":0,"_jetpack_memberships_contains_paywalled_content":false,"_jetpack_memberships_contains_paid_content":false,"footnotes":"","jetpack_publicize_message":"","jetpack_publicize_feature_enabled":true,"jetpack_social_post_already_shared":true,"jetpack_social_options":{"image_generator_settings":{"template":"highway","default_image_id":0,"font":"","enabled":false},"version":2}},"categories":[11],"tags":[37,3197,476,447,2941,27,26,3196,1092],"class_list":["post-25724","post","type-post","status-publish","format-standard","has-post-thumbnail","hentry","category-noticias-de-ribeirao-preto-sp-e-regiao-ismael-colosi","tag-apos","tag-bloqueios","tag-conta","tag-interditado","tag-predio","tag-preto","tag-ribeirao","tag-temporal","tag-transito"],"jetpack_publicize_connections":[],"jetpack_featured_media_url":"https:\/\/i0.wp.com\/noticiasribeiraopreto.com.br\/wp-content\/uploads\/2024\/01\/queda-de-arvore-ribeirao-preto.jpeg?fit=1280%2C720&ssl=1","jetpack-related-posts":[{"id":76465,"url":"https:\/\/noticiasribeiraopreto.com.br\/index.php\/2025\/08\/29\/transito-e-interditado-apos-incendio-em-empresa-de-reciclagem-de-ribeirao-preto\/","url_meta":{"origin":25724,"position":0},"title":"Tr\u00e2nsito \u00e9 interditado ap\u00f3s inc\u00eandio em empresa de reciclagem de Ribeir\u00e3o Preto","author":"noticiasribeiraopreto.com.br","date":"29 de August de 2025","format":false,"excerpt":"Um trecho da rua Valentim Jo\u00e3o Moreti, na Vila Elisa, zona Norte de Ribeir\u00e3o Preto, foi interditado na manh\u00e3 desta sexta-feira (29) por motivos de seguran\u00e7a, ap\u00f3s um inc\u00eandio atingir uma empresa de reciclagem. Segundo a RP Mobi, a interdi\u00e7\u00e3o ocorre entre as ruas Coimbra e Augusto Volta. Ainda n\u00e3o\u2026","rel":"","context":"In &quot;Not\u00edcias de Ribeir\u00e3o Preto-SP e Regi\u00e3o&quot;","block_context":{"text":"Not\u00edcias de Ribeir\u00e3o Preto-SP e Regi\u00e3o","link":"https:\/\/noticiasribeiraopreto.com.br\/index.php\/category\/noticias-de-ribeirao-preto-sp-e-regiao-ismael-colosi\/"},"img":{"alt_text":"","src":"https:\/\/i0.wp.com\/noticiasribeiraopreto.com.br\/wp-content\/uploads\/2025\/08\/WhatsApp-Image-2025-08-29-at-11.04.34_2025-08-29_14-25-40.webp.webp?fit=1200%2C692&ssl=1&resize=350%2C200","width":350,"height":200,"srcset":"https:\/\/i0.wp.com\/noticiasribeiraopreto.com.br\/wp-content\/uploads\/2025\/08\/WhatsApp-Image-2025-08-29-at-11.04.34_2025-08-29_14-25-40.webp.webp?fit=1200%2C692&ssl=1&resize=350%2C200 1x, https:\/\/i0.wp.com\/noticiasribeiraopreto.com.br\/wp-content\/uploads\/2025\/08\/WhatsApp-Image-2025-08-29-at-11.04.34_2025-08-29_14-25-40.webp.webp?fit=1200%2C692&ssl=1&resize=525%2C300 1.5x, https:\/\/i0.wp.com\/noticiasribeiraopreto.com.br\/wp-content\/uploads\/2025\/08\/WhatsApp-Image-2025-08-29-at-11.04.34_2025-08-29_14-25-40.webp.webp?fit=1200%2C692&ssl=1&resize=700%2C400 2x, https:\/\/i0.wp.com\/noticiasribeiraopreto.com.br\/wp-content\/uploads\/2025\/08\/WhatsApp-Image-2025-08-29-at-11.04.34_2025-08-29_14-25-40.webp.webp?fit=1200%2C692&ssl=1&resize=1050%2C600 3x"},"classes":[]},{"id":63053,"url":"https:\/\/noticiasribeiraopreto.com.br\/index.php\/2025\/01\/31\/veja-os-pontos-de-interdicao-e-alagamentos-apos-temporal-em-ribeirao-preto\/","url_meta":{"origin":25724,"position":1},"title":"Veja os pontos de interdi\u00e7\u00e3o e alagamentos ap\u00f3s temporal em Ribeir\u00e3o Preto","author":"noticiasribeiraopreto.com.br","date":"31 de January de 2025","format":false,"excerpt":"O temporal que atingiu Ribeir\u00e3o Preto, na noite desta sexta-feira (31), causou interdi\u00e7\u00f5es no tr\u00e2nsito, colis\u00e3o e alagamentos. De acordo com o balan\u00e7o atualizado da RP Mobi, foram registradas as seguintes ocorr\u00eancias: Alagamento na Via Norte \u2013 local interditado no cruzamento da avenida com a rua Vicente\u00a0Canuto Colis\u00e3o de um\u2026","rel":"","context":"In &quot;Not\u00edcias de Ribeir\u00e3o Preto-SP e Regi\u00e3o&quot;","block_context":{"text":"Not\u00edcias de Ribeir\u00e3o Preto-SP e Regi\u00e3o","link":"https:\/\/noticiasribeiraopreto.com.br\/index.php\/category\/noticias-de-ribeirao-preto-sp-e-regiao-ismael-colosi\/"},"img":{"alt_text":"","src":"https:\/\/i0.wp.com\/noticiasribeiraopreto.com.br\/wp-content\/uploads\/2025\/01\/Imagem-do-WhatsApp-de-2025-01-31-as-22.01.14_1fc8b08c_2025-02-01_01-13-19_jpg_2025-02-01_01-13-19.webp.webp?fit=1200%2C540&ssl=1&resize=350%2C200","width":350,"height":200,"srcset":"https:\/\/i0.wp.com\/noticiasribeiraopreto.com.br\/wp-content\/uploads\/2025\/01\/Imagem-do-WhatsApp-de-2025-01-31-as-22.01.14_1fc8b08c_2025-02-01_01-13-19_jpg_2025-02-01_01-13-19.webp.webp?fit=1200%2C540&ssl=1&resize=350%2C200 1x, https:\/\/i0.wp.com\/noticiasribeiraopreto.com.br\/wp-content\/uploads\/2025\/01\/Imagem-do-WhatsApp-de-2025-01-31-as-22.01.14_1fc8b08c_2025-02-01_01-13-19_jpg_2025-02-01_01-13-19.webp.webp?fit=1200%2C540&ssl=1&resize=525%2C300 1.5x, https:\/\/i0.wp.com\/noticiasribeiraopreto.com.br\/wp-content\/uploads\/2025\/01\/Imagem-do-WhatsApp-de-2025-01-31-as-22.01.14_1fc8b08c_2025-02-01_01-13-19_jpg_2025-02-01_01-13-19.webp.webp?fit=1200%2C540&ssl=1&resize=700%2C400 2x, https:\/\/i0.wp.com\/noticiasribeiraopreto.com.br\/wp-content\/uploads\/2025\/01\/Imagem-do-WhatsApp-de-2025-01-31-as-22.01.14_1fc8b08c_2025-02-01_01-13-19_jpg_2025-02-01_01-13-19.webp.webp?fit=1200%2C540&ssl=1&resize=1050%2C600 3x"},"classes":[]},{"id":82298,"url":"https:\/\/noticiasribeiraopreto.com.br\/index.php\/2026\/02\/10\/saiba-quais-ruas-e-avenidas-estao-interditadas-em-ribeirao-preto-por-causa-da-chuva\/","url_meta":{"origin":25724,"position":2},"title":"Saiba quais ruas e avenidas est\u00e3o interditadas em Ribeir\u00e3o Preto por causa da chuva","author":"noticiasribeiraopreto.com.br","date":"10 de February de 2026","format":false,"excerpt":"Dois trechos da zona Norte de Ribeir\u00e3o Preto precisaram ser interditados na manh\u00e3 desta ter\u00e7a-feira (10), ap\u00f3s o registro de um alagamento na avenida Cavalheiro Paschoal Innecchi, pr\u00f3ximo ao n\u00famero 1.633, no bairro Jardim Independ\u00eancia. De acordo com a RP Mobi, devido a quantidade de \u00e1gua no local, o acesso\u2026","rel":"","context":"In &quot;Not\u00edcias de Ribeir\u00e3o Preto-SP e Regi\u00e3o&quot;","block_context":{"text":"Not\u00edcias de Ribeir\u00e3o Preto-SP e Regi\u00e3o","link":"https:\/\/noticiasribeiraopreto.com.br\/index.php\/category\/noticias-de-ribeirao-preto-sp-e-regiao-ismael-colosi\/"},"img":{"alt_text":"","src":"https:\/\/i0.wp.com\/noticiasribeiraopreto.com.br\/wp-content\/uploads\/2026\/02\/domingo_2026-02-10_11-51-32.webp.webp?fit=1200%2C675&ssl=1&resize=350%2C200","width":350,"height":200,"srcset":"https:\/\/i0.wp.com\/noticiasribeiraopreto.com.br\/wp-content\/uploads\/2026\/02\/domingo_2026-02-10_11-51-32.webp.webp?fit=1200%2C675&ssl=1&resize=350%2C200 1x, https:\/\/i0.wp.com\/noticiasribeiraopreto.com.br\/wp-content\/uploads\/2026\/02\/domingo_2026-02-10_11-51-32.webp.webp?fit=1200%2C675&ssl=1&resize=525%2C300 1.5x, https:\/\/i0.wp.com\/noticiasribeiraopreto.com.br\/wp-content\/uploads\/2026\/02\/domingo_2026-02-10_11-51-32.webp.webp?fit=1200%2C675&ssl=1&resize=700%2C400 2x, https:\/\/i0.wp.com\/noticiasribeiraopreto.com.br\/wp-content\/uploads\/2026\/02\/domingo_2026-02-10_11-51-32.webp.webp?fit=1200%2C675&ssl=1&resize=1050%2C600 3x"},"classes":[]},{"id":59019,"url":"https:\/\/noticiasribeiraopreto.com.br\/index.php\/2024\/10\/11\/temporal-provoca-quedas-de-arvores-e-interdicoes-em-ribeirao-preto\/","url_meta":{"origin":25724,"position":3},"title":"Temporal provoca quedas de \u00e1rvores e interdi\u00e7\u00f5es em Ribeir\u00e3o Preto","author":"noticiasribeiraopreto.com.br","date":"11 de October de 2024","format":false,"excerpt":"O temporal que atingiu Ribeir\u00e3o Preto, na tarde desta sexta-feira (11), n\u00e3o durou muito tempo, mas foi o suficiente para causas danos e interdi\u00e7\u00f5es em alguns pontos da cidade. Na avenida Pio XII, zona Oeste da cidade, uma \u00e1rvore caiu e derrubou o muro da CEMEI Eduardo Romualdo de Souza.\u2026","rel":"","context":"In &quot;Not\u00edcias de Ribeir\u00e3o Preto-SP e Regi\u00e3o&quot;","block_context":{"text":"Not\u00edcias de Ribeir\u00e3o Preto-SP e Regi\u00e3o","link":"https:\/\/noticiasribeiraopreto.com.br\/index.php\/category\/noticias-de-ribeirao-preto-sp-e-regiao-ismael-colosi\/"},"img":{"alt_text":"","src":"https:\/\/i0.wp.com\/noticiasribeiraopreto.com.br\/wp-content\/uploads\/2024\/10\/Copia-de-Copia-de-Copia-de-TAMANHO-EXATO-PARA-FOTOS-NO-SISTEMA-NOVO-15_2024-10-11_21-01-48_png_2024-10-11_21-01-48.webp.webp?fit=1200%2C675&ssl=1&resize=350%2C200","width":350,"height":200,"srcset":"https:\/\/i0.wp.com\/noticiasribeiraopreto.com.br\/wp-content\/uploads\/2024\/10\/Copia-de-Copia-de-Copia-de-TAMANHO-EXATO-PARA-FOTOS-NO-SISTEMA-NOVO-15_2024-10-11_21-01-48_png_2024-10-11_21-01-48.webp.webp?fit=1200%2C675&ssl=1&resize=350%2C200 1x, https:\/\/i0.wp.com\/noticiasribeiraopreto.com.br\/wp-content\/uploads\/2024\/10\/Copia-de-Copia-de-Copia-de-TAMANHO-EXATO-PARA-FOTOS-NO-SISTEMA-NOVO-15_2024-10-11_21-01-48_png_2024-10-11_21-01-48.webp.webp?fit=1200%2C675&ssl=1&resize=525%2C300 1.5x, https:\/\/i0.wp.com\/noticiasribeiraopreto.com.br\/wp-content\/uploads\/2024\/10\/Copia-de-Copia-de-Copia-de-TAMANHO-EXATO-PARA-FOTOS-NO-SISTEMA-NOVO-15_2024-10-11_21-01-48_png_2024-10-11_21-01-48.webp.webp?fit=1200%2C675&ssl=1&resize=700%2C400 2x, https:\/\/i0.wp.com\/noticiasribeiraopreto.com.br\/wp-content\/uploads\/2024\/10\/Copia-de-Copia-de-Copia-de-TAMANHO-EXATO-PARA-FOTOS-NO-SISTEMA-NOVO-15_2024-10-11_21-01-48_png_2024-10-11_21-01-48.webp.webp?fit=1200%2C675&ssl=1&resize=1050%2C600 3x"},"classes":[]},{"id":60434,"url":"https:\/\/noticiasribeiraopreto.com.br\/index.php\/2024\/11\/13\/trecho-da-avenida-francisco-junqueira-sera-interditado-por-quatro-dias\/","url_meta":{"origin":25724,"position":4},"title":"Trecho da avenida Francisco Junqueira ser\u00e1 interditado por quatro dias","author":"noticiasribeiraopreto.com.br","date":"13 de November de 2024","format":false,"excerpt":"Um novo trecho da avenida Dr. Francisco Junqueira, em Ribeir\u00e3o Preto, ser\u00e1 totalmente interditado por quatros dias. De acordo com a RP Mobi, a previs\u00e3o \u00e9 de que o bloqueio comece na manh\u00e3 desta quinta-feira (14). Conforme anunciado pela empresa que gerencia o tr\u00e2nsito do munic\u00edpio, o bloqueio acontece devido\u2026","rel":"","context":"In &quot;Not\u00edcias de Ribeir\u00e3o Preto-SP e Regi\u00e3o&quot;","block_context":{"text":"Not\u00edcias de Ribeir\u00e3o Preto-SP e Regi\u00e3o","link":"https:\/\/noticiasribeiraopreto.com.br\/index.php\/category\/noticias-de-ribeirao-preto-sp-e-regiao-ismael-colosi\/"},"img":{"alt_text":"","src":"https:\/\/noticiasribeiraopreto.com.br\/wp-content\/uploads\/2024\/11\/transito-sca-1.jpe","width":350,"height":200,"srcset":"https:\/\/noticiasribeiraopreto.com.br\/wp-content\/uploads\/2024\/11\/transito-sca-1.jpe 1x, https:\/\/noticiasribeiraopreto.com.br\/wp-content\/uploads\/2024\/11\/transito-sca-1.jpe 1.5x, https:\/\/noticiasribeiraopreto.com.br\/wp-content\/uploads\/2024\/11\/transito-sca-1.jpe 2x, https:\/\/noticiasribeiraopreto.com.br\/wp-content\/uploads\/2024\/11\/transito-sca-1.jpe 3x"},"classes":[]},{"id":23929,"url":"https:\/\/noticiasribeiraopreto.com.br\/index.php\/2024\/01\/03\/conselho-tutelar-fica-sem-energia-apos-furto-em-ribeirao-preto\/","url_meta":{"origin":25724,"position":5},"title":"Pr\u00e9dio do conselho tutelar fica sem energia ap\u00f3s furto em Ribeir\u00e3o Preto","author":"noticiasribeiraopreto.com.br","date":"3 de January de 2024","format":false,"excerpt":"O pr\u00e9dio do Conselho Tutelar III, da Vila Virg\u00ednia, na zona Oeste de Ribeir\u00e3o Preto, ficou sem energia ap\u00f3s criminosos furtarem a fia\u00e7\u00e3o do im\u00f3vel. O crime foi registrado na \u00faltima ter\u00e7a-feira (2), quando os conselheiros chegavam para trabalhar. O pr\u00e9dio fica na avenida Primeiro de Maio, na Vila Virg\u00ednia.\u2026","rel":"","context":"In &quot;Not\u00edcias de Ribeir\u00e3o Preto-SP e Regi\u00e3o&quot;","block_context":{"text":"Not\u00edcias de Ribeir\u00e3o Preto-SP e Regi\u00e3o","link":"https:\/\/noticiasribeiraopreto.com.br\/index.php\/category\/noticias-de-ribeirao-preto-sp-e-regiao-ismael-colosi\/"},"img":{"alt_text":"","src":"https:\/\/i0.wp.com\/noticiasribeiraopreto.com.br\/wp-content\/uploads\/2024\/01\/conselho-tutelar-iii.jpg?fit=908%2C643&ssl=1&resize=350%2C200","width":350,"height":200,"srcset":"https:\/\/i0.wp.com\/noticiasribeiraopreto.com.br\/wp-content\/uploads\/2024\/01\/conselho-tutelar-iii.jpg?fit=908%2C643&ssl=1&resize=350%2C200 1x, https:\/\/i0.wp.com\/noticiasribeiraopreto.com.br\/wp-content\/uploads\/2024\/01\/conselho-tutelar-iii.jpg?fit=908%2C643&ssl=1&resize=525%2C300 1.5x, https:\/\/i0.wp.com\/noticiasribeiraopreto.com.br\/wp-content\/uploads\/2024\/01\/conselho-tutelar-iii.jpg?fit=908%2C643&ssl=1&resize=700%2C400 2x"},"classes":[]}],"jetpack_sharing_enabled":true,"jetpack_shortlink":"https:\/\/wp.me\/peQAOb-6GU","_links":{"self":[{"href":"https:\/\/noticiasribeiraopreto.com.br\/index.php\/wp-json\/wp\/v2\/posts\/25724","targetHints":{"allow":["GET"]}}],"collection":[{"href":"https:\/\/noticiasribeiraopreto.com.br\/index.php\/wp-json\/wp\/v2\/posts"}],"about":[{"href":"https:\/\/noticiasribeiraopreto.com.br\/index.php\/wp-json\/wp\/v2\/types\/post"}],"author":[{"embeddable":true,"href":"https:\/\/noticiasribeiraopreto.com.br\/index.php\/wp-json\/wp\/v2\/users\/1"}],"replies":[{"embeddable":true,"href":"https:\/\/noticiasribeiraopreto.com.br\/index.php\/wp-json\/wp\/v2\/comments?post=25724"}],"version-history":[{"count":0,"href":"https:\/\/noticiasribeiraopreto.com.br\/index.php\/wp-json\/wp\/v2\/posts\/25724\/revisions"}],"wp:featuredmedia":[{"embeddable":true,"href":"https:\/\/noticiasribeiraopreto.com.br\/index.php\/wp-json\/wp\/v2\/media\/25725"}],"wp:attachment":[{"href":"https:\/\/noticiasribeiraopreto.com.br\/index.php\/wp-json\/wp\/v2\/media?parent=25724"}],"wp:term":[{"taxonomy":"category","embeddable":true,"href":"https:\/\/noticiasribeiraopreto.com.br\/index.php\/wp-json\/wp\/v2\/categories?post=25724"},{"taxonomy":"post_tag","embeddable":true,"href":"https:\/\/noticiasribeiraopreto.com.br\/index.php\/wp-json\/wp\/v2\/tags?post=25724"}],"curies":[{"name":"wp","href":"https:\/\/api.w.org\/{rel}","templated":true}]}}