{"id":25802,"date":"2024-01-08T14:46:13","date_gmt":"2024-01-08T17:46:13","guid":{"rendered":"https:\/\/noticiasribeiraopreto.com.br\/index.php\/2024\/01\/08\/lula-reforca-importancia-da-memoria-para-garantir-democracia\/"},"modified":"2024-01-08T14:46:13","modified_gmt":"2024-01-08T17:46:13","slug":"lula-reforca-importancia-da-memoria-para-garantir-democracia","status":"publish","type":"post","link":"https:\/\/noticiasribeiraopreto.com.br\/index.php\/2024\/01\/08\/lula-reforca-importancia-da-memoria-para-garantir-democracia\/","title":{"rendered":"Lula refor\u00e7a import\u00e2ncia da mem\u00f3ria para garantir democracia \u2013 Folha de Ribeir\u00e3o"},"content":{"rendered":"<div class='code-block code-block-1' style='margin: 8px 0 8px auto; text-align: right; display: block; clear: both;'>\n<p><a href=\"https:\/\/wa.link\/vpicfd\"><img data-recalc-dims=\"1\" class=\"wp-image-4922\" style=\"aspect-ratio: 2.0253164556962027; width: 561px; height: auto;\" src=\"https:\/\/i0.wp.com\/ismaelcolosi.com.br\/wp-content\/uploads\/2023\/11\/grupo-de-empregos-whatsapp-e-facebook-ismael-colosi-vagas.jpg?ssl=1\" alt=\"\" \/><\/a><\/p>\n<!-- \/wp:image -->\n<\/div>\n<p> <br \/>\n<\/p>\n<div>\n<p>Em v\u00eddeo postado nas redes sociais, ao completar um ano do dia 8 de janeiro, o presidente Luiz In\u00e1cio Lula da Silva\u00a0refor\u00e7ou a import\u00e2ncia da mem\u00f3ria da sociedade na constru\u00e7\u00e3o e manuten\u00e7\u00e3o da democracia de um pa\u00eds.<img data-recalc-dims=\"1\" decoding=\"async\" src=\"https:\/\/i0.wp.com\/agenciabrasil.ebc.com.br\/ebc.gif?ssl=1\"\/><\/p>\n<p>Ao lembrar a tentativa de golpe de Estado ele destacou: \u201cDia 8 de janeiro de 2023, um grupo de pessoas irrespons\u00e1veis resolveu dar um golpe nesse pa\u00eds e o 8 de janeiro significa, daqui pra frente, n\u00e3o permitir que a sociedade esque\u00e7a disso, para poder garantir a democracia. E \u00e9 esse 8 de janeiro que precisa ficar.\u201d<\/p>\n<p>Lula tamb\u00e9m postou fotos do Congresso Nacional com proje\u00e7\u00f5es de imagens da Bandeira do Brasil e da frase \u201cdemocracia que nos une\u201d, realizadas na noite desse domingo (7), para marcar a data. As luzes antecederam o encontro chamado\u00a0\u201cDemocracia Inabalada\u201d, que ocorrer\u00e1\u00a0\u00e0s 15h de hoje\u00a0no Congresso Nacional.<\/p>\n<div class=\"twitter-tweet twitter-tweet-rendered\">\n<blockquote class=\"twitter-tweet\">\n<p lang=\"pt\" dir=\"ltr\">Jamais deveremos esquecer o dia 8 de janeiro de 2023. O dia que alguns irrespons\u00e1veis tentaram um golpe nesse pa\u00eds. Mas os Tr\u00eas Poderes se sobressa\u00edram e a democracia venceu. E, amanh\u00e3, quando completa um ano desse triste epis\u00f3dio, vamos gritar em alto e bom som: liberdade,\u2026 <a href=\"https:\/\/t.co\/ghuODWEfUv\">pic.twitter.com\/ghuODWEfUv<\/a><\/p>\n<p>\u2014 Lula (@LulaOficial) <a href=\"https:\/\/twitter.com\/LulaOficial\/status\/1744131969523269858?ref_src=twsrc%5Etfw\">January 7, 2024<\/a><\/p>\n<\/blockquote>\n<\/div>\n<p>A cerim\u00f4nia reunir\u00e1 os l\u00edderes dos Tr\u00eas Poderes, parlamentares, ministros de Estado e representantes de organiza\u00e7\u00f5es da sociedade. O objetivo \u00e9\u00a0reafirmar a for\u00e7a da democracia e restituir ao patrim\u00f4nio p\u00fablico os itens depredados e vandalizados durante a tentativa de golpe, quando um grupo de oposi\u00e7\u00e3o insatisfeito com o resultado das elei\u00e7\u00f5es invadiu e depredou as sedes e os s\u00edmbolos do Executivo, Legislativo e Judici\u00e1rio.<\/p>\n<p>Uma\u00a0s\u00e9rie de atos, promovidos por movimentos sociais em todo o pa\u00eds, marcar\u00e1 a data. Para este dia, de relembrar a data em que \u201cos Tr\u00eas Poderes se sobressa\u00edram e a democracia venceu\u201d, o presidente Lula convidou os brasileiros a gritar em alto e bom som: \u201cliberdade, liberdade, abra as asas sobre n\u00f3s. E viva a democracia!\u201d, conclui.<\/p>\n<\/p><\/div>\n<p><script async src=\"\/\/platform.twitter.com\/widgets.js\" charset=\"utf-8\"><\/script><br \/>\n<br \/><br \/>\n<br \/><a href=\"https:\/\/folhaderibeirao.com.br\/2024\/01\/08\/lula-reforca-importancia-da-memoria-para-garantir-democracia\/\">Source link <\/a><\/p>\n<!-- CONTENT END 1 -->\n","protected":false},"excerpt":{"rendered":"<p>Em v\u00eddeo postado nas redes sociais, ao completar um ano do dia 8 de janeiro, o presidente Luiz In\u00e1cio Lula da Silva\u00a0refor\u00e7ou a import\u00e2ncia da&#8230;<\/p>\n","protected":false},"author":1,"featured_media":25803,"comment_status":"open","ping_status":"open","sticky":false,"template":"","format":"standard","meta":{"advanced_seo_description":"","jetpack_seo_html_title":"","jetpack_seo_noindex":false,"jetpack_post_was_ever_published":false,"_jetpack_newsletter_access":"","_jetpack_dont_email_post_to_subs":false,"_jetpack_newsletter_tier_id":0,"_jetpack_memberships_contains_paywalled_content":false,"_jetpack_memberships_contains_paid_content":false,"footnotes":"","jetpack_publicize_message":"","jetpack_publicize_feature_enabled":true,"jetpack_social_post_already_shared":true,"jetpack_social_options":{"image_generator_settings":{"template":"highway","default_image_id":0,"font":"","enabled":false},"version":2}},"categories":[11],"tags":[2509,753,3216,1443,750,290,71,3215,26],"class_list":["post-25802","post","type-post","status-publish","format-standard","has-post-thumbnail","hentry","category-noticias-de-ribeirao-preto-sp-e-regiao-ismael-colosi","tag-democracia","tag-folha","tag-garantir","tag-importancia","tag-lula","tag-memoria","tag-para","tag-reforca","tag-ribeirao"],"jetpack_publicize_connections":[],"jetpack_featured_media_url":"https:\/\/i0.wp.com\/noticiasribeiraopreto.com.br\/wp-content\/uploads\/2024\/01\/1704735976_ebc.png?fit=1%2C1&ssl=1","jetpack-related-posts":[{"id":27031,"url":"https:\/\/noticiasribeiraopreto.com.br\/index.php\/2024\/01\/11\/lula-afirma-que-perdao-a-golpistas-soaria-como-impunidade\/","url_meta":{"origin":25802,"position":0},"title":"Lula afirma que perd\u00e3o a golpistas soaria como impunidade \u2013 Folha de Ribeir\u00e3o","author":"noticiasribeiraopreto.com.br","date":"11 de January de 2024","format":false,"excerpt":"O presidente Luiz In\u00e1cio Lula da Silva defendeu, nesta segunda-feira (8), uma puni\u00e7\u00e3o exemplar para quem teve qualquer participa\u00e7\u00e3o nos\u00a0atos golpistas de 8 de janeiro do ano passado. Em discurso, Lula afirmou que o perd\u00e3o a essas pessoas \u201csoaria como impunidade\u201d. A declara\u00e7\u00e3o foi dada durante ato em defesa da\u2026","rel":"","context":"In &quot;Not\u00edcias de Ribeir\u00e3o Preto-SP e Regi\u00e3o&quot;","block_context":{"text":"Not\u00edcias de Ribeir\u00e3o Preto-SP e Regi\u00e3o","link":"https:\/\/noticiasribeiraopreto.com.br\/index.php\/category\/noticias-de-ribeirao-preto-sp-e-regiao-ismael-colosi\/"},"img":{"alt_text":"","src":"","width":0,"height":0},"classes":[]},{"id":25953,"url":"https:\/\/noticiasribeiraopreto.com.br\/index.php\/2024\/01\/08\/barroso-agradeceu-apoio-na-defesa-da-democracia-e-das-instituicoes\/","url_meta":{"origin":25802,"position":1},"title":"Barroso agradeceu apoio na defesa da democracia e das institui\u00e7\u00f5es nesta segunda","author":"noticiasribeiraopreto.com.br","date":"8 de January de 2024","format":false,"excerpt":"8 de janeiro de 2024 | 17:008 de janeiro de 2024 | 15:43 0O ministro Lu\u00eds Roberto Barroso, presidente do Supremo Tribunal Federal (STF), disse na tarde desta segunda-feira, 8, que \u201cnenhum tribunal \u00e9 capaz de resistir sozinho\u201d ao autoritarismo e agradeceu o apoio da sociedade civil, da imprensa e\u2026","rel":"","context":"In &quot;Not\u00edcias de Ribeir\u00e3o Preto-SP e Regi\u00e3o&quot;","block_context":{"text":"Not\u00edcias de Ribeir\u00e3o Preto-SP e Regi\u00e3o","link":"https:\/\/noticiasribeiraopreto.com.br\/index.php\/category\/noticias-de-ribeirao-preto-sp-e-regiao-ismael-colosi\/"},"img":{"alt_text":"","src":"https:\/\/i0.wp.com\/noticiasribeiraopreto.com.br\/wp-content\/uploads\/2024\/01\/luis-roberto-barroso-stf-1536x980-1-scaled.jpg?fit=1000%2C638&ssl=1&resize=350%2C200","width":350,"height":200,"srcset":"https:\/\/i0.wp.com\/noticiasribeiraopreto.com.br\/wp-content\/uploads\/2024\/01\/luis-roberto-barroso-stf-1536x980-1-scaled.jpg?fit=1000%2C638&ssl=1&resize=350%2C200 1x, https:\/\/i0.wp.com\/noticiasribeiraopreto.com.br\/wp-content\/uploads\/2024\/01\/luis-roberto-barroso-stf-1536x980-1-scaled.jpg?fit=1000%2C638&ssl=1&resize=525%2C300 1.5x, https:\/\/i0.wp.com\/noticiasribeiraopreto.com.br\/wp-content\/uploads\/2024\/01\/luis-roberto-barroso-stf-1536x980-1-scaled.jpg?fit=1000%2C638&ssl=1&resize=700%2C400 2x"},"classes":[]},{"id":25600,"url":"https:\/\/noticiasribeiraopreto.com.br\/index.php\/2024\/01\/07\/esplanada-tera-2-mil-pms-4-vezes-mais-do-que-no-dia-do-ataque-aos-tres-poderes\/","url_meta":{"origin":25802,"position":2},"title":"Esplanada ter\u00e1 2 mil PMs, 4 vezes mais do que no dia do ataque aos Tr\u00eas Poderes\u00a0","author":"noticiasribeiraopreto.com.br","date":"7 de January de 2024","format":false,"excerpt":"Refor\u00e7o ocorre para garantir a seguran\u00e7a da cerim\u00f4nia que relembra o ataque e reafirma o compromisso com a democracia\u00a0 7 de janeiro de 2024 | 17:006 de janeiro de 2024 | 12:34 0O evento que marca um ano do ataque de 8 de janeiro contar\u00e1 com um policiamento quatro vezes\u2026","rel":"","context":"In &quot;Not\u00edcias de Ribeir\u00e3o Preto-SP e Regi\u00e3o&quot;","block_context":{"text":"Not\u00edcias de Ribeir\u00e3o Preto-SP e Regi\u00e3o","link":"https:\/\/noticiasribeiraopreto.com.br\/index.php\/category\/noticias-de-ribeirao-preto-sp-e-regiao-ismael-colosi\/"},"img":{"alt_text":"","src":"https:\/\/i0.wp.com\/noticiasribeiraopreto.com.br\/wp-content\/uploads\/2024\/01\/1-8-janeiro-scaled.jpg?fit=967%2C645&ssl=1&resize=350%2C200","width":350,"height":200,"srcset":"https:\/\/i0.wp.com\/noticiasribeiraopreto.com.br\/wp-content\/uploads\/2024\/01\/1-8-janeiro-scaled.jpg?fit=967%2C645&ssl=1&resize=350%2C200 1x, https:\/\/i0.wp.com\/noticiasribeiraopreto.com.br\/wp-content\/uploads\/2024\/01\/1-8-janeiro-scaled.jpg?fit=967%2C645&ssl=1&resize=525%2C300 1.5x, https:\/\/i0.wp.com\/noticiasribeiraopreto.com.br\/wp-content\/uploads\/2024\/01\/1-8-janeiro-scaled.jpg?fit=967%2C645&ssl=1&resize=700%2C400 2x"},"classes":[]},{"id":25907,"url":"https:\/\/noticiasribeiraopreto.com.br\/index.php\/2024\/01\/08\/arthur-lira-cancela-presenca-em-ato-para-lembrar-8-de-janeiro\/","url_meta":{"origin":25802,"position":3},"title":"Arthur Lira cancela presen\u00e7a em ato para lembrar 8 de janeiro \u2013 Folha de Ribeir\u00e3o","author":"noticiasribeiraopreto.com.br","date":"8 de January de 2024","format":false,"excerpt":"O presidente da C\u00e2mara dos Deputados, Arthur Lira (PP-AL), cancelou a participa\u00e7\u00e3o na cerim\u00f4nia marcada para esta segunda-feira (8), no Congresso Nacional, que\u00a0marca o primeiro ano dos atos golpistas de 8 de janeiro. De acordo com a assessoria da C\u00e2mara, o presidente da Casa informou que cancelou a presen\u00e7a devido\u2026","rel":"","context":"In &quot;Not\u00edcias de Ribeir\u00e3o Preto-SP e Regi\u00e3o&quot;","block_context":{"text":"Not\u00edcias de Ribeir\u00e3o Preto-SP e Regi\u00e3o","link":"https:\/\/noticiasribeiraopreto.com.br\/index.php\/category\/noticias-de-ribeirao-preto-sp-e-regiao-ismael-colosi\/"},"img":{"alt_text":"","src":"","width":0,"height":0},"classes":[]},{"id":63674,"url":"https:\/\/noticiasribeiraopreto.com.br\/index.php\/2025\/02\/19\/pgr-denuncia-bolsonaro-e-33-envolvidos-por-tentativa-de-golpe-de-estado\/","url_meta":{"origin":25802,"position":4},"title":"PGR Denuncia Bolsonaro e 33 Envolvidos por Tentativa de Golpe de Estado","author":"noticiasribeiraopreto.com.br","date":"19 de February de 2025","format":false,"excerpt":"A Procuradoria-Geral da Rep\u00fablica (PGR) apresentou den\u00fancia contra o ex-presidente Jair Bolsonaro e mais 33 pessoas, acusados de integrar um esquema que visava subverter a ordem democr\u00e1tica. Segundo o documento, os denunciados teriam se reunido em diversas ocasi\u00f5es para discutir e planejar medidas que pudessem anular os resultados das elei\u00e7\u00f5es\u2026","rel":"","context":"In &quot;Not\u00edcias de Ribeir\u00e3o Preto-SP e Regi\u00e3o&quot;","block_context":{"text":"Not\u00edcias de Ribeir\u00e3o Preto-SP e Regi\u00e3o","link":"https:\/\/noticiasribeiraopreto.com.br\/index.php\/category\/noticias-de-ribeirao-preto-sp-e-regiao-ismael-colosi\/"},"img":{"alt_text":"","src":"https:\/\/i0.wp.com\/noticiasribeiraopreto.com.br\/wp-content\/uploads\/2025\/02\/img_2520.webp.webp?fit=1170%2C700&ssl=1&resize=350%2C200","width":350,"height":200,"srcset":"https:\/\/i0.wp.com\/noticiasribeiraopreto.com.br\/wp-content\/uploads\/2025\/02\/img_2520.webp.webp?fit=1170%2C700&ssl=1&resize=350%2C200 1x, https:\/\/i0.wp.com\/noticiasribeiraopreto.com.br\/wp-content\/uploads\/2025\/02\/img_2520.webp.webp?fit=1170%2C700&ssl=1&resize=525%2C300 1.5x, https:\/\/i0.wp.com\/noticiasribeiraopreto.com.br\/wp-content\/uploads\/2025\/02\/img_2520.webp.webp?fit=1170%2C700&ssl=1&resize=700%2C400 2x, https:\/\/i0.wp.com\/noticiasribeiraopreto.com.br\/wp-content\/uploads\/2025\/02\/img_2520.webp.webp?fit=1170%2C700&ssl=1&resize=1050%2C600 3x"},"classes":[]},{"id":59615,"url":"https:\/\/noticiasribeiraopreto.com.br\/index.php\/2024\/10\/27\/ministra-carmen-lucia-o-voto-e-um-poderoso-instrumento-de-transformacao-social\/","url_meta":{"origin":25802,"position":5},"title":"Ministra C\u00e1rmen L\u00facia: &#8220;O Voto \u00e9 um Poderoso Instrumento de Transforma\u00e7\u00e3o Social&#8221;","author":"noticiasribeiraopreto.com.br","date":"27 de October de 2024","format":false,"excerpt":"Durante um evento recente, a ministra C\u00e1rmen L\u00facia, do Supremo Tribunal Federal (STF), enfatizou o poder transformador do voto, destacando a relev\u00e2ncia do processo eleitoral como uma ferramenta essencial para promover mudan\u00e7as sociais. Sua fala ocorre em um momento decisivo para o Brasil, \u00e0s v\u00e9speras do segundo turno das elei\u00e7\u00f5es\u2026","rel":"","context":"In &quot;Not\u00edcias de Ribeir\u00e3o Preto-SP e Regi\u00e3o&quot;","block_context":{"text":"Not\u00edcias de Ribeir\u00e3o Preto-SP e Regi\u00e3o","link":"https:\/\/noticiasribeiraopreto.com.br\/index.php\/category\/noticias-de-ribeirao-preto-sp-e-regiao-ismael-colosi\/"},"img":{"alt_text":"","src":"https:\/\/i0.wp.com\/noticiasribeiraopreto.com.br\/wp-content\/uploads\/2024\/10\/captura_de_tela_2024-10-05_as_20.49.53.webp.webp?fit=1170%2C700&ssl=1&resize=350%2C200","width":350,"height":200,"srcset":"https:\/\/i0.wp.com\/noticiasribeiraopreto.com.br\/wp-content\/uploads\/2024\/10\/captura_de_tela_2024-10-05_as_20.49.53.webp.webp?fit=1170%2C700&ssl=1&resize=350%2C200 1x, https:\/\/i0.wp.com\/noticiasribeiraopreto.com.br\/wp-content\/uploads\/2024\/10\/captura_de_tela_2024-10-05_as_20.49.53.webp.webp?fit=1170%2C700&ssl=1&resize=525%2C300 1.5x, https:\/\/i0.wp.com\/noticiasribeiraopreto.com.br\/wp-content\/uploads\/2024\/10\/captura_de_tela_2024-10-05_as_20.49.53.webp.webp?fit=1170%2C700&ssl=1&resize=700%2C400 2x, https:\/\/i0.wp.com\/noticiasribeiraopreto.com.br\/wp-content\/uploads\/2024\/10\/captura_de_tela_2024-10-05_as_20.49.53.webp.webp?fit=1170%2C700&ssl=1&resize=1050%2C600 3x"},"classes":[]}],"jetpack_sharing_enabled":true,"jetpack_shortlink":"https:\/\/wp.me\/peQAOb-6Ia","_links":{"self":[{"href":"https:\/\/noticiasribeiraopreto.com.br\/index.php\/wp-json\/wp\/v2\/posts\/25802","targetHints":{"allow":["GET"]}}],"collection":[{"href":"https:\/\/noticiasribeiraopreto.com.br\/index.php\/wp-json\/wp\/v2\/posts"}],"about":[{"href":"https:\/\/noticiasribeiraopreto.com.br\/index.php\/wp-json\/wp\/v2\/types\/post"}],"author":[{"embeddable":true,"href":"https:\/\/noticiasribeiraopreto.com.br\/index.php\/wp-json\/wp\/v2\/users\/1"}],"replies":[{"embeddable":true,"href":"https:\/\/noticiasribeiraopreto.com.br\/index.php\/wp-json\/wp\/v2\/comments?post=25802"}],"version-history":[{"count":0,"href":"https:\/\/noticiasribeiraopreto.com.br\/index.php\/wp-json\/wp\/v2\/posts\/25802\/revisions"}],"wp:featuredmedia":[{"embeddable":true,"href":"https:\/\/noticiasribeiraopreto.com.br\/index.php\/wp-json\/wp\/v2\/media\/25803"}],"wp:attachment":[{"href":"https:\/\/noticiasribeiraopreto.com.br\/index.php\/wp-json\/wp\/v2\/media?parent=25802"}],"wp:term":[{"taxonomy":"category","embeddable":true,"href":"https:\/\/noticiasribeiraopreto.com.br\/index.php\/wp-json\/wp\/v2\/categories?post=25802"},{"taxonomy":"post_tag","embeddable":true,"href":"https:\/\/noticiasribeiraopreto.com.br\/index.php\/wp-json\/wp\/v2\/tags?post=25802"}],"curies":[{"name":"wp","href":"https:\/\/api.w.org\/{rel}","templated":true}]}}