{"id":25827,"date":"2024-01-08T15:39:03","date_gmt":"2024-01-08T18:39:03","guid":{"rendered":"https:\/\/noticiasribeiraopreto.com.br\/index.php\/2024\/01\/08\/guarda-civil-e-executado-a-tiros-no-rosto-com-sua-propria-arma-de-fogo-durante-assalto\/"},"modified":"2024-01-08T15:39:03","modified_gmt":"2024-01-08T18:39:03","slug":"guarda-civil-e-executado-a-tiros-no-rosto-com-sua-propria-arma-de-fogo-durante-assalto","status":"publish","type":"post","link":"https:\/\/noticiasribeiraopreto.com.br\/index.php\/2024\/01\/08\/guarda-civil-e-executado-a-tiros-no-rosto-com-sua-propria-arma-de-fogo-durante-assalto\/","title":{"rendered":"Guarda civil \u00e9 executado a tiros no rosto com sua pr\u00f3pria arma de fogo durante assalto"},"content":{"rendered":"<div class='code-block code-block-1' style='margin: 8px 0 8px auto; text-align: right; display: block; clear: both;'>\n<p><a href=\"https:\/\/wa.link\/vpicfd\"><img data-recalc-dims=\"1\" class=\"wp-image-4922\" style=\"aspect-ratio: 2.0253164556962027; width: 561px; height: auto;\" src=\"https:\/\/i0.wp.com\/ismaelcolosi.com.br\/wp-content\/uploads\/2023\/11\/grupo-de-empregos-whatsapp-e-facebook-ismael-colosi-vagas.jpg?ssl=1\" alt=\"\" \/><\/a><\/p>\n<!-- \/wp:image -->\n<\/div>\n<p> <br \/>\n<\/p>\n<div itemprop=\"text\">\n<p>Um crime tr\u00e1gico foi registrado pelas autoridades policiais no final da tarde do \u00faltimo domingo, dia 07 de janeiro, no bairro Cap\u00e3o Redondo, situado na Zona Sul da cidade de S\u00e3o Paulo (S\u00e3o Paulo).<\/p>\n<p>Um guarda civil metropolitano foi executado com disparo de arma de fogo efetuado durante uma tentativa de assalto da qual foi v\u00edtima. A v\u00edtima foi identificada pelo nome de Rinaldo Aparecido Gomes de Oliveira, de 55 anos.<\/p>\n<p>Ele havia acabado de chegar \u00e0 unidade na qual trabalhava para mais um dia de plant\u00e3o, quando foi abordado por dois marginais. Os criminosos portavam consigo simulacro de arma de fogo \u2013 uma esp\u00e9cie de reprodu\u00e7\u00e3o fiel dos detalhes de um armamento real, mas sem a capacidade de efetuar disparos efetivos.<\/p>\n<p>Subinspetor da corpora\u00e7\u00e3o, Rinaldo trafegava pela rua Manoel Jos\u00e9 Pereira em uma motocicleta quando foi abordado pelos marginais, os quais exigiram a entrega do ve\u00edculo.\u00a0 Neste instante, um dos homicidas percebeu que a v\u00edtima portava consigo uma arma de fogo, instante em que entraram em luta corporal.<\/p>\n<p>Durante a luta corporal, o guarda civil metropolitano teve a sua arma de fogo arrancada de sua posse, sendo com ela baleado no rosto e no abd\u00f4men. Depois da execu\u00e7\u00e3o, os homicidas fugiram do local sem levar nenhum pertence pessoal.<\/p>\n<p>Acionada, a Pol\u00edcia Militar compareceu ao local da ocorr\u00eancia, deparando-se com a v\u00edtima ferida sobre o ch\u00e3o ao lado de uma motocicleta e do simulacro abandonado pelos criminosos em meio \u00e0 fuga.<\/p>\n<p>Levado com vida ao Hospital Campo Limpo, o homem n\u00e3o resistiu. O caso foi registrado na 11\u00aa Delegacia de Pol\u00edcia, localizada em Santo Amaro.<\/p>\n<p>Foi solicitada per\u00edcia no local do crime e exames ao IML \u2013 Instituto M\u00e9dico Legal. Por enquanto, n\u00e3o h\u00e1 informa\u00e7\u00f5es no sentido de que a motocicleta encontrada no endere\u00e7o da ocorr\u00eancia seja da v\u00edtima ou dos homicidas.<\/p>\n<\/div>\n<p><br \/>\n<br \/><a href=\"https:\/\/fnmais.com\/guarda-civil-executado-tiros-no-rosto-com-sua-propria-arma-fogo-durante-assalto\/\">Source link <\/a><\/p>\n<!-- CONTENT END 1 -->\n","protected":false},"excerpt":{"rendered":"<p>Um crime tr\u00e1gico foi registrado pelas autoridades policiais no final da tarde do \u00faltimo domingo, dia 07 de janeiro, no bairro Cap\u00e3o Redondo, situado na&#8230;<\/p>\n","protected":false},"author":1,"featured_media":25828,"comment_status":"open","ping_status":"open","sticky":false,"template":"","format":"standard","meta":{"advanced_seo_description":"","jetpack_seo_html_title":"","jetpack_seo_noindex":false,"jetpack_post_was_ever_published":false,"_jetpack_newsletter_access":"","_jetpack_dont_email_post_to_subs":false,"_jetpack_newsletter_tier_id":0,"_jetpack_memberships_contains_paywalled_content":false,"_jetpack_memberships_contains_paid_content":false,"footnotes":"","jetpack_publicize_message":"","jetpack_publicize_feature_enabled":true,"jetpack_social_post_already_shared":true,"jetpack_social_options":{"image_generator_settings":{"template":"highway","default_image_id":0,"font":"","enabled":false},"version":2}},"categories":[1],"tags":[],"class_list":["post-25827","post","type-post","status-publish","format-standard","has-post-thumbnail","hentry","category-blog"],"jetpack_publicize_connections":[],"jetpack_featured_media_url":"https:\/\/i0.wp.com\/noticiasribeiraopreto.com.br\/wp-content\/uploads\/2024\/01\/postimg-659c40da1926f4704.jpg?fit=1200%2C628&ssl=1","jetpack-related-posts":[{"id":41982,"url":"https:\/\/noticiasribeiraopreto.com.br\/index.php\/2024\/03\/12\/empresario-e-preso-apos-denuncia-de-disparos-na-zona-sul-de-ribeirao-preto\/","url_meta":{"origin":25827,"position":0},"title":"Empres\u00e1rio \u00e9 preso ap\u00f3s den\u00fancia de disparos na zona Sul de Ribeir\u00e3o Preto","author":"noticiasribeiraopreto.com.br","date":"12 de March de 2024","format":false,"excerpt":"Um empres\u00e1rio de 31 anos foi preso ap\u00f3s uma den\u00fancia de supostos disparos com arma de fogo em frente ao um bar na avenida Independ\u00eancia, na zona Sul de Ribeir\u00e3o Preto. O caso aconteceu na madrugada da \u00faltima segunda-feira (11). De acordo com o B.O. (boletim de ocorr\u00eancia), a Pol\u00edcia\u2026","rel":"","context":"In &quot;Not\u00edcias de Ribeir\u00e3o Preto-SP e Regi\u00e3o&quot;","block_context":{"text":"Not\u00edcias de Ribeir\u00e3o Preto-SP e Regi\u00e3o","link":"https:\/\/noticiasribeiraopreto.com.br\/index.php\/category\/noticias-de-ribeirao-preto-sp-e-regiao-ismael-colosi\/"},"img":{"alt_text":"","src":"https:\/\/i0.wp.com\/noticiasribeiraopreto.com.br\/wp-content\/uploads\/2024\/03\/1710257645_WhatsApp-Image-2023-12-09-at-13.55.44.jpeg?fit=1024%2C576&ssl=1&resize=350%2C200","width":350,"height":200,"srcset":"https:\/\/i0.wp.com\/noticiasribeiraopreto.com.br\/wp-content\/uploads\/2024\/03\/1710257645_WhatsApp-Image-2023-12-09-at-13.55.44.jpeg?fit=1024%2C576&ssl=1&resize=350%2C200 1x, https:\/\/i0.wp.com\/noticiasribeiraopreto.com.br\/wp-content\/uploads\/2024\/03\/1710257645_WhatsApp-Image-2023-12-09-at-13.55.44.jpeg?fit=1024%2C576&ssl=1&resize=525%2C300 1.5x, https:\/\/i0.wp.com\/noticiasribeiraopreto.com.br\/wp-content\/uploads\/2024\/03\/1710257645_WhatsApp-Image-2023-12-09-at-13.55.44.jpeg?fit=1024%2C576&ssl=1&resize=700%2C400 2x"},"classes":[]},{"id":84813,"url":"https:\/\/noticiasribeiraopreto.com.br\/index.php\/2026\/04\/16\/em-familia-sogro-e-genro-sao-presos-por-roubo\/","url_meta":{"origin":25827,"position":1},"title":"Em fam\u00edlia: sogro e genro s\u00e3o presos por roubo","author":"noticiasribeiraopreto.com.br","date":"16 de April de 2026","format":false,"excerpt":"\r Uma das v\u00edtimas do assalto foi ferida por um tiro disparado pelo assaltante\r \r 16 de abril de 2026 11:38 \r Compartilhar2 | Por: Adalberto Luque | Dois homens foram presos, na manh\u00e3 desta quinta-feira (16), por um roubo que resultou na v\u00edtima ferida por um disparo de arma\u2026","rel":"","context":"In &quot;Not\u00edcias de Ribeir\u00e3o Preto-SP e Regi\u00e3o&quot;","block_context":{"text":"Not\u00edcias de Ribeir\u00e3o Preto-SP e Regi\u00e3o","link":"https:\/\/noticiasribeiraopreto.com.br\/index.php\/category\/noticias-de-ribeirao-preto-sp-e-regiao-ismael-colosi\/"},"img":{"alt_text":"","src":"https:\/\/i0.wp.com\/noticiasribeiraopreto.com.br\/wp-content\/uploads\/2026\/04\/16-abr-2026-emfamilia-scaled.jpg?fit=1082%2C780&ssl=1&resize=350%2C200","width":350,"height":200,"srcset":"https:\/\/i0.wp.com\/noticiasribeiraopreto.com.br\/wp-content\/uploads\/2026\/04\/16-abr-2026-emfamilia-scaled.jpg?fit=1082%2C780&ssl=1&resize=350%2C200 1x, https:\/\/i0.wp.com\/noticiasribeiraopreto.com.br\/wp-content\/uploads\/2026\/04\/16-abr-2026-emfamilia-scaled.jpg?fit=1082%2C780&ssl=1&resize=525%2C300 1.5x, https:\/\/i0.wp.com\/noticiasribeiraopreto.com.br\/wp-content\/uploads\/2026\/04\/16-abr-2026-emfamilia-scaled.jpg?fit=1082%2C780&ssl=1&resize=700%2C400 2x, https:\/\/i0.wp.com\/noticiasribeiraopreto.com.br\/wp-content\/uploads\/2026\/04\/16-abr-2026-emfamilia-scaled.jpg?fit=1082%2C780&ssl=1&resize=1050%2C600 3x"},"classes":[]},{"id":57596,"url":"https:\/\/noticiasribeiraopreto.com.br\/index.php\/2024\/09\/05\/assaltantes-fazem-casal-refem-agridem-vitima-e-roubam-cofre-vazio-em-ribeirao\/","url_meta":{"origin":25827,"position":2},"title":"Assaltantes fazem casal ref\u00e9m, agridem v\u00edtima e roubam cofre vazio em Ribeir\u00e3o","author":"noticiasribeiraopreto.com.br","date":"5 de September de 2024","format":false,"excerpt":"Dois criminosos, um dos quais com uma arma de fogo, fizeram um casal ref\u00e9m e agrediram uma das v\u00edtimas durante um assalto no in\u00edcio da noite desta quarta-feira (4), no bairro Campos El\u00edseos, zona Norte de Ribeir\u00e3o Preto. Segundo o boletim de ocorr\u00eancia (BO), a v\u00edtima \u2013 um homem de\u2026","rel":"","context":"In &quot;Not\u00edcias de Ribeir\u00e3o Preto-SP e Regi\u00e3o&quot;","block_context":{"text":"Not\u00edcias de Ribeir\u00e3o Preto-SP e Regi\u00e3o","link":"https:\/\/noticiasribeiraopreto.com.br\/index.php\/category\/noticias-de-ribeirao-preto-sp-e-regiao-ismael-colosi\/"},"img":{"alt_text":"","src":"https:\/\/i0.wp.com\/noticiasribeiraopreto.com.br\/wp-content\/uploads\/2024\/09\/pm_qru_1024x576_25052021184558.jpg?fit=1024%2C576&ssl=1&resize=350%2C200","width":350,"height":200,"srcset":"https:\/\/i0.wp.com\/noticiasribeiraopreto.com.br\/wp-content\/uploads\/2024\/09\/pm_qru_1024x576_25052021184558.jpg?fit=1024%2C576&ssl=1&resize=350%2C200 1x, https:\/\/i0.wp.com\/noticiasribeiraopreto.com.br\/wp-content\/uploads\/2024\/09\/pm_qru_1024x576_25052021184558.jpg?fit=1024%2C576&ssl=1&resize=525%2C300 1.5x, https:\/\/i0.wp.com\/noticiasribeiraopreto.com.br\/wp-content\/uploads\/2024\/09\/pm_qru_1024x576_25052021184558.jpg?fit=1024%2C576&ssl=1&resize=700%2C400 2x"},"classes":[]},{"id":3541,"url":"https:\/\/noticiasribeiraopreto.com.br\/index.php\/2023\/11\/18\/utm_sourcerssutm_mediumrssutm_campaignmotorista-de-aplicativo-coloca-bandidos-para-correr-durante-assalto-em-ribeirao-preto\/","url_meta":{"origin":25827,"position":3},"title":"Motorista de aplicativo coloca bandidos para correr durante assalto em Ribeir\u00e3o Preto \u2013 X Tudo Ribeir\u00e3o","author":"noticiasribeiraopreto.com.br","date":"18 de November de 2023","format":false,"excerpt":"Um motorista de aplicativo colocou um trio de bandidos para correr durante um assalto na noite deste s\u00e1bado (18\/11), no bairro Alto do Ipiranga, na zona Norte de Ribeir\u00e3o Preto.\u00a0 Segundo informa\u00e7\u00f5es, a v\u00edtima estava embarcando passageiros na Travessa da Barra, momento que foi rendido pelos tr\u00eas LIXOS da SOCIEDADE,\u2026","rel":"","context":"In &quot;Not\u00edcias de Ribeir\u00e3o Preto-SP e Regi\u00e3o&quot;","block_context":{"text":"Not\u00edcias de Ribeir\u00e3o Preto-SP e Regi\u00e3o","link":"https:\/\/noticiasribeiraopreto.com.br\/index.php\/category\/noticias-de-ribeirao-preto-sp-e-regiao-ismael-colosi\/"},"img":{"alt_text":"","src":"https:\/\/i0.wp.com\/noticiasribeiraopreto.com.br\/wp-content\/uploads\/2023\/11\/WhatsApp-Image-2023-11-18-at-23.48.47.jpeg?fit=882%2C460&ssl=1&resize=350%2C200","width":350,"height":200,"srcset":"https:\/\/i0.wp.com\/noticiasribeiraopreto.com.br\/wp-content\/uploads\/2023\/11\/WhatsApp-Image-2023-11-18-at-23.48.47.jpeg?fit=882%2C460&ssl=1&resize=350%2C200 1x, https:\/\/i0.wp.com\/noticiasribeiraopreto.com.br\/wp-content\/uploads\/2023\/11\/WhatsApp-Image-2023-11-18-at-23.48.47.jpeg?fit=882%2C460&ssl=1&resize=525%2C300 1.5x, https:\/\/i0.wp.com\/noticiasribeiraopreto.com.br\/wp-content\/uploads\/2023\/11\/WhatsApp-Image-2023-11-18-at-23.48.47.jpeg?fit=882%2C460&ssl=1&resize=700%2C400 2x"},"classes":[]},{"id":59984,"url":"https:\/\/noticiasribeiraopreto.com.br\/index.php\/2024\/11\/03\/homem-e-morto-por-bandidos-durante-assalto-em-ribeirao-preto\/","url_meta":{"origin":25827,"position":4},"title":"Homem \u00e9 morto por bandidos durante assalto em Ribeir\u00e3o Preto","author":"noticiasribeiraopreto.com.br","date":"3 de November de 2024","format":false,"excerpt":"Um homem de 35 anos foi morto por bandidos na noite de s\u00e1bado (2) durante um assalto no Jardim Alexandre Balbo, na zona Norte de Ribeir\u00e3o Preto. A v\u00edtima estava no carro quando foi abordada por dois criminosos. Segundo a SSP-SP (Secretaria de Seguran\u00e7a P\u00fablica de S\u00e3o Paulo), os ladr\u00f5es\u2026","rel":"","context":"In &quot;Not\u00edcias de Ribeir\u00e3o Preto-SP e Regi\u00e3o&quot;","block_context":{"text":"Not\u00edcias de Ribeir\u00e3o Preto-SP e Regi\u00e3o","link":"https:\/\/noticiasribeiraopreto.com.br\/index.php\/category\/noticias-de-ribeirao-preto-sp-e-regiao-ismael-colosi\/"},"img":{"alt_text":"","src":"https:\/\/i0.wp.com\/noticiasribeiraopreto.com.br\/wp-content\/uploads\/2024\/11\/cpj_1024x576_04082020121137.jpg?fit=1024%2C575&ssl=1&resize=350%2C200","width":350,"height":200,"srcset":"https:\/\/i0.wp.com\/noticiasribeiraopreto.com.br\/wp-content\/uploads\/2024\/11\/cpj_1024x576_04082020121137.jpg?fit=1024%2C575&ssl=1&resize=350%2C200 1x, https:\/\/i0.wp.com\/noticiasribeiraopreto.com.br\/wp-content\/uploads\/2024\/11\/cpj_1024x576_04082020121137.jpg?fit=1024%2C575&ssl=1&resize=525%2C300 1.5x, https:\/\/i0.wp.com\/noticiasribeiraopreto.com.br\/wp-content\/uploads\/2024\/11\/cpj_1024x576_04082020121137.jpg?fit=1024%2C575&ssl=1&resize=700%2C400 2x"},"classes":[]},{"id":63664,"url":"https:\/\/noticiasribeiraopreto.com.br\/index.php\/2025\/02\/18\/guarda-civil-fica-ferido-apos-atirar-acidentalmente-na-propria-perna-na-regiao-de-ribeirao-2\/","url_meta":{"origin":25827,"position":5},"title":"Guarda civil fica ferido ap\u00f3s atirar acidentalmente na pr\u00f3pria perna na regi\u00e3o de Ribeir\u00e3o","author":"noticiasribeiraopreto.com.br","date":"18 de February de 2025","format":false,"excerpt":"Na tarde desta ter\u00e7a-feira (18), um guarda civil de 53 anos ficou ferido ap\u00f3s sua arma disparar acidentalmente durante um treinamento na base da Guarda Civil Metropolitana de Sert\u00e3ozinho, na regi\u00e3o de Ribeir\u00e3o Preto. O acidente ocorreu enquanto o agente, com mais de 30 anos de experi\u00eancia na corpora\u00e7\u00e3o, realizava\u2026","rel":"","context":"In &quot;Not\u00edcias de Ribeir\u00e3o Preto-SP e Regi\u00e3o&quot;","block_context":{"text":"Not\u00edcias de Ribeir\u00e3o Preto-SP e Regi\u00e3o","link":"https:\/\/noticiasribeiraopreto.com.br\/index.php\/category\/noticias-de-ribeirao-preto-sp-e-regiao-ismael-colosi\/"},"img":{"alt_text":"","src":"https:\/\/i0.wp.com\/noticiasribeiraopreto.com.br\/wp-content\/uploads\/2025\/02\/Copia-de-Copia-de-Copia-de-TAMANHO-EXATO-PARA-FOTOS-NO-SISTEMA-NOVO-2025-02-18T215053.574_2025-02-19_00-51-06_png_2025-02-19_00-51-06.webp.webp?fit=1200%2C675&ssl=1&resize=350%2C200","width":350,"height":200,"srcset":"https:\/\/i0.wp.com\/noticiasribeiraopreto.com.br\/wp-content\/uploads\/2025\/02\/Copia-de-Copia-de-Copia-de-TAMANHO-EXATO-PARA-FOTOS-NO-SISTEMA-NOVO-2025-02-18T215053.574_2025-02-19_00-51-06_png_2025-02-19_00-51-06.webp.webp?fit=1200%2C675&ssl=1&resize=350%2C200 1x, https:\/\/i0.wp.com\/noticiasribeiraopreto.com.br\/wp-content\/uploads\/2025\/02\/Copia-de-Copia-de-Copia-de-TAMANHO-EXATO-PARA-FOTOS-NO-SISTEMA-NOVO-2025-02-18T215053.574_2025-02-19_00-51-06_png_2025-02-19_00-51-06.webp.webp?fit=1200%2C675&ssl=1&resize=525%2C300 1.5x, https:\/\/i0.wp.com\/noticiasribeiraopreto.com.br\/wp-content\/uploads\/2025\/02\/Copia-de-Copia-de-Copia-de-TAMANHO-EXATO-PARA-FOTOS-NO-SISTEMA-NOVO-2025-02-18T215053.574_2025-02-19_00-51-06_png_2025-02-19_00-51-06.webp.webp?fit=1200%2C675&ssl=1&resize=700%2C400 2x, https:\/\/i0.wp.com\/noticiasribeiraopreto.com.br\/wp-content\/uploads\/2025\/02\/Copia-de-Copia-de-Copia-de-TAMANHO-EXATO-PARA-FOTOS-NO-SISTEMA-NOVO-2025-02-18T215053.574_2025-02-19_00-51-06_png_2025-02-19_00-51-06.webp.webp?fit=1200%2C675&ssl=1&resize=1050%2C600 3x"},"classes":[]}],"jetpack_sharing_enabled":true,"jetpack_shortlink":"https:\/\/wp.me\/peQAOb-6Iz","_links":{"self":[{"href":"https:\/\/noticiasribeiraopreto.com.br\/index.php\/wp-json\/wp\/v2\/posts\/25827","targetHints":{"allow":["GET"]}}],"collection":[{"href":"https:\/\/noticiasribeiraopreto.com.br\/index.php\/wp-json\/wp\/v2\/posts"}],"about":[{"href":"https:\/\/noticiasribeiraopreto.com.br\/index.php\/wp-json\/wp\/v2\/types\/post"}],"author":[{"embeddable":true,"href":"https:\/\/noticiasribeiraopreto.com.br\/index.php\/wp-json\/wp\/v2\/users\/1"}],"replies":[{"embeddable":true,"href":"https:\/\/noticiasribeiraopreto.com.br\/index.php\/wp-json\/wp\/v2\/comments?post=25827"}],"version-history":[{"count":0,"href":"https:\/\/noticiasribeiraopreto.com.br\/index.php\/wp-json\/wp\/v2\/posts\/25827\/revisions"}],"wp:featuredmedia":[{"embeddable":true,"href":"https:\/\/noticiasribeiraopreto.com.br\/index.php\/wp-json\/wp\/v2\/media\/25828"}],"wp:attachment":[{"href":"https:\/\/noticiasribeiraopreto.com.br\/index.php\/wp-json\/wp\/v2\/media?parent=25827"}],"wp:term":[{"taxonomy":"category","embeddable":true,"href":"https:\/\/noticiasribeiraopreto.com.br\/index.php\/wp-json\/wp\/v2\/categories?post=25827"},{"taxonomy":"post_tag","embeddable":true,"href":"https:\/\/noticiasribeiraopreto.com.br\/index.php\/wp-json\/wp\/v2\/tags?post=25827"}],"curies":[{"name":"wp","href":"https:\/\/api.w.org\/{rel}","templated":true}]}}