{"id":25875,"date":"2024-01-08T17:30:25","date_gmt":"2024-01-08T20:30:25","guid":{"rendered":"https:\/\/noticiasribeiraopreto.com.br\/index.php\/2024\/01\/08\/edital-do-concurso-publico-nacional-unificado-sera-publicado-na-quarta\/"},"modified":"2024-01-08T17:30:25","modified_gmt":"2024-01-08T20:30:25","slug":"edital-do-concurso-publico-nacional-unificado-sera-publicado-na-quarta","status":"publish","type":"post","link":"https:\/\/noticiasribeiraopreto.com.br\/index.php\/2024\/01\/08\/edital-do-concurso-publico-nacional-unificado-sera-publicado-na-quarta\/","title":{"rendered":"Edital do Concurso P\u00fablico Nacional Unificado ser\u00e1 publicado na quarta \u2013 Folha de Ribeir\u00e3o"},"content":{"rendered":"<div class='code-block code-block-1' style='margin: 8px 0 8px auto; text-align: right; display: block; clear: both;'>\n<p><a href=\"https:\/\/wa.link\/vpicfd\"><img data-recalc-dims=\"1\" class=\"wp-image-4922\" style=\"aspect-ratio: 2.0253164556962027; width: 561px; height: auto;\" src=\"https:\/\/i0.wp.com\/ismaelcolosi.com.br\/wp-content\/uploads\/2023\/11\/grupo-de-empregos-whatsapp-e-facebook-ismael-colosi-vagas.jpg?ssl=1\" alt=\"\" \/><\/a><\/p>\n<!-- \/wp:image -->\n<\/div>\n<p> <br \/>\n<\/p>\n<div>\n<p>Ser\u00e1 publicado no\u00a0<em>Di\u00e1rio Oficial da Uni\u00e3o<\/em>\u00a0desta quarta-feira (10) o edital com as regras para o Concurso P\u00fablico Nacional Unificado (CPNU), que selecionar\u00e1 6.640 servidores para 21 \u00f3rg\u00e3os p\u00fablicos.<img data-recalc-dims=\"1\" decoding=\"async\" src=\"https:\/\/i0.wp.com\/agenciabrasil.ebc.com.br\/ebc.gif?ssl=1\"\/><\/p>\n<p>A previs\u00e3o \u00e9 de que as inscri\u00e7\u00f5es estejam abertas entre os dias 19 de janeiro e 9 de fevereiro\u00a0e que a prova seja aplicada no dia 5 de maio.<\/p>\n<p>De acordo com o Minist\u00e9rio da Gest\u00e3o e da Inova\u00e7\u00e3o em Servi\u00e7os P\u00fablicos, o edital apresentar\u00e1 \u201cinforma\u00e7\u00f5es sobre os blocos tem\u00e1ticos, conte\u00fados das provas, crit\u00e9rios de classifica\u00e7\u00e3o e desclassifica\u00e7\u00e3o, lista de espera, cadastro de reserva, validade do certame e composi\u00e7\u00e3o das notas finais\u201d.<\/p>\n<p>Em nota divulgada pela pasta, a secret\u00e1ria adjunta de Gest\u00e3o de Pessoas, Regina Camargos, adiantou que a metodologia a ser adotada no\u00a0concurso \u00e9 inovadora, e que as provas ser\u00e3o aplicadas em 220 cidades de todo o pa\u00eds por meio de parceria com o Cesgranrio.<\/p>\n<p>\u201c\u00c9 um feito in\u00e9dito que exige prepara\u00e7\u00e3o in\u00e9dita tamb\u00e9m\u201d, informou a secret\u00e1ria ao explicar que a amplia\u00e7\u00e3o do n\u00famero de cidades tem\u00a0por objetivo,garantir que regi\u00f5es metropolitanas tenham provas em mais de uma cidade.<\/p>\n<h2>Inova\u00e7\u00f5es<\/h2>\n<p>Entre as inova\u00e7\u00f5es a serem adotadas est\u00e1 a previs\u00e3o de que uma inscri\u00e7\u00e3o valha para o processo seletivo de mais de um \u00f3rg\u00e3o. Outra novidade \u00e9 a busca pela \u201cigualdade de oportunidades de acesso\u201d aos cargos p\u00fablicos efetivos.<\/p>\n<p>\u201cQueremos democratizar o acesso a essas vagas. Muitas pessoas sequer conseguiam prestar concursos porque precisavam se deslocar para outros estados, o que muitas vezes \u00e9 muito dispendioso\u201d, justificou a secret\u00e1ria.<\/p>\n<p>Ao anunciar, em setembro de 2023, o novo processo seletivo, o Minist\u00e9rio da Gest\u00e3o explicou que, no momento da inscri\u00e7\u00e3o, os candidatos dever\u00e3o optar por um dos blocos das \u00e1reas de atua\u00e7\u00e3o governamental dispon\u00edveis.<\/p>\n<h2>Provas e \u00e1reas de atua\u00e7\u00e3o<\/h2>\n<p>Na sequ\u00eancia, indicar\u00e3o cargo ou carreira por ordem de prefer\u00eancia, entre as vagas dispon\u00edveis no bloco de sua escolha. A ideia apresentada inicialmente \u00e9 de que\u00a0a primeira etapa do concurso unificado seja em um \u00fanico dia, dividida em dois momentos: primeiro ser\u00e1 aplicada uma prova objetiva, com conte\u00fado comum a todos os candidatos. Depois, no mesmo dia, ser\u00e3o aplicadas provas dissertativas e com conte\u00fados espec\u00edficos, de acordo com cada bloco tem\u00e1tico.<\/p>\n<p>As \u00e1reas de atua\u00e7\u00e3o anunciadas at\u00e9 o momento s\u00e3o:\u00a0administra\u00e7\u00e3o e finan\u00e7as;\u00a0setores econ\u00f4micos, infraestrutura e regula\u00e7\u00e3o;\u00a0agricultura, meio ambiente e desenvolvimento agr\u00e1rio; educa\u00e7\u00e3o, ci\u00eancia, tecnologia e inova\u00e7\u00e3o; pol\u00edticas sociais, justi\u00e7a e sa\u00fade; trabalho e previd\u00eancia; dados, tecnologia e informa\u00e7\u00e3o p\u00fablica, al\u00e9m do n\u00edvel intermedi\u00e1rio.<\/p>\n<\/p><\/div>\n<p><br \/>\n<br \/><a href=\"https:\/\/folhaderibeirao.com.br\/2024\/01\/08\/edital-do-concurso-publico-nacional-unificado-sera-publicado-na-quarta\/\">Source link <\/a><\/p>\n<!-- CONTENT END 1 -->\n","protected":false},"excerpt":{"rendered":"<p>Ser\u00e1 publicado no\u00a0Di\u00e1rio Oficial da Uni\u00e3o\u00a0desta quarta-feira (10) o edital com as regras para o Concurso P\u00fablico Nacional Unificado (CPNU), que selecionar\u00e1 6.640 servidores para&#8230;<\/p>\n","protected":false},"author":1,"featured_media":25876,"comment_status":"open","ping_status":"open","sticky":false,"template":"","format":"standard","meta":{"advanced_seo_description":"","jetpack_seo_html_title":"","jetpack_seo_noindex":false,"jetpack_post_was_ever_published":false,"_jetpack_newsletter_access":"","_jetpack_dont_email_post_to_subs":false,"_jetpack_newsletter_tier_id":0,"_jetpack_memberships_contains_paywalled_content":false,"_jetpack_memberships_contains_paid_content":false,"footnotes":"","jetpack_publicize_message":"","jetpack_publicize_feature_enabled":true,"jetpack_social_post_already_shared":true,"jetpack_social_options":{"image_generator_settings":{"template":"highway","default_image_id":0,"font":"","enabled":false},"version":2}},"categories":[11],"tags":[567,948,753,721,3228,282,1549,26,172,1358],"class_list":["post-25875","post","type-post","status-publish","format-standard","has-post-thumbnail","hentry","category-noticias-de-ribeirao-preto-sp-e-regiao-ismael-colosi","tag-concurso","tag-edital","tag-folha","tag-nacional","tag-publicado","tag-publico","tag-quarta","tag-ribeirao","tag-sera","tag-unificado"],"jetpack_publicize_connections":[],"jetpack_featured_media_url":"https:\/\/i0.wp.com\/noticiasribeiraopreto.com.br\/wp-content\/uploads\/2024\/01\/1704745828_ebc.png?fit=1%2C1&ssl=1","jetpack-related-posts":[{"id":26537,"url":"https:\/\/noticiasribeiraopreto.com.br\/index.php\/2024\/01\/10\/edital-do-enem-dos-concursos-publicos-sera-divulgado-nesta-quarta-ribeirao-recebe-provas\/","url_meta":{"origin":25875,"position":0},"title":"Edital do \u2018Enem dos concursos p\u00fablicos\u2019 ser\u00e1 divulgado nesta quarta; Ribeir\u00e3o recebe provas","author":"noticiasribeiraopreto.com.br","date":"10 de January de 2024","format":false,"excerpt":"O edital do Concurso P\u00fablico Nacional Unificado, o \u201cEnem dos Concursos P\u00fablicos\u201d, ser\u00e1 publicado nesta quarta-feira (10) pelo Governo Federal. A prova ser\u00e1 aplicada em 217 cidades de todo o Brasil, incluindo Ribeir\u00e3o Preto. As inscri\u00e7\u00f5es v\u00e3o come\u00e7ar dia 19 de janeiro e seguem at\u00e9 9 de fevereiro no site\u2026","rel":"","context":"In &quot;Not\u00edcias de Ribeir\u00e3o Preto-SP e Regi\u00e3o&quot;","block_context":{"text":"Not\u00edcias de Ribeir\u00e3o Preto-SP e Regi\u00e3o","link":"https:\/\/noticiasribeiraopreto.com.br\/index.php\/category\/noticias-de-ribeirao-preto-sp-e-regiao-ismael-colosi\/"},"img":{"alt_text":"","src":"https:\/\/i0.wp.com\/noticiasribeiraopreto.com.br\/wp-content\/uploads\/2024\/01\/1704886578_concurso-publico.jpg?fit=1200%2C800&ssl=1&resize=350%2C200","width":350,"height":200,"srcset":"https:\/\/i0.wp.com\/noticiasribeiraopreto.com.br\/wp-content\/uploads\/2024\/01\/1704886578_concurso-publico.jpg?fit=1200%2C800&ssl=1&resize=350%2C200 1x, https:\/\/i0.wp.com\/noticiasribeiraopreto.com.br\/wp-content\/uploads\/2024\/01\/1704886578_concurso-publico.jpg?fit=1200%2C800&ssl=1&resize=525%2C300 1.5x, https:\/\/i0.wp.com\/noticiasribeiraopreto.com.br\/wp-content\/uploads\/2024\/01\/1704886578_concurso-publico.jpg?fit=1200%2C800&ssl=1&resize=700%2C400 2x, https:\/\/i0.wp.com\/noticiasribeiraopreto.com.br\/wp-content\/uploads\/2024\/01\/1704886578_concurso-publico.jpg?fit=1200%2C800&ssl=1&resize=1050%2C600 3x"},"classes":[]},{"id":26459,"url":"https:\/\/noticiasribeiraopreto.com.br\/index.php\/2024\/01\/10\/concurso-unificado-edital-devera-ser-publicado-amanha\/","url_meta":{"origin":25875,"position":1},"title":"Concurso Unificado: edital dever\u00e1 ser publicado amanh\u00e3\u00a0","author":"noticiasribeiraopreto.com.br","date":"10 de January de 2024","format":false,"excerpt":"Ser\u00e1 publicado no Di\u00e1rio Oficial da Uni\u00e3o desta quarta-feira, 10 de janeiro, o edital com as regras para o Concurso P\u00fablico Nacional Unificado (CPNU), que selecionar\u00e1 6.640 servidores para 21 \u00f3rg\u00e3os p\u00fablicos. A previs\u00e3o \u00e9 de que as inscri\u00e7\u00f5es estejam abertas entre os dias 19 de janeiro e 9 de\u2026","rel":"","context":"In &quot;Not\u00edcias de Ribeir\u00e3o Preto-SP e Regi\u00e3o&quot;","block_context":{"text":"Not\u00edcias de Ribeir\u00e3o Preto-SP e Regi\u00e3o","link":"https:\/\/noticiasribeiraopreto.com.br\/index.php\/category\/noticias-de-ribeirao-preto-sp-e-regiao-ismael-colosi\/"},"img":{"alt_text":"","src":"https:\/\/i0.wp.com\/noticiasribeiraopreto.com.br\/wp-content\/uploads\/2024\/01\/1_pzzb0193-24454372.jpg?fit=806%2C443&ssl=1&resize=350%2C200","width":350,"height":200,"srcset":"https:\/\/i0.wp.com\/noticiasribeiraopreto.com.br\/wp-content\/uploads\/2024\/01\/1_pzzb0193-24454372.jpg?fit=806%2C443&ssl=1&resize=350%2C200 1x, https:\/\/i0.wp.com\/noticiasribeiraopreto.com.br\/wp-content\/uploads\/2024\/01\/1_pzzb0193-24454372.jpg?fit=806%2C443&ssl=1&resize=525%2C300 1.5x, https:\/\/i0.wp.com\/noticiasribeiraopreto.com.br\/wp-content\/uploads\/2024\/01\/1_pzzb0193-24454372.jpg?fit=806%2C443&ssl=1&resize=700%2C400 2x"},"classes":[]},{"id":26574,"url":"https:\/\/noticiasribeiraopreto.com.br\/index.php\/2024\/01\/10\/governo-divulga-edital-de-concurso-unificado-nesta-quarta-veja-como-se-inscrever\/","url_meta":{"origin":25875,"position":2},"title":"Governo divulga edital de Concurso Unificado nesta quarta; veja como se inscrever","author":"noticiasribeiraopreto.com.br","date":"10 de January de 2024","format":false,"excerpt":"Da reda\u00e7\u00e3oi Da reda\u00e7\u00e3o 10\/01\/2024 - 10:40 Nesta quarta-feira, 10, o Minist\u00e9rio da Gest\u00e3o e da Inova\u00e7\u00e3o em Servi\u00e7os P\u00fablicos (MGI) vai divulgar os editais do Concurso P\u00fablico Nacional Unificado (CPNU). Os documentos trar\u00e3o informa\u00e7\u00f5es sobre os blocos tem\u00e1ticos, conte\u00fado das provas, crit\u00e9rios de classifica\u00e7\u00e3o e desclassifica\u00e7\u00e3o, validade do certame\u2026","rel":"","context":"In &quot;Vagas de Emprego em Ribeir\u00e3o Preto-SP&quot;","block_context":{"text":"Vagas de Emprego em Ribeir\u00e3o Preto-SP","link":"https:\/\/noticiasribeiraopreto.com.br\/index.php\/category\/empregos-classificados-vagas-trabalho\/vagas-de-empregos-em-ribeirao-preto-regiao-brasil\/"},"img":{"alt_text":"","src":"https:\/\/i0.wp.com\/noticiasribeiraopreto.com.br\/wp-content\/uploads\/2024\/01\/concursos-auditor-fiscal-pixabay.jpeg?fit=880%2C550&ssl=1&resize=350%2C200","width":350,"height":200,"srcset":"https:\/\/i0.wp.com\/noticiasribeiraopreto.com.br\/wp-content\/uploads\/2024\/01\/concursos-auditor-fiscal-pixabay.jpeg?fit=880%2C550&ssl=1&resize=350%2C200 1x, https:\/\/i0.wp.com\/noticiasribeiraopreto.com.br\/wp-content\/uploads\/2024\/01\/concursos-auditor-fiscal-pixabay.jpeg?fit=880%2C550&ssl=1&resize=525%2C300 1.5x, https:\/\/i0.wp.com\/noticiasribeiraopreto.com.br\/wp-content\/uploads\/2024\/01\/concursos-auditor-fiscal-pixabay.jpeg?fit=880%2C550&ssl=1&resize=700%2C400 2x"},"classes":[]},{"id":26816,"url":"https:\/\/noticiasribeiraopreto.com.br\/index.php\/2024\/01\/10\/veja-o-edital-do-concurso-publico-nacional-unificado-sao-66-mil-vagas\/","url_meta":{"origin":25875,"position":3},"title":"Veja o edital do Concurso P\u00fablico Nacional Unificado; S\u00e3o 6,6 mil vagas","author":"noticiasribeiraopreto.com.br","date":"10 de January de 2024","format":false,"excerpt":"O Governo Federal divulgou nesta quarta-feira (10) o edital do Concurso P\u00fablico Nacional Unificado, o Enem dos Concursos \u2013 Veja aqui. As provas ser\u00e3o realizadas no dia 5 de maio em 217 cidades brasileiras, incluindo Ribeir\u00e3o Preto \u2013 veja todas cidades aqui. As inscri\u00e7\u00f5es v\u00e3o come\u00e7ar dia 19 de janeiro\u2026","rel":"","context":"In &quot;Not\u00edcias de Ribeir\u00e3o Preto-SP e Regi\u00e3o&quot;","block_context":{"text":"Not\u00edcias de Ribeir\u00e3o Preto-SP e Regi\u00e3o","link":"https:\/\/noticiasribeiraopreto.com.br\/index.php\/category\/noticias-de-ribeirao-preto-sp-e-regiao-ismael-colosi\/"},"img":{"alt_text":"","src":"https:\/\/i0.wp.com\/noticiasribeiraopreto.com.br\/wp-content\/uploads\/2024\/01\/concurso-publico-nacional-unificado-cesgranrio.jpg?fit=1200%2C798&ssl=1&resize=350%2C200","width":350,"height":200,"srcset":"https:\/\/i0.wp.com\/noticiasribeiraopreto.com.br\/wp-content\/uploads\/2024\/01\/concurso-publico-nacional-unificado-cesgranrio.jpg?fit=1200%2C798&ssl=1&resize=350%2C200 1x, https:\/\/i0.wp.com\/noticiasribeiraopreto.com.br\/wp-content\/uploads\/2024\/01\/concurso-publico-nacional-unificado-cesgranrio.jpg?fit=1200%2C798&ssl=1&resize=525%2C300 1.5x, https:\/\/i0.wp.com\/noticiasribeiraopreto.com.br\/wp-content\/uploads\/2024\/01\/concurso-publico-nacional-unificado-cesgranrio.jpg?fit=1200%2C798&ssl=1&resize=700%2C400 2x, https:\/\/i0.wp.com\/noticiasribeiraopreto.com.br\/wp-content\/uploads\/2024\/01\/concurso-publico-nacional-unificado-cesgranrio.jpg?fit=1200%2C798&ssl=1&resize=1050%2C600 3x"},"classes":[]},{"id":15845,"url":"https:\/\/noticiasribeiraopreto.com.br\/index.php\/2023\/12\/14\/concurso-publico-nacional-unificado-ganha-data-de-prova\/","url_meta":{"origin":25875,"position":4},"title":"Concurso P\u00fablico Nacional Unificado ganha data de prova","author":"noticiasribeiraopreto.com.br","date":"14 de December de 2023","format":false,"excerpt":"O Minist\u00e9rio da Gest\u00e3o e da Inova\u00e7\u00e3o em Servi\u00e7os P\u00fablicos informou nesta quinta-feira (14) que o edital do Concurso P\u00fablico Nacional Unificado, com todas as regras do exame, ser\u00e1 divulgado no dia 10 de janeiro. As inscri\u00e7\u00f5es v\u00e3o come\u00e7ar dia 19 de janeiro e seguem at\u00e9 9 de fevereiro. A\u2026","rel":"","context":"In &quot;Dinheiro e Investimento&quot;","block_context":{"text":"Dinheiro e Investimento","link":"https:\/\/noticiasribeiraopreto.com.br\/index.php\/category\/dinheiro-e-investimento-como-fazer-como-ganhar\/"},"img":{"alt_text":"","src":"https:\/\/i0.wp.com\/noticiasribeiraopreto.com.br\/wp-content\/uploads\/2023\/12\/concursos_abertos-715x402.jpg?fit=715%2C402&ssl=1&resize=350%2C200","width":350,"height":200,"srcset":"https:\/\/i0.wp.com\/noticiasribeiraopreto.com.br\/wp-content\/uploads\/2023\/12\/concursos_abertos-715x402.jpg?fit=715%2C402&ssl=1&resize=350%2C200 1x, https:\/\/i0.wp.com\/noticiasribeiraopreto.com.br\/wp-content\/uploads\/2023\/12\/concursos_abertos-715x402.jpg?fit=715%2C402&ssl=1&resize=525%2C300 1.5x, https:\/\/i0.wp.com\/noticiasribeiraopreto.com.br\/wp-content\/uploads\/2023\/12\/concursos_abertos-715x402.jpg?fit=715%2C402&ssl=1&resize=700%2C400 2x"},"classes":[]},{"id":26766,"url":"https:\/\/noticiasribeiraopreto.com.br\/index.php\/2024\/01\/10\/enem-dos-concursos-o-que-voce-precisa-saber-sobre-o-concurso-publico-nacional-unificado\/","url_meta":{"origin":25875,"position":5},"title":"\u2018Enem dos concursos\u2019: o que voc\u00ea precisa saber sobre o Concurso P\u00fablico Nacional Unificado","author":"noticiasribeiraopreto.com.br","date":"10 de January de 2024","format":false,"excerpt":"O governo detalhou nesta quarta-feira, 10, as regras do Concurso P\u00fablico Nacional Unificado, o chamado \u2018Enem dos concursos\u2019. O edital ser\u00e1 publicado em edi\u00e7\u00e3o extra do Di\u00e1rio Oficial da Uni\u00e3o (DOU). A ministra da Gest\u00e3o e Inova\u00e7\u00e3o em Servi\u00e7os P\u00fablicos, Esther Dweck, realizou uma coletiva para esclarecer alguns pontos.O Concurso\u2026","rel":"","context":"In &quot;Vagas de Emprego em Ribeir\u00e3o Preto-SP&quot;","block_context":{"text":"Vagas de Emprego em Ribeir\u00e3o Preto-SP","link":"https:\/\/noticiasribeiraopreto.com.br\/index.php\/category\/empregos-classificados-vagas-trabalho\/vagas-de-empregos-em-ribeirao-preto-regiao-brasil\/"},"img":{"alt_text":"","src":"https:\/\/i0.wp.com\/noticiasribeiraopreto.com.br\/wp-content\/uploads\/2024\/01\/1704922892_concurso-publico.jpg?fit=883%2C510&ssl=1&resize=350%2C200","width":350,"height":200,"srcset":"https:\/\/i0.wp.com\/noticiasribeiraopreto.com.br\/wp-content\/uploads\/2024\/01\/1704922892_concurso-publico.jpg?fit=883%2C510&ssl=1&resize=350%2C200 1x, https:\/\/i0.wp.com\/noticiasribeiraopreto.com.br\/wp-content\/uploads\/2024\/01\/1704922892_concurso-publico.jpg?fit=883%2C510&ssl=1&resize=525%2C300 1.5x, https:\/\/i0.wp.com\/noticiasribeiraopreto.com.br\/wp-content\/uploads\/2024\/01\/1704922892_concurso-publico.jpg?fit=883%2C510&ssl=1&resize=700%2C400 2x"},"classes":[]}],"jetpack_sharing_enabled":true,"jetpack_shortlink":"https:\/\/wp.me\/peQAOb-6Jl","_links":{"self":[{"href":"https:\/\/noticiasribeiraopreto.com.br\/index.php\/wp-json\/wp\/v2\/posts\/25875","targetHints":{"allow":["GET"]}}],"collection":[{"href":"https:\/\/noticiasribeiraopreto.com.br\/index.php\/wp-json\/wp\/v2\/posts"}],"about":[{"href":"https:\/\/noticiasribeiraopreto.com.br\/index.php\/wp-json\/wp\/v2\/types\/post"}],"author":[{"embeddable":true,"href":"https:\/\/noticiasribeiraopreto.com.br\/index.php\/wp-json\/wp\/v2\/users\/1"}],"replies":[{"embeddable":true,"href":"https:\/\/noticiasribeiraopreto.com.br\/index.php\/wp-json\/wp\/v2\/comments?post=25875"}],"version-history":[{"count":0,"href":"https:\/\/noticiasribeiraopreto.com.br\/index.php\/wp-json\/wp\/v2\/posts\/25875\/revisions"}],"wp:featuredmedia":[{"embeddable":true,"href":"https:\/\/noticiasribeiraopreto.com.br\/index.php\/wp-json\/wp\/v2\/media\/25876"}],"wp:attachment":[{"href":"https:\/\/noticiasribeiraopreto.com.br\/index.php\/wp-json\/wp\/v2\/media?parent=25875"}],"wp:term":[{"taxonomy":"category","embeddable":true,"href":"https:\/\/noticiasribeiraopreto.com.br\/index.php\/wp-json\/wp\/v2\/categories?post=25875"},{"taxonomy":"post_tag","embeddable":true,"href":"https:\/\/noticiasribeiraopreto.com.br\/index.php\/wp-json\/wp\/v2\/tags?post=25875"}],"curies":[{"name":"wp","href":"https:\/\/api.w.org\/{rel}","templated":true}]}}