{"id":25907,"date":"2024-01-08T18:31:54","date_gmt":"2024-01-08T21:31:54","guid":{"rendered":"https:\/\/noticiasribeiraopreto.com.br\/index.php\/2024\/01\/08\/arthur-lira-cancela-presenca-em-ato-para-lembrar-8-de-janeiro\/"},"modified":"2024-01-08T18:31:54","modified_gmt":"2024-01-08T21:31:54","slug":"arthur-lira-cancela-presenca-em-ato-para-lembrar-8-de-janeiro","status":"publish","type":"post","link":"https:\/\/noticiasribeiraopreto.com.br\/index.php\/2024\/01\/08\/arthur-lira-cancela-presenca-em-ato-para-lembrar-8-de-janeiro\/","title":{"rendered":"Arthur Lira cancela presen\u00e7a em ato para lembrar 8 de janeiro \u2013 Folha de Ribeir\u00e3o"},"content":{"rendered":"<div class='code-block code-block-1' style='margin: 8px 0 8px auto; text-align: right; display: block; clear: both;'>\n<p><a href=\"https:\/\/wa.link\/vpicfd\"><img data-recalc-dims=\"1\" class=\"wp-image-4922\" style=\"aspect-ratio: 2.0253164556962027; width: 561px; height: auto;\" src=\"https:\/\/i0.wp.com\/ismaelcolosi.com.br\/wp-content\/uploads\/2023\/11\/grupo-de-empregos-whatsapp-e-facebook-ismael-colosi-vagas.jpg?ssl=1\" alt=\"\" \/><\/a><\/p>\n<!-- \/wp:image -->\n<\/div>\n<p> <br \/>\n<\/p>\n<div>\n<p>O presidente da C\u00e2mara dos Deputados, Arthur Lira (PP-AL), cancelou a participa\u00e7\u00e3o na cerim\u00f4nia marcada para esta segunda-feira (8), no Congresso Nacional, que\u00a0marca o primeiro ano dos atos golpistas de 8 de janeiro. De acordo com a assessoria da C\u00e2mara, o presidente da Casa informou que cancelou a presen\u00e7a devido a um problema de sa\u00fade na fam\u00edlia.\u00a0\u00a0<img data-recalc-dims=\"1\" decoding=\"async\" src=\"https:\/\/i0.wp.com\/agenciabrasil.ebc.com.br\/ebc.gif?ssl=1\"\/><\/p>\n<p>Em uma rede social, Lira comentou sobre a invas\u00e3o das sedes dos Tr\u00eas Poderes, em Bras\u00edlia. De acordo com o deputado, o ataque e depreda\u00e7\u00e3o contra o Planalto, Congresso e Supremo Tribunal Federal (STF) \u201cmerecem ser permanentemente repudiados\u201d.<\/p>\n<blockquote>\n<p>\u201cTodos os respons\u00e1veis devem ser punidos com o rigor da lei, dentro do devido processo legal. A liberdade de manifesta\u00e7\u00e3o e o direito fundamental de protestar jamais podem se converter em viol\u00eancia e destrui\u00e7\u00e3o. Devemos sempre celebrar a democracia e cuidar do futuro de nosso pa\u00eds\u201d, escreveu.<\/p>\n<\/blockquote>\n<p>Lira acrescentou que a C\u00e2mara tem dado exemplo por meio do di\u00e1logo, da busca de consensos e do respeito \u00e0s minorias. O presidente da Casa ainda relembrou os projetos aprovados no \u00faltimo ano, como o arcabou\u00e7o fiscal e a reforma tribut\u00e1ria.<\/p>\n<blockquote>\n<p>\u201cTodos esses avan\u00e7os s\u00e3o a prova viva de que a democracia, exercida por cada um dos tr\u00eas poderes nos termos delimitados pela Constitui\u00e7\u00e3o, \u00e9 o \u00fanico caminho poss\u00edvel para o desenvolvimento, prosperidade, gera\u00e7\u00e3o de emprego e renda e bem estar dos brasileiros e brasileiras\u201d, finalizou.<\/p>\n<\/blockquote>\n<p>Proposto pelo presidente Luiz In\u00e1cio Lula da Silva, o ato pela democracia desta segunda-feira deve contar com a participa\u00e7\u00e3o dos presidentes do Congresso Nacional e STF, al\u00e9m de parlamentares, governadores, representantes da sociedade civil e do Poder Judici\u00e1rio. O Congresso Nacional espera reunir cerca de 500 convidados para a solenidade.<\/p>\n<p>A\u00a0C\u00e2mara dos Deputados inaugurou nesta segunda-feira uma exposi\u00e7\u00e3o\u00a0para marcar a data do 8 de janeiro. A mostra \u00e9 composta por fotos do dia da invas\u00e3o e exposi\u00e7\u00e3o de objetos danificados pelos golpistas que, na tarde daquele domingo, marcharam pela Esplanada dos Minist\u00e9rios pedindo a anula\u00e7\u00e3o da elei\u00e7\u00e3o presidencial de 2022 por meio de um golpe militar.<\/p>\n<\/p><\/div>\n<p><br \/>\n<br \/><a href=\"https:\/\/folhaderibeirao.com.br\/2024\/01\/08\/arthur-lira-cancela-presenca-em-ato-para-lembrar-8-de-janeiro\/\">Source link <\/a><\/p>\n<!-- CONTENT END 1 -->\n","protected":false},"excerpt":{"rendered":"<p>O presidente da C\u00e2mara dos Deputados, Arthur Lira (PP-AL), cancelou a participa\u00e7\u00e3o na cerim\u00f4nia marcada para esta segunda-feira (8), no Congresso Nacional, que\u00a0marca o primeiro&#8230;<\/p>\n","protected":false},"author":1,"featured_media":25908,"comment_status":"open","ping_status":"open","sticky":false,"template":"","format":"standard","meta":{"advanced_seo_description":"","jetpack_seo_html_title":"","jetpack_seo_noindex":false,"jetpack_post_was_ever_published":false,"_jetpack_newsletter_access":"","_jetpack_dont_email_post_to_subs":false,"_jetpack_newsletter_tier_id":0,"_jetpack_memberships_contains_paywalled_content":false,"_jetpack_memberships_contains_paid_content":false,"footnotes":"","jetpack_publicize_message":"","jetpack_publicize_feature_enabled":true,"jetpack_social_post_already_shared":true,"jetpack_social_options":{"image_generator_settings":{"template":"highway","default_image_id":0,"font":"","enabled":false},"version":2}},"categories":[11],"tags":[3233,3235,1057,753,174,3236,3234,71,3051,26],"class_list":["post-25907","post","type-post","status-publish","format-standard","has-post-thumbnail","hentry","category-noticias-de-ribeirao-preto-sp-e-regiao-ismael-colosi","tag-arthur","tag-ato","tag-cancela","tag-folha","tag-janeiro","tag-lembrar","tag-lira","tag-para","tag-presenca","tag-ribeirao"],"jetpack_publicize_connections":[],"jetpack_featured_media_url":"https:\/\/i0.wp.com\/noticiasribeiraopreto.com.br\/wp-content\/uploads\/2024\/01\/1704749516_ebc.png?fit=1%2C1&ssl=1","jetpack-related-posts":[{"id":77594,"url":"https:\/\/noticiasribeiraopreto.com.br\/index.php\/2025\/09\/22\/nove-de-julho-rp-tem-ato-contra-blindagem-e-anistia\/","url_meta":{"origin":25907,"position":0},"title":"Nove de Julho RP tem ato contra blindagem e anistia","author":"noticiasribeiraopreto.com.br","date":"22 de September de 2025","format":false,"excerpt":"Artistas, pol\u00edticos e movimentos sociais de esquerda protestaram em mais de 30 cidades brasileiras, incluindo as capitais e Ribeir\u00e3o Preto, contra a Proposta de Emenda \u00e0 Constitui\u00e7\u00e3o (PEC) da Blindagem e a anistia a condenados pela tentativa de golpe em 8 de janeiro de 2023. Os maiores atos ocorreram em\u2026","rel":"","context":"In &quot;Not\u00edcias de Ribeir\u00e3o Preto-SP e Regi\u00e3o&quot;","block_context":{"text":"Not\u00edcias de Ribeir\u00e3o Preto-SP e Regi\u00e3o","link":"https:\/\/noticiasribeiraopreto.com.br\/index.php\/category\/noticias-de-ribeirao-preto-sp-e-regiao-ismael-colosi\/"},"img":{"alt_text":"","src":"https:\/\/i0.wp.com\/noticiasribeiraopreto.com.br\/wp-content\/uploads\/2025\/09\/protesto-scaled.jpg?fit=1170%2C780&ssl=1&resize=350%2C200","width":350,"height":200,"srcset":"https:\/\/i0.wp.com\/noticiasribeiraopreto.com.br\/wp-content\/uploads\/2025\/09\/protesto-scaled.jpg?fit=1170%2C780&ssl=1&resize=350%2C200 1x, https:\/\/i0.wp.com\/noticiasribeiraopreto.com.br\/wp-content\/uploads\/2025\/09\/protesto-scaled.jpg?fit=1170%2C780&ssl=1&resize=525%2C300 1.5x, https:\/\/i0.wp.com\/noticiasribeiraopreto.com.br\/wp-content\/uploads\/2025\/09\/protesto-scaled.jpg?fit=1170%2C780&ssl=1&resize=700%2C400 2x, https:\/\/i0.wp.com\/noticiasribeiraopreto.com.br\/wp-content\/uploads\/2025\/09\/protesto-scaled.jpg?fit=1170%2C780&ssl=1&resize=1050%2C600 3x"},"classes":[]},{"id":77372,"url":"https:\/\/noticiasribeiraopreto.com.br\/index.php\/2025\/09\/17\/maioria-dos-deputados-da-regiao-votou-para-dificultar-processos-criminais-contra-eles-mesmos\/","url_meta":{"origin":25907,"position":1},"title":"Maioria dos deputados da regi\u00e3o votou para dificultar processos criminais contra eles mesmos","author":"noticiasribeiraopreto.com.br","date":"17 de September de 2025","format":false,"excerpt":"17 de setembro de 2025 14:123 Compartilhar0 A \u2018PEC da Blindagem\u2019, como ficou conhecida, amplia o Foro privilegiado para os deputados e dificulta a instaura\u00e7\u00e3o de processos Dos cinco deputados federais da regi\u00e3o de Ribeir\u00e3o Preto, tr\u00eas votaram a favor da Proposta de Emenda Constitucional (PEC) da Blindagem que quer\u2026","rel":"","context":"In &quot;Not\u00edcias de Ribeir\u00e3o Preto-SP e Regi\u00e3o&quot;","block_context":{"text":"Not\u00edcias de Ribeir\u00e3o Preto-SP e Regi\u00e3o","link":"https:\/\/noticiasribeiraopreto.com.br\/index.php\/category\/noticias-de-ribeirao-preto-sp-e-regiao-ismael-colosi\/"},"img":{"alt_text":"","src":"https:\/\/i0.wp.com\/noticiasribeiraopreto.com.br\/wp-content\/uploads\/2025\/09\/deputados-.jpg?fit=960%2C640&ssl=1&resize=350%2C200","width":350,"height":200,"srcset":"https:\/\/i0.wp.com\/noticiasribeiraopreto.com.br\/wp-content\/uploads\/2025\/09\/deputados-.jpg?fit=960%2C640&ssl=1&resize=350%2C200 1x, https:\/\/i0.wp.com\/noticiasribeiraopreto.com.br\/wp-content\/uploads\/2025\/09\/deputados-.jpg?fit=960%2C640&ssl=1&resize=525%2C300 1.5x, https:\/\/i0.wp.com\/noticiasribeiraopreto.com.br\/wp-content\/uploads\/2025\/09\/deputados-.jpg?fit=960%2C640&ssl=1&resize=700%2C400 2x"},"classes":[]},{"id":27031,"url":"https:\/\/noticiasribeiraopreto.com.br\/index.php\/2024\/01\/11\/lula-afirma-que-perdao-a-golpistas-soaria-como-impunidade\/","url_meta":{"origin":25907,"position":2},"title":"Lula afirma que perd\u00e3o a golpistas soaria como impunidade \u2013 Folha de Ribeir\u00e3o","author":"noticiasribeiraopreto.com.br","date":"11 de January de 2024","format":false,"excerpt":"O presidente Luiz In\u00e1cio Lula da Silva defendeu, nesta segunda-feira (8), uma puni\u00e7\u00e3o exemplar para quem teve qualquer participa\u00e7\u00e3o nos\u00a0atos golpistas de 8 de janeiro do ano passado. Em discurso, Lula afirmou que o perd\u00e3o a essas pessoas \u201csoaria como impunidade\u201d. A declara\u00e7\u00e3o foi dada durante ato em defesa da\u2026","rel":"","context":"In &quot;Not\u00edcias de Ribeir\u00e3o Preto-SP e Regi\u00e3o&quot;","block_context":{"text":"Not\u00edcias de Ribeir\u00e3o Preto-SP e Regi\u00e3o","link":"https:\/\/noticiasribeiraopreto.com.br\/index.php\/category\/noticias-de-ribeirao-preto-sp-e-regiao-ismael-colosi\/"},"img":{"alt_text":"","src":"","width":0,"height":0},"classes":[]},{"id":33337,"url":"https:\/\/noticiasribeiraopreto.com.br\/index.php\/2024\/01\/29\/congresso-retomara-atividade-dia-5-de-fevereiro-com-fake-news-na-mira-do-governo\/","url_meta":{"origin":25907,"position":3},"title":"Congresso retomar\u00e1 atividade dia 5 de fevereiro com fake news na mira do governo","author":"noticiasribeiraopreto.com.br","date":"29 de January de 2024","format":false,"excerpt":"O Congresso Nacional voltar\u00e1 \u00e0s atividades no dia 5 de fevereiro com a possibilidade de retorno da discuss\u00e3o do projeto de lei das Fake News, vista como priorit\u00e1ria ao governo, e a oposi\u00e7\u00e3o querendo ampliar o enfrentamento ao Supremo Tribunal Federal (STF).Quatro Comiss\u00f5es Parlamentares de Inqu\u00e9rito (CPI) \u2013 uma delas,\u2026","rel":"","context":"In &quot;Not\u00edcias de Ribeir\u00e3o Preto-SP e Regi\u00e3o&quot;","block_context":{"text":"Not\u00edcias de Ribeir\u00e3o Preto-SP e Regi\u00e3o","link":"https:\/\/noticiasribeiraopreto.com.br\/index.php\/category\/noticias-de-ribeirao-preto-sp-e-regiao-ismael-colosi\/"},"img":{"alt_text":"","src":"https:\/\/i0.wp.com\/noticiasribeiraopreto.com.br\/wp-content\/uploads\/2024\/01\/plenario-congresso-2.jpg?fit=700%2C450&ssl=1&resize=350%2C200","width":350,"height":200,"srcset":"https:\/\/i0.wp.com\/noticiasribeiraopreto.com.br\/wp-content\/uploads\/2024\/01\/plenario-congresso-2.jpg?fit=700%2C450&ssl=1&resize=350%2C200 1x, https:\/\/i0.wp.com\/noticiasribeiraopreto.com.br\/wp-content\/uploads\/2024\/01\/plenario-congresso-2.jpg?fit=700%2C450&ssl=1&resize=525%2C300 1.5x, https:\/\/i0.wp.com\/noticiasribeiraopreto.com.br\/wp-content\/uploads\/2024\/01\/plenario-congresso-2.jpg?fit=700%2C450&ssl=1&resize=700%2C400 2x"},"classes":[]},{"id":29032,"url":"https:\/\/noticiasribeiraopreto.com.br\/index.php\/2024\/01\/17\/o-impacto-da-desoneracao-haddad-estima-que-renuncia-fiscal-vai-custar-r-32-bilhoes-aos-cofres-publicos\/","url_meta":{"origin":25907,"position":4},"title":"O impacto da desonera\u00e7\u00e3o: Haddad estima que ren\u00fancia fiscal vai custar R$ 32 bilh\u00f5es aos cofres p\u00fablicos","author":"noticiasribeiraopreto.com.br","date":"17 de January de 2024","format":false,"excerpt":"A ren\u00fancia fiscal com a derrubada do veto \u00e0 desonera\u00e7\u00e3o da folha de pagamento e com o Programa Emergencial de Retomada do Setor de Eventos (Perse) deve custar cerca de R$ 32 bilh\u00f5es aos cofres p\u00fablicos neste ano, de acordo com o ministro da Fazenda, Fernando Haddad. Desse total, R$\u2026","rel":"","context":"In &quot;Dinheiro e Investimento&quot;","block_context":{"text":"Dinheiro e Investimento","link":"https:\/\/noticiasribeiraopreto.com.br\/index.php\/category\/dinheiro-e-investimento-como-fazer-como-ganhar\/"},"img":{"alt_text":"","src":"https:\/\/i0.wp.com\/noticiasribeiraopreto.com.br\/wp-content\/uploads\/2024\/01\/Haddad-1-715x402.jpg?fit=715%2C402&ssl=1&resize=350%2C200","width":350,"height":200,"srcset":"https:\/\/i0.wp.com\/noticiasribeiraopreto.com.br\/wp-content\/uploads\/2024\/01\/Haddad-1-715x402.jpg?fit=715%2C402&ssl=1&resize=350%2C200 1x, https:\/\/i0.wp.com\/noticiasribeiraopreto.com.br\/wp-content\/uploads\/2024\/01\/Haddad-1-715x402.jpg?fit=715%2C402&ssl=1&resize=525%2C300 1.5x, https:\/\/i0.wp.com\/noticiasribeiraopreto.com.br\/wp-content\/uploads\/2024\/01\/Haddad-1-715x402.jpg?fit=715%2C402&ssl=1&resize=700%2C400 2x"},"classes":[]},{"id":62960,"url":"https:\/\/noticiasribeiraopreto.com.br\/index.php\/2025\/01\/29\/conheca-os-candidatos-a-presidencia-da-camara-dos-deputados\/","url_meta":{"origin":25907,"position":5},"title":"Conhe\u00e7a os candidatos \u00e0 presid\u00eancia da C\u00e2mara dos Deputados","author":"noticiasribeiraopreto.com.br","date":"29 de January de 2025","format":false,"excerpt":"Acontece neste s\u00e1bado (1\u00ba de fevereiro) a elei\u00e7\u00e3o que definir\u00e1 a Mesa Diretora da C\u00e2mara dos Deputados, em Bras\u00edlia. O principal cargo em disputa \u00e9 o do presidente, que substituir\u00e1 Arthur Lira (PP), ap\u00f3s quatro anos. S\u00e3o os candidatos a presidir \u00e0 C\u00e2mara dos Deputados: Hugo Motta (REP), Marcel Van\u2026","rel":"","context":"In &quot;Not\u00edcias de Ribeir\u00e3o Preto-SP e Regi\u00e3o&quot;","block_context":{"text":"Not\u00edcias de Ribeir\u00e3o Preto-SP e Regi\u00e3o","link":"https:\/\/noticiasribeiraopreto.com.br\/index.php\/category\/noticias-de-ribeirao-preto-sp-e-regiao-ismael-colosi\/"},"img":{"alt_text":"","src":"https:\/\/i0.wp.com\/noticiasribeiraopreto.com.br\/wp-content\/uploads\/2025\/01\/hugo-motta-henrique-vieira-van-hattem_2025-01-29_19-02-05_jpeg_2025-01-29_19-02-05.webp.webp?fit=1200%2C674&ssl=1&resize=350%2C200","width":350,"height":200,"srcset":"https:\/\/i0.wp.com\/noticiasribeiraopreto.com.br\/wp-content\/uploads\/2025\/01\/hugo-motta-henrique-vieira-van-hattem_2025-01-29_19-02-05_jpeg_2025-01-29_19-02-05.webp.webp?fit=1200%2C674&ssl=1&resize=350%2C200 1x, https:\/\/i0.wp.com\/noticiasribeiraopreto.com.br\/wp-content\/uploads\/2025\/01\/hugo-motta-henrique-vieira-van-hattem_2025-01-29_19-02-05_jpeg_2025-01-29_19-02-05.webp.webp?fit=1200%2C674&ssl=1&resize=525%2C300 1.5x, https:\/\/i0.wp.com\/noticiasribeiraopreto.com.br\/wp-content\/uploads\/2025\/01\/hugo-motta-henrique-vieira-van-hattem_2025-01-29_19-02-05_jpeg_2025-01-29_19-02-05.webp.webp?fit=1200%2C674&ssl=1&resize=700%2C400 2x, https:\/\/i0.wp.com\/noticiasribeiraopreto.com.br\/wp-content\/uploads\/2025\/01\/hugo-motta-henrique-vieira-van-hattem_2025-01-29_19-02-05_jpeg_2025-01-29_19-02-05.webp.webp?fit=1200%2C674&ssl=1&resize=1050%2C600 3x"},"classes":[]}],"jetpack_sharing_enabled":true,"jetpack_shortlink":"https:\/\/wp.me\/peQAOb-6JR","_links":{"self":[{"href":"https:\/\/noticiasribeiraopreto.com.br\/index.php\/wp-json\/wp\/v2\/posts\/25907","targetHints":{"allow":["GET"]}}],"collection":[{"href":"https:\/\/noticiasribeiraopreto.com.br\/index.php\/wp-json\/wp\/v2\/posts"}],"about":[{"href":"https:\/\/noticiasribeiraopreto.com.br\/index.php\/wp-json\/wp\/v2\/types\/post"}],"author":[{"embeddable":true,"href":"https:\/\/noticiasribeiraopreto.com.br\/index.php\/wp-json\/wp\/v2\/users\/1"}],"replies":[{"embeddable":true,"href":"https:\/\/noticiasribeiraopreto.com.br\/index.php\/wp-json\/wp\/v2\/comments?post=25907"}],"version-history":[{"count":0,"href":"https:\/\/noticiasribeiraopreto.com.br\/index.php\/wp-json\/wp\/v2\/posts\/25907\/revisions"}],"wp:featuredmedia":[{"embeddable":true,"href":"https:\/\/noticiasribeiraopreto.com.br\/index.php\/wp-json\/wp\/v2\/media\/25908"}],"wp:attachment":[{"href":"https:\/\/noticiasribeiraopreto.com.br\/index.php\/wp-json\/wp\/v2\/media?parent=25907"}],"wp:term":[{"taxonomy":"category","embeddable":true,"href":"https:\/\/noticiasribeiraopreto.com.br\/index.php\/wp-json\/wp\/v2\/categories?post=25907"},{"taxonomy":"post_tag","embeddable":true,"href":"https:\/\/noticiasribeiraopreto.com.br\/index.php\/wp-json\/wp\/v2\/tags?post=25907"}],"curies":[{"name":"wp","href":"https:\/\/api.w.org\/{rel}","templated":true}]}}