{"id":25928,"date":"2024-01-08T19:11:40","date_gmt":"2024-01-08T22:11:40","guid":{"rendered":"https:\/\/noticiasribeiraopreto.com.br\/index.php\/2024\/01\/08\/projeto-oferece-aulas-gratuitas-de-ballet-para-criancas-de-ribeirao-veja-como-participar\/"},"modified":"2024-01-08T19:11:40","modified_gmt":"2024-01-08T22:11:40","slug":"projeto-oferece-aulas-gratuitas-de-ballet-para-criancas-de-ribeirao-veja-como-participar","status":"publish","type":"post","link":"https:\/\/noticiasribeiraopreto.com.br\/index.php\/2024\/01\/08\/projeto-oferece-aulas-gratuitas-de-ballet-para-criancas-de-ribeirao-veja-como-participar\/","title":{"rendered":"Projeto oferece aulas gratuitas de ballet para crian\u00e7as de Ribeir\u00e3o; Veja como participar"},"content":{"rendered":"<div class='code-block code-block-1' style='margin: 8px 0 8px auto; text-align: right; display: block; clear: both;'>\n<p><a href=\"https:\/\/wa.link\/vpicfd\"><img data-recalc-dims=\"1\" class=\"wp-image-4922\" style=\"aspect-ratio: 2.0253164556962027; width: 561px; height: auto;\" src=\"https:\/\/i0.wp.com\/ismaelcolosi.com.br\/wp-content\/uploads\/2023\/11\/grupo-de-empregos-whatsapp-e-facebook-ismael-colosi-vagas.jpg?ssl=1\" alt=\"\" \/><\/a><\/p>\n<!-- \/wp:image -->\n<\/div>\n<p> <br \/>\n<\/p>\n<div data-td-block-uid=\"tdi_104\">\n<div class=\"tdb-block-inner td-fix-index\">\n<p>A <strong>Secretaria da Cultura e Turismo<\/strong> de <strong>Ribeir\u00e3o Preto <\/strong>informou, nesta segunda-feira (8), que est\u00e3o abertas as <strong>inscri\u00e7\u00f5es <\/strong>para as aulas do <strong>Projeto Educa Ballet<\/strong>.<\/p>\n<p>De acordo com a pasta,<strong> meninas e meninos de 5 a 12 anos<\/strong> podem se inscrever para participar das <strong>aulas gratuitas de ballet<\/strong>.<\/p>\n<p><mark style=\"background-color:#fcb900\" class=\"has-inline-color\">As matr\u00edculas devem ser realizadas, nesta <strong>sexta-feira (12)<\/strong>, de forma presencial, na sede da <strong>Associa\u00e7\u00e3o de Jud\u00f4 Corpore Sano<\/strong>, na rua Pinheiro Machado, 1006, no bairro Campos El\u00edseos.<\/mark><\/p>\n<p>\u00c9 necess\u00e1rio levar c\u00f3pia dos documentos do respons\u00e1vel e do aluno (<strong>RG <\/strong>e <strong>CPF<\/strong>). As aulas acontecem duas vezes por semana, durante 12 meses.<\/p>\n<p>\u201cO projeto visa dar oportunidade \u00e0s crian\u00e7as que sonham em dan\u00e7ar ballet, mas n\u00e3o tem condi\u00e7\u00f5es financeiras de pagar uma academia particular\u201d, disse Tadeu Parim Santa Vica, presidente da Associa\u00e7\u00e3o.<\/p>\n<p><strong>Todos os participantes do projeto recebem gratuitamente um kit completo para realiza\u00e7\u00e3o das aulas.<\/strong> O projeto atende cerca de 500 crian\u00e7as e adolescentes, nos projetos de dan\u00e7a, ballet, jud\u00f4 e voleibol.<\/p>\n<p>VEJA TAMB\u00c9M<\/p>\n<p>Quermesse em homenagem ao Dia de S\u00e3o Sebasti\u00e3o acontece em Ribeir\u00e3o; Veja as datas<\/p>\n<p>Fique ligado em tudo que acontece em Ribeir\u00e3o Preto e regi\u00e3o. Siga os perfis do<strong>\u00a0acidade on<\/strong>\u00a0no\u00a0<a href=\"https:\/\/www.instagram.com\/acidadeonribeirao\" target=\"_blank\" rel=\"noreferrer noopener\">Instagram<\/a>\u00a0e no\u00a0<a href=\"https:\/\/www.facebook.com\/acidadeonribeirao\" target=\"_blank\" rel=\"noreferrer noopener\">Facebook<\/a>.<\/p>\n<p>Receba not\u00edcias do\u00a0<strong>acidade on<\/strong>\u00a0no WhatsApp.\u00a0<a href=\"https:\/\/chat.whatsapp.com\/Bnv2w66ZT4VDyZW3oiZ69n\" target=\"_blank\" rel=\"noreferrer noopener\">Para entrar no grupo, basta clicar aqui.<\/a><\/p>\n<p>Fa\u00e7a uma den\u00fancia ou sugira uma reportagem sobre a Ribeir\u00e3o Preto e regi\u00e3o pelo WhatsApp: (16) 99117 7802.<\/p>\n<p>LEIA MAIS<\/p>\n<p><a href=\"https:\/\/www.tudoep.com\/tudo-receitas\/noticias\/NOT,0,0,1869280,file-de-frango-ao-molho-branco-faca-essa-receita-especial.aspx\" target=\"_blank\" rel=\"noreferrer noopener\">Fil\u00e9 de frango ao molho branco: fa\u00e7a essa receita especial<\/a><\/p>\n<p><!-- AI CONTENT END 1 -->\n<\/div>\n<\/div>\n<p><script async src=\"\/\/www.instagram.com\/embed.js\"><\/script><br \/>\n<br \/><br \/>\n<br \/><a href=\"https:\/\/www.acidadeon.com\/ribeiraopreto\/cotidiano\/projeto-oferece-aulas-gratuitas-de-ballet-para-criancas-de-ribeirao-veja-como-participar\/\">Source link <\/a><\/p>\n<!-- CONTENT END 1 -->\n","protected":false},"excerpt":{"rendered":"<p>A Secretaria da Cultura e Turismo de Ribeir\u00e3o Preto informou, nesta segunda-feira (8), que est\u00e3o abertas as inscri\u00e7\u00f5es para as aulas do Projeto Educa Ballet&#8230;.<\/p>\n","protected":false},"author":1,"featured_media":25929,"comment_status":"open","ping_status":"open","sticky":false,"template":"","format":"standard","meta":{"advanced_seo_description":"","jetpack_seo_html_title":"","jetpack_seo_noindex":false,"jetpack_post_was_ever_published":false,"_jetpack_newsletter_access":"","_jetpack_dont_email_post_to_subs":false,"_jetpack_newsletter_tier_id":0,"_jetpack_memberships_contains_paywalled_content":false,"_jetpack_memberships_contains_paid_content":false,"footnotes":"","jetpack_publicize_message":"","jetpack_publicize_feature_enabled":true,"jetpack_social_post_already_shared":true,"jetpack_social_options":{"image_generator_settings":{"template":"highway","default_image_id":0,"font":"","enabled":false},"version":2}},"categories":[11],"tags":[3231,3230,265,1175,211,548,71,467,685,26,48],"class_list":["post-25928","post","type-post","status-publish","format-standard","has-post-thumbnail","hentry","category-noticias-de-ribeirao-preto-sp-e-regiao-ismael-colosi","tag-aulas","tag-ballet","tag-como","tag-criancas","tag-gratuitas","tag-oferece","tag-para","tag-participar","tag-projeto","tag-ribeirao","tag-veja"],"jetpack_publicize_connections":[],"jetpack_featured_media_url":"https:\/\/i0.wp.com\/noticiasribeiraopreto.com.br\/wp-content\/uploads\/2024\/01\/1704751903_educa_ballet_0901_capa.png?fit=1000%2C666&ssl=1","jetpack-related-posts":[{"id":25881,"url":"https:\/\/noticiasribeiraopreto.com.br\/index.php\/2024\/01\/08\/projeto-educa-ballet-abre-inscricoes-para-aulas-gratuitas\/","url_meta":{"origin":25928,"position":0},"title":"Projeto Educa Ballet abre inscri\u00e7\u00f5es para aulas gratuitas","author":"noticiasribeiraopreto.com.br","date":"8 de January de 2024","format":false,"excerpt":"8 de janeiro de 2024 | 17:308 de janeiro de 2024 | 17:23 0Est\u00e3o abertas as inscri\u00e7\u00f5es para as aulas do Projeto Educa Ballet. As aulas s\u00e3o gratuitas e as matr\u00edculas devem ser realizadas de forma presencial, na sede da Associa\u00e7\u00e3o de Jud\u00f4 Corpore Sano, na Rua Pinheiro Machado, 1006.\u2026","rel":"","context":"In &quot;Not\u00edcias de Ribeir\u00e3o Preto-SP e Regi\u00e3o&quot;","block_context":{"text":"Not\u00edcias de Ribeir\u00e3o Preto-SP e Regi\u00e3o","link":"https:\/\/noticiasribeiraopreto.com.br\/index.php\/category\/noticias-de-ribeirao-preto-sp-e-regiao-ismael-colosi\/"},"img":{"alt_text":"","src":"https:\/\/i0.wp.com\/noticiasribeiraopreto.com.br\/wp-content\/uploads\/2024\/01\/educa_ballet_0901_capa.png?fit=968%2C645&ssl=1&resize=350%2C200","width":350,"height":200,"srcset":"https:\/\/i0.wp.com\/noticiasribeiraopreto.com.br\/wp-content\/uploads\/2024\/01\/educa_ballet_0901_capa.png?fit=968%2C645&ssl=1&resize=350%2C200 1x, https:\/\/i0.wp.com\/noticiasribeiraopreto.com.br\/wp-content\/uploads\/2024\/01\/educa_ballet_0901_capa.png?fit=968%2C645&ssl=1&resize=525%2C300 1.5x, https:\/\/i0.wp.com\/noticiasribeiraopreto.com.br\/wp-content\/uploads\/2024\/01\/educa_ballet_0901_capa.png?fit=968%2C645&ssl=1&resize=700%2C400 2x"},"classes":[]},{"id":75179,"url":"https:\/\/noticiasribeiraopreto.com.br\/index.php\/2025\/08\/05\/instituicao-aparecido-savegnago-abre-inscricoes-para-oficina-de-ballet-classico-em-sertaozinho\/","url_meta":{"origin":25928,"position":1},"title":"Institui\u00e7\u00e3o Aparecido Savegnago abre inscri\u00e7\u00f5es para oficina de Ballet Cl\u00e1ssico em Sert\u00e3ozinho","author":"noticiasribeiraopreto.com.br","date":"5 de August de 2025","format":false,"excerpt":"A Institui\u00e7\u00e3o Aparecido Savegnago promove nos dias 8 e 9 de agosto uma oficina de ballet cl\u00e1ssico, em Sert\u00e3ozinho, na regi\u00e3o de Ribeir\u00e3o Preto. As aulas acontecem \u00e0 tarde e da noite, no N\u00facleo de Dan\u00e7a. As inscri\u00e7\u00f5es s\u00e3o gratuitas \u2013 veja como participar abaixo. As oficinas ser\u00e3o ministradas pelo\u2026","rel":"","context":"In &quot;Not\u00edcias de Ribeir\u00e3o Preto-SP e Regi\u00e3o&quot;","block_context":{"text":"Not\u00edcias de Ribeir\u00e3o Preto-SP e Regi\u00e3o","link":"https:\/\/noticiasribeiraopreto.com.br\/index.php\/category\/noticias-de-ribeirao-preto-sp-e-regiao-ismael-colosi\/"},"img":{"alt_text":"","src":"https:\/\/i0.wp.com\/noticiasribeiraopreto.com.br\/wp-content\/uploads\/2025\/08\/ballet_2025-08-05_12-15-20.webp.webp?fit=1200%2C675&ssl=1&resize=350%2C200","width":350,"height":200,"srcset":"https:\/\/i0.wp.com\/noticiasribeiraopreto.com.br\/wp-content\/uploads\/2025\/08\/ballet_2025-08-05_12-15-20.webp.webp?fit=1200%2C675&ssl=1&resize=350%2C200 1x, https:\/\/i0.wp.com\/noticiasribeiraopreto.com.br\/wp-content\/uploads\/2025\/08\/ballet_2025-08-05_12-15-20.webp.webp?fit=1200%2C675&ssl=1&resize=525%2C300 1.5x, https:\/\/i0.wp.com\/noticiasribeiraopreto.com.br\/wp-content\/uploads\/2025\/08\/ballet_2025-08-05_12-15-20.webp.webp?fit=1200%2C675&ssl=1&resize=700%2C400 2x, https:\/\/i0.wp.com\/noticiasribeiraopreto.com.br\/wp-content\/uploads\/2025\/08\/ballet_2025-08-05_12-15-20.webp.webp?fit=1200%2C675&ssl=1&resize=1050%2C600 3x"},"classes":[]},{"id":84861,"url":"https:\/\/noticiasribeiraopreto.com.br\/index.php\/2026\/04\/16\/aulas-de-musica-gratuitas-sao-oferecidas-para-criancas-e-adolescentes-em-ribeirao\/","url_meta":{"origin":25928,"position":2},"title":"Aulas de m\u00fasica gratuitas s\u00e3o oferecidas para crian\u00e7as e adolescentes em Ribeir\u00e3o","author":"noticiasribeiraopreto.com.br","date":"16 de April de 2026","format":false,"excerpt":"Ler o resumo da not\u00edcia \r Projeto Bom de Notas oferece aulas gratuitas de viol\u00e3o e flauta doce para crian\u00e7as de 7 a 14 anos em vulnerabilidade social em Ribeir\u00e3o Preto.\r Iniciativa visa promover desenvolvimento social, educacional e cultural dos participantes, oferecendo tamb\u00e9m materiais, lanches e uniformes.\r Projeto conta com\u2026","rel":"","context":"In &quot;Not\u00edcias de Ribeir\u00e3o Preto-SP e Regi\u00e3o&quot;","block_context":{"text":"Not\u00edcias de Ribeir\u00e3o Preto-SP e Regi\u00e3o","link":"https:\/\/noticiasribeiraopreto.com.br\/index.php\/category\/noticias-de-ribeirao-preto-sp-e-regiao-ismael-colosi\/"},"img":{"alt_text":"","src":"https:\/\/i0.wp.com\/noticiasribeiraopreto.com.br\/wp-content\/uploads\/2026\/04\/palace_2026-04-16_20-46-30.webp.webp?fit=1200%2C675&ssl=1&resize=350%2C200","width":350,"height":200,"srcset":"https:\/\/i0.wp.com\/noticiasribeiraopreto.com.br\/wp-content\/uploads\/2026\/04\/palace_2026-04-16_20-46-30.webp.webp?fit=1200%2C675&ssl=1&resize=350%2C200 1x, https:\/\/i0.wp.com\/noticiasribeiraopreto.com.br\/wp-content\/uploads\/2026\/04\/palace_2026-04-16_20-46-30.webp.webp?fit=1200%2C675&ssl=1&resize=525%2C300 1.5x, https:\/\/i0.wp.com\/noticiasribeiraopreto.com.br\/wp-content\/uploads\/2026\/04\/palace_2026-04-16_20-46-30.webp.webp?fit=1200%2C675&ssl=1&resize=700%2C400 2x, https:\/\/i0.wp.com\/noticiasribeiraopreto.com.br\/wp-content\/uploads\/2026\/04\/palace_2026-04-16_20-46-30.webp.webp?fit=1200%2C675&ssl=1&resize=1050%2C600 3x"},"classes":[]},{"id":74483,"url":"https:\/\/noticiasribeiraopreto.com.br\/index.php\/2025\/07\/23\/grupo-oferece-aulas-de-teatro-gratuitas-para-criancas-e-adolescentes-em-ribeirao-preto-veja-como-participar\/","url_meta":{"origin":25928,"position":3},"title":"Grupo oferece aulas de teatro gratuitas para crian\u00e7as e adolescentes em Ribeir\u00e3o Preto; Veja como participar","author":"noticiasribeiraopreto.com.br","date":"23 de July de 2025","format":false,"excerpt":"O Grupo Teatral ApanelA de Ribeir\u00e3o Preto est\u00e1 com inscri\u00e7\u00f5es abertas para a segunda edi\u00e7\u00e3o do projeto Onde Nascem as Hist\u00f3rias, que oferece aulas gratuitas de teatro para crian\u00e7as e adolescentes da zona norte da cidade. O projeto contempla duas turmas: uma para crian\u00e7as a partir de 7 anos, com\u2026","rel":"","context":"In &quot;Not\u00edcias de Ribeir\u00e3o Preto-SP e Regi\u00e3o&quot;","block_context":{"text":"Not\u00edcias de Ribeir\u00e3o Preto-SP e Regi\u00e3o","link":"https:\/\/noticiasribeiraopreto.com.br\/index.php\/category\/noticias-de-ribeirao-preto-sp-e-regiao-ismael-colosi\/"},"img":{"alt_text":"","src":"https:\/\/i0.wp.com\/noticiasribeiraopreto.com.br\/wp-content\/uploads\/2025\/07\/teatro-ribeirao_2025-07-23_17-41-43.webp.webp?fit=1000%2C666&ssl=1&resize=350%2C200","width":350,"height":200,"srcset":"https:\/\/i0.wp.com\/noticiasribeiraopreto.com.br\/wp-content\/uploads\/2025\/07\/teatro-ribeirao_2025-07-23_17-41-43.webp.webp?fit=1000%2C666&ssl=1&resize=350%2C200 1x, https:\/\/i0.wp.com\/noticiasribeiraopreto.com.br\/wp-content\/uploads\/2025\/07\/teatro-ribeirao_2025-07-23_17-41-43.webp.webp?fit=1000%2C666&ssl=1&resize=525%2C300 1.5x, https:\/\/i0.wp.com\/noticiasribeiraopreto.com.br\/wp-content\/uploads\/2025\/07\/teatro-ribeirao_2025-07-23_17-41-43.webp.webp?fit=1000%2C666&ssl=1&resize=700%2C400 2x"},"classes":[]},{"id":79316,"url":"https:\/\/noticiasribeiraopreto.com.br\/index.php\/2025\/10\/29\/ribeirao-e-regiao-recebem-aulas-gratuitas-de-capoeira-para-criancas-e-adolescentes-saiba-como-participar\/","url_meta":{"origin":25928,"position":4},"title":"Ribeir\u00e3o e regi\u00e3o recebem aulas gratuitas de capoeira para crian\u00e7as e adolescentes; saiba como participar","author":"noticiasribeiraopreto.com.br","date":"29 de October de 2025","format":false,"excerpt":"A 6\u00aa edi\u00e7\u00e3o do Projeto Arte e Ginga oferecer\u00e1 aulas gratuitas de capoeira para as crian\u00e7as e adolescentes de Ribeir\u00e3o Preto, Cajuru e Jardin\u00f3polis. As inscri\u00e7\u00f5es para novos alunos j\u00e1 est\u00e3o dispon\u00edveis. Em Ribeir\u00e3o Preto, as atividades acontecem em dois n\u00facleos: Alvorada e \u00cdris de Luz. Em Cajuru, as aulas\u2026","rel":"","context":"In &quot;Not\u00edcias de Ribeir\u00e3o Preto-SP e Regi\u00e3o&quot;","block_context":{"text":"Not\u00edcias de Ribeir\u00e3o Preto-SP e Regi\u00e3o","link":"https:\/\/noticiasribeiraopreto.com.br\/index.php\/category\/noticias-de-ribeirao-preto-sp-e-regiao-ismael-colosi\/"},"img":{"alt_text":"","src":"https:\/\/i0.wp.com\/noticiasribeiraopreto.com.br\/wp-content\/uploads\/2025\/10\/DIVULGACAO-2_2025-10-29_12-51-19.webp.webp?fit=716%2C482&ssl=1&resize=350%2C200","width":350,"height":200,"srcset":"https:\/\/i0.wp.com\/noticiasribeiraopreto.com.br\/wp-content\/uploads\/2025\/10\/DIVULGACAO-2_2025-10-29_12-51-19.webp.webp?fit=716%2C482&ssl=1&resize=350%2C200 1x, https:\/\/i0.wp.com\/noticiasribeiraopreto.com.br\/wp-content\/uploads\/2025\/10\/DIVULGACAO-2_2025-10-29_12-51-19.webp.webp?fit=716%2C482&ssl=1&resize=525%2C300 1.5x, https:\/\/i0.wp.com\/noticiasribeiraopreto.com.br\/wp-content\/uploads\/2025\/10\/DIVULGACAO-2_2025-10-29_12-51-19.webp.webp?fit=716%2C482&ssl=1&resize=700%2C400 2x"},"classes":[]},{"id":77331,"url":"https:\/\/noticiasribeiraopreto.com.br\/index.php\/2025\/09\/16\/usp-ribeirao-preto-oferece-aulas-gratuitas-de-musica-para-criancas-e-adolescentes\/","url_meta":{"origin":25928,"position":5},"title":"USP Ribeir\u00e3o Preto oferece aulas gratuitas de m\u00fasica para crian\u00e7as e adolescentes","author":"noticiasribeiraopreto.com.br","date":"16 de September de 2025","format":false,"excerpt":"A USP de Ribeir\u00e3o Preto abriu inscri\u00e7\u00f5es para aulas gratuitas de m\u00fasica destinadas a crian\u00e7as e adolescentes \u2013 veja as oportunidades abaixo. Os interessados em participar podem se inscrever de forma online (clique aqui) at\u00e9 \u00e0s 16h da pr\u00f3xima quarta-feira (24). As vagas s\u00e3o limitadas e a sele\u00e7\u00e3o ser\u00e1 por\u2026","rel":"","context":"In &quot;Not\u00edcias de Ribeir\u00e3o Preto-SP e Regi\u00e3o&quot;","block_context":{"text":"Not\u00edcias de Ribeir\u00e3o Preto-SP e Regi\u00e3o","link":"https:\/\/noticiasribeiraopreto.com.br\/index.php\/category\/noticias-de-ribeirao-preto-sp-e-regiao-ismael-colosi\/"},"img":{"alt_text":"","src":"https:\/\/i0.wp.com\/noticiasribeiraopreto.com.br\/wp-content\/uploads\/2025\/07\/violin-standing-sheet-music_2025-01-30_18-26-46_jpg_2025-01-30_18-26-48-1024x683.webp.webp?fit=1024%2C683&ssl=1&resize=350%2C200","width":350,"height":200,"srcset":"https:\/\/i0.wp.com\/noticiasribeiraopreto.com.br\/wp-content\/uploads\/2025\/07\/violin-standing-sheet-music_2025-01-30_18-26-46_jpg_2025-01-30_18-26-48-1024x683.webp.webp?fit=1024%2C683&ssl=1&resize=350%2C200 1x, https:\/\/i0.wp.com\/noticiasribeiraopreto.com.br\/wp-content\/uploads\/2025\/07\/violin-standing-sheet-music_2025-01-30_18-26-46_jpg_2025-01-30_18-26-48-1024x683.webp.webp?fit=1024%2C683&ssl=1&resize=525%2C300 1.5x, https:\/\/i0.wp.com\/noticiasribeiraopreto.com.br\/wp-content\/uploads\/2025\/07\/violin-standing-sheet-music_2025-01-30_18-26-46_jpg_2025-01-30_18-26-48-1024x683.webp.webp?fit=1024%2C683&ssl=1&resize=700%2C400 2x"},"classes":[]}],"jetpack_sharing_enabled":true,"jetpack_shortlink":"https:\/\/wp.me\/peQAOb-6Kc","_links":{"self":[{"href":"https:\/\/noticiasribeiraopreto.com.br\/index.php\/wp-json\/wp\/v2\/posts\/25928","targetHints":{"allow":["GET"]}}],"collection":[{"href":"https:\/\/noticiasribeiraopreto.com.br\/index.php\/wp-json\/wp\/v2\/posts"}],"about":[{"href":"https:\/\/noticiasribeiraopreto.com.br\/index.php\/wp-json\/wp\/v2\/types\/post"}],"author":[{"embeddable":true,"href":"https:\/\/noticiasribeiraopreto.com.br\/index.php\/wp-json\/wp\/v2\/users\/1"}],"replies":[{"embeddable":true,"href":"https:\/\/noticiasribeiraopreto.com.br\/index.php\/wp-json\/wp\/v2\/comments?post=25928"}],"version-history":[{"count":0,"href":"https:\/\/noticiasribeiraopreto.com.br\/index.php\/wp-json\/wp\/v2\/posts\/25928\/revisions"}],"wp:featuredmedia":[{"embeddable":true,"href":"https:\/\/noticiasribeiraopreto.com.br\/index.php\/wp-json\/wp\/v2\/media\/25929"}],"wp:attachment":[{"href":"https:\/\/noticiasribeiraopreto.com.br\/index.php\/wp-json\/wp\/v2\/media?parent=25928"}],"wp:term":[{"taxonomy":"category","embeddable":true,"href":"https:\/\/noticiasribeiraopreto.com.br\/index.php\/wp-json\/wp\/v2\/categories?post=25928"},{"taxonomy":"post_tag","embeddable":true,"href":"https:\/\/noticiasribeiraopreto.com.br\/index.php\/wp-json\/wp\/v2\/tags?post=25928"}],"curies":[{"name":"wp","href":"https:\/\/api.w.org\/{rel}","templated":true}]}}