{"id":25968,"date":"2024-01-08T20:59:05","date_gmt":"2024-01-08T23:59:05","guid":{"rendered":"https:\/\/noticiasribeiraopreto.com.br\/index.php\/2024\/01\/08\/xanddy-aparece-em-clima-descontraido-com-namorada-da-filha-apos-familia-ser-alvo-de-boatos\/"},"modified":"2024-01-08T20:59:05","modified_gmt":"2024-01-08T23:59:05","slug":"xanddy-aparece-em-clima-descontraido-com-namorada-da-filha-apos-familia-ser-alvo-de-boatos","status":"publish","type":"post","link":"https:\/\/noticiasribeiraopreto.com.br\/index.php\/2024\/01\/08\/xanddy-aparece-em-clima-descontraido-com-namorada-da-filha-apos-familia-ser-alvo-de-boatos\/","title":{"rendered":"Xanddy aparece em clima descontra\u00eddo com namorada da filha ap\u00f3s fam\u00edlia ser alvo de boatos"},"content":{"rendered":"<div class='code-block code-block-1' style='margin: 8px 0 8px auto; text-align: right; display: block; clear: both;'>\n<p><a href=\"https:\/\/wa.link\/vpicfd\"><img data-recalc-dims=\"1\" class=\"wp-image-4922\" style=\"aspect-ratio: 2.0253164556962027; width: 561px; height: auto;\" src=\"https:\/\/i0.wp.com\/ismaelcolosi.com.br\/wp-content\/uploads\/2023\/11\/grupo-de-empregos-whatsapp-e-facebook-ismael-colosi-vagas.jpg?ssl=1\" alt=\"\" \/><\/a><\/p>\n<!-- \/wp:image -->\n<\/div>\n<p> <br \/>\n<\/p>\n<div itemprop=\"text\">\n<p>Ao longo do ano passado, Camilly Vict\u00f3ria, filha de Xanddy e Carla Perez, foi alvo de uma s\u00e9rie de boatos. A fam\u00edlia toda foi alvo de uma s\u00e9rie de not\u00edcias falsas que tinham a orienta\u00e7\u00e3o sexual da jovem como ponto de partida.<\/p>\n<p>Isso porque Camilly estava se relacionando com uma jovem, posteriormente identificada como Daze, e o romance estava sendo mantido longe dos holofotes. Rapidamente, surgiu a hist\u00f3ria de que Xanddy e Carla Perez n\u00e3o estariam de acordo com o romance.<\/p>\n<p>Acontece que tudo foi desmentido. O pr\u00f3prio cantor postou um longo v\u00eddeo, onde negava que estivesse brigado com a filha por qualquer motivo e refor\u00e7ava que ambos os filhos est\u00e3o crescendo, se tornando adultos e donos das pr\u00f3prias vidas.<\/p>\n<p>Ainda assim, a especula\u00e7\u00e3o de que o cantor n\u00e3o estaria satisfeito com o romance da filha ainda persistiu. N\u00e3o \u00e0 toa, o caso voltou a ser not\u00edcia depois que Xanddy e Daze apareceram nas redes sociais em clima descontra\u00eddo.<\/p>\n<p><img data-recalc-dims=\"1\" decoding=\"async\" src=\"https:\/\/i0.wp.com\/fnmais.com\/wp-content\/uploads\/2024\/01\/postiimg-659c895c30cc17077.jpg?ssl=1\" alt=\"\"\/><\/p>\n<p>Quem postou a foto foi a pr\u00f3pria Daze, que comemorava 24 anos e apareceu ao lado de familiares, Camilly e a fam\u00edlia da brasileira. Na imagem, Daze aparece sorridente ao lado de Xanddy, que posa de forma divertida.<\/p>\n<p>Ambos, Xanddy e Carla, j\u00e1 deram demonstra\u00e7\u00f5es de que n\u00e3o est\u00e3o preocupados com o relacionamento da filha. Al\u00e9m de Camilly, os dois tamb\u00e9m s\u00e3o pais de Victor Alexandre, de 21 anos, que chama a aten\u00e7\u00e3o nas redes sociais.<\/p>\n<\/div>\n<p><br \/>\n<br \/><a href=\"https:\/\/fnmais.com\/xanddy-aparece-em-clima-descontraido-com-namorada-filha-apos-familia-ser-alvo-boatos\/\">Source link <\/a><\/p>\n<!-- CONTENT END 1 -->\n","protected":false},"excerpt":{"rendered":"<p>Ao longo do ano passado, Camilly Vict\u00f3ria, filha de Xanddy e Carla Perez, foi alvo de uma s\u00e9rie de boatos. A fam\u00edlia toda foi alvo&#8230;<\/p>\n","protected":false},"author":1,"featured_media":25969,"comment_status":"open","ping_status":"open","sticky":false,"template":"","format":"standard","meta":{"advanced_seo_description":"","jetpack_seo_html_title":"","jetpack_seo_noindex":false,"jetpack_post_was_ever_published":false,"_jetpack_newsletter_access":"","_jetpack_dont_email_post_to_subs":false,"_jetpack_newsletter_tier_id":0,"_jetpack_memberships_contains_paywalled_content":false,"_jetpack_memberships_contains_paid_content":false,"footnotes":"","jetpack_publicize_message":"","jetpack_publicize_feature_enabled":true,"jetpack_social_post_already_shared":true,"jetpack_social_options":{"image_generator_settings":{"template":"highway","default_image_id":0,"font":"","enabled":false},"version":2}},"categories":[1],"tags":[],"class_list":["post-25968","post","type-post","status-publish","format-standard","has-post-thumbnail","hentry","category-blog"],"jetpack_publicize_connections":[],"jetpack_featured_media_url":"https:\/\/i0.wp.com\/noticiasribeiraopreto.com.br\/wp-content\/uploads\/2024\/01\/postimg-659c895d3d8e79729.jpg?fit=1200%2C628&ssl=1","jetpack-related-posts":[{"id":26008,"url":"https:\/\/noticiasribeiraopreto.com.br\/index.php\/2024\/01\/08\/aos-46-anos-carla-perez-publica-nova-foto-e-deixa-fas-empolgados-vem-um-bebe-ai\/","url_meta":{"origin":25968,"position":0},"title":"Aos 46 anos, Carla Perez publica nova foto e deixa f\u00e3s empolgados: &#8216;Vem um beb\u00ea a\u00ed?&#8217;","author":"noticiasribeiraopreto.com.br","date":"8 de January de 2024","format":false,"excerpt":"Aos 46 anos de idade, a renomada dan\u00e7arina Carla Perez gerou especula\u00e7\u00f5es sobre uma poss\u00edvel gravidez ao compartilhar uma foto ao lado de seu marido, Xanddy, durante a virada do ano.Na imagem que chamou aten\u00e7\u00e3o dos f\u00e3s, o cantor apareceu com a m\u00e3o na barriga dela, o que levou questionamentos\u2026","rel":"","context":"In &quot;Blog&quot;","block_context":{"text":"Blog","link":"https:\/\/noticiasribeiraopreto.com.br\/index.php\/category\/blog\/"},"img":{"alt_text":"","src":"https:\/\/i0.wp.com\/noticiasribeiraopreto.com.br\/wp-content\/uploads\/2024\/01\/postimg-659c9387155509830.jpg?fit=1200%2C628&ssl=1&resize=350%2C200","width":350,"height":200,"srcset":"https:\/\/i0.wp.com\/noticiasribeiraopreto.com.br\/wp-content\/uploads\/2024\/01\/postimg-659c9387155509830.jpg?fit=1200%2C628&ssl=1&resize=350%2C200 1x, https:\/\/i0.wp.com\/noticiasribeiraopreto.com.br\/wp-content\/uploads\/2024\/01\/postimg-659c9387155509830.jpg?fit=1200%2C628&ssl=1&resize=525%2C300 1.5x, https:\/\/i0.wp.com\/noticiasribeiraopreto.com.br\/wp-content\/uploads\/2024\/01\/postimg-659c9387155509830.jpg?fit=1200%2C628&ssl=1&resize=700%2C400 2x, https:\/\/i0.wp.com\/noticiasribeiraopreto.com.br\/wp-content\/uploads\/2024\/01\/postimg-659c9387155509830.jpg?fit=1200%2C628&ssl=1&resize=1050%2C600 3x"},"classes":[]},{"id":10146,"url":"https:\/\/noticiasribeiraopreto.com.br\/index.php\/2023\/12\/03\/mae-e-filha-perdem-a-vida-apos-acidente-provocado-por-jovem-embriagado-de-22-anos\/","url_meta":{"origin":25968,"position":1},"title":"M\u00e3e e filha perdem a vida ap\u00f3s acidente provocado por jovem embriagado de 22 anos","author":"noticiasribeiraopreto.com.br","date":"3 de December de 2023","format":false,"excerpt":"Na BR-277, na regi\u00e3o de Medianeira, no Paran\u00e1, uma m\u00e3e e sua filha, de 27 anos e 12 anos de idade, morreram ap\u00f3s terem sofrido com um grave acidente de tr\u00e2nsito.De acordo com informa\u00e7\u00f5es fornecidas pela PRF (Pol\u00edcia Rodovi\u00e1ria Federal), o motorista da caminhonete estava embriagado, assim causando todo o\u2026","rel":"","context":"In &quot;Blog&quot;","block_context":{"text":"Blog","link":"https:\/\/noticiasribeiraopreto.com.br\/index.php\/category\/blog\/"},"img":{"alt_text":"","src":"https:\/\/i0.wp.com\/noticiasribeiraopreto.com.br\/wp-content\/uploads\/2023\/12\/postimg-656d1cf2745ec2858.jpg?fit=1200%2C628&ssl=1&resize=350%2C200","width":350,"height":200,"srcset":"https:\/\/i0.wp.com\/noticiasribeiraopreto.com.br\/wp-content\/uploads\/2023\/12\/postimg-656d1cf2745ec2858.jpg?fit=1200%2C628&ssl=1&resize=350%2C200 1x, https:\/\/i0.wp.com\/noticiasribeiraopreto.com.br\/wp-content\/uploads\/2023\/12\/postimg-656d1cf2745ec2858.jpg?fit=1200%2C628&ssl=1&resize=525%2C300 1.5x, https:\/\/i0.wp.com\/noticiasribeiraopreto.com.br\/wp-content\/uploads\/2023\/12\/postimg-656d1cf2745ec2858.jpg?fit=1200%2C628&ssl=1&resize=700%2C400 2x, https:\/\/i0.wp.com\/noticiasribeiraopreto.com.br\/wp-content\/uploads\/2023\/12\/postimg-656d1cf2745ec2858.jpg?fit=1200%2C628&ssl=1&resize=1050%2C600 3x"},"classes":[]},{"id":46908,"url":"https:\/\/noticiasribeiraopreto.com.br\/index.php\/2024\/04\/15\/sertanejo-famoso-acusa-filha-de-extorsao-bo-foi-registrado-em-ribeirao-preto\/","url_meta":{"origin":25968,"position":2},"title":"Sertanejo famoso acusa filha de extors\u00e3o; BO foi registrado em Ribeir\u00e3o Preto","author":"noticiasribeiraopreto.com.br","date":"15 de April de 2024","format":false,"excerpt":"O cantor Arlindo Cassoli, da famosa dupla sertaneja Louren\u00e7o e Lourival, registrou um BO (boletim de ocorr\u00eancia) por extors\u00e3o contra uma filha que o teria amea\u00e7ado para que ele desse dinheiro para ela. O registro foi realizado no \u00faltimo s\u00e1bado (13) na CPJ (Central de Pol\u00edcia Judici\u00e1ria) de Ribeir\u00e3o Preto.\u2026","rel":"","context":"In &quot;Not\u00edcias de Ribeir\u00e3o Preto-SP e Regi\u00e3o&quot;","block_context":{"text":"Not\u00edcias de Ribeir\u00e3o Preto-SP e Regi\u00e3o","link":"https:\/\/noticiasribeiraopreto.com.br\/index.php\/category\/noticias-de-ribeirao-preto-sp-e-regiao-ismael-colosi\/"},"img":{"alt_text":"","src":"https:\/\/i0.wp.com\/noticiasribeiraopreto.com.br\/wp-content\/uploads\/2024\/04\/AnyConv.com__arlindo-lourenco.webp.webp?fit=1200%2C675&ssl=1&resize=350%2C200","width":350,"height":200,"srcset":"https:\/\/i0.wp.com\/noticiasribeiraopreto.com.br\/wp-content\/uploads\/2024\/04\/AnyConv.com__arlindo-lourenco.webp.webp?fit=1200%2C675&ssl=1&resize=350%2C200 1x, https:\/\/i0.wp.com\/noticiasribeiraopreto.com.br\/wp-content\/uploads\/2024\/04\/AnyConv.com__arlindo-lourenco.webp.webp?fit=1200%2C675&ssl=1&resize=525%2C300 1.5x, https:\/\/i0.wp.com\/noticiasribeiraopreto.com.br\/wp-content\/uploads\/2024\/04\/AnyConv.com__arlindo-lourenco.webp.webp?fit=1200%2C675&ssl=1&resize=700%2C400 2x, https:\/\/i0.wp.com\/noticiasribeiraopreto.com.br\/wp-content\/uploads\/2024\/04\/AnyConv.com__arlindo-lourenco.webp.webp?fit=1200%2C675&ssl=1&resize=1050%2C600 3x"},"classes":[]},{"id":24993,"url":"https:\/\/noticiasribeiraopreto.com.br\/index.php\/2024\/01\/05\/confusao-por-quadra-de-areia-termina-na-delegacia-pai-foi-agredido-ao-tentar-defender-a-filha\/","url_meta":{"origin":25968,"position":3},"title":"Confus\u00e3o por quadra de areia termina na delegacia; pai foi agredido ao tentar defender a filha","author":"noticiasribeiraopreto.com.br","date":"5 de January de 2024","format":false,"excerpt":"Uma briga pelo uso de uma quadra de tenis virou caso de pol\u00edcia em Florian\u00f3polis. A ocorr\u00eancia foi registrada na \u00faltima quarta-feira (03\/01), envolvendo uma fam\u00edlia e um grupo de jogadores de beach tennis.Segundo informa\u00e7\u00f5es da fam\u00edlia, ouvida pelo NSC Total, tudo come\u00e7ou quando o grupo chegou ao local e\u2026","rel":"","context":"In &quot;Blog&quot;","block_context":{"text":"Blog","link":"https:\/\/noticiasribeiraopreto.com.br\/index.php\/category\/blog\/"},"img":{"alt_text":"","src":"https:\/\/i0.wp.com\/noticiasribeiraopreto.com.br\/wp-content\/uploads\/2024\/01\/postimg-65984b6b86ba96381.jpg?fit=1200%2C628&ssl=1&resize=350%2C200","width":350,"height":200,"srcset":"https:\/\/i0.wp.com\/noticiasribeiraopreto.com.br\/wp-content\/uploads\/2024\/01\/postimg-65984b6b86ba96381.jpg?fit=1200%2C628&ssl=1&resize=350%2C200 1x, https:\/\/i0.wp.com\/noticiasribeiraopreto.com.br\/wp-content\/uploads\/2024\/01\/postimg-65984b6b86ba96381.jpg?fit=1200%2C628&ssl=1&resize=525%2C300 1.5x, https:\/\/i0.wp.com\/noticiasribeiraopreto.com.br\/wp-content\/uploads\/2024\/01\/postimg-65984b6b86ba96381.jpg?fit=1200%2C628&ssl=1&resize=700%2C400 2x, https:\/\/i0.wp.com\/noticiasribeiraopreto.com.br\/wp-content\/uploads\/2024\/01\/postimg-65984b6b86ba96381.jpg?fit=1200%2C628&ssl=1&resize=1050%2C600 3x"},"classes":[]},{"id":10780,"url":"https:\/\/noticiasribeiraopreto.com.br\/index.php\/2023\/12\/05\/filha-de-zeze-di-camargo-abre-o-jogo-sobre-treta-da-familia-e-explica-como-esta-relacao-com-o-pai-agora\/","url_meta":{"origin":25968,"position":4},"title":"Filha de Zez\u00e9 Di Camargo abre o jogo sobre treta da fam\u00edlia e explica como esta rela\u00e7\u00e3o com o pai agora","author":"noticiasribeiraopreto.com.br","date":"5 de December de 2023","format":false,"excerpt":"Na \u00faltima segunda-feira (04\/11), o nome de Zez\u00e9 di Camargo voltou a chamar a aten\u00e7\u00e3o nas redes sociais. Isso porque uma de suas filhas, Camilla Camargo, falou sobre a situa\u00e7\u00e3o da fam\u00edlia.Camilla costuma ser discreta em seu cotidiano, a exemplo dos irm\u00e3os, mas acabou respondendo algumas perguntas. Evitando detalhes mais\u2026","rel":"","context":"In &quot;Blog&quot;","block_context":{"text":"Blog","link":"https:\/\/noticiasribeiraopreto.com.br\/index.php\/category\/blog\/"},"img":{"alt_text":"","src":"https:\/\/i0.wp.com\/noticiasribeiraopreto.com.br\/wp-content\/uploads\/2023\/12\/postimg-656ea56e2bb1a8731.jpg?fit=1200%2C628&ssl=1&resize=350%2C200","width":350,"height":200,"srcset":"https:\/\/i0.wp.com\/noticiasribeiraopreto.com.br\/wp-content\/uploads\/2023\/12\/postimg-656ea56e2bb1a8731.jpg?fit=1200%2C628&ssl=1&resize=350%2C200 1x, https:\/\/i0.wp.com\/noticiasribeiraopreto.com.br\/wp-content\/uploads\/2023\/12\/postimg-656ea56e2bb1a8731.jpg?fit=1200%2C628&ssl=1&resize=525%2C300 1.5x, https:\/\/i0.wp.com\/noticiasribeiraopreto.com.br\/wp-content\/uploads\/2023\/12\/postimg-656ea56e2bb1a8731.jpg?fit=1200%2C628&ssl=1&resize=700%2C400 2x, https:\/\/i0.wp.com\/noticiasribeiraopreto.com.br\/wp-content\/uploads\/2023\/12\/postimg-656ea56e2bb1a8731.jpg?fit=1200%2C628&ssl=1&resize=1050%2C600 3x"},"classes":[]},{"id":20218,"url":"https:\/\/noticiasribeiraopreto.com.br\/index.php\/2023\/12\/24\/pai-mae-e-namorado-da-filha-morrem-em-acidente-na-br-101-a-caminho-da-bahia-vitimas-sao-identificadas\/","url_meta":{"origin":25968,"position":5},"title":"Pai, m\u00e3e e namorado da filha morrem em acidente na BR-101 a caminho da Bahia; v\u00edtimas s\u00e3o identificadas","author":"noticiasribeiraopreto.com.br","date":"24 de December de 2023","format":false,"excerpt":"Tr\u00eas pessoas acabaram perdendo a vida nesta fim de semana ap\u00f3s serem v\u00edtimas de um grave acidente de tr\u00e2nsito. O fato ocorreu no Km 55 da BR 101, que fica em Concei\u00e7\u00e3o da Barra, no Norte do Esp\u00edrito Santo.O acidente foi registrado por volta das 20h15 do \u00faltimo s\u00e1bado (23\/12)\u2026","rel":"","context":"In &quot;Blog&quot;","block_context":{"text":"Blog","link":"https:\/\/noticiasribeiraopreto.com.br\/index.php\/category\/blog\/"},"img":{"alt_text":"","src":"https:\/\/i0.wp.com\/noticiasribeiraopreto.com.br\/wp-content\/uploads\/2023\/12\/postimg-65886faa2606a5047.jpg?fit=1200%2C628&ssl=1&resize=350%2C200","width":350,"height":200,"srcset":"https:\/\/i0.wp.com\/noticiasribeiraopreto.com.br\/wp-content\/uploads\/2023\/12\/postimg-65886faa2606a5047.jpg?fit=1200%2C628&ssl=1&resize=350%2C200 1x, https:\/\/i0.wp.com\/noticiasribeiraopreto.com.br\/wp-content\/uploads\/2023\/12\/postimg-65886faa2606a5047.jpg?fit=1200%2C628&ssl=1&resize=525%2C300 1.5x, https:\/\/i0.wp.com\/noticiasribeiraopreto.com.br\/wp-content\/uploads\/2023\/12\/postimg-65886faa2606a5047.jpg?fit=1200%2C628&ssl=1&resize=700%2C400 2x, https:\/\/i0.wp.com\/noticiasribeiraopreto.com.br\/wp-content\/uploads\/2023\/12\/postimg-65886faa2606a5047.jpg?fit=1200%2C628&ssl=1&resize=1050%2C600 3x"},"classes":[]}],"jetpack_sharing_enabled":true,"jetpack_shortlink":"https:\/\/wp.me\/peQAOb-6KQ","_links":{"self":[{"href":"https:\/\/noticiasribeiraopreto.com.br\/index.php\/wp-json\/wp\/v2\/posts\/25968","targetHints":{"allow":["GET"]}}],"collection":[{"href":"https:\/\/noticiasribeiraopreto.com.br\/index.php\/wp-json\/wp\/v2\/posts"}],"about":[{"href":"https:\/\/noticiasribeiraopreto.com.br\/index.php\/wp-json\/wp\/v2\/types\/post"}],"author":[{"embeddable":true,"href":"https:\/\/noticiasribeiraopreto.com.br\/index.php\/wp-json\/wp\/v2\/users\/1"}],"replies":[{"embeddable":true,"href":"https:\/\/noticiasribeiraopreto.com.br\/index.php\/wp-json\/wp\/v2\/comments?post=25968"}],"version-history":[{"count":0,"href":"https:\/\/noticiasribeiraopreto.com.br\/index.php\/wp-json\/wp\/v2\/posts\/25968\/revisions"}],"wp:featuredmedia":[{"embeddable":true,"href":"https:\/\/noticiasribeiraopreto.com.br\/index.php\/wp-json\/wp\/v2\/media\/25969"}],"wp:attachment":[{"href":"https:\/\/noticiasribeiraopreto.com.br\/index.php\/wp-json\/wp\/v2\/media?parent=25968"}],"wp:term":[{"taxonomy":"category","embeddable":true,"href":"https:\/\/noticiasribeiraopreto.com.br\/index.php\/wp-json\/wp\/v2\/categories?post=25968"},{"taxonomy":"post_tag","embeddable":true,"href":"https:\/\/noticiasribeiraopreto.com.br\/index.php\/wp-json\/wp\/v2\/tags?post=25968"}],"curies":[{"name":"wp","href":"https:\/\/api.w.org\/{rel}","templated":true}]}}