{"id":25976,"date":"2024-01-08T21:18:09","date_gmt":"2024-01-09T00:18:09","guid":{"rendered":"https:\/\/noticiasribeiraopreto.com.br\/index.php\/2024\/01\/08\/por-motivo-banal-tio-tira-a-vida-do-proprio-sobrinho-e-acaba-preso-delegado-falou-sobre-o-caso\/"},"modified":"2024-01-08T21:18:09","modified_gmt":"2024-01-09T00:18:09","slug":"por-motivo-banal-tio-tira-a-vida-do-proprio-sobrinho-e-acaba-preso-delegado-falou-sobre-o-caso","status":"publish","type":"post","link":"https:\/\/noticiasribeiraopreto.com.br\/index.php\/2024\/01\/08\/por-motivo-banal-tio-tira-a-vida-do-proprio-sobrinho-e-acaba-preso-delegado-falou-sobre-o-caso\/","title":{"rendered":"Por motivo banal, tio tira a vida do pr\u00f3prio sobrinho e acaba preso; delegado falou sobre o caso"},"content":{"rendered":"<div class='code-block code-block-1' style='margin: 8px 0 8px auto; text-align: right; display: block; clear: both;'>\n<p><a href=\"https:\/\/wa.link\/vpicfd\"><img data-recalc-dims=\"1\" class=\"wp-image-4922\" style=\"aspect-ratio: 2.0253164556962027; width: 561px; height: auto;\" src=\"https:\/\/i0.wp.com\/ismaelcolosi.com.br\/wp-content\/uploads\/2023\/11\/grupo-de-empregos-whatsapp-e-facebook-ismael-colosi-vagas.jpg?ssl=1\" alt=\"\" \/><\/a><\/p>\n<!-- \/wp:image -->\n<\/div>\n<p> <br \/>\n<\/p>\n<div itemprop=\"text\">\n<p>Brigas envolvendo fam\u00edlias s\u00e3o comuns, apesar de estarem longe do ideal. Muitas vezes, membros de uma mesma fam\u00edlia podem se desentender e esse desentendimento se transformar em uma verdadeira bola de neve.<\/p>\n<p>Toda fam\u00edlia tem um parente mais brig\u00e3o, outro mais conciliador. Toda fam\u00edlia tem n\u00facleos que n\u00e3o interagem entre si por causa de brigas que aconteceram anos atr\u00e1s, e das quais muitas vezes nem se lembram.<\/p>\n<p>De certa forma, nesse sentido, brigas envolvendo fam\u00edlias s\u00e3o comuns. No entanto, alguns casos se tornam caso de pol\u00edcia por envolver a\u00e7\u00f5es completamente inaceit\u00e1veis e violentas, como o que aconteceu na Para\u00edba.<\/p>\n<p>Segundo informa\u00e7\u00f5es sobre o caso, um homem foi preso acusado de tirar a vida do pr\u00f3prio sobrinho. O motivo da briga \u00e9 ainda mais chocante, j\u00e1 que o desentendimento teria come\u00e7ado por causa de um wi-fi.<\/p>\n<p>O caso aconteceu no munic\u00edpio de Mamanguape (PB) e, segundo as informa\u00e7\u00f5es, o homem tem um hist\u00f3rico de abuso de drogas e foi descrito como uma pessoa \u201cfria\u201d. O homem ainda responde a um inqu\u00e9rito por outro crime.<\/p>\n<p>A discuss\u00e3o teria come\u00e7ado por causa do wi-fi onde estava a fam\u00edlia. \u00a0Jo\u00e3o Victor Gon\u00e7alves da Silva foi atingido com um golpe no pesco\u00e7o. Antoniel Gon\u00e7alves da Silva ainda conseguiu fugir.<\/p>\n<p>O delegado a frente do caso explicou que al\u00e9m de responder por homic\u00eddio, Antoniel tamb\u00e9m deve ser investigado por tentativa de homic\u00eddio, j\u00e1 que teria tentado matar o irm\u00e3o de Jo\u00e3o Victor anteriormente.<\/p>\n<p>\u201c<b>Al\u00e9m do homic\u00eddio investigado, a pol\u00edcia tomou conhecimento de uma tentativa de homic\u00eddio contra o irm\u00e3o da v\u00edtima, o que resultou na abertura de um segundo inqu\u00e9rito<\/b>\u201d, disse.<\/p>\n<\/div>\n<p><br \/>\n<br \/><a href=\"https:\/\/fnmais.com\/por-motivo-banal-tio-tira-vida-proprio-sobrinho-acaba-preso-delegado-falou-sobre-caso\/\">Source link <\/a><\/p>\n<!-- CONTENT END 1 -->\n","protected":false},"excerpt":{"rendered":"<p>Brigas envolvendo fam\u00edlias s\u00e3o comuns, apesar de estarem longe do ideal. Muitas vezes, membros de uma mesma fam\u00edlia podem se desentender e esse desentendimento se&#8230;<\/p>\n","protected":false},"author":1,"featured_media":25977,"comment_status":"open","ping_status":"open","sticky":false,"template":"","format":"standard","meta":{"advanced_seo_description":"","jetpack_seo_html_title":"","jetpack_seo_noindex":false,"jetpack_post_was_ever_published":false,"_jetpack_newsletter_access":"","_jetpack_dont_email_post_to_subs":false,"_jetpack_newsletter_tier_id":0,"_jetpack_memberships_contains_paywalled_content":false,"_jetpack_memberships_contains_paid_content":false,"footnotes":"","jetpack_publicize_message":"","jetpack_publicize_feature_enabled":true,"jetpack_social_post_already_shared":true,"jetpack_social_options":{"image_generator_settings":{"template":"highway","default_image_id":0,"font":"","enabled":false},"version":2}},"categories":[1],"tags":[],"class_list":["post-25976","post","type-post","status-publish","format-standard","has-post-thumbnail","hentry","category-blog"],"jetpack_publicize_connections":[],"jetpack_featured_media_url":"https:\/\/i0.wp.com\/noticiasribeiraopreto.com.br\/wp-content\/uploads\/2024\/01\/postimg-659c892f767d79846.jpg?fit=1200%2C628&ssl=1","jetpack-related-posts":[{"id":78858,"url":"https:\/\/noticiasribeiraopreto.com.br\/index.php\/2025\/10\/20\/briga-por-divida-de-churrasco-deixa-feridos-na-regiao\/","url_meta":{"origin":25976,"position":0},"title":"Briga por d\u00edvida de churrasco deixa feridos na regi\u00e3o","author":"noticiasribeiraopreto.com.br","date":"20 de October de 2025","format":false,"excerpt":"Sobrinho teria atirado contra tio, que revidou com facada; um est\u00e1 internado e o outro foragido 20 de outubro de 2025 10:5511 Compartilhar0 Por: Adalberto Luque Uma d\u00edvida por causa do rateio de carne deixou dois feridos, no final da tarde deste domingo, 19 de outubro. O desentendimento ocorreu na\u2026","rel":"","context":"In &quot;Not\u00edcias de Ribeir\u00e3o Preto-SP e Regi\u00e3o&quot;","block_context":{"text":"Not\u00edcias de Ribeir\u00e3o Preto-SP e Regi\u00e3o","link":"https:\/\/noticiasribeiraopreto.com.br\/index.php\/category\/noticias-de-ribeirao-preto-sp-e-regiao-ismael-colosi\/"},"img":{"alt_text":"","src":"https:\/\/i0.wp.com\/noticiasribeiraopreto.com.br\/wp-content\/uploads\/2025\/10\/Foto-Policia-Militar-Divulgacao-scaled.jpg?fit=1040%2C780&ssl=1&resize=350%2C200","width":350,"height":200,"srcset":"https:\/\/i0.wp.com\/noticiasribeiraopreto.com.br\/wp-content\/uploads\/2025\/10\/Foto-Policia-Militar-Divulgacao-scaled.jpg?fit=1040%2C780&ssl=1&resize=350%2C200 1x, https:\/\/i0.wp.com\/noticiasribeiraopreto.com.br\/wp-content\/uploads\/2025\/10\/Foto-Policia-Militar-Divulgacao-scaled.jpg?fit=1040%2C780&ssl=1&resize=525%2C300 1.5x, https:\/\/i0.wp.com\/noticiasribeiraopreto.com.br\/wp-content\/uploads\/2025\/10\/Foto-Policia-Militar-Divulgacao-scaled.jpg?fit=1040%2C780&ssl=1&resize=700%2C400 2x"},"classes":[]},{"id":19425,"url":"https:\/\/noticiasribeiraopreto.com.br\/index.php\/2023\/12\/22\/briga-de-familia-termina-com-um-morto-e-dois-feridos-na-regiao\/","url_meta":{"origin":25976,"position":1},"title":"Briga de fam\u00edlia termina com um morto e dois feridos na regi\u00e3o","author":"noticiasribeiraopreto.com.br","date":"22 de December de 2023","format":false,"excerpt":"V\u00edtima fatal veio de Minas Gerais armado e teria feito amea\u00e7as ao ex-cunhado, que o matou com um tiro espingarda 22 de dezembro de 2023 | 11:30 0Por: Adalberto LuqueUm homem morreu e dois adolescentes ficaram feridos, na noite desta quinta-feira (21), na cidade de Descalvado. Segundo informa\u00e7\u00f5es da Pol\u00edcia\u2026","rel":"","context":"In &quot;Not\u00edcias de Ribeir\u00e3o Preto-SP e Regi\u00e3o&quot;","block_context":{"text":"Not\u00edcias de Ribeir\u00e3o Preto-SP e Regi\u00e3o","link":"https:\/\/noticiasribeiraopreto.com.br\/index.php\/category\/noticias-de-ribeirao-preto-sp-e-regiao-ismael-colosi\/"},"img":{"alt_text":"","src":"https:\/\/i0.wp.com\/noticiasribeiraopreto.com.br\/wp-content\/uploads\/2023\/12\/PM-Foto-Divulgacao-Policia-Militar.jpg?fit=649%2C433&ssl=1&resize=350%2C200","width":350,"height":200,"srcset":"https:\/\/i0.wp.com\/noticiasribeiraopreto.com.br\/wp-content\/uploads\/2023\/12\/PM-Foto-Divulgacao-Policia-Militar.jpg?fit=649%2C433&ssl=1&resize=350%2C200 1x, https:\/\/i0.wp.com\/noticiasribeiraopreto.com.br\/wp-content\/uploads\/2023\/12\/PM-Foto-Divulgacao-Policia-Militar.jpg?fit=649%2C433&ssl=1&resize=525%2C300 1.5x"},"classes":[]},{"id":6967,"url":"https:\/\/noticiasribeiraopreto.com.br\/index.php\/2023\/11\/27\/cozinheira-de-ana-hickmann-diz-como-briga-comecou-o-que-o-filho-fez-e-momentos-de-terror-aos-prantos\/","url_meta":{"origin":25976,"position":2},"title":"Cozinheira de Ana Hickmann diz como briga come\u00e7ou, o que o filho fez e momentos de terror: &#8216;Aos prantos&#8217;","author":"noticiasribeiraopreto.com.br","date":"27 de November de 2023","format":false,"excerpt":"A cozinheira da casa de Ana Hickmann foi uma das depoentes no caso de agress\u00e3o cometido contra a apresentasdora. Para quem n\u00e3o estpa acompanhando, a loira foi v\u00edtima do marido, o empres\u00e1rio Alexandre Corr\u00eaa, de 51 anos.A agress\u00e3o ocorreu na resid\u00eancia do casal, que fica localizada em Itu, no interior\u2026","rel":"","context":"In &quot;Blog&quot;","block_context":{"text":"Blog","link":"https:\/\/noticiasribeiraopreto.com.br\/index.php\/category\/blog\/"},"img":{"alt_text":"","src":"https:\/\/i0.wp.com\/noticiasribeiraopreto.com.br\/wp-content\/uploads\/2023\/11\/postimg-6564a2ac8f90d1982.jpg?fit=1200%2C628&ssl=1&resize=350%2C200","width":350,"height":200,"srcset":"https:\/\/i0.wp.com\/noticiasribeiraopreto.com.br\/wp-content\/uploads\/2023\/11\/postimg-6564a2ac8f90d1982.jpg?fit=1200%2C628&ssl=1&resize=350%2C200 1x, https:\/\/i0.wp.com\/noticiasribeiraopreto.com.br\/wp-content\/uploads\/2023\/11\/postimg-6564a2ac8f90d1982.jpg?fit=1200%2C628&ssl=1&resize=525%2C300 1.5x, https:\/\/i0.wp.com\/noticiasribeiraopreto.com.br\/wp-content\/uploads\/2023\/11\/postimg-6564a2ac8f90d1982.jpg?fit=1200%2C628&ssl=1&resize=700%2C400 2x, https:\/\/i0.wp.com\/noticiasribeiraopreto.com.br\/wp-content\/uploads\/2023\/11\/postimg-6564a2ac8f90d1982.jpg?fit=1200%2C628&ssl=1&resize=1050%2C600 3x"},"classes":[]},{"id":62174,"url":"https:\/\/noticiasribeiraopreto.com.br\/index.php\/2025\/01\/06\/homem-e-preso-por-esfaquear-companheira-durante-briga-em-ribeirao-preto\/","url_meta":{"origin":25976,"position":3},"title":"Homem \u00e9 preso por esfaquear companheira durante briga em Ribeir\u00e3o Preto","author":"noticiasribeiraopreto.com.br","date":"6 de January de 2025","format":false,"excerpt":"Um homem de 29 anos foi preso suspeito de esfaquear a companheira, de 25 anos, durante uma briga na noite deste domingo (5), na resid\u00eancia da fam\u00edlia, no Jardim Salgado Filho, zona Norte de Ribeir\u00e3o Preto. Segundo o boletim de ocorr\u00eancia (BO), a mulher recebeu cinco golpes de faca pelo\u2026","rel":"","context":"In &quot;Not\u00edcias de Ribeir\u00e3o Preto-SP e Regi\u00e3o&quot;","block_context":{"text":"Not\u00edcias de Ribeir\u00e3o Preto-SP e Regi\u00e3o","link":"https:\/\/noticiasribeiraopreto.com.br\/index.php\/category\/noticias-de-ribeirao-preto-sp-e-regiao-ismael-colosi\/"},"img":{"alt_text":"","src":"https:\/\/i0.wp.com\/noticiasribeiraopreto.com.br\/wp-content\/uploads\/2025\/01\/policia_qru_1024x576_25052021184749.jpg?fit=1024%2C576&ssl=1&resize=350%2C200","width":350,"height":200,"srcset":"https:\/\/i0.wp.com\/noticiasribeiraopreto.com.br\/wp-content\/uploads\/2025\/01\/policia_qru_1024x576_25052021184749.jpg?fit=1024%2C576&ssl=1&resize=350%2C200 1x, https:\/\/i0.wp.com\/noticiasribeiraopreto.com.br\/wp-content\/uploads\/2025\/01\/policia_qru_1024x576_25052021184749.jpg?fit=1024%2C576&ssl=1&resize=525%2C300 1.5x, https:\/\/i0.wp.com\/noticiasribeiraopreto.com.br\/wp-content\/uploads\/2025\/01\/policia_qru_1024x576_25052021184749.jpg?fit=1024%2C576&ssl=1&resize=700%2C400 2x"},"classes":[]},{"id":84970,"url":"https:\/\/noticiasribeiraopreto.com.br\/index.php\/2026\/04\/19\/em-briga-de-vizinhos-homem-causa-ferimentos-graves-em-cao\/","url_meta":{"origin":25976,"position":4},"title":"Em briga de vizinhos, homem causa ferimentos graves em c\u00e3o","author":"noticiasribeiraopreto.com.br","date":"19 de April de 2026","format":false,"excerpt":"\r \r \r \r \r 19 de abril de 2026 10:18 \r Compartilhar0 \r A Pol\u00edcia Militar registrou um fato que revoltou Santa Ernestina e regi\u00e3o. Um indiv\u00edduo teria se apossado de uma arma branca, foi at\u00e9 a resid\u00eancia de um desafeto e golpeado o cachorro dele por cerca de\u2026","rel":"","context":"In &quot;Not\u00edcias de Ribeir\u00e3o Preto-SP e Regi\u00e3o&quot;","block_context":{"text":"Not\u00edcias de Ribeir\u00e3o Preto-SP e Regi\u00e3o","link":"https:\/\/noticiasribeiraopreto.com.br\/index.php\/category\/noticias-de-ribeirao-preto-sp-e-regiao-ismael-colosi\/"},"img":{"alt_text":"","src":"https:\/\/i0.wp.com\/noticiasribeiraopreto.com.br\/wp-content\/uploads\/2026\/04\/briga-viz.jpeg?fit=845%2C607&ssl=1&resize=350%2C200","width":350,"height":200,"srcset":"https:\/\/i0.wp.com\/noticiasribeiraopreto.com.br\/wp-content\/uploads\/2026\/04\/briga-viz.jpeg?fit=845%2C607&ssl=1&resize=350%2C200 1x, https:\/\/i0.wp.com\/noticiasribeiraopreto.com.br\/wp-content\/uploads\/2026\/04\/briga-viz.jpeg?fit=845%2C607&ssl=1&resize=525%2C300 1.5x, https:\/\/i0.wp.com\/noticiasribeiraopreto.com.br\/wp-content\/uploads\/2026\/04\/briga-viz.jpeg?fit=845%2C607&ssl=1&resize=700%2C400 2x"},"classes":[]},{"id":52334,"url":"https:\/\/noticiasribeiraopreto.com.br\/index.php\/2024\/06\/06\/brigas-entre-adolescentes-da-fundacao-casa-de-ribeirao-preto-deixam-feridos\/","url_meta":{"origin":25976,"position":5},"title":"Brigas entre adolescentes da Funda\u00e7\u00e3o Casa de Ribeir\u00e3o Preto deixam feridos","author":"noticiasribeiraopreto.com.br","date":"6 de June de 2024","format":false,"excerpt":"Adolescentes da Funda\u00e7\u00e3o Casa Ribeir\u00e3o Preto se envolveram em brigas, na tarde de quarta-feira (5), em unidades distintas do complexo. Ao menos tr\u00eas pessoas ficaram feridas, entre elas, um agente de apoio socioeducativo. Foram registrados dois boletins de ocorr\u00eancia como les\u00e3o corporal em um intervalo de uma hora entre eles.\u2026","rel":"","context":"In &quot;Not\u00edcias de Ribeir\u00e3o Preto-SP e Regi\u00e3o&quot;","block_context":{"text":"Not\u00edcias de Ribeir\u00e3o Preto-SP e Regi\u00e3o","link":"https:\/\/noticiasribeiraopreto.com.br\/index.php\/category\/noticias-de-ribeirao-preto-sp-e-regiao-ismael-colosi\/"},"img":{"alt_text":"","src":"https:\/\/i0.wp.com\/noticiasribeiraopreto.com.br\/wp-content\/uploads\/2024\/06\/Copia-de-Copia-de-TAMANHO-EXATO-PARA-FOTOS-NO-SISTEMA-NOVO-12_2024-06-06_14-40-01_jpg_2024-06-06_14-40-01.webp.webp?fit=1200%2C675&ssl=1&resize=350%2C200","width":350,"height":200,"srcset":"https:\/\/i0.wp.com\/noticiasribeiraopreto.com.br\/wp-content\/uploads\/2024\/06\/Copia-de-Copia-de-TAMANHO-EXATO-PARA-FOTOS-NO-SISTEMA-NOVO-12_2024-06-06_14-40-01_jpg_2024-06-06_14-40-01.webp.webp?fit=1200%2C675&ssl=1&resize=350%2C200 1x, https:\/\/i0.wp.com\/noticiasribeiraopreto.com.br\/wp-content\/uploads\/2024\/06\/Copia-de-Copia-de-TAMANHO-EXATO-PARA-FOTOS-NO-SISTEMA-NOVO-12_2024-06-06_14-40-01_jpg_2024-06-06_14-40-01.webp.webp?fit=1200%2C675&ssl=1&resize=525%2C300 1.5x, https:\/\/i0.wp.com\/noticiasribeiraopreto.com.br\/wp-content\/uploads\/2024\/06\/Copia-de-Copia-de-TAMANHO-EXATO-PARA-FOTOS-NO-SISTEMA-NOVO-12_2024-06-06_14-40-01_jpg_2024-06-06_14-40-01.webp.webp?fit=1200%2C675&ssl=1&resize=700%2C400 2x, https:\/\/i0.wp.com\/noticiasribeiraopreto.com.br\/wp-content\/uploads\/2024\/06\/Copia-de-Copia-de-TAMANHO-EXATO-PARA-FOTOS-NO-SISTEMA-NOVO-12_2024-06-06_14-40-01_jpg_2024-06-06_14-40-01.webp.webp?fit=1200%2C675&ssl=1&resize=1050%2C600 3x"},"classes":[]}],"jetpack_sharing_enabled":true,"jetpack_shortlink":"https:\/\/wp.me\/peQAOb-6KY","_links":{"self":[{"href":"https:\/\/noticiasribeiraopreto.com.br\/index.php\/wp-json\/wp\/v2\/posts\/25976","targetHints":{"allow":["GET"]}}],"collection":[{"href":"https:\/\/noticiasribeiraopreto.com.br\/index.php\/wp-json\/wp\/v2\/posts"}],"about":[{"href":"https:\/\/noticiasribeiraopreto.com.br\/index.php\/wp-json\/wp\/v2\/types\/post"}],"author":[{"embeddable":true,"href":"https:\/\/noticiasribeiraopreto.com.br\/index.php\/wp-json\/wp\/v2\/users\/1"}],"replies":[{"embeddable":true,"href":"https:\/\/noticiasribeiraopreto.com.br\/index.php\/wp-json\/wp\/v2\/comments?post=25976"}],"version-history":[{"count":0,"href":"https:\/\/noticiasribeiraopreto.com.br\/index.php\/wp-json\/wp\/v2\/posts\/25976\/revisions"}],"wp:featuredmedia":[{"embeddable":true,"href":"https:\/\/noticiasribeiraopreto.com.br\/index.php\/wp-json\/wp\/v2\/media\/25977"}],"wp:attachment":[{"href":"https:\/\/noticiasribeiraopreto.com.br\/index.php\/wp-json\/wp\/v2\/media?parent=25976"}],"wp:term":[{"taxonomy":"category","embeddable":true,"href":"https:\/\/noticiasribeiraopreto.com.br\/index.php\/wp-json\/wp\/v2\/categories?post=25976"},{"taxonomy":"post_tag","embeddable":true,"href":"https:\/\/noticiasribeiraopreto.com.br\/index.php\/wp-json\/wp\/v2\/tags?post=25976"}],"curies":[{"name":"wp","href":"https:\/\/api.w.org\/{rel}","templated":true}]}}