{"id":26016,"date":"2024-01-08T23:29:41","date_gmt":"2024-01-09T02:29:41","guid":{"rendered":"https:\/\/noticiasribeiraopreto.com.br\/index.php\/2024\/01\/08\/morador-de-cidade-na-regiao-de-ribeirao-morre-em-acidente-de-moto-na-argentina-1\/"},"modified":"2024-01-08T23:29:41","modified_gmt":"2024-01-09T02:29:41","slug":"morador-de-cidade-na-regiao-de-ribeirao-morre-em-acidente-de-moto-na-argentina-1","status":"publish","type":"post","link":"https:\/\/noticiasribeiraopreto.com.br\/index.php\/2024\/01\/08\/morador-de-cidade-na-regiao-de-ribeirao-morre-em-acidente-de-moto-na-argentina-1\/","title":{"rendered":"Morador de cidade na regi\u00e3o de Ribeir\u00e3o morre em acidente de moto na Argentina"},"content":{"rendered":"<div class='code-block code-block-1' style='margin: 8px 0 8px auto; text-align: right; display: block; clear: both;'>\n<p><a href=\"https:\/\/wa.link\/vpicfd\"><img data-recalc-dims=\"1\" class=\"wp-image-4922\" style=\"aspect-ratio: 2.0253164556962027; width: 561px; height: auto;\" src=\"https:\/\/i0.wp.com\/ismaelcolosi.com.br\/wp-content\/uploads\/2023\/11\/grupo-de-empregos-whatsapp-e-facebook-ismael-colosi-vagas.jpg?ssl=1\" alt=\"\" \/><\/a><\/p>\n<!-- \/wp:image -->\n<\/div>\n<p> <br \/>\n<\/p>\n<div>\n<p>Um morador da cidade de<strong> Monte Alto<\/strong>, na regi\u00e3o de <strong>Ribeir\u00e3o Preto<\/strong>, morreu ap\u00f3s se envolver em um acidente de tr\u00e2nsito, em uma rodovia da <strong>Argentina<\/strong>, nesta segunda-feira (8).<\/p>\n<p>Segundo o <strong>jornal argentino elPatag\u00f3nico<\/strong>, o empres\u00e1rio Juliano Antonio Zavatti, de 47 anos, chegou a ser socorrido para um hospital do pa\u00eds, <strong>mas n\u00e3o resistiu aos ferimentos<\/strong>. A morte de \u2018<strong>Zavatt\u00e3o<\/strong>\u2019, como era conhecido na cidade, <strong>foi confirmada pelo irm\u00e3o da v\u00edtima<\/strong>, o piloto de rally, <strong>Bissinho Zavatti<\/strong>.<\/p>\n<p>O acidente aconteceu na tarde desta segunda-feira (8), na \u2018<strong>Ruta Nacional 3<\/strong>\u2019, rodovia conhecida, principalmente, por aventureiros que percorrem desde <strong>Buenos Aires<\/strong> at\u00e9 <strong>Ushuaia<\/strong>, em uma \u00fanica pista.<\/p>\n<p>Zavatti informou ao <strong>portal acidade on<\/strong>, que o irm\u00e3o saiu de Monte Alto no dia <strong>3 de janeiro<\/strong>, acompanhado de um amigo.<\/p>\n<p>Ainda acordo com a imprensa internacional, um grupo de motociclistas seguia pela rodovia quando pr\u00f3ximo ao sem\u00e1foro da ponte de <strong>Barrio Castelli<\/strong>, um motorista de uma motocicleta realizou uma manobra e <strong>Juliano acabou colidindo com a traseira da moto.<\/strong><\/p>\n<p>Com o impacto, o homem perdeu o controle da motocicleta e bateu no guarda-corpo. Ele foi socorrido com ferimentos graves, mas n\u00e3o resistiu.<\/p>\n<p><strong>O portal acidade on acompanha o caso.<\/strong><\/p>\n<p>VEJA TAMB\u00c9M<\/p>\n<p>Mulher \u00e9 v\u00edtima de tentativa de assalto na zona Sul de Ribeir\u00e3o; Veja o v\u00eddeo<\/p>\n<h4 class=\"wp-block-heading\"><strong><mark style=\"background-color:#fcb900\" class=\"has-inline-color\">FIQUE ON<\/mark><\/strong><\/h4>\n<p>Fique ligado em tudo que acontece em Ribeir\u00e3o Preto e regi\u00e3o. Siga os perfis do<strong>\u00a0acidade on<\/strong>\u00a0no\u00a0<a href=\"https:\/\/www.instagram.com\/acidadeonribeirao\" target=\"_blank\" rel=\"noreferrer noopener\">Instagram<\/a>\u00a0e no\u00a0<a href=\"https:\/\/www.facebook.com\/acidadeonribeirao\" target=\"_blank\" rel=\"noreferrer noopener\">Facebook<\/a>.<\/p>\n<p>Receba not\u00edcias do\u00a0<strong>acidade on<\/strong>\u00a0no WhatsApp.\u00a0<a href=\"https:\/\/chat.whatsapp.com\/Bnv2w66ZT4VDyZW3oiZ69n\" target=\"_blank\" rel=\"noreferrer noopener\">Para entrar no grupo, basta clicar aqui.<\/a><\/p>\n<p>Fa\u00e7a uma den\u00fancia ou sugira uma reportagem sobre a Ribeir\u00e3o Preto e regi\u00e3o pelo WhatsApp: (16) 99117 7802.<\/p>\n<p>LEIA MAIS<\/p>\n<p><a href=\"https:\/\/www.tudoep.com\/tudo-noticias\/brasil-e-mundo\/NOT,0,0,1869331,caso-edson-davi-garoto-de-6-anos-continua-desaparecido.aspx\" target=\"_blank\" rel=\"noreferrer noopener\">Caso Edson Davi: garoto de 6 anos continua desaparecido<\/a><\/p>\n<p><!-- AI CONTENT END 1 -->\n<\/div>\n<p><script async src=\"\/\/www.instagram.com\/embed.js\"><\/script><br \/>\n<br \/><br \/>\n<br \/><a href=\"https:\/\/www.acidadeon.com\/ribeiraopreto\/cotidiano\/morador-de-cidade-na-regiao-de-ribeirao-morre-em-acidente-de-moto-na-argentina-1\/\">Source link <\/a><\/p>\n<!-- CONTENT END 1 -->\n","protected":false},"excerpt":{"rendered":"<p>Um morador da cidade de Monte Alto, na regi\u00e3o de Ribeir\u00e3o Preto, morreu ap\u00f3s se envolver em um acidente de tr\u00e2nsito, em uma rodovia da&#8230;<\/p>\n","protected":false},"author":1,"featured_media":26017,"comment_status":"open","ping_status":"open","sticky":false,"template":"","format":"standard","meta":{"advanced_seo_description":"","jetpack_seo_html_title":"","jetpack_seo_noindex":false,"jetpack_post_was_ever_published":false,"_jetpack_newsletter_access":"","_jetpack_dont_email_post_to_subs":false,"_jetpack_newsletter_tier_id":0,"_jetpack_memberships_contains_paywalled_content":false,"_jetpack_memberships_contains_paid_content":false,"footnotes":"","jetpack_publicize_message":"","jetpack_publicize_feature_enabled":true,"jetpack_social_post_already_shared":true,"jetpack_social_options":{"image_generator_settings":{"template":"highway","default_image_id":0,"font":"","enabled":false},"version":2}},"categories":[11],"tags":[74,489,273,401,271,395,277,26],"class_list":["post-26016","post","type-post","status-publish","format-standard","has-post-thumbnail","hentry","category-noticias-de-ribeirao-preto-sp-e-regiao-ismael-colosi","tag-acidente","tag-argentina","tag-cidade","tag-morador","tag-morre","tag-moto","tag-regiao","tag-ribeirao"],"jetpack_publicize_connections":[],"jetpack_featured_media_url":"https:\/\/i0.wp.com\/noticiasribeiraopreto.com.br\/wp-content\/uploads\/2024\/01\/Copia-de-Copia-de-TAMANHO-EXATO-PARA-FOTOS-NO-SISTEMA-NOVO-7.png?fit=1200%2C675&ssl=1","jetpack-related-posts":[{"id":26382,"url":"https:\/\/noticiasribeiraopreto.com.br\/index.php\/2024\/01\/09\/morador-da-regiao-de-ribeirao-teve-o-sonho-de-viajar-pela-america-do-sul-interrompido-apos-acidente-na-argentina\/","url_meta":{"origin":26016,"position":0},"title":"Morador da regi\u00e3o de Ribeir\u00e3o teve o sonho de viajar pela Am\u00e9rica do Sul interrompido ap\u00f3s acidente na Argentina","author":"noticiasribeiraopreto.com.br","date":"9 de January de 2024","format":false,"excerpt":"Juliano Antonio Zavatti, morador da cidade de Monte Alto, na regi\u00e3o de Ribeir\u00e3o Preto, estava realizando o sonho de viajar pela Am\u00e9rica do Sul, quando se envolveu em um acidente e acabou morrendo, nesta segunda-feira (8), em uma rodovia na Argentina. A viagem planejada h\u00e1 um ano, teve in\u00edcio em\u2026","rel":"","context":"In &quot;Not\u00edcias de Ribeir\u00e3o Preto-SP e Regi\u00e3o&quot;","block_context":{"text":"Not\u00edcias de Ribeir\u00e3o Preto-SP e Regi\u00e3o","link":"https:\/\/noticiasribeiraopreto.com.br\/index.php\/category\/noticias-de-ribeirao-preto-sp-e-regiao-ismael-colosi\/"},"img":{"alt_text":"","src":"https:\/\/i0.wp.com\/noticiasribeiraopreto.com.br\/wp-content\/uploads\/2024\/01\/1704848086_Copia-de-Copia-de-TAMANHO-EXATO-PARA-FOTOS-NO-SISTEMA-NOVO-7.png?fit=1200%2C675&ssl=1&resize=350%2C200","width":350,"height":200,"srcset":"https:\/\/i0.wp.com\/noticiasribeiraopreto.com.br\/wp-content\/uploads\/2024\/01\/1704848086_Copia-de-Copia-de-TAMANHO-EXATO-PARA-FOTOS-NO-SISTEMA-NOVO-7.png?fit=1200%2C675&ssl=1&resize=350%2C200 1x, https:\/\/i0.wp.com\/noticiasribeiraopreto.com.br\/wp-content\/uploads\/2024\/01\/1704848086_Copia-de-Copia-de-TAMANHO-EXATO-PARA-FOTOS-NO-SISTEMA-NOVO-7.png?fit=1200%2C675&ssl=1&resize=525%2C300 1.5x, https:\/\/i0.wp.com\/noticiasribeiraopreto.com.br\/wp-content\/uploads\/2024\/01\/1704848086_Copia-de-Copia-de-TAMANHO-EXATO-PARA-FOTOS-NO-SISTEMA-NOVO-7.png?fit=1200%2C675&ssl=1&resize=700%2C400 2x, https:\/\/i0.wp.com\/noticiasribeiraopreto.com.br\/wp-content\/uploads\/2024\/01\/1704848086_Copia-de-Copia-de-TAMANHO-EXATO-PARA-FOTOS-NO-SISTEMA-NOVO-7.png?fit=1200%2C675&ssl=1&resize=1050%2C600 3x"},"classes":[]},{"id":46398,"url":"https:\/\/noticiasribeiraopreto.com.br\/index.php\/2024\/04\/11\/morre-segunda-vitima-de-acidente-em-despedida-de-solteiro-na-regiao-de-ribeirao\/","url_meta":{"origin":26016,"position":1},"title":"Morre segunda v\u00edtima de acidente em despedida de solteiro na regi\u00e3o de Ribeir\u00e3o","author":"noticiasribeiraopreto.com.br","date":"11 de April de 2024","format":false,"excerpt":"Morreu na madrugada desta quinta-feira (11) a segunda v\u00edtima do acidente em uma despedida de solteiro em Rifaina, na regi\u00e3o de Ribeir\u00e3o Preto. A colis\u00e3o entre duas caminhonetes aconteceu na noite do \u00faltimo s\u00e1bado (6). A morte de Murilo Silva de Oliveira, de 32 anos, que estava internado na Santa\u2026","rel":"","context":"In &quot;Not\u00edcias de Ribeir\u00e3o Preto-SP e Regi\u00e3o&quot;","block_context":{"text":"Not\u00edcias de Ribeir\u00e3o Preto-SP e Regi\u00e3o","link":"https:\/\/noticiasribeiraopreto.com.br\/index.php\/category\/noticias-de-ribeirao-preto-sp-e-regiao-ismael-colosi\/"},"img":{"alt_text":"","src":"https:\/\/i0.wp.com\/noticiasribeiraopreto.com.br\/wp-content\/uploads\/2024\/04\/AnyConv.com__murilo.webp.webp?fit=1200%2C675&ssl=1&resize=350%2C200","width":350,"height":200,"srcset":"https:\/\/i0.wp.com\/noticiasribeiraopreto.com.br\/wp-content\/uploads\/2024\/04\/AnyConv.com__murilo.webp.webp?fit=1200%2C675&ssl=1&resize=350%2C200 1x, https:\/\/i0.wp.com\/noticiasribeiraopreto.com.br\/wp-content\/uploads\/2024\/04\/AnyConv.com__murilo.webp.webp?fit=1200%2C675&ssl=1&resize=525%2C300 1.5x, https:\/\/i0.wp.com\/noticiasribeiraopreto.com.br\/wp-content\/uploads\/2024\/04\/AnyConv.com__murilo.webp.webp?fit=1200%2C675&ssl=1&resize=700%2C400 2x, https:\/\/i0.wp.com\/noticiasribeiraopreto.com.br\/wp-content\/uploads\/2024\/04\/AnyConv.com__murilo.webp.webp?fit=1200%2C675&ssl=1&resize=1050%2C600 3x"},"classes":[]},{"id":75877,"url":"https:\/\/noticiasribeiraopreto.com.br\/index.php\/2025\/08\/17\/motociclista-morre-em-acidente-na-regiao-de-ribeirao-preto\/","url_meta":{"origin":26016,"position":2},"title":"Motociclista morre em acidente na regi\u00e3o de Ribeir\u00e3o Preto","author":"noticiasribeiraopreto.com.br","date":"17 de August de 2025","format":false,"excerpt":"Um motociclista morreu na manh\u00e3 deste domingo (17) ap\u00f3s um acidente na rodovia Washington Lu\u00eds (SP-310), em Taquaritinga, cidade a 84 quil\u00f4metros de Ribeir\u00e3o Preto. De acordo com o Centro de Controle de Informa\u00e7\u00f5es (CCI) da Artesp, a v\u00edtima pilotava uma Honda XRE 300 no sentido norte quando, por motivos\u2026","rel":"","context":"In &quot;Not\u00edcias de Ribeir\u00e3o Preto-SP e Regi\u00e3o&quot;","block_context":{"text":"Not\u00edcias de Ribeir\u00e3o Preto-SP e Regi\u00e3o","link":"https:\/\/noticiasribeiraopreto.com.br\/index.php\/category\/noticias-de-ribeirao-preto-sp-e-regiao-ismael-colosi\/"},"img":{"alt_text":"","src":"https:\/\/i0.wp.com\/noticiasribeiraopreto.com.br\/wp-content\/uploads\/2025\/08\/Copia-de-Copia-de-Copia-de-TAMANHO-EXATO-PARA-FOTOS-NO-SISTEMA-NOVO-2025-08-17T122114.411_2025-08-17_15-21-20.webp.webp?fit=1200%2C675&ssl=1&resize=350%2C200","width":350,"height":200,"srcset":"https:\/\/i0.wp.com\/noticiasribeiraopreto.com.br\/wp-content\/uploads\/2025\/08\/Copia-de-Copia-de-Copia-de-TAMANHO-EXATO-PARA-FOTOS-NO-SISTEMA-NOVO-2025-08-17T122114.411_2025-08-17_15-21-20.webp.webp?fit=1200%2C675&ssl=1&resize=350%2C200 1x, https:\/\/i0.wp.com\/noticiasribeiraopreto.com.br\/wp-content\/uploads\/2025\/08\/Copia-de-Copia-de-Copia-de-TAMANHO-EXATO-PARA-FOTOS-NO-SISTEMA-NOVO-2025-08-17T122114.411_2025-08-17_15-21-20.webp.webp?fit=1200%2C675&ssl=1&resize=525%2C300 1.5x, https:\/\/i0.wp.com\/noticiasribeiraopreto.com.br\/wp-content\/uploads\/2025\/08\/Copia-de-Copia-de-Copia-de-TAMANHO-EXATO-PARA-FOTOS-NO-SISTEMA-NOVO-2025-08-17T122114.411_2025-08-17_15-21-20.webp.webp?fit=1200%2C675&ssl=1&resize=700%2C400 2x, https:\/\/i0.wp.com\/noticiasribeiraopreto.com.br\/wp-content\/uploads\/2025\/08\/Copia-de-Copia-de-Copia-de-TAMANHO-EXATO-PARA-FOTOS-NO-SISTEMA-NOVO-2025-08-17T122114.411_2025-08-17_15-21-20.webp.webp?fit=1200%2C675&ssl=1&resize=1050%2C600 3x"},"classes":[]},{"id":58293,"url":"https:\/\/noticiasribeiraopreto.com.br\/index.php\/2024\/09\/24\/jovem-morre-em-acidente-de-moto-na-regiao-de-ribeirao-preto\/","url_meta":{"origin":26016,"position":3},"title":"Jovem morre em acidente de moto na regi\u00e3o de Ribeir\u00e3o Preto","author":"noticiasribeiraopreto.com.br","date":"24 de September de 2024","format":false,"excerpt":"Um motociclista de 22 anos morreu na noite desta segunda-feira (23), ap\u00f3s se envolver em um acidente na rodovia C\u00e2ndido Portinari (SP-334), em Franca. Segundo informa\u00e7\u00f5es, Paulo Henrique de Souza Santos bateu na traseira de um caminh\u00e3o e caiu na pista. Em seguida, um carro que vinha atr\u00e1s o atropelou.\u2026","rel":"","context":"In &quot;Not\u00edcias de Ribeir\u00e3o Preto-SP e Regi\u00e3o&quot;","block_context":{"text":"Not\u00edcias de Ribeir\u00e3o Preto-SP e Regi\u00e3o","link":"https:\/\/noticiasribeiraopreto.com.br\/index.php\/category\/noticias-de-ribeirao-preto-sp-e-regiao-ismael-colosi\/"},"img":{"alt_text":"","src":"https:\/\/i0.wp.com\/noticiasribeiraopreto.com.br\/wp-content\/uploads\/2024\/09\/vitima_2024-09-24_10-54-04_jpg_2024-09-24_10-54-05.webp.webp?fit=1200%2C874&ssl=1&resize=350%2C200","width":350,"height":200,"srcset":"https:\/\/i0.wp.com\/noticiasribeiraopreto.com.br\/wp-content\/uploads\/2024\/09\/vitima_2024-09-24_10-54-04_jpg_2024-09-24_10-54-05.webp.webp?fit=1200%2C874&ssl=1&resize=350%2C200 1x, https:\/\/i0.wp.com\/noticiasribeiraopreto.com.br\/wp-content\/uploads\/2024\/09\/vitima_2024-09-24_10-54-04_jpg_2024-09-24_10-54-05.webp.webp?fit=1200%2C874&ssl=1&resize=525%2C300 1.5x, https:\/\/i0.wp.com\/noticiasribeiraopreto.com.br\/wp-content\/uploads\/2024\/09\/vitima_2024-09-24_10-54-04_jpg_2024-09-24_10-54-05.webp.webp?fit=1200%2C874&ssl=1&resize=700%2C400 2x, https:\/\/i0.wp.com\/noticiasribeiraopreto.com.br\/wp-content\/uploads\/2024\/09\/vitima_2024-09-24_10-54-04_jpg_2024-09-24_10-54-05.webp.webp?fit=1200%2C874&ssl=1&resize=1050%2C600 3x"},"classes":[]},{"id":52056,"url":"https:\/\/noticiasribeiraopreto.com.br\/index.php\/2024\/06\/03\/produtor-de-cafe-da-regiao-de-ribeirao-morre-apos-acidente-em-rodovia-de-mg-veja-o-video\/","url_meta":{"origin":26016,"position":4},"title":"Produtor de caf\u00e9 da regi\u00e3o de Ribeir\u00e3o morre ap\u00f3s acidente em rodovia de MG; Veja o v\u00eddeo","author":"noticiasribeiraopreto.com.br","date":"3 de June de 2024","format":false,"excerpt":"Um acidente na manh\u00e3 desta segunda-feira (3), na rodovia MG-050, em Passos (MG), resultou na morte do produtor de caf\u00e9, Altair Jos\u00e9 Capato, de 70 anos (veja v\u00eddeo). A v\u00edtima era de Batatais, cidade a 44 quil\u00f4metros de Ribeir\u00e3o Preto. Imagens de c\u00e2meras de seguran\u00e7a registraram o momento do acidente.\u2026","rel":"","context":"In &quot;Not\u00edcias de Ribeir\u00e3o Preto-SP e Regi\u00e3o&quot;","block_context":{"text":"Not\u00edcias de Ribeir\u00e3o Preto-SP e Regi\u00e3o","link":"https:\/\/noticiasribeiraopreto.com.br\/index.php\/category\/noticias-de-ribeirao-preto-sp-e-regiao-ismael-colosi\/"},"img":{"alt_text":"","src":"https:\/\/i0.wp.com\/noticiasribeiraopreto.com.br\/wp-content\/uploads\/2024\/06\/Capturar_2024-06-03_19-20-21_jpg_2024-06-03_19-20-21.webp.webp?fit=534%2C310&ssl=1&resize=350%2C200","width":350,"height":200,"srcset":"https:\/\/i0.wp.com\/noticiasribeiraopreto.com.br\/wp-content\/uploads\/2024\/06\/Capturar_2024-06-03_19-20-21_jpg_2024-06-03_19-20-21.webp.webp?fit=534%2C310&ssl=1&resize=350%2C200 1x, https:\/\/i0.wp.com\/noticiasribeiraopreto.com.br\/wp-content\/uploads\/2024\/06\/Capturar_2024-06-03_19-20-21_jpg_2024-06-03_19-20-21.webp.webp?fit=534%2C310&ssl=1&resize=525%2C300 1.5x"},"classes":[]},{"id":61115,"url":"https:\/\/noticiasribeiraopreto.com.br\/index.php\/2024\/12\/03\/motociclista-morre-apos-perder-o-controle-da-moto-em-rodovia-da-regiao-de-ribeirao\/","url_meta":{"origin":26016,"position":5},"title":"Motociclista morre ap\u00f3s perder o controle da moto em rodovia da regi\u00e3o de Ribeir\u00e3o","author":"noticiasribeiraopreto.com.br","date":"3 de December de 2024","format":false,"excerpt":"Uma mulher de 49 anos morreu depois de perder o controle da moto que pilotava, ap\u00f3s a motorista de um carro frear repentinamente na rodovia Francisco Marcos Junqueira, que liga Orl\u00e2ndia a Sales Oliveira, na regi\u00e3o de Ribeir\u00e3o Preto. O acidente aconteceu na manh\u00e3 de segunda-feira (2). Veronice Ribeiro foi\u2026","rel":"","context":"In &quot;Not\u00edcias de Ribeir\u00e3o Preto-SP e Regi\u00e3o&quot;","block_context":{"text":"Not\u00edcias de Ribeir\u00e3o Preto-SP e Regi\u00e3o","link":"https:\/\/noticiasribeiraopreto.com.br\/index.php\/category\/noticias-de-ribeirao-preto-sp-e-regiao-ismael-colosi\/"},"img":{"alt_text":"","src":"https:\/\/i0.wp.com\/noticiasribeiraopreto.com.br\/wp-content\/uploads\/2024\/12\/Copia-de-Copia-de-Copia-de-TAMANHO-EXATO-PARA-FOTOS-NO-SISTEMA-NOVO-2024-12-03T195159.729_2024-12-03_22-52-20_png_2024-12-03_22-52-20.webp.webp?fit=1200%2C675&ssl=1&resize=350%2C200","width":350,"height":200,"srcset":"https:\/\/i0.wp.com\/noticiasribeiraopreto.com.br\/wp-content\/uploads\/2024\/12\/Copia-de-Copia-de-Copia-de-TAMANHO-EXATO-PARA-FOTOS-NO-SISTEMA-NOVO-2024-12-03T195159.729_2024-12-03_22-52-20_png_2024-12-03_22-52-20.webp.webp?fit=1200%2C675&ssl=1&resize=350%2C200 1x, https:\/\/i0.wp.com\/noticiasribeiraopreto.com.br\/wp-content\/uploads\/2024\/12\/Copia-de-Copia-de-Copia-de-TAMANHO-EXATO-PARA-FOTOS-NO-SISTEMA-NOVO-2024-12-03T195159.729_2024-12-03_22-52-20_png_2024-12-03_22-52-20.webp.webp?fit=1200%2C675&ssl=1&resize=525%2C300 1.5x, https:\/\/i0.wp.com\/noticiasribeiraopreto.com.br\/wp-content\/uploads\/2024\/12\/Copia-de-Copia-de-Copia-de-TAMANHO-EXATO-PARA-FOTOS-NO-SISTEMA-NOVO-2024-12-03T195159.729_2024-12-03_22-52-20_png_2024-12-03_22-52-20.webp.webp?fit=1200%2C675&ssl=1&resize=700%2C400 2x, https:\/\/i0.wp.com\/noticiasribeiraopreto.com.br\/wp-content\/uploads\/2024\/12\/Copia-de-Copia-de-Copia-de-TAMANHO-EXATO-PARA-FOTOS-NO-SISTEMA-NOVO-2024-12-03T195159.729_2024-12-03_22-52-20_png_2024-12-03_22-52-20.webp.webp?fit=1200%2C675&ssl=1&resize=1050%2C600 3x"},"classes":[]}],"jetpack_sharing_enabled":true,"jetpack_shortlink":"https:\/\/wp.me\/peQAOb-6LC","_links":{"self":[{"href":"https:\/\/noticiasribeiraopreto.com.br\/index.php\/wp-json\/wp\/v2\/posts\/26016","targetHints":{"allow":["GET"]}}],"collection":[{"href":"https:\/\/noticiasribeiraopreto.com.br\/index.php\/wp-json\/wp\/v2\/posts"}],"about":[{"href":"https:\/\/noticiasribeiraopreto.com.br\/index.php\/wp-json\/wp\/v2\/types\/post"}],"author":[{"embeddable":true,"href":"https:\/\/noticiasribeiraopreto.com.br\/index.php\/wp-json\/wp\/v2\/users\/1"}],"replies":[{"embeddable":true,"href":"https:\/\/noticiasribeiraopreto.com.br\/index.php\/wp-json\/wp\/v2\/comments?post=26016"}],"version-history":[{"count":0,"href":"https:\/\/noticiasribeiraopreto.com.br\/index.php\/wp-json\/wp\/v2\/posts\/26016\/revisions"}],"wp:featuredmedia":[{"embeddable":true,"href":"https:\/\/noticiasribeiraopreto.com.br\/index.php\/wp-json\/wp\/v2\/media\/26017"}],"wp:attachment":[{"href":"https:\/\/noticiasribeiraopreto.com.br\/index.php\/wp-json\/wp\/v2\/media?parent=26016"}],"wp:term":[{"taxonomy":"category","embeddable":true,"href":"https:\/\/noticiasribeiraopreto.com.br\/index.php\/wp-json\/wp\/v2\/categories?post=26016"},{"taxonomy":"post_tag","embeddable":true,"href":"https:\/\/noticiasribeiraopreto.com.br\/index.php\/wp-json\/wp\/v2\/tags?post=26016"}],"curies":[{"name":"wp","href":"https:\/\/api.w.org\/{rel}","templated":true}]}}