{"id":26112,"date":"2024-01-09T08:43:47","date_gmt":"2024-01-09T11:43:47","guid":{"rendered":"https:\/\/noticiasribeiraopreto.com.br\/index.php\/2024\/01\/09\/policia-encontra-mais-quatro-corpos-enterrados-em-mata-na-regiao-de-ribeirao\/"},"modified":"2024-01-09T08:43:47","modified_gmt":"2024-01-09T11:43:47","slug":"policia-encontra-mais-quatro-corpos-enterrados-em-mata-na-regiao-de-ribeirao","status":"publish","type":"post","link":"https:\/\/noticiasribeiraopreto.com.br\/index.php\/2024\/01\/09\/policia-encontra-mais-quatro-corpos-enterrados-em-mata-na-regiao-de-ribeirao\/","title":{"rendered":"Pol\u00edcia encontra mais quatro corpos enterrados em mata na regi\u00e3o de Ribeir\u00e3o"},"content":{"rendered":"<div class='code-block code-block-1' style='margin: 8px 0 8px auto; text-align: right; display: block; clear: both;'>\n<p><a href=\"https:\/\/wa.link\/vpicfd\"><img data-recalc-dims=\"1\" class=\"wp-image-4922\" style=\"aspect-ratio: 2.0253164556962027; width: 561px; height: auto;\" src=\"https:\/\/i0.wp.com\/ismaelcolosi.com.br\/wp-content\/uploads\/2023\/11\/grupo-de-empregos-whatsapp-e-facebook-ismael-colosi-vagas.jpg?ssl=1\" alt=\"\" \/><\/a><\/p>\n<!-- \/wp:image -->\n<\/div>\n<p> <br \/>\n<\/p>\n<div data-td-block-uid=\"tdi_104\">\n<div class=\"tdb-block-inner td-fix-index\">\n<p>A <strong>Pol\u00edcia Militar<\/strong> encontrou mais quatro corpos enterrados em mata na <strong>Serra do Jaboticabal<\/strong>, em <strong>Taquaritinga<\/strong>, na regi\u00e3o de<strong> Ribeir\u00e3o Preto<\/strong>. Os corpos foram desenterrados na \u00faltima segunda-feira (8), pr\u00f3ximo do local onde outra v\u00edtima foi encontrada na semana passada.<\/p>\n<p>De acordo com o<strong> B.O. (Boletim de ocorr\u00eancia)<\/strong>, o local fica pr\u00f3ximo de uma carvoaria. Os corpos foram retirados com o apoio de uma retro escavadeira e mobiliza\u00e7\u00e3o do <strong>Corpo de Bombeiros.<\/strong><\/p>\n<p>Segundo o registro, em raz\u00e3o dos corpos estarem em decomposi\u00e7\u00e3o, n\u00e3o foi poss\u00edvel que fossem identificados ou saber se haveria sinais de viol\u00eancia. A per\u00edcia e a <strong>Pol\u00edcia Civil <\/strong>foram acionadas.<\/p>\n<p>O caso foi registrado como homic\u00eddio e oculta\u00e7\u00e3o de cad\u00e1ver.<\/p>\n<h4 class=\"wp-block-heading\"><strong>Semana passada<\/strong><\/h4>\n<p>Na semana passada, a Pol\u00edcia Militar j\u00e1 havia encontrado outro corpo pr\u00f3ximo do local. Na ocasi\u00e3o, agentes realizavam o patrulhamento na zona rural quando viram dois homens na regi\u00e3o.<\/p>\n<p>Como estava a noite, os agentes n\u00e3o conseguiram chegar at\u00e9 eles. No dia seguinte, quando retornaram, os policiais encontraram a terra remexida. Ao averiguarem, o corpo foi encontrado.<\/p>\n<p>VEJA TAMB\u00c9M<br \/>Chuva continua forte no interior de SP; Veja os locais afetados<\/p>\n<h4 class=\"wp-block-heading\"><strong>FIQUE ON<\/strong><\/h4>\n<p>Fique ligado em tudo que acontece em Ribeir\u00e3o Preto e regi\u00e3o. Siga os perfis do <strong>acidade on<\/strong> no <a href=\"https:\/\/www.instagram.com\/acidadeonribeirao\" target=\"_blank\" rel=\"noreferrer noopener nofollow\">Instagram <\/a>e no<a href=\"https:\/\/www.facebook.com\/acidadeonribeirao\" target=\"_blank\" rel=\"noreferrer noopener nofollow\"> Facebook.<\/a><\/p>\n<p>Receba not\u00edcias do <strong>acidade on <\/strong>no WhatsApp.<a href=\"https:\/\/chat.whatsapp.com\/Bnv2w66ZT4VDyZW3oiZ69n\" target=\"_blank\" rel=\"noreferrer noopener nofollow\"> Para entrar no grupo, basta clicar aqui.<\/a><\/p>\n<p>Fa\u00e7a uma den\u00fancia ou sugira uma reportagem sobre a Ribeir\u00e3o Preto e regi\u00e3o pelo WhatsApp: (16) 99117 7802.<\/p>\n<p><!-- AI CONTENT END 1 -->\n<\/div>\n<\/div>\n<p><script async src=\"\/\/www.instagram.com\/embed.js\"><\/script><br \/>\n<br \/><br \/>\n<br \/><a href=\"https:\/\/www.acidadeon.com\/ribeiraopreto\/cotidiano\/policia-encontra-mais-quatro-corpos-enterrados-em-mata-na-regiao-de-ribeirao\/\">Source link <\/a><\/p>\n<!-- CONTENT END 1 -->\n","protected":false},"excerpt":{"rendered":"<p>A Pol\u00edcia Militar encontrou mais quatro corpos enterrados em mata na Serra do Jaboticabal, em Taquaritinga, na regi\u00e3o de Ribeir\u00e3o Preto. Os corpos foram desenterrados&#8230;<\/p>\n","protected":false},"author":1,"featured_media":26113,"comment_status":"open","ping_status":"open","sticky":false,"template":"","format":"standard","meta":{"advanced_seo_description":"","jetpack_seo_html_title":"","jetpack_seo_noindex":false,"jetpack_post_was_ever_published":false,"_jetpack_newsletter_access":"","_jetpack_dont_email_post_to_subs":false,"_jetpack_newsletter_tier_id":0,"_jetpack_memberships_contains_paywalled_content":false,"_jetpack_memberships_contains_paid_content":false,"footnotes":"","jetpack_publicize_message":"","jetpack_publicize_feature_enabled":true,"jetpack_social_post_already_shared":true,"jetpack_social_options":{"image_generator_settings":{"template":"highway","default_image_id":0,"font":"","enabled":false},"version":2}},"categories":[11],"tags":[3270,436,3271,276,603,20,2109,277,26],"class_list":["post-26112","post","type-post","status-publish","format-standard","has-post-thumbnail","hentry","category-noticias-de-ribeirao-preto-sp-e-regiao-ismael-colosi","tag-corpos","tag-encontra","tag-enterrados","tag-mais","tag-mata","tag-policia","tag-quatro","tag-regiao","tag-ribeirao"],"jetpack_publicize_connections":[],"jetpack_featured_media_url":"https:\/\/i0.wp.com\/noticiasribeiraopreto.com.br\/wp-content\/uploads\/2024\/01\/WhatsApp-Image-2023-10-16-at-09.34.32.jpeg?fit=1080%2C1080&ssl=1","jetpack-related-posts":[{"id":27441,"url":"https:\/\/noticiasribeiraopreto.com.br\/index.php\/2024\/01\/12\/misterio-corpos-encontrados-em-cemiterio-clandestino-na-regiao-sao-identificados\/","url_meta":{"origin":26112,"position":0},"title":"Mist\u00e9rio: Corpos encontrados em cemit\u00e9rio clandestino na regi\u00e3o s\u00e3o identificados","author":"noticiasribeiraopreto.com.br","date":"12 de January de 2024","format":false,"excerpt":"A Pol\u00edcia Civil identificou dois homens entre as v\u00edtimas que foram encontradas enterradas em um cemit\u00e9rio clandestino na Serra do Jaboticabal, em Taquaritinga, na regi\u00e3o de Ribeir\u00e3o Preto. As v\u00edtimas identificadas s\u00e3o Jo\u00e3o Vitor Rosa, de 24 anos, e Axel Guilherme das Gra\u00e7as Marioto, de 22 anos \u2013 os dois\u2026","rel":"","context":"In &quot;Not\u00edcias de Ribeir\u00e3o Preto-SP e Regi\u00e3o&quot;","block_context":{"text":"Not\u00edcias de Ribeir\u00e3o Preto-SP e Regi\u00e3o","link":"https:\/\/noticiasribeiraopreto.com.br\/index.php\/category\/noticias-de-ribeirao-preto-sp-e-regiao-ismael-colosi\/"},"img":{"alt_text":"","src":"https:\/\/i0.wp.com\/noticiasribeiraopreto.com.br\/wp-content\/uploads\/2024\/01\/cemiterio-serra.jpg?fit=930%2C700&ssl=1&resize=350%2C200","width":350,"height":200,"srcset":"https:\/\/i0.wp.com\/noticiasribeiraopreto.com.br\/wp-content\/uploads\/2024\/01\/cemiterio-serra.jpg?fit=930%2C700&ssl=1&resize=350%2C200 1x, https:\/\/i0.wp.com\/noticiasribeiraopreto.com.br\/wp-content\/uploads\/2024\/01\/cemiterio-serra.jpg?fit=930%2C700&ssl=1&resize=525%2C300 1.5x, https:\/\/i0.wp.com\/noticiasribeiraopreto.com.br\/wp-content\/uploads\/2024\/01\/cemiterio-serra.jpg?fit=930%2C700&ssl=1&resize=700%2C400 2x"},"classes":[]},{"id":16382,"url":"https:\/\/noticiasribeiraopreto.com.br\/index.php\/2023\/12\/15\/utm_sourcerssutm_mediumrssutm_campaigncorpo-e-encontrado-enterrado-em-cova-rasa-em-serrana\/","url_meta":{"origin":26112,"position":1},"title":"Corpo \u00e9 encontrado enterrado em cova rasa em Serrana \u2013 X Tudo Ribeir\u00e3o","author":"noticiasribeiraopreto.com.br","date":"15 de December de 2023","format":false,"excerpt":"O corpo de um homem, aparentando cerca de 50 anos, foi localizado na tarde desta quinta-feira (14), no canavial de uma propriedade rural arrendada por uma usina para a planta\u00e7\u00e3o de cana. O cad\u00e1ver foi localizado na cidade de Serrana. Segundo informa\u00e7\u00f5es do boletim de ocorr\u00eancia, trabalhadores rurais andavam pelo\u2026","rel":"","context":"In &quot;Not\u00edcias de Ribeir\u00e3o Preto-SP e Regi\u00e3o&quot;","block_context":{"text":"Not\u00edcias de Ribeir\u00e3o Preto-SP e Regi\u00e3o","link":"https:\/\/noticiasribeiraopreto.com.br\/index.php\/category\/noticias-de-ribeirao-preto-sp-e-regiao-ismael-colosi\/"},"img":{"alt_text":"","src":"https:\/\/i0.wp.com\/noticiasribeiraopreto.com.br\/wp-content\/uploads\/2023\/12\/e220e5b2-3178-422d-b39a-5305412a48a4.jpeg?fit=1200%2C900&ssl=1&resize=350%2C200","width":350,"height":200,"srcset":"https:\/\/i0.wp.com\/noticiasribeiraopreto.com.br\/wp-content\/uploads\/2023\/12\/e220e5b2-3178-422d-b39a-5305412a48a4.jpeg?fit=1200%2C900&ssl=1&resize=350%2C200 1x, https:\/\/i0.wp.com\/noticiasribeiraopreto.com.br\/wp-content\/uploads\/2023\/12\/e220e5b2-3178-422d-b39a-5305412a48a4.jpeg?fit=1200%2C900&ssl=1&resize=525%2C300 1.5x, https:\/\/i0.wp.com\/noticiasribeiraopreto.com.br\/wp-content\/uploads\/2023\/12\/e220e5b2-3178-422d-b39a-5305412a48a4.jpeg?fit=1200%2C900&ssl=1&resize=700%2C400 2x, https:\/\/i0.wp.com\/noticiasribeiraopreto.com.br\/wp-content\/uploads\/2023\/12\/e220e5b2-3178-422d-b39a-5305412a48a4.jpeg?fit=1200%2C900&ssl=1&resize=1050%2C600 3x"},"classes":[]},{"id":71660,"url":"https:\/\/noticiasribeiraopreto.com.br\/index.php\/2025\/06\/08\/corpo-de-adolescente-encontrado-as-margens-do-rio-pardo-e-sepultado-em-pontal-familia-pede-por-justica\/","url_meta":{"origin":26112,"position":2},"title":"Corpo de adolescente encontrado \u00e0s margens do rio Pardo \u00e9 sepultado em Pontal; fam\u00edlia pede por justi\u00e7a","author":"noticiasribeiraopreto.com.br","date":"8 de June de 2025","format":false,"excerpt":"Foi sepultado neste domingo (8) o corpo do adolescente Alex Gabriel Santos, de 16 anos, no cemit\u00e9rio de Pontal, na regi\u00e3o de Ribeir\u00e3o Preto. O corpo do jovem foi encontrado \u00e0s margens do rio Pardo, no \u00faltimo s\u00e1bado (7). Os quatro suspeitos de envolvimento no crime foram presos. O corpo\u2026","rel":"","context":"In &quot;Not\u00edcias de Ribeir\u00e3o Preto-SP e Regi\u00e3o&quot;","block_context":{"text":"Not\u00edcias de Ribeir\u00e3o Preto-SP e Regi\u00e3o","link":"https:\/\/noticiasribeiraopreto.com.br\/index.php\/category\/noticias-de-ribeirao-preto-sp-e-regiao-ismael-colosi\/"},"img":{"alt_text":"","src":"https:\/\/i0.wp.com\/noticiasribeiraopreto.com.br\/wp-content\/uploads\/2025\/06\/cemiterio-pontal_2025-06-08_18-35-02.webp.webp?fit=1200%2C769&ssl=1&resize=350%2C200","width":350,"height":200,"srcset":"https:\/\/i0.wp.com\/noticiasribeiraopreto.com.br\/wp-content\/uploads\/2025\/06\/cemiterio-pontal_2025-06-08_18-35-02.webp.webp?fit=1200%2C769&ssl=1&resize=350%2C200 1x, https:\/\/i0.wp.com\/noticiasribeiraopreto.com.br\/wp-content\/uploads\/2025\/06\/cemiterio-pontal_2025-06-08_18-35-02.webp.webp?fit=1200%2C769&ssl=1&resize=525%2C300 1.5x, https:\/\/i0.wp.com\/noticiasribeiraopreto.com.br\/wp-content\/uploads\/2025\/06\/cemiterio-pontal_2025-06-08_18-35-02.webp.webp?fit=1200%2C769&ssl=1&resize=700%2C400 2x, https:\/\/i0.wp.com\/noticiasribeiraopreto.com.br\/wp-content\/uploads\/2025\/06\/cemiterio-pontal_2025-06-08_18-35-02.webp.webp?fit=1200%2C769&ssl=1&resize=1050%2C600 3x"},"classes":[]},{"id":59680,"url":"https:\/\/noticiasribeiraopreto.com.br\/index.php\/2024\/10\/28\/pm-encontra-corpo-apos-troca-de-tiros-que-deixou-um-morto-em-ribeirao-preto\/","url_meta":{"origin":26112,"position":3},"title":"PM encontra corpo ap\u00f3s troca de tiros que deixou um morto em Ribeir\u00e3o Preto","author":"noticiasribeiraopreto.com.br","date":"28 de October de 2024","format":false,"excerpt":"A PM (Pol\u00edcia Militar) encontrou um corpo depois de um confronto que resultou em uma morte na noite da \u00faltima sexta-feira (25), na estrada velha de Jardin\u00f3polis, em Ribeir\u00e3o Preto. Segundo o boletim de ocorr\u00eancia (BO), o corpo era de um homem e estava decepado, com perfura\u00e7\u00f5es no abd\u00f4men e\u2026","rel":"","context":"In &quot;Not\u00edcias de Ribeir\u00e3o Preto-SP e Regi\u00e3o&quot;","block_context":{"text":"Not\u00edcias de Ribeir\u00e3o Preto-SP e Regi\u00e3o","link":"https:\/\/noticiasribeiraopreto.com.br\/index.php\/category\/noticias-de-ribeirao-preto-sp-e-regiao-ismael-colosi\/"},"img":{"alt_text":"","src":"https:\/\/i0.wp.com\/noticiasribeiraopreto.com.br\/wp-content\/uploads\/2024\/10\/1730132116_20220620_114539075_policia_qru_1024x576_25052021184749_jpg_715985292.jpg?fit=1200%2C606&ssl=1&resize=350%2C200","width":350,"height":200,"srcset":"https:\/\/i0.wp.com\/noticiasribeiraopreto.com.br\/wp-content\/uploads\/2024\/10\/1730132116_20220620_114539075_policia_qru_1024x576_25052021184749_jpg_715985292.jpg?fit=1200%2C606&ssl=1&resize=350%2C200 1x, https:\/\/i0.wp.com\/noticiasribeiraopreto.com.br\/wp-content\/uploads\/2024\/10\/1730132116_20220620_114539075_policia_qru_1024x576_25052021184749_jpg_715985292.jpg?fit=1200%2C606&ssl=1&resize=525%2C300 1.5x, https:\/\/i0.wp.com\/noticiasribeiraopreto.com.br\/wp-content\/uploads\/2024\/10\/1730132116_20220620_114539075_policia_qru_1024x576_25052021184749_jpg_715985292.jpg?fit=1200%2C606&ssl=1&resize=700%2C400 2x, https:\/\/i0.wp.com\/noticiasribeiraopreto.com.br\/wp-content\/uploads\/2024\/10\/1730132116_20220620_114539075_policia_qru_1024x576_25052021184749_jpg_715985292.jpg?fit=1200%2C606&ssl=1&resize=1050%2C600 3x"},"classes":[]},{"id":46535,"url":"https:\/\/noticiasribeiraopreto.com.br\/index.php\/2024\/04\/12\/trabalhador-rural-encontra-cranio-perto-de-onde-ossada-humana-foi-achada-na-regiao-de-ribeirao\/","url_meta":{"origin":26112,"position":4},"title":"Trabalhador rural encontra cr\u00e2nio perto de onde ossada humana foi achada na regi\u00e3o de Ribeir\u00e3o","author":"noticiasribeiraopreto.com.br","date":"12 de April de 2024","format":false,"excerpt":"Um trabalhador rural encontrou um osso semelhante a um cr\u00e2nio humano na noite desta quinta-feira (11), em uma \u00e1rea pr\u00f3xima de onde foi achada uma ossada na \u00faltima segunda-feira (8), em Guatapar\u00e1, cidade a aproximadamente 60 quil\u00f4metros de Ribeir\u00e3o Preto. A Pol\u00edcia Civil informou que havia den\u00fancia de feminic\u00eddio em\u2026","rel":"","context":"In &quot;Not\u00edcias de Ribeir\u00e3o Preto-SP e Regi\u00e3o&quot;","block_context":{"text":"Not\u00edcias de Ribeir\u00e3o Preto-SP e Regi\u00e3o","link":"https:\/\/noticiasribeiraopreto.com.br\/index.php\/category\/noticias-de-ribeirao-preto-sp-e-regiao-ismael-colosi\/"},"img":{"alt_text":"","src":"https:\/\/i0.wp.com\/noticiasribeiraopreto.com.br\/wp-content\/uploads\/2024\/04\/policia_civil_1200x675_13122021212822.jpg?fit=1200%2C675&ssl=1&resize=350%2C200","width":350,"height":200,"srcset":"https:\/\/i0.wp.com\/noticiasribeiraopreto.com.br\/wp-content\/uploads\/2024\/04\/policia_civil_1200x675_13122021212822.jpg?fit=1200%2C675&ssl=1&resize=350%2C200 1x, https:\/\/i0.wp.com\/noticiasribeiraopreto.com.br\/wp-content\/uploads\/2024\/04\/policia_civil_1200x675_13122021212822.jpg?fit=1200%2C675&ssl=1&resize=525%2C300 1.5x, https:\/\/i0.wp.com\/noticiasribeiraopreto.com.br\/wp-content\/uploads\/2024\/04\/policia_civil_1200x675_13122021212822.jpg?fit=1200%2C675&ssl=1&resize=700%2C400 2x, https:\/\/i0.wp.com\/noticiasribeiraopreto.com.br\/wp-content\/uploads\/2024\/04\/policia_civil_1200x675_13122021212822.jpg?fit=1200%2C675&ssl=1&resize=1050%2C600 3x"},"classes":[]},{"id":79181,"url":"https:\/\/noticiasribeiraopreto.com.br\/index.php\/2025\/10\/26\/professora-tem-prisao-decretada-apos-confessar-ter-matado-namorado-e-enterrado-o-corpo\/","url_meta":{"origin":26112,"position":5},"title":"Professora tem pris\u00e3o decretada ap\u00f3s confessar ter matado namorado e enterrado o corpo","author":"noticiasribeiraopreto.com.br","date":"26 de October de 2025","format":false,"excerpt":"A Justi\u00e7a decretou a pris\u00e3o da\u00a0professora de est\u00e9tica Jussara Luzia Fernandes, de 62 anos, que confessou ter\u00a0matado o namorado e\u00a0enterrado\u00a0o corpo no quintal de casa em\u00a0Bebedouro, cidade a 80 quil\u00f4metros na\u00a0regi\u00e3o de Ribeir\u00e3o Preto. A mulher havia sido presa na \u00faltima\u00a0nesta sexta-feira (24) e teve a pris\u00e3o em flagrante convertida\u2026","rel":"","context":"In &quot;Not\u00edcias de Ribeir\u00e3o Preto-SP e Regi\u00e3o&quot;","block_context":{"text":"Not\u00edcias de Ribeir\u00e3o Preto-SP e Regi\u00e3o","link":"https:\/\/noticiasribeiraopreto.com.br\/index.php\/category\/noticias-de-ribeirao-preto-sp-e-regiao-ismael-colosi\/"},"img":{"alt_text":"","src":"https:\/\/i0.wp.com\/noticiasribeiraopreto.com.br\/wp-content\/uploads\/2025\/10\/Copia-de-Copia-de-Copia-de-TAMANHO-EXATO-PARA-FOTOS-NO-SISTEMA-NOVO-2025-10-24T163207.513_2025-10-24_19-32-43.webp.webp?fit=1200%2C675&ssl=1&resize=350%2C200","width":350,"height":200,"srcset":"https:\/\/i0.wp.com\/noticiasribeiraopreto.com.br\/wp-content\/uploads\/2025\/10\/Copia-de-Copia-de-Copia-de-TAMANHO-EXATO-PARA-FOTOS-NO-SISTEMA-NOVO-2025-10-24T163207.513_2025-10-24_19-32-43.webp.webp?fit=1200%2C675&ssl=1&resize=350%2C200 1x, https:\/\/i0.wp.com\/noticiasribeiraopreto.com.br\/wp-content\/uploads\/2025\/10\/Copia-de-Copia-de-Copia-de-TAMANHO-EXATO-PARA-FOTOS-NO-SISTEMA-NOVO-2025-10-24T163207.513_2025-10-24_19-32-43.webp.webp?fit=1200%2C675&ssl=1&resize=525%2C300 1.5x, https:\/\/i0.wp.com\/noticiasribeiraopreto.com.br\/wp-content\/uploads\/2025\/10\/Copia-de-Copia-de-Copia-de-TAMANHO-EXATO-PARA-FOTOS-NO-SISTEMA-NOVO-2025-10-24T163207.513_2025-10-24_19-32-43.webp.webp?fit=1200%2C675&ssl=1&resize=700%2C400 2x, https:\/\/i0.wp.com\/noticiasribeiraopreto.com.br\/wp-content\/uploads\/2025\/10\/Copia-de-Copia-de-Copia-de-TAMANHO-EXATO-PARA-FOTOS-NO-SISTEMA-NOVO-2025-10-24T163207.513_2025-10-24_19-32-43.webp.webp?fit=1200%2C675&ssl=1&resize=1050%2C600 3x"},"classes":[]}],"jetpack_sharing_enabled":true,"jetpack_shortlink":"https:\/\/wp.me\/peQAOb-6Na","_links":{"self":[{"href":"https:\/\/noticiasribeiraopreto.com.br\/index.php\/wp-json\/wp\/v2\/posts\/26112","targetHints":{"allow":["GET"]}}],"collection":[{"href":"https:\/\/noticiasribeiraopreto.com.br\/index.php\/wp-json\/wp\/v2\/posts"}],"about":[{"href":"https:\/\/noticiasribeiraopreto.com.br\/index.php\/wp-json\/wp\/v2\/types\/post"}],"author":[{"embeddable":true,"href":"https:\/\/noticiasribeiraopreto.com.br\/index.php\/wp-json\/wp\/v2\/users\/1"}],"replies":[{"embeddable":true,"href":"https:\/\/noticiasribeiraopreto.com.br\/index.php\/wp-json\/wp\/v2\/comments?post=26112"}],"version-history":[{"count":0,"href":"https:\/\/noticiasribeiraopreto.com.br\/index.php\/wp-json\/wp\/v2\/posts\/26112\/revisions"}],"wp:featuredmedia":[{"embeddable":true,"href":"https:\/\/noticiasribeiraopreto.com.br\/index.php\/wp-json\/wp\/v2\/media\/26113"}],"wp:attachment":[{"href":"https:\/\/noticiasribeiraopreto.com.br\/index.php\/wp-json\/wp\/v2\/media?parent=26112"}],"wp:term":[{"taxonomy":"category","embeddable":true,"href":"https:\/\/noticiasribeiraopreto.com.br\/index.php\/wp-json\/wp\/v2\/categories?post=26112"},{"taxonomy":"post_tag","embeddable":true,"href":"https:\/\/noticiasribeiraopreto.com.br\/index.php\/wp-json\/wp\/v2\/tags?post=26112"}],"curies":[{"name":"wp","href":"https:\/\/api.w.org\/{rel}","templated":true}]}}