{"id":26182,"date":"2024-01-09T12:30:15","date_gmt":"2024-01-09T15:30:15","guid":{"rendered":"https:\/\/noticiasribeiraopreto.com.br\/index.php\/2024\/01\/09\/com-estoque-baixo-banco-de-sangue-de-ribeirao-preto-pede-doacoes\/"},"modified":"2024-01-09T12:30:15","modified_gmt":"2024-01-09T15:30:15","slug":"com-estoque-baixo-banco-de-sangue-de-ribeirao-preto-pede-doacoes","status":"publish","type":"post","link":"https:\/\/noticiasribeiraopreto.com.br\/index.php\/2024\/01\/09\/com-estoque-baixo-banco-de-sangue-de-ribeirao-preto-pede-doacoes\/","title":{"rendered":"Com estoque baixo, Banco de Sangue de Ribeir\u00e3o Preto pede doa\u00e7\u00f5es"},"content":{"rendered":"<div class='code-block code-block-1' style='margin: 8px 0 8px auto; text-align: right; display: block; clear: both;'>\n<p><a href=\"https:\/\/wa.link\/vpicfd\"><img data-recalc-dims=\"1\" class=\"wp-image-4922\" style=\"aspect-ratio: 2.0253164556962027; width: 561px; height: auto;\" src=\"https:\/\/i0.wp.com\/ismaelcolosi.com.br\/wp-content\/uploads\/2023\/11\/grupo-de-empregos-whatsapp-e-facebook-ismael-colosi-vagas.jpg?ssl=1\" alt=\"\" \/><\/a><\/p>\n<!-- \/wp:image -->\n<\/div>\n<p> <br \/>\n<\/p>\n<div data-td-block-uid=\"tdi_104\">\n<div class=\"tdb-block-inner td-fix-index\">\n<p><strong>O Banco de Sangue de Ribeir\u00e3o Preto pede \u00e0 popula\u00e7\u00e3o doa\u00e7\u00f5es de sangue e de plaquetas.<\/strong> Com as festas de fim de ano e as f\u00e9rias, houve queda nas doa\u00e7\u00f5es, que j\u00e1 estavam com d\u00e9ficit de 60% em dezembro.<\/p>\n<p>\u201cEstamos enfrentando um per\u00edodo muito delicado\u201d, diz Micheli Caligioni, captadora de doadores do Banco de Sangue. \u201c\u00c9 importante conscientizar a popula\u00e7\u00e3o sobre a necessidade das doa\u00e7\u00f5es, para que n\u00e3o faltem bolsas de sangue para os pacientes que est\u00e3o internados nos hospitais\u201d, ressalta.<\/p>\n<p><strong>S\u00e3o necess\u00e1rias cerca de 50 doa\u00e7\u00f5es di\u00e1rias<\/strong> para o equil\u00edbrio nos estoques. \u201cPor\u00e9m, neste momento, estamos recebendo entre 15 e 20 doa\u00e7\u00f5es por dia, o que \u00e9 muito pouco. Precisamos de doa\u00e7\u00f5es de todos os tipos sangu\u00edneos\u201d, enfatiza.<\/p>\n<p><strong>O Banco de Sangue recebe doa\u00e7\u00f5es de segunda a s\u00e1bado, das 7h \u00e0s 12h, e fica na rua Quintino Bocai\u00fava, 975, Vila Seixas.<\/strong> Os telefones para conta s\u00e3o 16 3977 5900 e 16 99702 0830 (WhatsApp).<\/p>\n<h4 class=\"wp-block-heading\"><strong>Confira os pr\u00e9-requisitos para doa\u00e7\u00e3o de sangue:<\/strong><\/h4>\n<ul>\n<li>Ter idade entre 16 e 69 anos (menores de idade precisam da presen\u00e7a do respons\u00e1vel legal no momento da doa\u00e7\u00e3o);<\/li>\n<li>Pesar a partir de 50 kg e ter dormido ao menos 6h na \u00faltima noite;<\/li>\n<li>N\u00e3o ter feito uso de bebida alco\u00f3lica nas \u00faltimas 12 horas;<\/li>\n<li>Candidatos que apresentaram sintomas de gripe e\/ou resfriado devem aguardar 7 dias ap\u00f3s o fim dos sintomas e o uso das medica\u00e7\u00f5es;<\/li>\n<li>Em caso de diabetes, a doen\u00e7a deve estar controlada e n\u00e3o fazer uso de insulina;<\/li>\n<li>Aguardar 48h para doar caso tenha tomado a vacina da gripe.<\/li>\n<\/ul>\n<h4 class=\"wp-block-heading\"><strong>FIQUE ON<\/strong><\/h4>\n<p>Fique ligado em tudo que acontece em Ribeir\u00e3o Preto e regi\u00e3o. Siga os perfis do\u00a0<strong>acidade on\u00a0<\/strong>no\u00a0<a href=\"https:\/\/www.instagram.com\/acidadeonribeirao\" target=\"_blank\" rel=\"noreferrer noopener\">Instagram<\/a>\u00a0e no<a href=\"https:\/\/www.facebook.com\/acidadeonribeirao\" target=\"_blank\" rel=\"noreferrer noopener\">\u00a0Facebook.<\/a><\/p>\n<p>Receba not\u00edcias do<strong>\u00a0acidade on<\/strong>\u00a0no WhatsApp.\u00a0<a href=\"https:\/\/chat.whatsapp.com\/Bnv2w66ZT4VDyZW3oiZ69n\" target=\"_blank\" rel=\"noreferrer noopener\">Para entrar no grupo, basta clicar aqui.<\/a><\/p>\n<p>Fa\u00e7a uma den\u00fancia ou sugira uma reportagem sobre Ribeir\u00e3o Preto e regi\u00e3o pelo WhatsApp:\u00a0<strong>16 99117 7802.<\/strong><\/p>\n<p>VEJA TAMB\u00c9M<br \/>Saiba como visitar a maior exposi\u00e7\u00e3o do mundo sobre Chaves e Chapolin<\/p>\n<p><!-- AI CONTENT END 1 -->\n<\/div>\n<\/div>\n<p><script async src=\"\/\/www.instagram.com\/embed.js\"><\/script><br \/>\n<br \/><br \/>\n<br \/><a href=\"https:\/\/www.acidadeon.com\/ribeiraopreto\/cotidiano\/com-estoque-baixo-banco-de-sangue-de-ribeirao-preto-pede-doacoes\/\">Source link <\/a><\/p>\n<!-- CONTENT END 1 -->\n","protected":false},"excerpt":{"rendered":"<p>O Banco de Sangue de Ribeir\u00e3o Preto pede \u00e0 popula\u00e7\u00e3o doa\u00e7\u00f5es de sangue e de plaquetas. Com as festas de fim de ano e as&#8230;<\/p>\n","protected":false},"author":1,"featured_media":26183,"comment_status":"open","ping_status":"open","sticky":false,"template":"","format":"standard","meta":{"advanced_seo_description":"","jetpack_seo_html_title":"","jetpack_seo_noindex":false,"jetpack_seo_schema_type":"","_jetpack_newsletter_access":"","_jetpack_dont_email_post_to_subs":false,"_jetpack_newsletter_tier_id":0,"_jetpack_memberships_contains_paywalled_content":false,"_jetpack_feature_clip_id":0,"_jetpack_memberships_contains_paid_content":false,"footnotes":"","jetpack_publicize_message":"","jetpack_publicize_feature_enabled":true,"jetpack_social_post_already_shared":true,"jetpack_social_options":{"image_generator_settings":{"template":"highway","default_image_id":0,"font":"","enabled":false},"version":2},"jetpack_post_was_ever_published":false},"categories":[11],"tags":[3280,578,2304,2016,21,27,26,1787],"class_list":["post-26182","post","type-post","status-publish","format-standard","has-post-thumbnail","hentry","category-noticias-de-ribeirao-preto-sp-e-regiao-ismael-colosi","tag-baixo","tag-banco","tag-doacoes","tag-estoque","tag-pede","tag-preto","tag-ribeirao","tag-sangue"],"jetpack_publicize_connections":[],"jetpack-related-posts":[{"id":26437,"url":"https:\/\/noticiasribeiraopreto.com.br\/index.php\/2024\/01\/10\/banco-de-sangue-de-rp-pede-doacoes\/","url_meta":{"origin":26182,"position":0},"title":"Banco de Sangue de RP precisa de doa\u00e7\u00f5es","author":"noticiasribeiraopreto.com.br","date":"10 de January de 2024","format":false,"excerpt":"9 de janeiro de 2024 | 14:309 de janeiro de 2024 | 13:16 0O Banco de Sangue de Ribeir\u00e3o Preto pede \u00e0 popula\u00e7\u00e3o doa\u00e7\u00f5es de sangue e de plaquetas. Com as festas de fim de ano e as f\u00e9rias, houve queda nas doa\u00e7\u00f5es, que j\u00e1 estavam com d\u00e9ficit de 60%\u2026","rel":"","context":"In &quot;Not\u00edcias de Ribeir\u00e3o Preto-SP e Regi\u00e3o&quot;","block_context":{"text":"Not\u00edcias de Ribeir\u00e3o Preto-SP e Regi\u00e3o","link":"https:\/\/noticiasribeiraopreto.com.br\/index.php\/category\/noticias-de-ribeirao-preto-sp-e-regiao-ismael-colosi\/"},"img":{"alt_text":"","src":"https:\/\/i0.wp.com\/noticiasribeiraopreto.com.br\/wp-content\/uploads\/2024\/01\/sangue-scaled.jpg?fit=1000%2C598&ssl=1&resize=350%2C200","width":350,"height":200,"srcset":"https:\/\/i0.wp.com\/noticiasribeiraopreto.com.br\/wp-content\/uploads\/2024\/01\/sangue-scaled.jpg?fit=1000%2C598&ssl=1&resize=350%2C200 1x, https:\/\/i0.wp.com\/noticiasribeiraopreto.com.br\/wp-content\/uploads\/2024\/01\/sangue-scaled.jpg?fit=1000%2C598&ssl=1&resize=525%2C300 1.5x, https:\/\/i0.wp.com\/noticiasribeiraopreto.com.br\/wp-content\/uploads\/2024\/01\/sangue-scaled.jpg?fit=1000%2C598&ssl=1&resize=700%2C400 2x"},"classes":[]},{"id":45238,"url":"https:\/\/noticiasribeiraopreto.com.br\/index.php\/2024\/04\/03\/banco-de-sangue-de-ribeirao-pede-doacoes-do-tipo-o-negativo-com-urgencia-veja-como-doar\/","url_meta":{"origin":26182,"position":1},"title":"Banco de Sangue de Ribeir\u00e3o pede doa\u00e7\u00f5es do tipo O negativo com urg\u00eancia; Veja como doar","author":"noticiasribeiraopreto.com.br","date":"3 de April de 2024","format":false,"excerpt":"O GSH Banco de Sangue de Ribeir\u00e3o est\u00e1 com estoques do tipo sangu\u00edneo O negativo (doador universal) 22% abaixo do ideal. A institui\u00e7\u00e3o pede doa\u00e7\u00f5es urgentes para conseguir manter o fornecimento aos pacientes. Segundo o Banco de Sangue, ao mesmo tempo em que os estoques enfrentam um d\u00e9ficit, a demanda\u2026","rel":"","context":"In &quot;Not\u00edcias de Ribeir\u00e3o Preto-SP e Regi\u00e3o&quot;","block_context":{"text":"Not\u00edcias de Ribeir\u00e3o Preto-SP e Regi\u00e3o","link":"https:\/\/noticiasribeiraopreto.com.br\/index.php\/category\/noticias-de-ribeirao-preto-sp-e-regiao-ismael-colosi\/"},"img":{"alt_text":"","src":"https:\/\/i0.wp.com\/noticiasribeiraopreto.com.br\/wp-content\/uploads\/2024\/04\/doacao_sangue_500x320_08102017130429.jpg?fit=500%2C322&ssl=1&resize=350%2C200","width":350,"height":200},"classes":[]},{"id":81193,"url":"https:\/\/noticiasribeiraopreto.com.br\/index.php\/2025\/12\/27\/doacoes-de-sangue-tem-queda-no-fim-de-ano-veja-como-e-onde-doar-em-ribeirao-preto\/","url_meta":{"origin":26182,"position":2},"title":"Doa\u00e7\u00f5es de sangue t\u00eam queda no fim de ano; Veja como e onde doar em Ribeir\u00e3o Preto","author":"noticiasribeiraopreto.com.br","date":"27 de December de 2025","format":false,"excerpt":"O fim de ano \u00e9 tempo de festas e viagens, mas tamb\u00e9m \u00e9 um per\u00edodo cr\u00edtico para os bancos de sangue. Nessa \u00e9poca, as doa\u00e7\u00f5es costumam cair de forma significativa, enquanto a demanda nos hospitais continua alta. Em Ribeir\u00e3o Preto, as doa\u00e7\u00f5es s\u00e3o feitas regularmente no Hemocentro e no GSH\u2026","rel":"","context":"In &quot;Not\u00edcias de Ribeir\u00e3o Preto-SP e Regi\u00e3o&quot;","block_context":{"text":"Not\u00edcias de Ribeir\u00e3o Preto-SP e Regi\u00e3o","link":"https:\/\/noticiasribeiraopreto.com.br\/index.php\/category\/noticias-de-ribeirao-preto-sp-e-regiao-ismael-colosi\/"},"img":{"alt_text":"","src":"https:\/\/i0.wp.com\/noticiasribeiraopreto.com.br\/wp-content\/uploads\/2025\/12\/hepatite_exame_de_sangue_2025-12-26_19-29-31.webp.webp?fit=1170%2C700&ssl=1&resize=350%2C200","width":350,"height":200,"srcset":"https:\/\/i0.wp.com\/noticiasribeiraopreto.com.br\/wp-content\/uploads\/2025\/12\/hepatite_exame_de_sangue_2025-12-26_19-29-31.webp.webp?fit=1170%2C700&ssl=1&resize=350%2C200 1x, https:\/\/i0.wp.com\/noticiasribeiraopreto.com.br\/wp-content\/uploads\/2025\/12\/hepatite_exame_de_sangue_2025-12-26_19-29-31.webp.webp?fit=1170%2C700&ssl=1&resize=525%2C300 1.5x, https:\/\/i0.wp.com\/noticiasribeiraopreto.com.br\/wp-content\/uploads\/2025\/12\/hepatite_exame_de_sangue_2025-12-26_19-29-31.webp.webp?fit=1170%2C700&ssl=1&resize=700%2C400 2x, https:\/\/i0.wp.com\/noticiasribeiraopreto.com.br\/wp-content\/uploads\/2025\/12\/hepatite_exame_de_sangue_2025-12-26_19-29-31.webp.webp?fit=1170%2C700&ssl=1&resize=1050%2C600 3x"},"classes":[]},{"id":82073,"url":"https:\/\/noticiasribeiraopreto.com.br\/index.php\/2026\/02\/03\/hemocentro-alerta-para-risco-de-suspensao-de-cirurgias-por-baixo-estoque-de-sangue-saiba-como-doar\/","url_meta":{"origin":26182,"position":3},"title":"Hemocentro alerta para risco de suspens\u00e3o de cirurgias por baixo estoque de sangue; Saiba como doar","author":"noticiasribeiraopreto.com.br","date":"3 de February de 2026","format":false,"excerpt":"O Hemocentro de Ribeir\u00e3o Preto alertou para o risco de suspens\u00e3o de cirurgias em hospitais atendidos pela institui\u00e7\u00e3o devido aos baixos estoques de sangue nessa segunda-feira (2) \u2013 veja como doar logo abaixo. Os estoques de praticamente todos os tipos sangu\u00edneos est\u00e3o abaixo do n\u00edvel m\u00ednimo, com situa\u00e7\u00e3o mais cr\u00edtica\u2026","rel":"","context":"In &quot;Not\u00edcias de Ribeir\u00e3o Preto-SP e Regi\u00e3o&quot;","block_context":{"text":"Not\u00edcias de Ribeir\u00e3o Preto-SP e Regi\u00e3o","link":"https:\/\/noticiasribeiraopreto.com.br\/index.php\/category\/noticias-de-ribeirao-preto-sp-e-regiao-ismael-colosi\/"},"img":{"alt_text":"","src":"https:\/\/i0.wp.com\/noticiasribeiraopreto.com.br\/wp-content\/uploads\/2026\/02\/50622_2025-12-26_19-18-19.webp.webp?fit=680%2C453&ssl=1&resize=350%2C200","width":350,"height":200,"srcset":"https:\/\/i0.wp.com\/noticiasribeiraopreto.com.br\/wp-content\/uploads\/2026\/02\/50622_2025-12-26_19-18-19.webp.webp?fit=680%2C453&ssl=1&resize=350%2C200 1x, https:\/\/i0.wp.com\/noticiasribeiraopreto.com.br\/wp-content\/uploads\/2026\/02\/50622_2025-12-26_19-18-19.webp.webp?fit=680%2C453&ssl=1&resize=525%2C300 1.5x"},"classes":[]},{"id":88924,"url":"https:\/\/noticiasribeiraopreto.com.br\/index.php\/2026\/07\/27\/temporal-reduz-numero-de-doadores-e-banco-de-sangue-de-ribeirao-preto-reforca-pedido\/","url_meta":{"origin":26182,"position":4},"title":"Temporal reduz n\u00famero de doadores e Banco de Sangue de Ribeir\u00e3o Preto refor\u00e7a pedido","author":"noticiasribeiraopreto.com.br","date":"27 de July de 2026","format":false,"excerpt":"O GSH Banco de Sangue de Ribeir\u00e3o Preto refor\u00e7ou o pedido para que a popula\u00e7\u00e3o doe sangue, principalmente do tipo O negativo, ap\u00f3s registrar queda nos estoques da unidade. Segundo a institui\u00e7\u00e3o, a redu\u00e7\u00e3o nas doa\u00e7\u00f5es se intensificou depois da tempestade que atingiu a cidade na \u00faltima sexta-feira (24), afastando\u2026","rel":"","context":"In &quot;Not\u00edcias de Ribeir\u00e3o Preto-SP e Regi\u00e3o&quot;","block_context":{"text":"Not\u00edcias de Ribeir\u00e3o Preto-SP e Regi\u00e3o","link":"https:\/\/noticiasribeiraopreto.com.br\/index.php\/category\/noticias-de-ribeirao-preto-sp-e-regiao-ismael-colosi\/"},"img":{"alt_text":"","src":"https:\/\/i0.wp.com\/noticiasribeiraopreto.com.br\/wp-content\/uploads\/2024\/05\/blood-4951009_1280_2024-05-29_16-50-53_jpg_2024-05-29_16-50-54.webp.webp?fit=1200%2C800&ssl=1&resize=350%2C200","width":350,"height":200,"srcset":"https:\/\/i0.wp.com\/noticiasribeiraopreto.com.br\/wp-content\/uploads\/2024\/05\/blood-4951009_1280_2024-05-29_16-50-53_jpg_2024-05-29_16-50-54.webp.webp?fit=1200%2C800&ssl=1&resize=350%2C200 1x, https:\/\/i0.wp.com\/noticiasribeiraopreto.com.br\/wp-content\/uploads\/2024\/05\/blood-4951009_1280_2024-05-29_16-50-53_jpg_2024-05-29_16-50-54.webp.webp?fit=1200%2C800&ssl=1&resize=525%2C300 1.5x, https:\/\/i0.wp.com\/noticiasribeiraopreto.com.br\/wp-content\/uploads\/2024\/05\/blood-4951009_1280_2024-05-29_16-50-53_jpg_2024-05-29_16-50-54.webp.webp?fit=1200%2C800&ssl=1&resize=700%2C400 2x, https:\/\/i0.wp.com\/noticiasribeiraopreto.com.br\/wp-content\/uploads\/2024\/05\/blood-4951009_1280_2024-05-29_16-50-53_jpg_2024-05-29_16-50-54.webp.webp?fit=1200%2C800&ssl=1&resize=1050%2C600 3x"},"classes":[]},{"id":89184,"url":"https:\/\/noticiasribeiraopreto.com.br\/index.php\/2026\/07\/31\/infelizmente-as-pessoas-ainda-tem-muito-medo-da-doacao-de-sangue-diz-captadora-de-doacoes\/","url_meta":{"origin":26182,"position":5},"title":"\u2018Infelizmente, as pessoas ainda t\u00eam muito medo da doa\u00e7\u00e3o de sangue\u2019, diz captadora de doa\u00e7\u00f5es","author":"noticiasribeiraopreto.com.br","date":"31 de July de 2026","format":false,"excerpt":"O receio da agulha e informa\u00e7\u00f5es equivocadas ainda afastam muitos volunt\u00e1rios da doa\u00e7\u00e3o de sangue, mesmo diante da necessidade constante para salvar vidas, segundo Micheli Caligioni, captadora de doadores do GSH Banco de Sangue em Ribeir\u00e3o Preto. A unidade atende hospitais da cidade. Infelizmente Receba not\u00edcias do\u00a0acidade on Ribeir\u00e3o\u00a0no WhatsApp\u2026","rel":"","context":"In &quot;Not\u00edcias de Ribeir\u00e3o Preto-SP e Regi\u00e3o&quot;","block_context":{"text":"Not\u00edcias de Ribeir\u00e3o Preto-SP e Regi\u00e3o","link":"https:\/\/noticiasribeiraopreto.com.br\/index.php\/category\/noticias-de-ribeirao-preto-sp-e-regiao-ismael-colosi\/"},"img":{"alt_text":"","src":"https:\/\/i0.wp.com\/noticiasribeiraopreto.com.br\/wp-content\/uploads\/2026\/07\/sangue.jpg?fit=1200%2C895&ssl=1&resize=350%2C200","width":350,"height":200,"srcset":"https:\/\/i0.wp.com\/noticiasribeiraopreto.com.br\/wp-content\/uploads\/2026\/07\/sangue.jpg?fit=1200%2C895&ssl=1&resize=350%2C200 1x, https:\/\/i0.wp.com\/noticiasribeiraopreto.com.br\/wp-content\/uploads\/2026\/07\/sangue.jpg?fit=1200%2C895&ssl=1&resize=525%2C300 1.5x, https:\/\/i0.wp.com\/noticiasribeiraopreto.com.br\/wp-content\/uploads\/2026\/07\/sangue.jpg?fit=1200%2C895&ssl=1&resize=700%2C400 2x, https:\/\/i0.wp.com\/noticiasribeiraopreto.com.br\/wp-content\/uploads\/2026\/07\/sangue.jpg?fit=1200%2C895&ssl=1&resize=1050%2C600 3x"},"classes":[]}],"jetpack_sharing_enabled":true,"jetpack_shortlink":"https:\/\/wp.me\/peQAOb-6Oi","jetpack_featured_media_url":"https:\/\/i0.wp.com\/noticiasribeiraopreto.com.br\/wp-content\/uploads\/2024\/01\/WhatsApp-Image-2024-01-09-at-10.37.23.jpeg?fit=1600%2C720&ssl=1","_links":{"self":[{"href":"https:\/\/noticiasribeiraopreto.com.br\/index.php\/wp-json\/wp\/v2\/posts\/26182","targetHints":{"allow":["GET"]}}],"collection":[{"href":"https:\/\/noticiasribeiraopreto.com.br\/index.php\/wp-json\/wp\/v2\/posts"}],"about":[{"href":"https:\/\/noticiasribeiraopreto.com.br\/index.php\/wp-json\/wp\/v2\/types\/post"}],"author":[{"embeddable":true,"href":"https:\/\/noticiasribeiraopreto.com.br\/index.php\/wp-json\/wp\/v2\/users\/1"}],"replies":[{"embeddable":true,"href":"https:\/\/noticiasribeiraopreto.com.br\/index.php\/wp-json\/wp\/v2\/comments?post=26182"}],"version-history":[{"count":0,"href":"https:\/\/noticiasribeiraopreto.com.br\/index.php\/wp-json\/wp\/v2\/posts\/26182\/revisions"}],"wp:featuredmedia":[{"embeddable":true,"href":"https:\/\/noticiasribeiraopreto.com.br\/index.php\/wp-json\/wp\/v2\/media\/26183"}],"wp:attachment":[{"href":"https:\/\/noticiasribeiraopreto.com.br\/index.php\/wp-json\/wp\/v2\/media?parent=26182"}],"wp:term":[{"taxonomy":"category","embeddable":true,"href":"https:\/\/noticiasribeiraopreto.com.br\/index.php\/wp-json\/wp\/v2\/categories?post=26182"},{"taxonomy":"post_tag","embeddable":true,"href":"https:\/\/noticiasribeiraopreto.com.br\/index.php\/wp-json\/wp\/v2\/tags?post=26182"}],"curies":[{"name":"wp","href":"https:\/\/api.w.org\/{rel}","templated":true}]}}