{"id":26202,"date":"2024-01-09T14:01:22","date_gmt":"2024-01-09T17:01:22","guid":{"rendered":"https:\/\/noticiasribeiraopreto.com.br\/index.php\/2024\/01\/09\/indicado-de-macron-e-o-mais-jovem-primeiro-ministro-da-franca\/"},"modified":"2024-01-09T14:01:22","modified_gmt":"2024-01-09T17:01:22","slug":"indicado-de-macron-e-o-mais-jovem-primeiro-ministro-da-franca","status":"publish","type":"post","link":"https:\/\/noticiasribeiraopreto.com.br\/index.php\/2024\/01\/09\/indicado-de-macron-e-o-mais-jovem-primeiro-ministro-da-franca\/","title":{"rendered":"Indicado de Macron \u00e9 o mais jovem primeiro-ministro da Fran\u00e7a"},"content":{"rendered":"<div class='code-block code-block-1' style='margin: 8px 0 8px auto; text-align: right; display: block; clear: both;'>\n<p><a href=\"https:\/\/wa.link\/vpicfd\"><img data-recalc-dims=\"1\" class=\"wp-image-4922\" style=\"aspect-ratio: 2.0253164556962027; width: 561px; height: auto;\" src=\"https:\/\/i0.wp.com\/ismaelcolosi.com.br\/wp-content\/uploads\/2023\/11\/grupo-de-empregos-whatsapp-e-facebook-ismael-colosi-vagas.jpg?ssl=1\" alt=\"\" \/><\/a><\/p>\n<!-- \/wp:image -->\n<\/div>\n<p> <br \/>\n<\/p>\n<div id=\"js-first-letter\">\n<p>Faltando apenas 200 dias para as Olimp\u00edadas de Paris e com as elei\u00e7\u00f5es para o parlamento se aproximando, o atual governo franc\u00eas vem realizando uma maratona para suavizar sua imagem.<\/p>\n<p>Nesta ter\u00e7a-feira (9), o presidente Emmanuel Macron nomeou Gabriel Attal como o novo primeiro-ministro do pa\u00eds. A decis\u00e3o ocorre ap\u00f3s a <a href=\"https:\/\/www.seudinheiro.com\/2024\/internacional\/o-que-sera-da-franca-agora-o-que-esta-por-tras-da-renuncia-da-primeira-ministra-de-macron-ccgg\/\" target=\"_blank\" rel=\"noreferrer noopener\">ren\u00fancia de Elisabeth Borne na segunda-feira (8)<\/a>.<\/p>\n<p>Attal, que at\u00e9 ent\u00e3o ocupava o cargo de ministro da Educa\u00e7\u00e3o, \u00e9 a pessoa mais jovem a ocupar o cargo, aos 34 anos, e tamb\u00e9m \u00e9 o primeiro abertamente gay.<\/p>\n<p>O novo primeiro-ministro ter\u00e1 como principal tarefa trazer f\u00f4lego para o segundo mandato de Macron, ap\u00f3s uma s\u00e9rie de medidas impopulares em 2023.\u00a0<\/p>\n<p>\u201cSei que posso contar com a sua energia e o seu compromisso para implementar o projeto de rearmamento e regenera\u00e7\u00e3o que anunciei\u201d, disse Macron no X (antigo Twitter) sobre Gabriel Attal.<\/p>\n<p><strong>VEJA TAMB\u00c9M:<\/strong> <a href=\"https:\/\/www.youtube.com\/watch?v=Ba-iNelouFg\" target=\"_blank\" rel=\"noreferrer noopener\">&#8216;PIX&#8217; DO MICKEY? ENTENDA POR QUE VOC\u00ca DEVERIA INVESTIR NAS A\u00c7\u00d5ES DA DISNEY (DISB34)<\/a><\/p>\n<figure class=\"wp-block-embed is-type-video is-provider-youtube wp-block-embed-youtube wp-embed-aspect-16-9 wp-has-aspect-ratio\">\n<p>\n<iframe loading=\"lazy\" title=\"&#039;PIX&#039; DO MICKEY? ENTENDA POR QUE VOC\u00ca DEVERIA INVESTIR NAS A\u00c7\u00d5ES DA DISNEY (DISB34)\" width=\"500\" height=\"281\" src=\"https:\/\/www.youtube.com\/embed\/Ba-iNelouFg?feature=oembed\" frameborder=\"0\" allow=\"accelerometer; autoplay; clipboard-write; encrypted-media; gyroscope; picture-in-picture; web-share\" referrerpolicy=\"strict-origin-when-cross-origin\" allowfullscreen><\/iframe>\n<\/p>\n<\/figure>\n<h2 class=\"wp-block-heading\" id=\"h-renovacao-o-que-explica-a-nomeacao-de-gabriel-attal\">Renova\u00e7\u00e3o: o que explica a nomea\u00e7\u00e3o de Gabriel Attal?<\/h2>\n<p>Durante as declara\u00e7\u00f5es no Ano-Novo, o presidente da Fran\u00e7a j\u00e1 havia sinalizado seu desejo em realizar uma reforma industrial, econ\u00f4mica e social no pa\u00eds.<\/p>\n<p>A tentativa de Macron de dar novos ares para o governo vem em meio a uma s\u00e9rie de perdas. O presidente franc\u00eas enfrentou um 2023 turbulento, com protestos em massa contra a reforma das pens\u00f5es, tumultos urbanos e uma derrota na altera\u00e7\u00e3o da lei de imigra\u00e7\u00e3o.<\/p>\n<p>Al\u00e9m disso, no m\u00eas passado, o ministro da Sa\u00fade, Aur\u00e9lien Rousseau, saiu do governo em protesto.<\/p>\n<p>Agora, com as elei\u00e7\u00f5es de junho se aproximando, o presidente tenta fortalecer seu partido de centro. Vale lembrar que, em 2022, logo ap\u00f3s ser reeleito, Emmanuel Macron perdeu a maioria parlamentar.<\/p>\n<p>Atualmente, segundo pesquisas do portal <em>Politico<\/em>, o \u00edndice de desaprova\u00e7\u00e3o de Macron \u00e9 de 68%. J\u00e1 sua coaliz\u00e3o est\u00e1 cerca de 10 pontos atr\u00e1s do <em>Rally Nacional<\/em>, de extrema direita, nas pesquisas eleitorais europeias.<\/p>\n<h2 class=\"wp-block-heading\" id=\"h-quem-e-o-novo-primeiro-ministro-da-franca-gabriel-attal\">Quem \u00e9 o novo primeiro-ministro da Fran\u00e7a, Gabriel Attal?<\/h2>\n<p>O atual primeiro-ministro iniciou a ascens\u00e3o pol\u00edtica em 2016, ao deixar o Partido Socialista para apoiar a candidatura presidencial de Macron.\u00a0<\/p>\n<p>Em 2017, foi eleito para o parlamento e, desde 2018, ocupa cargos no governo. Desde julho de 2022, Gabriel Attal atuava como ministro da Educa\u00e7\u00e3o.<\/p>\n<p>Durante sua gest\u00e3o no minist\u00e9rio, determinou a proibi\u00e7\u00e3o de t\u00fanicas, usadas por algumas mulheres mu\u00e7ulmanas, nas escolas. Ele tamb\u00e9m anunciou uma s\u00e9rie de medidas para melhorar o desempenho acad\u00eamico dos alunos.\u00a0<\/p>\n<p>Agora ele se torna o quarto chefe de governo a tomar posse durante a presid\u00eancia de Emmanuel Macron.<\/p>\n<p>Gabriel Attal tamb\u00e9m vem chamando aten\u00e7\u00e3o nas pesquisas pol\u00edticas da Fran\u00e7a. Ele passou a ser inclu\u00eddo nas avalia\u00e7\u00f5es para as disputas presidenciais, ficando na posi\u00e7\u00e3o de segunda melhor escolha do campo pr\u00f3-Macron para 2027.<\/p>\n<p><em>*Com informa\u00e7\u00f5es da CNBC, CNN\u00a0 e Politico<\/em><\/p>\n<\/div>\n<p><br \/>\n<br \/><a href=\"https:\/\/www.seudinheiro.com\/2024\/internacional\/sangue-novo-para-contornar-a-crise-indicado-de-macron-se-torna-o-mais-jovem-primeiro-ministro-da-franca-e-o-primeiro-abertamente-gay-davs\/\">Source link <\/a><\/p>\n<!-- CONTENT END 1 -->\n","protected":false},"excerpt":{"rendered":"<p>Faltando apenas 200 dias para as Olimp\u00edadas de Paris e com as elei\u00e7\u00f5es para o parlamento se aproximando, o atual governo franc\u00eas vem realizando uma&#8230;<\/p>\n","protected":false},"author":1,"featured_media":26203,"comment_status":"open","ping_status":"open","sticky":false,"template":"","format":"standard","meta":{"advanced_seo_description":"","jetpack_seo_html_title":"","jetpack_seo_noindex":false,"jetpack_post_was_ever_published":false,"_jetpack_newsletter_access":"","_jetpack_dont_email_post_to_subs":false,"_jetpack_newsletter_tier_id":0,"_jetpack_memberships_contains_paywalled_content":false,"_jetpack_memberships_contains_paid_content":false,"footnotes":"","jetpack_publicize_message":"","jetpack_publicize_feature_enabled":true,"jetpack_social_post_already_shared":true,"jetpack_social_options":{"image_generator_settings":{"template":"highway","default_image_id":0,"font":"","enabled":false},"version":2}},"categories":[1235],"tags":[],"class_list":["post-26202","post","type-post","status-publish","format-standard","has-post-thumbnail","hentry","category-dinheiro-e-investimento-como-fazer-como-ganhar"],"jetpack_publicize_connections":[],"jetpack_featured_media_url":"https:\/\/i0.wp.com\/noticiasribeiraopreto.com.br\/wp-content\/uploads\/2024\/01\/Novo-Projeto-1-2-715x402.jpg?fit=715%2C402&ssl=1","jetpack-related-posts":[{"id":25921,"url":"https:\/\/noticiasribeiraopreto.com.br\/index.php\/2024\/01\/08\/au-revoir-paris-o-que-esta-por-tras-da-saida-da-primeira-ministra\/","url_meta":{"origin":26202,"position":0},"title":"Au revoir, Paris? O que est\u00e1 por tr\u00e1s da sa\u00edda da primeira-ministra","author":"noticiasribeiraopreto.com.br","date":"8 de January de 2024","format":false,"excerpt":"Quem anda pelas belas ruas de Paris pode se deparar com o Pal\u00e1cio do Eliseu, localizado no cora\u00e7\u00e3o da capital da Fran\u00e7a. O luxuoso pr\u00e9dio que abriga a resid\u00eancia oficial do presidente do pa\u00eds esconde, no entanto, as dificuldades de um governo que est\u00e1 prestes a passar por uma mudan\u00e7a.\u00a0\u2026","rel":"","context":"In &quot;Dinheiro e Investimento&quot;","block_context":{"text":"Dinheiro e Investimento","link":"https:\/\/noticiasribeiraopreto.com.br\/index.php\/category\/dinheiro-e-investimento-como-fazer-como-ganhar\/"},"img":{"alt_text":"","src":"https:\/\/i0.wp.com\/noticiasribeiraopreto.com.br\/wp-content\/uploads\/2024\/01\/shutterstock_618031253-628x353.jpg?fit=628%2C353&ssl=1&resize=350%2C200","width":350,"height":200,"srcset":"https:\/\/i0.wp.com\/noticiasribeiraopreto.com.br\/wp-content\/uploads\/2024\/01\/shutterstock_618031253-628x353.jpg?fit=628%2C353&ssl=1&resize=350%2C200 1x, https:\/\/i0.wp.com\/noticiasribeiraopreto.com.br\/wp-content\/uploads\/2024\/01\/shutterstock_618031253-628x353.jpg?fit=628%2C353&ssl=1&resize=525%2C300 1.5x"},"classes":[]},{"id":9701,"url":"https:\/\/noticiasribeiraopreto.com.br\/index.php\/2023\/12\/02\/macron-critica-possivel-acordo-entre-mercosul-e-uniao-europeia-apos-reuniao-com-lula-mas-diz-que-vira-ao-brasil-em-2024\/","url_meta":{"origin":26202,"position":1},"title":"Macron critica poss\u00edvel acordo entre Mercosul e Uni\u00e3o Europeia ap\u00f3s reuni\u00e3o com Lula, mas diz que vir\u00e1 ao Brasil em 2024","author":"noticiasribeiraopreto.com.br","date":"2 de December de 2023","format":false,"excerpt":"Atualmente em Dubai para a Confer\u00eancia das Na\u00e7\u00f5es Unidas sobre Mudan\u00e7as Clim\u00e1ticas de 2023 (COP28), o Luiz In\u00e1cio Lula da Silva (PT), deve deixar a cidade ainda neste s\u00e1bado (2) e voar para Europa para discutir um poss\u00edvel acordo entre o Mercosul e a Uni\u00e3o Europeia. Por\u00e9m, o presidente brasileiro\u2026","rel":"","context":"In &quot;Dinheiro e Investimento&quot;","block_context":{"text":"Dinheiro e Investimento","link":"https:\/\/noticiasribeiraopreto.com.br\/index.php\/category\/dinheiro-e-investimento-como-fazer-como-ganhar\/"},"img":{"alt_text":"","src":"https:\/\/i0.wp.com\/noticiasribeiraopreto.com.br\/wp-content\/uploads\/2023\/12\/shutterstock_618031208-628x353.jpg?fit=628%2C353&ssl=1&resize=350%2C200","width":350,"height":200,"srcset":"https:\/\/i0.wp.com\/noticiasribeiraopreto.com.br\/wp-content\/uploads\/2023\/12\/shutterstock_618031208-628x353.jpg?fit=628%2C353&ssl=1&resize=350%2C200 1x, https:\/\/i0.wp.com\/noticiasribeiraopreto.com.br\/wp-content\/uploads\/2023\/12\/shutterstock_618031208-628x353.jpg?fit=628%2C353&ssl=1&resize=525%2C300 1.5x"},"classes":[]},{"id":39475,"url":"https:\/\/noticiasribeiraopreto.com.br\/index.php\/2024\/02\/26\/primeiro-ministro-palestino-mohammad-shtayyeh-renuncia-ao-cargo\/","url_meta":{"origin":26202,"position":2},"title":"Primeiro-ministro palestino Mohammad Shtayyeh renuncia ao cargo","author":"noticiasribeiraopreto.com.br","date":"26 de February de 2024","format":false,"excerpt":"26 de fevereiro de 2024 | 12:09 0O primeiro-ministro palestino, Mohammad Shtayyeh, renunciou ao cargo nesta segunda-feira, 26. Segundo a\u00a0Al Jazeera, a ren\u00fancia ocorre devido \u00e0 escalada da viol\u00eancia no territ\u00f3rio ocupado, em meio \u00e0 guerra entre Israel e o grupo terrorista Hamas na Faixa de Gaza.Shtayyeh faz parte da\u2026","rel":"","context":"In &quot;Not\u00edcias de Ribeir\u00e3o Preto-SP e Regi\u00e3o&quot;","block_context":{"text":"Not\u00edcias de Ribeir\u00e3o Preto-SP e Regi\u00e3o","link":"https:\/\/noticiasribeiraopreto.com.br\/index.php\/category\/noticias-de-ribeirao-preto-sp-e-regiao-ismael-colosi\/"},"img":{"alt_text":"","src":"https:\/\/i0.wp.com\/noticiasribeiraopreto.com.br\/wp-content\/uploads\/2024\/02\/Mohammad-Shtayyeh-scaled.jpg?fit=994%2C645&ssl=1&resize=350%2C200","width":350,"height":200,"srcset":"https:\/\/i0.wp.com\/noticiasribeiraopreto.com.br\/wp-content\/uploads\/2024\/02\/Mohammad-Shtayyeh-scaled.jpg?fit=994%2C645&ssl=1&resize=350%2C200 1x, https:\/\/i0.wp.com\/noticiasribeiraopreto.com.br\/wp-content\/uploads\/2024\/02\/Mohammad-Shtayyeh-scaled.jpg?fit=994%2C645&ssl=1&resize=525%2C300 1.5x, https:\/\/i0.wp.com\/noticiasribeiraopreto.com.br\/wp-content\/uploads\/2024\/02\/Mohammad-Shtayyeh-scaled.jpg?fit=994%2C645&ssl=1&resize=700%2C400 2x"},"classes":[]},{"id":27293,"url":"https:\/\/noticiasribeiraopreto.com.br\/index.php\/2024\/01\/11\/ricardo-lewandowski-sera-o-novo-ministro-da-justica\/","url_meta":{"origin":26202,"position":3},"title":"Ricardo Lewandowski ser\u00e1 o novo ministro da Justi\u00e7a \u2013 Folha de Ribeir\u00e3o","author":"noticiasribeiraopreto.com.br","date":"11 de January de 2024","format":false,"excerpt":"O ex-ministro do Supremo Tribunal Federal (STF) Ricardo Lewandowski assumir\u00e1 o Minist\u00e9rio da Justi\u00e7a e Seguran\u00e7a P\u00fablica. O an\u00fancio foi feito nesta quinta-feira (11) pelo presidente Luiz In\u00e1cio Lula da Silva em pronunciamento no Pal\u00e1cio do Planalto. Lewandowski ocupar\u00e1 a vaga deixada por\u00a0Fl\u00e1vio Dino, indicado de Lula ao STF para\u2026","rel":"","context":"In &quot;Not\u00edcias de Ribeir\u00e3o Preto-SP e Regi\u00e3o&quot;","block_context":{"text":"Not\u00edcias de Ribeir\u00e3o Preto-SP e Regi\u00e3o","link":"https:\/\/noticiasribeiraopreto.com.br\/index.php\/category\/noticias-de-ribeirao-preto-sp-e-regiao-ismael-colosi\/"},"img":{"alt_text":"","src":"","width":0,"height":0},"classes":[]},{"id":15616,"url":"https:\/\/noticiasribeiraopreto.com.br\/index.php\/2023\/12\/14\/flavio-dino-e-aprovado-para-ministro-do-stf-veja-sua-mini-biografia\/","url_meta":{"origin":26202,"position":4},"title":"Fl\u00e1vio Dino \u00e9 aprovado para ministro do STF; Veja sua mini biografia","author":"noticiasribeiraopreto.com.br","date":"14 de December de 2023","format":false,"excerpt":"Na noite desta quarta-feira, 13 de dezembro, o plen\u00e1rio do Senado Federal aprovou, por meio de vota\u00e7\u00e3o, a indica\u00e7\u00e3o do atual Ministro da Justi\u00e7a e Seguran\u00e7a P\u00fablica, Fl\u00e1vio Dino, para assumir a cadeira no Supremo Tribunal Federal (STF) deixada pela ministra aposentada Rosa Weber. A indica\u00e7\u00e3o foi realizada pelo presidente\u2026","rel":"","context":"In &quot;Vagas de Emprego em Ribeir\u00e3o Preto-SP&quot;","block_context":{"text":"Vagas de Emprego em Ribeir\u00e3o Preto-SP","link":"https:\/\/noticiasribeiraopreto.com.br\/index.php\/category\/empregos-classificados-vagas-trabalho\/vagas-de-empregos-em-ribeirao-preto-regiao-brasil\/"},"img":{"alt_text":"","src":"https:\/\/i0.wp.com\/noticiasribeiraopreto.com.br\/wp-content\/uploads\/2023\/12\/anuncio-flavio-dino-ministro-novo-agencia-brasil.jpg?fit=1200%2C675&ssl=1&resize=350%2C200","width":350,"height":200,"srcset":"https:\/\/i0.wp.com\/noticiasribeiraopreto.com.br\/wp-content\/uploads\/2023\/12\/anuncio-flavio-dino-ministro-novo-agencia-brasil.jpg?fit=1200%2C675&ssl=1&resize=350%2C200 1x, https:\/\/i0.wp.com\/noticiasribeiraopreto.com.br\/wp-content\/uploads\/2023\/12\/anuncio-flavio-dino-ministro-novo-agencia-brasil.jpg?fit=1200%2C675&ssl=1&resize=525%2C300 1.5x, https:\/\/i0.wp.com\/noticiasribeiraopreto.com.br\/wp-content\/uploads\/2023\/12\/anuncio-flavio-dino-ministro-novo-agencia-brasil.jpg?fit=1200%2C675&ssl=1&resize=700%2C400 2x, https:\/\/i0.wp.com\/noticiasribeiraopreto.com.br\/wp-content\/uploads\/2023\/12\/anuncio-flavio-dino-ministro-novo-agencia-brasil.jpg?fit=1200%2C675&ssl=1&resize=1050%2C600 3x"},"classes":[]},{"id":16150,"url":"https:\/\/noticiasribeiraopreto.com.br\/index.php\/2023\/12\/15\/revisao-da-vida-toda-supremo-autoriza-novo-julgamento-em-plenario\/","url_meta":{"origin":26202,"position":5},"title":"Revis\u00e3o da vida toda: Supremo autoriza novo julgamento em plen\u00e1rio\u00a0","author":"noticiasribeiraopreto.com.br","date":"15 de December de 2023","format":false,"excerpt":"14 de dezembro de 2023 | 14:3014 de dezembro de 2023 | 11:33 0O recurso sobre a revis\u00e3o da vida toda foi liberado nesta quarta-feira, 13 de dezembro, para julgamento no plen\u00e1rio do Supremo Tribunal Federal (STF). Cabe agora ao ministro Lu\u00eds Roberto Barroso, presidente da Corte, encaixar o processo\u2026","rel":"","context":"In &quot;Not\u00edcias de Ribeir\u00e3o Preto-SP e Regi\u00e3o&quot;","block_context":{"text":"Not\u00edcias de Ribeir\u00e3o Preto-SP e Regi\u00e3o","link":"https:\/\/noticiasribeiraopreto.com.br\/index.php\/category\/noticias-de-ribeirao-preto-sp-e-regiao-ismael-colosi\/"},"img":{"alt_text":"","src":"https:\/\/i0.wp.com\/noticiasribeiraopreto.com.br\/wp-content\/uploads\/2023\/12\/previdenciainss-scaled.jpg?fit=700%2C419&ssl=1&resize=350%2C200","width":350,"height":200,"srcset":"https:\/\/i0.wp.com\/noticiasribeiraopreto.com.br\/wp-content\/uploads\/2023\/12\/previdenciainss-scaled.jpg?fit=700%2C419&ssl=1&resize=350%2C200 1x, https:\/\/i0.wp.com\/noticiasribeiraopreto.com.br\/wp-content\/uploads\/2023\/12\/previdenciainss-scaled.jpg?fit=700%2C419&ssl=1&resize=525%2C300 1.5x, https:\/\/i0.wp.com\/noticiasribeiraopreto.com.br\/wp-content\/uploads\/2023\/12\/previdenciainss-scaled.jpg?fit=700%2C419&ssl=1&resize=700%2C400 2x"},"classes":[]}],"jetpack_sharing_enabled":true,"jetpack_shortlink":"https:\/\/wp.me\/peQAOb-6OC","_links":{"self":[{"href":"https:\/\/noticiasribeiraopreto.com.br\/index.php\/wp-json\/wp\/v2\/posts\/26202","targetHints":{"allow":["GET"]}}],"collection":[{"href":"https:\/\/noticiasribeiraopreto.com.br\/index.php\/wp-json\/wp\/v2\/posts"}],"about":[{"href":"https:\/\/noticiasribeiraopreto.com.br\/index.php\/wp-json\/wp\/v2\/types\/post"}],"author":[{"embeddable":true,"href":"https:\/\/noticiasribeiraopreto.com.br\/index.php\/wp-json\/wp\/v2\/users\/1"}],"replies":[{"embeddable":true,"href":"https:\/\/noticiasribeiraopreto.com.br\/index.php\/wp-json\/wp\/v2\/comments?post=26202"}],"version-history":[{"count":0,"href":"https:\/\/noticiasribeiraopreto.com.br\/index.php\/wp-json\/wp\/v2\/posts\/26202\/revisions"}],"wp:featuredmedia":[{"embeddable":true,"href":"https:\/\/noticiasribeiraopreto.com.br\/index.php\/wp-json\/wp\/v2\/media\/26203"}],"wp:attachment":[{"href":"https:\/\/noticiasribeiraopreto.com.br\/index.php\/wp-json\/wp\/v2\/media?parent=26202"}],"wp:term":[{"taxonomy":"category","embeddable":true,"href":"https:\/\/noticiasribeiraopreto.com.br\/index.php\/wp-json\/wp\/v2\/categories?post=26202"},{"taxonomy":"post_tag","embeddable":true,"href":"https:\/\/noticiasribeiraopreto.com.br\/index.php\/wp-json\/wp\/v2\/tags?post=26202"}],"curies":[{"name":"wp","href":"https:\/\/api.w.org\/{rel}","templated":true}]}}