{"id":26206,"date":"2024-01-09T14:06:38","date_gmt":"2024-01-09T17:06:38","guid":{"rendered":"https:\/\/noticiasribeiraopreto.com.br\/index.php\/2024\/01\/09\/reta-final-do-processo-do-primeiro-filho-de-ludmilla-traz-grandes-expectativas\/"},"modified":"2024-01-09T14:06:38","modified_gmt":"2024-01-09T17:06:38","slug":"reta-final-do-processo-do-primeiro-filho-de-ludmilla-traz-grandes-expectativas","status":"publish","type":"post","link":"https:\/\/noticiasribeiraopreto.com.br\/index.php\/2024\/01\/09\/reta-final-do-processo-do-primeiro-filho-de-ludmilla-traz-grandes-expectativas\/","title":{"rendered":"&#8216;Reta final&#8217; do processo do primeiro filho de Ludmilla traz grandes expectativas"},"content":{"rendered":"<div class='code-block code-block-1' style='margin: 8px 0 8px auto; text-align: right; display: block; clear: both;'>\n<p><a href=\"https:\/\/wa.link\/vpicfd\"><img data-recalc-dims=\"1\" class=\"wp-image-4922\" style=\"aspect-ratio: 2.0253164556962027; width: 561px; height: auto;\" src=\"https:\/\/i0.wp.com\/ismaelcolosi.com.br\/wp-content\/uploads\/2023\/11\/grupo-de-empregos-whatsapp-e-facebook-ismael-colosi-vagas.jpg?ssl=1\" alt=\"\" \/><\/a><\/p>\n<!-- \/wp:image -->\n<\/div>\n<p> <br \/>\n<\/p>\n<div itemprop=\"text\">\n<p>2024 ser\u00e1 o ano em que a fam\u00edlia da cantora Ludmilla ir\u00e1 aumentar. Casada com Bruna Gon\u00e7alves, o casal anunciou no fim do ano passado que deram in\u00edcio ao processo de fertiliza\u00e7\u00e3o in vitro para engravidar.<\/p>\n<p>A respons\u00e1vel pelo barrig\u00e3o ser\u00e1 Bruna. Nela ser\u00e1 feito o implante do \u00f3vulo da esposa j\u00e1 fecundado. Por enquanto, as duas passam pelo processo de exames exigidos antes de iniciar a implanta\u00e7\u00e3o propriamente dita.<\/p>\n<p><em>\u201cReta final dos exames, gente. Falta pouco, falta pouco para essa parte de exames acabar. Acho que esse \u00e9 o pen\u00faltimo, falta s\u00f3 mais um\u201d<\/em>, contou a futura mam\u00e3e.<\/p>\n<blockquote class=\"instagram-media\" style=\"background: #FFF; border: 0; border-radius: 3px; box-shadow: 0 0 1px 0 rgba(0,0,0,0.5),0 1px 10px 0 rgba(0,0,0,0.15); margin: 1px; max-width: 540px; min-width: 326px; padding: 0; width: calc(100% - 2px);\" data-instgrm-captioned=\"\" data-instgrm-permalink=\"https:\/\/www.instagram.com\/p\/C14jafhuxvo\/?utm_source=ig_embed&amp;utm_campaign=loading\" data-instgrm-version=\"14\">\n<p>\u00a0<\/p>\n<p>Ver essa foto no Instagram<\/p>\n<p>\u00a0<\/p>\n<p style=\"color: #c9c8cd; font-family: Arial,sans-serif; font-size: 14px; line-height: 17px; margin-bottom: 0; margin-top: 8px; overflow: hidden; padding: 8px 0 7px; text-align: center; text-overflow: ellipsis; white-space: nowrap;\"><a style=\"color: #c9c8cd; font-family: Arial,sans-serif; font-size: 14px; font-style: normal; font-weight: normal; line-height: 17px; text-decoration: none;\" href=\"https:\/\/www.instagram.com\/p\/C14jafhuxvo\/?utm_source=ig_embed&amp;utm_campaign=loading\" target=\"_blank\" rel=\"noopener\">Uma publica\u00e7\u00e3o compartilhada por S U B C E L E B R I T I E S (@subcelebrities)<\/a><\/p>\n<\/blockquote>\n<p>Ainda relatando sobre a gravidez, parece que a cantora n\u00e3o est\u00e1 se aguentando de felicidade e ansiedade com a chegada do primeiro filho. Ela contou que a esposa chega a perguntar se seria poss\u00edvel pular algumas etapas para que adiantasse o processo.<\/p>\n<p>Dona de um dos projetos de maior alcance de p\u00fablico, Ludmilla arrasta multid\u00f5es com o Numa Nice e Bruna sempre esteve presente. Com a vinda do beb\u00ea, ela contou que ir\u00e1 acompanhar a esposa at\u00e9 momento que ser\u00e1 poss\u00edvel.<\/p>\n<p>Ansiedade tamb\u00e9m \u00e9 um dos sentimentos descrevidos pela vov\u00f3 Silvana Oliveira, m\u00e3e da cantora. No final do ano, ela fez quest\u00e3o de registrar em suas redes sociais a alegria de se tornar vov\u00f3.<\/p>\n<p>Ludmilla e Bruna tamb\u00e9m falaram da responsabilidade de terem um filho. Para elas, com toda viol\u00eancia e preconceito que o mundo vive, \u00e9 um ato de coragem colocar uma crian\u00e7a ao mundo.<\/p>\n<\/div>\n<p><script async src=\"\/\/www.instagram.com\/embed.js\"><\/script><br \/>\n<br \/><br \/>\n<br \/><a href=\"https:\/\/fnmais.com\/reta-final-processo-primeiro-filho-ludmilla-traz-grandes-expectativas\/\">Source link <\/a><\/p>\n<!-- CONTENT END 1 -->\n","protected":false},"excerpt":{"rendered":"<p>2024 ser\u00e1 o ano em que a fam\u00edlia da cantora Ludmilla ir\u00e1 aumentar. Casada com Bruna Gon\u00e7alves, o casal anunciou no fim do ano passado&#8230;<\/p>\n","protected":false},"author":1,"featured_media":26207,"comment_status":"open","ping_status":"open","sticky":false,"template":"","format":"standard","meta":{"advanced_seo_description":"","jetpack_seo_html_title":"","jetpack_seo_noindex":false,"jetpack_post_was_ever_published":false,"_jetpack_newsletter_access":"","_jetpack_dont_email_post_to_subs":false,"_jetpack_newsletter_tier_id":0,"_jetpack_memberships_contains_paywalled_content":false,"_jetpack_memberships_contains_paid_content":false,"footnotes":"","jetpack_publicize_message":"","jetpack_publicize_feature_enabled":true,"jetpack_social_post_already_shared":true,"jetpack_social_options":{"image_generator_settings":{"template":"highway","default_image_id":0,"font":"","enabled":false},"version":2}},"categories":[1],"tags":[],"class_list":["post-26206","post","type-post","status-publish","format-standard","has-post-thumbnail","hentry","category-blog"],"jetpack_publicize_connections":[],"jetpack_featured_media_url":"https:\/\/i0.wp.com\/noticiasribeiraopreto.com.br\/wp-content\/uploads\/2024\/01\/postimg-659d7cdb860601846.jpg?fit=1200%2C628&ssl=1","jetpack-related-posts":[{"id":10512,"url":"https:\/\/noticiasribeiraopreto.com.br\/index.php\/2023\/12\/04\/por-isso-que-eu-acho-que-a-gente-adia-tanto\/","url_meta":{"origin":26206,"position":0},"title":"Por isso que eu acho que a gente adia tanto","author":"noticiasribeiraopreto.com.br","date":"4 de December de 2023","format":false,"excerpt":"Quando a vov\u00f3 do momento anunciou nas redes sociais, o p\u00fablico entrou em del\u00edrio. Ludmilla e Bruna Gon\u00e7alves est\u00e3o em processo de fertiliza\u00e7\u00e3o in vitro para engravidar.Em entrevista para o fant\u00e1stico no \u00faltimo domingo, 3 de dezembro, o casal contou sobre um dos motivos s\u00e9rios que j\u00e1 fizeram com que\u2026","rel":"","context":"In &quot;Blog&quot;","block_context":{"text":"Blog","link":"https:\/\/noticiasribeiraopreto.com.br\/index.php\/category\/blog\/"},"img":{"alt_text":"","src":"https:\/\/i0.wp.com\/noticiasribeiraopreto.com.br\/wp-content\/uploads\/2023\/12\/postimg-656e27ac058cd1257.jpg?fit=1200%2C628&ssl=1&resize=350%2C200","width":350,"height":200,"srcset":"https:\/\/i0.wp.com\/noticiasribeiraopreto.com.br\/wp-content\/uploads\/2023\/12\/postimg-656e27ac058cd1257.jpg?fit=1200%2C628&ssl=1&resize=350%2C200 1x, https:\/\/i0.wp.com\/noticiasribeiraopreto.com.br\/wp-content\/uploads\/2023\/12\/postimg-656e27ac058cd1257.jpg?fit=1200%2C628&ssl=1&resize=525%2C300 1.5x, https:\/\/i0.wp.com\/noticiasribeiraopreto.com.br\/wp-content\/uploads\/2023\/12\/postimg-656e27ac058cd1257.jpg?fit=1200%2C628&ssl=1&resize=700%2C400 2x, https:\/\/i0.wp.com\/noticiasribeiraopreto.com.br\/wp-content\/uploads\/2023\/12\/postimg-656e27ac058cd1257.jpg?fit=1200%2C628&ssl=1&resize=1050%2C600 3x"},"classes":[]},{"id":16366,"url":"https:\/\/noticiasribeiraopreto.com.br\/index.php\/2023\/12\/15\/ludmilla-comemora-estreia-internacional-em-a-cor-purpura-bagulho-muito-alto\/","url_meta":{"origin":26206,"position":1},"title":"Ludmilla comemora estr\u00e9ia internacional em &#8216;A Cor P\u00farpura&#8217;: &#8220;Bagulho muito alto&#8221;","author":"noticiasribeiraopreto.com.br","date":"15 de December de 2023","format":false,"excerpt":"\u2018A Cor P\u00farpura\u2019 \u00e9 um filme musical de drama de \u00e9poca americano dirigido por Blitz Bazawule baseado no romance de Alice Walker e ser\u00e1 lan\u00e7ado em 4 de janeiro nos cinemas.O filme ter\u00e1 uma participa\u00e7\u00e3o vocal brasileira de ningu\u00e9m menos que Ludmila. \u201cBagulho muito alto\u201d comemorou a cantora ao anunciar\u2026","rel":"","context":"In &quot;Blog&quot;","block_context":{"text":"Blog","link":"https:\/\/noticiasribeiraopreto.com.br\/index.php\/category\/blog\/"},"img":{"alt_text":"","src":"https:\/\/i0.wp.com\/noticiasribeiraopreto.com.br\/wp-content\/uploads\/2023\/12\/postimg-657c6e71ed4b73910.jpg?fit=1200%2C628&ssl=1&resize=350%2C200","width":350,"height":200,"srcset":"https:\/\/i0.wp.com\/noticiasribeiraopreto.com.br\/wp-content\/uploads\/2023\/12\/postimg-657c6e71ed4b73910.jpg?fit=1200%2C628&ssl=1&resize=350%2C200 1x, https:\/\/i0.wp.com\/noticiasribeiraopreto.com.br\/wp-content\/uploads\/2023\/12\/postimg-657c6e71ed4b73910.jpg?fit=1200%2C628&ssl=1&resize=525%2C300 1.5x, https:\/\/i0.wp.com\/noticiasribeiraopreto.com.br\/wp-content\/uploads\/2023\/12\/postimg-657c6e71ed4b73910.jpg?fit=1200%2C628&ssl=1&resize=700%2C400 2x, https:\/\/i0.wp.com\/noticiasribeiraopreto.com.br\/wp-content\/uploads\/2023\/12\/postimg-657c6e71ed4b73910.jpg?fit=1200%2C628&ssl=1&resize=1050%2C600 3x"},"classes":[]},{"id":13966,"url":"https:\/\/noticiasribeiraopreto.com.br\/index.php\/2023\/12\/11\/ludmilla-fala-sobre-processos-da-chegada-do-primeiro-filho-ainda-bem-no-iniciozinho\/","url_meta":{"origin":26206,"position":2},"title":"Ludmilla fala sobre processos da chegada do primeiro filho: &#8221;ainda bem no iniciozinho&#8221;","author":"noticiasribeiraopreto.com.br","date":"11 de December de 2023","format":false,"excerpt":"\u2018 Altas Horas\u2019 tamb\u00e9m traz altos papos. Dentre os convidados da noite desse \u00faltimo s\u00e1bado, 9 de dezembro, estava o casal Ludmilla e Brunna Gon\u00e7alves. E l\u00e1, elas falaram sobre o assunto do momento: a futura gravidez.\u201cN\u00f3s estamos ainda bem no iniciozinho, que \u00e9 na fase dos exames, mas em\u2026","rel":"","context":"In &quot;Blog&quot;","block_context":{"text":"Blog","link":"https:\/\/noticiasribeiraopreto.com.br\/index.php\/category\/blog\/"},"img":{"alt_text":"","src":"https:\/\/i0.wp.com\/noticiasribeiraopreto.com.br\/wp-content\/uploads\/2023\/12\/postimg-657745460432e2853.jpg?fit=1200%2C628&ssl=1&resize=350%2C200","width":350,"height":200,"srcset":"https:\/\/i0.wp.com\/noticiasribeiraopreto.com.br\/wp-content\/uploads\/2023\/12\/postimg-657745460432e2853.jpg?fit=1200%2C628&ssl=1&resize=350%2C200 1x, https:\/\/i0.wp.com\/noticiasribeiraopreto.com.br\/wp-content\/uploads\/2023\/12\/postimg-657745460432e2853.jpg?fit=1200%2C628&ssl=1&resize=525%2C300 1.5x, https:\/\/i0.wp.com\/noticiasribeiraopreto.com.br\/wp-content\/uploads\/2023\/12\/postimg-657745460432e2853.jpg?fit=1200%2C628&ssl=1&resize=700%2C400 2x, https:\/\/i0.wp.com\/noticiasribeiraopreto.com.br\/wp-content\/uploads\/2023\/12\/postimg-657745460432e2853.jpg?fit=1200%2C628&ssl=1&resize=1050%2C600 3x"},"classes":[]},{"id":62102,"url":"https:\/\/noticiasribeiraopreto.com.br\/index.php\/2025\/01\/03\/detran-sp-aumenta-prazo-para-candidatos-a-cnh-concluirem-processo-de-habilitacao\/","url_meta":{"origin":26206,"position":3},"title":"Detran-SP aumenta prazo para candidatos \u00e0 CNH conclu\u00edrem processo de habilita\u00e7\u00e3o","author":"noticiasribeiraopreto.com.br","date":"3 de January de 2025","format":false,"excerpt":"O Detran-SP (Departamento Estadual de Tr\u00e2nsito de S\u00e3o Paulo) prorrogou o prazo para que os candidatos \u00e0 CNH (Carteira Nacional de Habilita\u00e7\u00e3o) possam encerrar o processo de habilita\u00e7\u00e3o. A prorroga\u00e7\u00e3o vai at\u00e9 31 de mar\u00e7o e foi motivada por uma decis\u00e3o judicial. De acordo com o \u00f3rg\u00e3o, foi aberto na\u2026","rel":"","context":"In &quot;Not\u00edcias de Ribeir\u00e3o Preto-SP e Regi\u00e3o&quot;","block_context":{"text":"Not\u00edcias de Ribeir\u00e3o Preto-SP e Regi\u00e3o","link":"https:\/\/noticiasribeiraopreto.com.br\/index.php\/category\/noticias-de-ribeirao-preto-sp-e-regiao-ismael-colosi\/"},"img":{"alt_text":"","src":"https:\/\/i0.wp.com\/noticiasribeiraopreto.com.br\/wp-content\/uploads\/2025\/01\/cnh_2025-01-03_17-22-47_jpeg_2025-01-03_17-22-47.webp.webp?fit=768%2C432&ssl=1&resize=350%2C200","width":350,"height":200,"srcset":"https:\/\/i0.wp.com\/noticiasribeiraopreto.com.br\/wp-content\/uploads\/2025\/01\/cnh_2025-01-03_17-22-47_jpeg_2025-01-03_17-22-47.webp.webp?fit=768%2C432&ssl=1&resize=350%2C200 1x, https:\/\/i0.wp.com\/noticiasribeiraopreto.com.br\/wp-content\/uploads\/2025\/01\/cnh_2025-01-03_17-22-47_jpeg_2025-01-03_17-22-47.webp.webp?fit=768%2C432&ssl=1&resize=525%2C300 1.5x, https:\/\/i0.wp.com\/noticiasribeiraopreto.com.br\/wp-content\/uploads\/2025\/01\/cnh_2025-01-03_17-22-47_jpeg_2025-01-03_17-22-47.webp.webp?fit=768%2C432&ssl=1&resize=700%2C400 2x"},"classes":[]},{"id":32729,"url":"https:\/\/noticiasribeiraopreto.com.br\/index.php\/2024\/01\/26\/as-ausencias-no-trabalho-permitidas-pela-clt-carreira-sucesso\/","url_meta":{"origin":26206,"position":4},"title":"as aus\u00eancias no trabalho permitidas pela CLT| Carreira &#038; Sucesso","author":"noticiasribeiraopreto.com.br","date":"26 de January de 2024","format":false,"excerpt":"Em um cen\u00e1rio ideal, o profissional n\u00e3o deve se ausentar do trabalho, mas por diferentes motivos, poder\u00e3o ocorrer as faltas justificadas no trabalho.\u00a0 Descubra a seguir quais s\u00e3o as 12 faltas justificadas pela CLT, e saiba como validar as faltas justificadas no trabalho conforme a Legisla\u00e7\u00e3o Trabalhista para n\u00e3o ter\u2026","rel":"","context":"In &quot;Blog&quot;","block_context":{"text":"Blog","link":"https:\/\/noticiasribeiraopreto.com.br\/index.php\/category\/blog\/"},"img":{"alt_text":"","src":"https:\/\/i0.wp.com\/noticiasribeiraopreto.com.br\/wp-content\/uploads\/2024\/01\/faltas-justificadas.jpg?fit=1200%2C675&ssl=1&resize=350%2C200","width":350,"height":200,"srcset":"https:\/\/i0.wp.com\/noticiasribeiraopreto.com.br\/wp-content\/uploads\/2024\/01\/faltas-justificadas.jpg?fit=1200%2C675&ssl=1&resize=350%2C200 1x, https:\/\/i0.wp.com\/noticiasribeiraopreto.com.br\/wp-content\/uploads\/2024\/01\/faltas-justificadas.jpg?fit=1200%2C675&ssl=1&resize=525%2C300 1.5x, https:\/\/i0.wp.com\/noticiasribeiraopreto.com.br\/wp-content\/uploads\/2024\/01\/faltas-justificadas.jpg?fit=1200%2C675&ssl=1&resize=700%2C400 2x, https:\/\/i0.wp.com\/noticiasribeiraopreto.com.br\/wp-content\/uploads\/2024\/01\/faltas-justificadas.jpg?fit=1200%2C675&ssl=1&resize=1050%2C600 3x"},"classes":[]},{"id":53857,"url":"https:\/\/noticiasribeiraopreto.com.br\/index.php\/2024\/06\/25\/saerp-alerta-para-falta-dagua-em-bairros-de-ribeirao-preto-veja-locais-afetados\/","url_meta":{"origin":26206,"position":5},"title":"Saerp alerta para falta d\u2019\u00e1gua em bairros de Ribeir\u00e3o Preto; Veja locais afetados","author":"noticiasribeiraopreto.com.br","date":"25 de June de 2024","format":false,"excerpt":"A Secretaria de \u00c1gua e Esgoto de Ribeir\u00e3o Preto (Saerp) informou que deve faltar \u00e1gua em pelo menos quatro bairros da zona Norte e Oeste da cidade, nesta ter\u00e7a-feira (25). Conforme o comunicado emitido, a bomba submersa do po\u00e7o Pompolo Engenho apresentou falhas eletromec\u00e2nicas e, por conta disso, ser\u00e1 necess\u00e1rio\u2026","rel":"","context":"In &quot;Not\u00edcias de Ribeir\u00e3o Preto-SP e Regi\u00e3o&quot;","block_context":{"text":"Not\u00edcias de Ribeir\u00e3o Preto-SP e Regi\u00e3o","link":"https:\/\/noticiasribeiraopreto.com.br\/index.php\/category\/noticias-de-ribeirao-preto-sp-e-regiao-ismael-colosi\/"},"img":{"alt_text":"","src":"https:\/\/i0.wp.com\/noticiasribeiraopreto.com.br\/wp-content\/uploads\/2024\/06\/torneira_falta_1024x576_08122020103237.jpg?fit=1024%2C576&ssl=1&resize=350%2C200","width":350,"height":200,"srcset":"https:\/\/i0.wp.com\/noticiasribeiraopreto.com.br\/wp-content\/uploads\/2024\/06\/torneira_falta_1024x576_08122020103237.jpg?fit=1024%2C576&ssl=1&resize=350%2C200 1x, https:\/\/i0.wp.com\/noticiasribeiraopreto.com.br\/wp-content\/uploads\/2024\/06\/torneira_falta_1024x576_08122020103237.jpg?fit=1024%2C576&ssl=1&resize=525%2C300 1.5x, https:\/\/i0.wp.com\/noticiasribeiraopreto.com.br\/wp-content\/uploads\/2024\/06\/torneira_falta_1024x576_08122020103237.jpg?fit=1024%2C576&ssl=1&resize=700%2C400 2x"},"classes":[]}],"jetpack_sharing_enabled":true,"jetpack_shortlink":"https:\/\/wp.me\/peQAOb-6OG","_links":{"self":[{"href":"https:\/\/noticiasribeiraopreto.com.br\/index.php\/wp-json\/wp\/v2\/posts\/26206","targetHints":{"allow":["GET"]}}],"collection":[{"href":"https:\/\/noticiasribeiraopreto.com.br\/index.php\/wp-json\/wp\/v2\/posts"}],"about":[{"href":"https:\/\/noticiasribeiraopreto.com.br\/index.php\/wp-json\/wp\/v2\/types\/post"}],"author":[{"embeddable":true,"href":"https:\/\/noticiasribeiraopreto.com.br\/index.php\/wp-json\/wp\/v2\/users\/1"}],"replies":[{"embeddable":true,"href":"https:\/\/noticiasribeiraopreto.com.br\/index.php\/wp-json\/wp\/v2\/comments?post=26206"}],"version-history":[{"count":0,"href":"https:\/\/noticiasribeiraopreto.com.br\/index.php\/wp-json\/wp\/v2\/posts\/26206\/revisions"}],"wp:featuredmedia":[{"embeddable":true,"href":"https:\/\/noticiasribeiraopreto.com.br\/index.php\/wp-json\/wp\/v2\/media\/26207"}],"wp:attachment":[{"href":"https:\/\/noticiasribeiraopreto.com.br\/index.php\/wp-json\/wp\/v2\/media?parent=26206"}],"wp:term":[{"taxonomy":"category","embeddable":true,"href":"https:\/\/noticiasribeiraopreto.com.br\/index.php\/wp-json\/wp\/v2\/categories?post=26206"},{"taxonomy":"post_tag","embeddable":true,"href":"https:\/\/noticiasribeiraopreto.com.br\/index.php\/wp-json\/wp\/v2\/tags?post=26206"}],"curies":[{"name":"wp","href":"https:\/\/api.w.org\/{rel}","templated":true}]}}