{"id":26214,"date":"2024-01-09T14:21:07","date_gmt":"2024-01-09T17:21:07","guid":{"rendered":"https:\/\/noticiasribeiraopreto.com.br\/index.php\/2024\/01\/09\/velorio-coletivo-das-vitimas-do-acidente-entre-onibus-e-caminhao-na-br-324-acontece-sob-forte-comocao-videos-e-fotos\/"},"modified":"2024-01-09T14:21:07","modified_gmt":"2024-01-09T17:21:07","slug":"velorio-coletivo-das-vitimas-do-acidente-entre-onibus-e-caminhao-na-br-324-acontece-sob-forte-comocao-videos-e-fotos","status":"publish","type":"post","link":"https:\/\/noticiasribeiraopreto.com.br\/index.php\/2024\/01\/09\/velorio-coletivo-das-vitimas-do-acidente-entre-onibus-e-caminhao-na-br-324-acontece-sob-forte-comocao-videos-e-fotos\/","title":{"rendered":"Vel\u00f3rio coletivo das v\u00edtimas do acidente entre \u00f4nibus e caminh\u00e3o na BR-324 acontece sob forte como\u00e7\u00e3o \u2013 V\u00cdDEOS E FOTOS"},"content":{"rendered":"<div class='code-block code-block-1' style='margin: 8px 0 8px auto; text-align: right; display: block; clear: both;'>\n<p><a href=\"https:\/\/wa.link\/vpicfd\"><img data-recalc-dims=\"1\" class=\"wp-image-4922\" style=\"aspect-ratio: 2.0253164556962027; width: 561px; height: auto;\" src=\"https:\/\/i0.wp.com\/ismaelcolosi.com.br\/wp-content\/uploads\/2023\/11\/grupo-de-empregos-whatsapp-e-facebook-ismael-colosi-vagas.jpg?ssl=1\" alt=\"\" \/><\/a><\/p>\n<!-- \/wp:image -->\n<\/div>\n<p> <br \/>\n<\/p>\n<div itemprop=\"text\">\n<p>A como\u00e7\u00e3o j\u00e1 se espalhava pela cidade de Jacobina, localizada no centro-norte da Bahia, quando os primeiros corpos provenientes da trag\u00e9dia envolvendo um micro-\u00f4nibus e um caminh\u00e3o chegaram ao Gin\u00e1sio Municipal de Esportes Paulo Santos Gomes na noite desta \u00faltima segunda-feira (8).<\/p>\n<p>Os primeiros a serem velados foram quatro indiv\u00edduos de uma mesma fam\u00edlia, incluindo uma crian\u00e7a. O vel\u00f3rio coletivo, que prossegue nesta ter\u00e7a-feira (9), ir\u00e1 homenagear 11 dos 24 falecidos no acidente ocorrido na BR-324 na noite de domingo (7).<\/p>\n<p>A atmosfera de melancolia e desola\u00e7\u00e3o leva centenas de indiv\u00edduos a empreenderem uma jornada pelos vel\u00f3rios das v\u00edtimas da trag\u00e9dia. As lojas do com\u00e9rcio amanheceram com suas portas fechadas, uma vez que a prefeitura anunciou um per\u00edodo oficial de luto de tr\u00eas dias.<\/p>\n<p>V\u00eddeos e fotos registraram a tristeza dos familiares, amigos e dos moradores da comunidade local, todos foram emocionalmente afetados por causa das mortes precoces em um acidente brutal.<\/p>\n<p>O micro-\u00f4nibus conduzia pelo menos cinco fam\u00edlias que retornavam \u00e0 cidade ap\u00f3s um passeio ao munic\u00edpio de Guarajuba, localizado na regi\u00e3o do Litoral Norte baiano, quando se envolveu em uma colis\u00e3o com um caminh\u00e3o truck.<\/p>\n<blockquote class=\"instagram-media\" style=\"background: #FFF; border: 0; border-radius: 3px; box-shadow: 0 0 1px 0 rgba(0,0,0,0.5),0 1px 10px 0 rgba(0,0,0,0.15); margin: 1px; max-width: 540px; min-width: 326px; padding: 0; width: calc(100% - 2px);\" data-instgrm-captioned=\"\" data-instgrm-permalink=\"https:\/\/www.instagram.com\/reel\/C14drPgMmcX\/?utm_source=ig_embed&amp;utm_campaign=loading\" data-instgrm-version=\"14\">\n<p>\u00a0<\/p>\n<p>Ver essa foto no Instagram<\/p>\n<p>\u00a0<\/p>\n<p style=\"color: #c9c8cd; font-family: Arial,sans-serif; font-size: 14px; line-height: 17px; margin-bottom: 0; margin-top: 8px; overflow: hidden; padding: 8px 0 7px; text-align: center; text-overflow: ellipsis; white-space: nowrap;\"><a style=\"color: #c9c8cd; font-family: Arial,sans-serif; font-size: 14px; font-style: normal; font-weight: normal; line-height: 17px; text-decoration: none;\" href=\"https:\/\/www.instagram.com\/reel\/C14drPgMmcX\/?utm_source=ig_embed&amp;utm_campaign=loading\" target=\"_blank\" rel=\"noopener\">Uma publica\u00e7\u00e3o compartilhada por JORNAL CORREIO | BAHIA (@correio24horas)<\/a><\/p>\n<\/blockquote>\n<p>Os tr\u00eas ocupantes do caminh\u00e3o, incluindo o motorista, perderam a vida. Os vel\u00f3rios em Jacobina est\u00e3o sendo realizados em pelo menos dois locais religiosos, um estabelecimento comercial, um clube e, al\u00e9m disso, no gin\u00e1sio municipal.<\/p>\n<p><iframe loading=\"lazy\" title=\"Jacobina em luto: Cidade realiza vel\u00f3rio coletivo de v\u00edtimas de acidente entre \u00f4nibus e caminh\u00e3o\" width=\"500\" height=\"281\" src=\"https:\/\/www.youtube.com\/embed\/XQyXHolJP2g?feature=oembed\" frameborder=\"0\" allow=\"accelerometer; autoplay; clipboard-write; encrypted-media; gyroscope; picture-in-picture; web-share\" referrerpolicy=\"strict-origin-when-cross-origin\" allowfullscreen><\/iframe><\/p>\n<p>As causas do acidente ainda est\u00e3o sob investiga\u00e7\u00e3o. Confira os nomes das v\u00edtimas que foram confirmados pelas autoridades:<\/p>\n<ol>\n<li>Amar\u00edlia Lima Grassi Santos<\/li>\n<li>Ana Paula G. Gon\u00e7alves Cerqueira<\/li>\n<li>Aurelito da Rocha Filho<\/li>\n<li>Edmilson Alencar dos Santos<\/li>\n<li>Emanuel Santos de Souza Nascimento<\/li>\n<li>Erivaldo Santos do Nascimento<\/li>\n<li>Gabriela Ferreira dos Santos<\/li>\n<li>Gleidson Santana de Andrade<\/li>\n<li>Isabela Santos de Almeida<\/li>\n<li>Jo\u00e3o Nilson Carvalho da Silva (motorista)<\/li>\n<li>Jo\u00e3o Victor Maia<\/li>\n<li>Kelvin Silva de Ara\u00fajo<\/li>\n<li>Leilane Fernandes de Jesus<\/li>\n<li>Maria Eunice Gonzaga<\/li>\n<li>Michele da Silva<\/li>\n<li>Marla Souza Mandu<\/li>\n<li>Paulo de Jesus<\/li>\n<li>Sabrina Grassi Alencar dos Santos<\/li>\n<li>Stefanny Vit\u00f3ria Ara\u00fajo da Silva (gr\u00e1vida 3 meses)<\/li>\n<li>Tatiane Santos de Souza Nascimento<\/li>\n<li>Tiago Manoel dos Santos<\/li>\n<li>Wolyver Manoel Ara\u00fajo dos Santos<\/li>\n<\/ol>\n<\/div>\n<p><script async src=\"\/\/www.instagram.com\/embed.js\"><\/script><br \/>\n<br \/><br \/>\n<br \/><a href=\"https:\/\/fnmais.com\/a-cidade-parou-velorio-coletivo-vitimas-acidente-entre-onibus-caminhao-na-br-324-acontece-sob-forte-comocao-videos-fotos\/\">Source link <\/a><\/p>\n<!-- CONTENT END 1 -->\n","protected":false},"excerpt":{"rendered":"<p>A como\u00e7\u00e3o j\u00e1 se espalhava pela cidade de Jacobina, localizada no centro-norte da Bahia, quando os primeiros corpos provenientes da trag\u00e9dia envolvendo um micro-\u00f4nibus e&#8230;<\/p>\n","protected":false},"author":1,"featured_media":26215,"comment_status":"open","ping_status":"open","sticky":false,"template":"","format":"standard","meta":{"advanced_seo_description":"","jetpack_seo_html_title":"","jetpack_seo_noindex":false,"jetpack_post_was_ever_published":false,"_jetpack_newsletter_access":"","_jetpack_dont_email_post_to_subs":false,"_jetpack_newsletter_tier_id":0,"_jetpack_memberships_contains_paywalled_content":false,"_jetpack_memberships_contains_paid_content":false,"footnotes":"","jetpack_publicize_message":"","jetpack_publicize_feature_enabled":true,"jetpack_social_post_already_shared":true,"jetpack_social_options":{"image_generator_settings":{"template":"highway","default_image_id":0,"font":"","enabled":false},"version":2}},"categories":[1],"tags":[],"class_list":["post-26214","post","type-post","status-publish","format-standard","has-post-thumbnail","hentry","category-blog"],"jetpack_publicize_connections":[],"jetpack_featured_media_url":"https:\/\/i0.wp.com\/noticiasribeiraopreto.com.br\/wp-content\/uploads\/2024\/01\/postimg-659d7d94a1e278920.jpg?fit=1200%2C628&ssl=1","jetpack-related-posts":[{"id":26319,"url":"https:\/\/noticiasribeiraopreto.com.br\/index.php\/2024\/01\/09\/quem-e-o-homem-que-nao-queria-viajar-mas-cedeu-ao-pedido-da-esposa-e-acabou-perdendo-a-vida-em-acidente-na-br-324\/","url_meta":{"origin":26214,"position":0},"title":"Quem \u00e9 o homem que n\u00e3o queria viajar, mas cedeu ao pedido da esposa e acabou perdendo a vida em acidente na BR- 324","author":"noticiasribeiraopreto.com.br","date":"9 de January de 2024","format":false,"excerpt":"Edmilson Alencar dos Santos, uma das 24 v\u00edtimas fatais no acidente envolvendo um caminh\u00e3o e um \u00f4nibus de turismo que aconteceu na noite do \u00faltimo domingo (7).O acidente aconteceu na rodovia BR-324, na altura do munic\u00edpio de S\u00e3o Jos\u00e9 do Jacu\u00edpe, localizado no interior do estado da Bahia, n\u00e3o tinha\u2026","rel":"","context":"In &quot;Blog&quot;","block_context":{"text":"Blog","link":"https:\/\/noticiasribeiraopreto.com.br\/index.php\/category\/blog\/"},"img":{"alt_text":"","src":"https:\/\/i0.wp.com\/noticiasribeiraopreto.com.br\/wp-content\/uploads\/2024\/01\/postimg-659dc60a00f708232.jpg?fit=1200%2C628&ssl=1&resize=350%2C200","width":350,"height":200,"srcset":"https:\/\/i0.wp.com\/noticiasribeiraopreto.com.br\/wp-content\/uploads\/2024\/01\/postimg-659dc60a00f708232.jpg?fit=1200%2C628&ssl=1&resize=350%2C200 1x, https:\/\/i0.wp.com\/noticiasribeiraopreto.com.br\/wp-content\/uploads\/2024\/01\/postimg-659dc60a00f708232.jpg?fit=1200%2C628&ssl=1&resize=525%2C300 1.5x, https:\/\/i0.wp.com\/noticiasribeiraopreto.com.br\/wp-content\/uploads\/2024\/01\/postimg-659dc60a00f708232.jpg?fit=1200%2C628&ssl=1&resize=700%2C400 2x, https:\/\/i0.wp.com\/noticiasribeiraopreto.com.br\/wp-content\/uploads\/2024\/01\/postimg-659dc60a00f708232.jpg?fit=1200%2C628&ssl=1&resize=1050%2C600 3x"},"classes":[]},{"id":63804,"url":"https:\/\/noticiasribeiraopreto.com.br\/index.php\/2025\/02\/22\/estudantes-que-morreram-em-acidente-no-interior-de-sp-terao-velorio-coletivo\/","url_meta":{"origin":26214,"position":1},"title":"Estudantes que morreram em acidente no interior de SP ter\u00e3o vel\u00f3rio coletivo","author":"noticiasribeiraopreto.com.br","date":"22 de February de 2025","format":false,"excerpt":"Os corpos dos 12 estudantes que morreram em um acidente entre um \u00f4nibus e um caminh\u00e3o, na noite da \u00faltima quinta-feira (20), no interior de S\u00e3o Paulo, ter\u00e3o um vel\u00f3rio coletivo. De acordo com a prefeitura de S\u00e3o Joaquim da Barra, os vel\u00f3rios v\u00e3o acontecer neste s\u00e1bado (22), \u00e0s 7h,\u2026","rel":"","context":"In &quot;Not\u00edcias de Ribeir\u00e3o Preto-SP e Regi\u00e3o&quot;","block_context":{"text":"Not\u00edcias de Ribeir\u00e3o Preto-SP e Regi\u00e3o","link":"https:\/\/noticiasribeiraopreto.com.br\/index.php\/category\/noticias-de-ribeirao-preto-sp-e-regiao-ismael-colosi\/"},"img":{"alt_text":"","src":"https:\/\/i0.wp.com\/noticiasribeiraopreto.com.br\/wp-content\/uploads\/2025\/02\/WhatsApp-Image-2025-02-21-at-06.27.08_2025-02-21_14-34-23_jpeg_2025-02-21_14-34-24-scaled.webp.webp?fit=1200%2C675&ssl=1&resize=350%2C200","width":350,"height":200,"srcset":"https:\/\/i0.wp.com\/noticiasribeiraopreto.com.br\/wp-content\/uploads\/2025\/02\/WhatsApp-Image-2025-02-21-at-06.27.08_2025-02-21_14-34-23_jpeg_2025-02-21_14-34-24-scaled.webp.webp?fit=1200%2C675&ssl=1&resize=350%2C200 1x, https:\/\/i0.wp.com\/noticiasribeiraopreto.com.br\/wp-content\/uploads\/2025\/02\/WhatsApp-Image-2025-02-21-at-06.27.08_2025-02-21_14-34-23_jpeg_2025-02-21_14-34-24-scaled.webp.webp?fit=1200%2C675&ssl=1&resize=525%2C300 1.5x, https:\/\/i0.wp.com\/noticiasribeiraopreto.com.br\/wp-content\/uploads\/2025\/02\/WhatsApp-Image-2025-02-21-at-06.27.08_2025-02-21_14-34-23_jpeg_2025-02-21_14-34-24-scaled.webp.webp?fit=1200%2C675&ssl=1&resize=700%2C400 2x, https:\/\/i0.wp.com\/noticiasribeiraopreto.com.br\/wp-content\/uploads\/2025\/02\/WhatsApp-Image-2025-02-21-at-06.27.08_2025-02-21_14-34-23_jpeg_2025-02-21_14-34-24-scaled.webp.webp?fit=1200%2C675&ssl=1&resize=1050%2C600 3x"},"classes":[]},{"id":17240,"url":"https:\/\/noticiasribeiraopreto.com.br\/index.php\/2023\/12\/17\/quem-sao-mae-e-filho-que-perderam-a-vida-em-acidente-tragico-velorio-e-sepultamento-foi-marcado-por-grande-comocao\/","url_meta":{"origin":26214,"position":2},"title":"Quem s\u00e3o m\u00e3e e filho que perderam a vida em acidente tr\u00e1gico, vel\u00f3rio e sepultamento foi marcado por grande como\u00e7\u00e3o","author":"noticiasribeiraopreto.com.br","date":"17 de December de 2023","format":false,"excerpt":"Uma trag\u00e9dia ocorreu na tarde desta da \u00faltima sexta-feira (15) com a colis\u00e3o frontal entre um caminh\u00e3o e uma caminhonete na rodovia RO-460, em processo de asfaltamento no munic\u00edpio de Buritis, localizado no interior de Rond\u00f4nia, que fica na regi\u00e3o Vale do Jamari, resultando na perda de duas vidas.De acordo\u2026","rel":"","context":"In &quot;Blog&quot;","block_context":{"text":"Blog","link":"https:\/\/noticiasribeiraopreto.com.br\/index.php\/category\/blog\/"},"img":{"alt_text":"","src":"https:\/\/i0.wp.com\/noticiasribeiraopreto.com.br\/wp-content\/uploads\/2023\/12\/postimg-657f85f5652382634.jpg?fit=1200%2C628&ssl=1&resize=350%2C200","width":350,"height":200,"srcset":"https:\/\/i0.wp.com\/noticiasribeiraopreto.com.br\/wp-content\/uploads\/2023\/12\/postimg-657f85f5652382634.jpg?fit=1200%2C628&ssl=1&resize=350%2C200 1x, https:\/\/i0.wp.com\/noticiasribeiraopreto.com.br\/wp-content\/uploads\/2023\/12\/postimg-657f85f5652382634.jpg?fit=1200%2C628&ssl=1&resize=525%2C300 1.5x, https:\/\/i0.wp.com\/noticiasribeiraopreto.com.br\/wp-content\/uploads\/2023\/12\/postimg-657f85f5652382634.jpg?fit=1200%2C628&ssl=1&resize=700%2C400 2x, https:\/\/i0.wp.com\/noticiasribeiraopreto.com.br\/wp-content\/uploads\/2023\/12\/postimg-657f85f5652382634.jpg?fit=1200%2C628&ssl=1&resize=1050%2C600 3x"},"classes":[]},{"id":27105,"url":"https:\/\/noticiasribeiraopreto.com.br\/index.php\/2024\/01\/11\/numero-de-vitimas-fatais-entre-acidente-em-onibus-na-bahia-sobe-para-25\/","url_meta":{"origin":26214,"position":3},"title":"N\u00famero de v\u00edtimas fatais entre acidente em \u00f4nibus na Bahia sobe para 25","author":"noticiasribeiraopreto.com.br","date":"11 de January de 2024","format":false,"excerpt":"Foi a \u00f3bito mais uma v\u00edtima do grave acidente entre um \u00f4nibus de turismo e um caminh\u00e3o de carga. At\u00e9 a atualiza\u00e7\u00e3o anterior, o n\u00famero de v\u00edtimas fatais registrados na trag\u00e9dia era de 24 e agora foi para 25 com a morte de Maria da Concei\u00e7\u00e3o Fernandes, de 33 anos.Maria\u2026","rel":"","context":"In &quot;Blog&quot;","block_context":{"text":"Blog","link":"https:\/\/noticiasribeiraopreto.com.br\/index.php\/category\/blog\/"},"img":{"alt_text":"","src":"https:\/\/i0.wp.com\/noticiasribeiraopreto.com.br\/wp-content\/uploads\/2024\/01\/postimg-659ffaac9057f9969.jpg?fit=1200%2C628&ssl=1&resize=350%2C200","width":350,"height":200,"srcset":"https:\/\/i0.wp.com\/noticiasribeiraopreto.com.br\/wp-content\/uploads\/2024\/01\/postimg-659ffaac9057f9969.jpg?fit=1200%2C628&ssl=1&resize=350%2C200 1x, https:\/\/i0.wp.com\/noticiasribeiraopreto.com.br\/wp-content\/uploads\/2024\/01\/postimg-659ffaac9057f9969.jpg?fit=1200%2C628&ssl=1&resize=525%2C300 1.5x, https:\/\/i0.wp.com\/noticiasribeiraopreto.com.br\/wp-content\/uploads\/2024\/01\/postimg-659ffaac9057f9969.jpg?fit=1200%2C628&ssl=1&resize=700%2C400 2x, https:\/\/i0.wp.com\/noticiasribeiraopreto.com.br\/wp-content\/uploads\/2024\/01\/postimg-659ffaac9057f9969.jpg?fit=1200%2C628&ssl=1&resize=1050%2C600 3x"},"classes":[]},{"id":25961,"url":"https:\/\/noticiasribeiraopreto.com.br\/index.php\/2024\/01\/08\/filha-do-dono-do-onibus-de-turismo-e-uma-das-24-vitimas-fatais-do-acidente-na-ba-pai-esta-em-choque\/","url_meta":{"origin":26214,"position":4},"title":"Filha do dono do \u00f4nibus de turismo \u00e9 uma das 24 v\u00edtimas fatais do acidente na BA; pai est\u00e1 &#8217;em choque&#8217;","author":"noticiasribeiraopreto.com.br","date":"8 de January de 2024","format":false,"excerpt":"A filha do dono do \u00f4nibus que se chocou contra um caminh\u00e3o a caminho de Jacobina, na Bahia, est\u00e1 entre as v\u00edtimas fatais do acidente que aconteceu na noite do \u00faltimo domingo (07\/01).O ve\u00edculo coletivo estava transportando dezenas de passageiros que haviam passado o fim de semana na praia de\u2026","rel":"","context":"In &quot;Blog&quot;","block_context":{"text":"Blog","link":"https:\/\/noticiasribeiraopreto.com.br\/index.php\/category\/blog\/"},"img":{"alt_text":"","src":"https:\/\/i0.wp.com\/noticiasribeiraopreto.com.br\/wp-content\/uploads\/2024\/01\/postimg-659c83a28249d3851.jpg?fit=1200%2C628&ssl=1&resize=350%2C200","width":350,"height":200,"srcset":"https:\/\/i0.wp.com\/noticiasribeiraopreto.com.br\/wp-content\/uploads\/2024\/01\/postimg-659c83a28249d3851.jpg?fit=1200%2C628&ssl=1&resize=350%2C200 1x, https:\/\/i0.wp.com\/noticiasribeiraopreto.com.br\/wp-content\/uploads\/2024\/01\/postimg-659c83a28249d3851.jpg?fit=1200%2C628&ssl=1&resize=525%2C300 1.5x, https:\/\/i0.wp.com\/noticiasribeiraopreto.com.br\/wp-content\/uploads\/2024\/01\/postimg-659c83a28249d3851.jpg?fit=1200%2C628&ssl=1&resize=700%2C400 2x, https:\/\/i0.wp.com\/noticiasribeiraopreto.com.br\/wp-content\/uploads\/2024\/01\/postimg-659c83a28249d3851.jpg?fit=1200%2C628&ssl=1&resize=1050%2C600 3x"},"classes":[]},{"id":24448,"url":"https:\/\/noticiasribeiraopreto.com.br\/index.php\/2024\/01\/04\/velorio-coletivo-marca-a-despedida-dos-quatro-jovens-que-foram-encontrados-mortos-em-bmw-video-causa-comocao\/","url_meta":{"origin":26214,"position":5},"title":"Vel\u00f3rio coletivo marca a despedida dos quatro jovens que foram encontrados mortos em BMW; v\u00eddeo causa como\u00e7\u00e3o","author":"noticiasribeiraopreto.com.br","date":"4 de January de 2024","format":false,"excerpt":"Na localidade de Paracatu, em Minas Gerais, ap\u00f3s mais de doze horas de atraso, quatro fam\u00edlias finalmente conseguiram se reencontrar e se despedir de seus entes queridos nesta \u00faltima quarta-feira, dia 3 de janeiro, no Jockey Clube local.Os corpos os quatro jovens, encontrados mortos no primeiro dia do ano dentro\u2026","rel":"","context":"In &quot;Blog&quot;","block_context":{"text":"Blog","link":"https:\/\/noticiasribeiraopreto.com.br\/index.php\/category\/blog\/"},"img":{"alt_text":"","src":"https:\/\/i0.wp.com\/noticiasribeiraopreto.com.br\/wp-content\/uploads\/2024\/01\/postimg-6596ce45efdf67527.jpg?fit=1200%2C628&ssl=1&resize=350%2C200","width":350,"height":200,"srcset":"https:\/\/i0.wp.com\/noticiasribeiraopreto.com.br\/wp-content\/uploads\/2024\/01\/postimg-6596ce45efdf67527.jpg?fit=1200%2C628&ssl=1&resize=350%2C200 1x, https:\/\/i0.wp.com\/noticiasribeiraopreto.com.br\/wp-content\/uploads\/2024\/01\/postimg-6596ce45efdf67527.jpg?fit=1200%2C628&ssl=1&resize=525%2C300 1.5x, https:\/\/i0.wp.com\/noticiasribeiraopreto.com.br\/wp-content\/uploads\/2024\/01\/postimg-6596ce45efdf67527.jpg?fit=1200%2C628&ssl=1&resize=700%2C400 2x, https:\/\/i0.wp.com\/noticiasribeiraopreto.com.br\/wp-content\/uploads\/2024\/01\/postimg-6596ce45efdf67527.jpg?fit=1200%2C628&ssl=1&resize=1050%2C600 3x"},"classes":[]}],"jetpack_sharing_enabled":true,"jetpack_shortlink":"https:\/\/wp.me\/peQAOb-6OO","_links":{"self":[{"href":"https:\/\/noticiasribeiraopreto.com.br\/index.php\/wp-json\/wp\/v2\/posts\/26214","targetHints":{"allow":["GET"]}}],"collection":[{"href":"https:\/\/noticiasribeiraopreto.com.br\/index.php\/wp-json\/wp\/v2\/posts"}],"about":[{"href":"https:\/\/noticiasribeiraopreto.com.br\/index.php\/wp-json\/wp\/v2\/types\/post"}],"author":[{"embeddable":true,"href":"https:\/\/noticiasribeiraopreto.com.br\/index.php\/wp-json\/wp\/v2\/users\/1"}],"replies":[{"embeddable":true,"href":"https:\/\/noticiasribeiraopreto.com.br\/index.php\/wp-json\/wp\/v2\/comments?post=26214"}],"version-history":[{"count":0,"href":"https:\/\/noticiasribeiraopreto.com.br\/index.php\/wp-json\/wp\/v2\/posts\/26214\/revisions"}],"wp:featuredmedia":[{"embeddable":true,"href":"https:\/\/noticiasribeiraopreto.com.br\/index.php\/wp-json\/wp\/v2\/media\/26215"}],"wp:attachment":[{"href":"https:\/\/noticiasribeiraopreto.com.br\/index.php\/wp-json\/wp\/v2\/media?parent=26214"}],"wp:term":[{"taxonomy":"category","embeddable":true,"href":"https:\/\/noticiasribeiraopreto.com.br\/index.php\/wp-json\/wp\/v2\/categories?post=26214"},{"taxonomy":"post_tag","embeddable":true,"href":"https:\/\/noticiasribeiraopreto.com.br\/index.php\/wp-json\/wp\/v2\/tags?post=26214"}],"curies":[{"name":"wp","href":"https:\/\/api.w.org\/{rel}","templated":true}]}}