{"id":26222,"date":"2024-01-09T14:46:50","date_gmt":"2024-01-09T17:46:50","guid":{"rendered":"https:\/\/noticiasribeiraopreto.com.br\/index.php\/2024\/01\/09\/ele-nao-me-ouviu-e-foi-video\/"},"modified":"2024-01-09T14:46:50","modified_gmt":"2024-01-09T17:46:50","slug":"ele-nao-me-ouviu-e-foi-video","status":"publish","type":"post","link":"https:\/\/noticiasribeiraopreto.com.br\/index.php\/2024\/01\/09\/ele-nao-me-ouviu-e-foi-video\/","title":{"rendered":"&#8216;Ele n\u00e3o me ouviu e foi&#8217;; v\u00eddeo"},"content":{"rendered":"<div class='code-block code-block-1' style='margin: 8px 0 8px auto; text-align: right; display: block; clear: both;'>\n<p><a href=\"https:\/\/wa.link\/vpicfd\"><img data-recalc-dims=\"1\" class=\"wp-image-4922\" style=\"aspect-ratio: 2.0253164556962027; width: 561px; height: auto;\" src=\"https:\/\/i0.wp.com\/ismaelcolosi.com.br\/wp-content\/uploads\/2023\/11\/grupo-de-empregos-whatsapp-e-facebook-ismael-colosi-vagas.jpg?ssl=1\" alt=\"\" \/><\/a><\/p>\n<!-- \/wp:image -->\n<\/div>\n<p> <br \/>\n<\/p>\n<div itemprop=\"text\">\n<p>Marlon Christian Silva perdeu sua vida ap\u00f3s ter tomado uma atitude de her\u00f3i, ao salvar uma jovem e uma crian\u00e7a de afogamento em Itapo\u00e1, Santa Catarina. E agora sua fam\u00edlia se encontra de luto pelo seu falecimento repentino.<\/p>\n<p>E antes do tr\u00e1gico evento, a m\u00e3e de Marlon, Dirceia Aparecida Ferreira, conta que pediu ao filho para n\u00e3o entrar no mar, alertando-o sobre as ondas fortes durante uma chamada de v\u00eddeo. Marlon teria visto as v\u00edtimas se afogando.<\/p>\n<p><strong>\u201cEle n\u00e3o pensou duas vezes e foi. Eu falei pra ele n\u00e3o ir, ele n\u00e3o me ouviu e foi. A\u00ed ele salvou e tentou voltar, e n\u00e3o conseguia voltar. S\u00f3 vi ele afundando, ele descia e subia de volta e a\u00ed sumiu, eu n\u00e3o vi mais. N\u00e3o voltou mais\u201d<\/strong>, disse ela, ao explicar o que teria acontecido.<\/p>\n<p>O incidente ocorreu durante uma excurs\u00e3o de Ponta Grossa, no Paran\u00e1, e ap\u00f3s mostrar \u00e0 m\u00e3e as condi\u00e7\u00f5es do mar, Marlon avistou a jovem e a crian\u00e7a em apuros. Ignorando o pedido da m\u00e3e para n\u00e3o ir, ele se lan\u00e7ou no mar agitado para resgatar os dois.<\/p>\n<p>Infelizmente, Marlon n\u00e3o conseguiu retornar \u00e0 praia, afundando e desaparecendo nas \u00e1guas. Posteriormente, o sue falecimento foi confirmado e agora muitos est\u00e3o lamentando a situa\u00e7\u00e3o.<\/p>\n<p>Video <a href=\"https:\/\/globoplay.globo.com\/v\/12251669\/\" target=\"_blank\" rel=\"nofollow noopener sponsored\">(clique aqui)<\/a><\/p>\n<p>A vi\u00fava, Mariselma Sitorvski Michten, relembra o momento angustiante quando Marlon tentou salvar as vidas e n\u00e3o conseguiu retornar para a margem.<\/p>\n<p>O pai da jovem e da crian\u00e7a salvas, Reinaldo Padilha, expressou gratid\u00e3o pela coragem de Marlon, enquanto o menino resgatado, Jo\u00e3o Victor Padilha, a crian\u00e7a salva, queria conseguir agradecer o homem.<\/p>\n<p>Marlon foi sepultado no cemit\u00e9rio Parque Campos Gerais, em Ponta Grossa, deixando uma lacuna irrepar\u00e1vel na vida daqueles que o amavam. Para muitos, ele partiu em um ato heroico.<\/p>\n<\/div>\n<p><br \/>\n<br \/><a href=\"https:\/\/fnmais.com\/mae-paranaense-que-faleceu-afogado-para-salvar-irmaos-pediu-para-que-ele-nao-entrasse-na-agua-ele-nao-me-ouviu-foi-video\/\">Source link <\/a><\/p>\n<!-- CONTENT END 1 -->\n","protected":false},"excerpt":{"rendered":"<p>Marlon Christian Silva perdeu sua vida ap\u00f3s ter tomado uma atitude de her\u00f3i, ao salvar uma jovem e uma crian\u00e7a de afogamento em Itapo\u00e1, Santa&#8230;<\/p>\n","protected":false},"author":1,"featured_media":26223,"comment_status":"open","ping_status":"open","sticky":false,"template":"","format":"standard","meta":{"advanced_seo_description":"","jetpack_seo_html_title":"","jetpack_seo_noindex":false,"jetpack_post_was_ever_published":false,"_jetpack_newsletter_access":"","_jetpack_dont_email_post_to_subs":false,"_jetpack_newsletter_tier_id":0,"_jetpack_memberships_contains_paywalled_content":false,"_jetpack_memberships_contains_paid_content":false,"footnotes":"","jetpack_publicize_message":"","jetpack_publicize_feature_enabled":true,"jetpack_social_post_already_shared":true,"jetpack_social_options":{"image_generator_settings":{"template":"highway","default_image_id":0,"font":"","enabled":false},"version":2}},"categories":[1],"tags":[],"class_list":["post-26222","post","type-post","status-publish","format-standard","has-post-thumbnail","hentry","category-blog"],"jetpack_publicize_connections":[],"jetpack_featured_media_url":"https:\/\/i0.wp.com\/noticiasribeiraopreto.com.br\/wp-content\/uploads\/2024\/01\/postimg-659d82c796b783374.jpg?fit=1200%2C628&ssl=1","jetpack-related-posts":[{"id":71077,"url":"https:\/\/noticiasribeiraopreto.com.br\/index.php\/2025\/06\/02\/caso-nelson-defesa-de-marlon-garante-que-cliente-vai-se-apresentar-quando-se-sentir-seguro\/","url_meta":{"origin":26222,"position":0},"title":"Caso Nelson: Defesa de Marlon garante que cliente vai se apresentar quando se sentir seguro","author":"noticiasribeiraopreto.com.br","date":"2 de June de 2025","format":false,"excerpt":"Por: Adalberto Luque O advogado Nathan Castelo Branco, respons\u00e1vel pela defesa de Marlon Couto Paula J\u00fanior, 26 anos e de sua esposa Marcela Silva de Almeida informou que n\u00e3o sabe onde o casal est\u00e1 escondido, nem se est\u00e3o juntos no mesmo local. Nesta segunda-feira (2), Castelo Branco adiantou que a\u2026","rel":"","context":"In &quot;Not\u00edcias de Ribeir\u00e3o Preto-SP e Regi\u00e3o&quot;","block_context":{"text":"Not\u00edcias de Ribeir\u00e3o Preto-SP e Regi\u00e3o","link":"https:\/\/noticiasribeiraopreto.com.br\/index.php\/category\/noticias-de-ribeirao-preto-sp-e-regiao-ismael-colosi\/"},"img":{"alt_text":"","src":"https:\/\/i0.wp.com\/noticiasribeiraopreto.com.br\/wp-content\/uploads\/2025\/06\/30-mai-2025-casonelsonmarlomemarcela2.jpg?fit=766%2C816&ssl=1&resize=350%2C200","width":350,"height":200,"srcset":"https:\/\/i0.wp.com\/noticiasribeiraopreto.com.br\/wp-content\/uploads\/2025\/06\/30-mai-2025-casonelsonmarlomemarcela2.jpg?fit=766%2C816&ssl=1&resize=350%2C200 1x, https:\/\/i0.wp.com\/noticiasribeiraopreto.com.br\/wp-content\/uploads\/2025\/06\/30-mai-2025-casonelsonmarlomemarcela2.jpg?fit=766%2C816&ssl=1&resize=525%2C300 1.5x, https:\/\/i0.wp.com\/noticiasribeiraopreto.com.br\/wp-content\/uploads\/2025\/06\/30-mai-2025-casonelsonmarlomemarcela2.jpg?fit=766%2C816&ssl=1&resize=700%2C400 2x"},"classes":[]},{"id":70653,"url":"https:\/\/noticiasribeiraopreto.com.br\/index.php\/2025\/05\/28\/suspeito-aponta-possivel-motivo-para-morte-de-empresario-em-cravinhos\/","url_meta":{"origin":26222,"position":1},"title":"Suspeito aponta poss\u00edvel motivo para morte de empres\u00e1rio em Cravinhos","author":"noticiasribeiraopreto.com.br","date":"28 de May de 2025","format":false,"excerpt":"Um dos suspeitos de envolvimento no desaparecimento e morte do empres\u00e1rio Nelson Francisco Carreira Filho disse para pol\u00edcia de Cravinhos o que poderia ter motivado a morte do empres\u00e1rio. Em depoimento na \u00faltima segunda-feira (26), Tadeu Almeida Silva afirmou que uma desaven\u00e7a por conta de uma marca de suplementos teria\u2026","rel":"","context":"In &quot;Not\u00edcias de Ribeir\u00e3o Preto-SP e Regi\u00e3o&quot;","block_context":{"text":"Not\u00edcias de Ribeir\u00e3o Preto-SP e Regi\u00e3o","link":"https:\/\/noticiasribeiraopreto.com.br\/index.php\/category\/noticias-de-ribeirao-preto-sp-e-regiao-ismael-colosi\/"},"img":{"alt_text":"","src":"https:\/\/i0.wp.com\/noticiasribeiraopreto.com.br\/wp-content\/uploads\/2025\/05\/TADEU-E-NELSON_2025-05-27_15-10-03.webp.webp?fit=1200%2C674&ssl=1&resize=350%2C200","width":350,"height":200,"srcset":"https:\/\/i0.wp.com\/noticiasribeiraopreto.com.br\/wp-content\/uploads\/2025\/05\/TADEU-E-NELSON_2025-05-27_15-10-03.webp.webp?fit=1200%2C674&ssl=1&resize=350%2C200 1x, https:\/\/i0.wp.com\/noticiasribeiraopreto.com.br\/wp-content\/uploads\/2025\/05\/TADEU-E-NELSON_2025-05-27_15-10-03.webp.webp?fit=1200%2C674&ssl=1&resize=525%2C300 1.5x, https:\/\/i0.wp.com\/noticiasribeiraopreto.com.br\/wp-content\/uploads\/2025\/05\/TADEU-E-NELSON_2025-05-27_15-10-03.webp.webp?fit=1200%2C674&ssl=1&resize=700%2C400 2x, https:\/\/i0.wp.com\/noticiasribeiraopreto.com.br\/wp-content\/uploads\/2025\/05\/TADEU-E-NELSON_2025-05-27_15-10-03.webp.webp?fit=1200%2C674&ssl=1&resize=1050%2C600 3x"},"classes":[]},{"id":77027,"url":"https:\/\/noticiasribeiraopreto.com.br\/index.php\/2025\/09\/10\/empresario-acusado-de-homicidio-em-cravinhos-sera-julgado-por-morte-em-mg\/","url_meta":{"origin":26222,"position":2},"title":"Empres\u00e1rio acusado de homic\u00eddio em Cravinhos ser\u00e1 julgado por morte em MG","author":"noticiasribeiraopreto.com.br","date":"10 de September de 2025","format":false,"excerpt":"O empres\u00e1rio Marlon Couto Paula J\u00fanior ser\u00e1 julgado nesta quarta-feira (10), em Uberaba (MG), pela morte de Daniel Rodrigues da Silva, que foi atropelado enquanto trabalhava em uma rodovia, em dezembro de 2022. Marlon, que est\u00e1 foragido, tamb\u00e9m \u00e9 acusado de matar o empres\u00e1rio Nelson Carreira Filho, em Cravinhos, na\u2026","rel":"","context":"In &quot;Not\u00edcias de Ribeir\u00e3o Preto-SP e Regi\u00e3o&quot;","block_context":{"text":"Not\u00edcias de Ribeir\u00e3o Preto-SP e Regi\u00e3o","link":"https:\/\/noticiasribeiraopreto.com.br\/index.php\/category\/noticias-de-ribeirao-preto-sp-e-regiao-ismael-colosi\/"},"img":{"alt_text":"","src":"https:\/\/i0.wp.com\/noticiasribeiraopreto.com.br\/wp-content\/uploads\/2025\/06\/MARLON-COUTO_2025-05-28_16-15-29.webp.webp?fit=1143%2C824&ssl=1&resize=350%2C200","width":350,"height":200,"srcset":"https:\/\/i0.wp.com\/noticiasribeiraopreto.com.br\/wp-content\/uploads\/2025\/06\/MARLON-COUTO_2025-05-28_16-15-29.webp.webp?fit=1143%2C824&ssl=1&resize=350%2C200 1x, https:\/\/i0.wp.com\/noticiasribeiraopreto.com.br\/wp-content\/uploads\/2025\/06\/MARLON-COUTO_2025-05-28_16-15-29.webp.webp?fit=1143%2C824&ssl=1&resize=525%2C300 1.5x, https:\/\/i0.wp.com\/noticiasribeiraopreto.com.br\/wp-content\/uploads\/2025\/06\/MARLON-COUTO_2025-05-28_16-15-29.webp.webp?fit=1143%2C824&ssl=1&resize=700%2C400 2x, https:\/\/i0.wp.com\/noticiasribeiraopreto.com.br\/wp-content\/uploads\/2025\/06\/MARLON-COUTO_2025-05-28_16-15-29.webp.webp?fit=1143%2C824&ssl=1&resize=1050%2C600 3x"},"classes":[]},{"id":70828,"url":"https:\/\/noticiasribeiraopreto.com.br\/index.php\/2025\/05\/30\/caso-daniel-marlon-e-tadeu-tinham-canal-de-empreendedorismo\/","url_meta":{"origin":26222,"position":3},"title":"Caso Daniel: Marlon e Tadeu tinham canal de empreendedorismo","author":"noticiasribeiraopreto.com.br","date":"30 de May de 2025","format":false,"excerpt":"Por: Adalberto Luque Dois dos investigados pela morte do empres\u00e1rio Nelson Francisco Carreira Filho, 44 anos, tiveram juntos um canal no YouTube dando dicas de empreendedorismo. Marlon Couto Paula J\u00fanior de 26 anos e Tadeu Almeida Silva de 42 anos, criaram o canal h\u00e1 quatro anos. No v\u00eddeo onde a\u2026","rel":"","context":"In &quot;Not\u00edcias de Ribeir\u00e3o Preto-SP e Regi\u00e3o&quot;","block_context":{"text":"Not\u00edcias de Ribeir\u00e3o Preto-SP e Regi\u00e3o","link":"https:\/\/noticiasribeiraopreto.com.br\/index.php\/category\/noticias-de-ribeirao-preto-sp-e-regiao-ismael-colosi\/"},"img":{"alt_text":"","src":"https:\/\/i0.wp.com\/noticiasribeiraopreto.com.br\/wp-content\/uploads\/2025\/05\/1748616814_maxresdefault.jpg?fit=1200%2C675&ssl=1&resize=350%2C200","width":350,"height":200,"srcset":"https:\/\/i0.wp.com\/noticiasribeiraopreto.com.br\/wp-content\/uploads\/2025\/05\/1748616814_maxresdefault.jpg?fit=1200%2C675&ssl=1&resize=350%2C200 1x, https:\/\/i0.wp.com\/noticiasribeiraopreto.com.br\/wp-content\/uploads\/2025\/05\/1748616814_maxresdefault.jpg?fit=1200%2C675&ssl=1&resize=525%2C300 1.5x, https:\/\/i0.wp.com\/noticiasribeiraopreto.com.br\/wp-content\/uploads\/2025\/05\/1748616814_maxresdefault.jpg?fit=1200%2C675&ssl=1&resize=700%2C400 2x, https:\/\/i0.wp.com\/noticiasribeiraopreto.com.br\/wp-content\/uploads\/2025\/05\/1748616814_maxresdefault.jpg?fit=1200%2C675&ssl=1&resize=1050%2C600 3x"},"classes":[]},{"id":70839,"url":"https:\/\/noticiasribeiraopreto.com.br\/index.php\/2025\/05\/30\/video-caso-nelson-marlon-e-tadeu-tinham-canal-de-empreendedorismo\/","url_meta":{"origin":26222,"position":4},"title":"V\u00cdDEO &#8211; Caso Nelson: Marlon e Tadeu tinham canal de empreendedorismo","author":"noticiasribeiraopreto.com.br","date":"30 de May de 2025","format":false,"excerpt":"Por: Adalberto Luque Dois dos investigados pela morte do empres\u00e1rio Nelson Francisco Carreira Filho, 44 anos, tiveram juntos um canal no YouTube dando dicas de empreendedorismo. Marlon Couto Paula J\u00fanior de 26 anos e Tadeu Almeida Silva de 42 anos, criaram o canal h\u00e1 quatro anos. No v\u00eddeo onde a\u2026","rel":"","context":"In &quot;Not\u00edcias de Ribeir\u00e3o Preto-SP e Regi\u00e3o&quot;","block_context":{"text":"Not\u00edcias de Ribeir\u00e3o Preto-SP e Regi\u00e3o","link":"https:\/\/noticiasribeiraopreto.com.br\/index.php\/category\/noticias-de-ribeirao-preto-sp-e-regiao-ismael-colosi\/"},"img":{"alt_text":"","src":"https:\/\/i0.wp.com\/noticiasribeiraopreto.com.br\/wp-content\/uploads\/2025\/05\/1748620674_maxresdefault.jpg?fit=1200%2C675&ssl=1&resize=350%2C200","width":350,"height":200,"srcset":"https:\/\/i0.wp.com\/noticiasribeiraopreto.com.br\/wp-content\/uploads\/2025\/05\/1748620674_maxresdefault.jpg?fit=1200%2C675&ssl=1&resize=350%2C200 1x, https:\/\/i0.wp.com\/noticiasribeiraopreto.com.br\/wp-content\/uploads\/2025\/05\/1748620674_maxresdefault.jpg?fit=1200%2C675&ssl=1&resize=525%2C300 1.5x, https:\/\/i0.wp.com\/noticiasribeiraopreto.com.br\/wp-content\/uploads\/2025\/05\/1748620674_maxresdefault.jpg?fit=1200%2C675&ssl=1&resize=700%2C400 2x, https:\/\/i0.wp.com\/noticiasribeiraopreto.com.br\/wp-content\/uploads\/2025\/05\/1748620674_maxresdefault.jpg?fit=1200%2C675&ssl=1&resize=1050%2C600 3x"},"classes":[]},{"id":71203,"url":"https:\/\/noticiasribeiraopreto.com.br\/index.php\/2025\/06\/03\/familia-de-empresario-morto-em-cravinhos-revela-conflitos-antes-do-crime\/","url_meta":{"origin":26222,"position":5},"title":"Fam\u00edlia de empres\u00e1rio morto em Cravinhos revela conflitos antes do crime","author":"noticiasribeiraopreto.com.br","date":"3 de June de 2025","format":false,"excerpt":"O irm\u00e3o de Nelson Francisco Carreira Filho, morto no \u00faltimo dia 16 de maio, em uma f\u00e1brica de suplementos em Cravinhos, na regi\u00e3o de Ribeir\u00e3o Preto, disse que o empres\u00e1rio enfrentava problemas nos neg\u00f3cios com Marlon Couto Paula J\u00fanior, que confessou a autoria do crime. Em entrevista \u00e0 EPTV, o\u2026","rel":"","context":"In &quot;Not\u00edcias de Ribeir\u00e3o Preto-SP e Regi\u00e3o&quot;","block_context":{"text":"Not\u00edcias de Ribeir\u00e3o Preto-SP e Regi\u00e3o","link":"https:\/\/noticiasribeiraopreto.com.br\/index.php\/category\/noticias-de-ribeirao-preto-sp-e-regiao-ismael-colosi\/"},"img":{"alt_text":"","src":"https:\/\/i0.wp.com\/noticiasribeiraopreto.com.br\/wp-content\/uploads\/2025\/05\/NELSON_2025-05-28_10-07-47.webp.webp?fit=1200%2C808&ssl=1&resize=350%2C200","width":350,"height":200,"srcset":"https:\/\/i0.wp.com\/noticiasribeiraopreto.com.br\/wp-content\/uploads\/2025\/05\/NELSON_2025-05-28_10-07-47.webp.webp?fit=1200%2C808&ssl=1&resize=350%2C200 1x, https:\/\/i0.wp.com\/noticiasribeiraopreto.com.br\/wp-content\/uploads\/2025\/05\/NELSON_2025-05-28_10-07-47.webp.webp?fit=1200%2C808&ssl=1&resize=525%2C300 1.5x, https:\/\/i0.wp.com\/noticiasribeiraopreto.com.br\/wp-content\/uploads\/2025\/05\/NELSON_2025-05-28_10-07-47.webp.webp?fit=1200%2C808&ssl=1&resize=700%2C400 2x, https:\/\/i0.wp.com\/noticiasribeiraopreto.com.br\/wp-content\/uploads\/2025\/05\/NELSON_2025-05-28_10-07-47.webp.webp?fit=1200%2C808&ssl=1&resize=1050%2C600 3x"},"classes":[]}],"jetpack_sharing_enabled":true,"jetpack_shortlink":"https:\/\/wp.me\/peQAOb-6OW","_links":{"self":[{"href":"https:\/\/noticiasribeiraopreto.com.br\/index.php\/wp-json\/wp\/v2\/posts\/26222","targetHints":{"allow":["GET"]}}],"collection":[{"href":"https:\/\/noticiasribeiraopreto.com.br\/index.php\/wp-json\/wp\/v2\/posts"}],"about":[{"href":"https:\/\/noticiasribeiraopreto.com.br\/index.php\/wp-json\/wp\/v2\/types\/post"}],"author":[{"embeddable":true,"href":"https:\/\/noticiasribeiraopreto.com.br\/index.php\/wp-json\/wp\/v2\/users\/1"}],"replies":[{"embeddable":true,"href":"https:\/\/noticiasribeiraopreto.com.br\/index.php\/wp-json\/wp\/v2\/comments?post=26222"}],"version-history":[{"count":0,"href":"https:\/\/noticiasribeiraopreto.com.br\/index.php\/wp-json\/wp\/v2\/posts\/26222\/revisions"}],"wp:featuredmedia":[{"embeddable":true,"href":"https:\/\/noticiasribeiraopreto.com.br\/index.php\/wp-json\/wp\/v2\/media\/26223"}],"wp:attachment":[{"href":"https:\/\/noticiasribeiraopreto.com.br\/index.php\/wp-json\/wp\/v2\/media?parent=26222"}],"wp:term":[{"taxonomy":"category","embeddable":true,"href":"https:\/\/noticiasribeiraopreto.com.br\/index.php\/wp-json\/wp\/v2\/categories?post=26222"},{"taxonomy":"post_tag","embeddable":true,"href":"https:\/\/noticiasribeiraopreto.com.br\/index.php\/wp-json\/wp\/v2\/tags?post=26222"}],"curies":[{"name":"wp","href":"https:\/\/api.w.org\/{rel}","templated":true}]}}