{"id":26230,"date":"2024-01-09T15:11:01","date_gmt":"2024-01-09T18:11:01","guid":{"rendered":"https:\/\/noticiasribeiraopreto.com.br\/index.php\/2024\/01\/09\/mae-de-melody-se-irrita-com-sugestao-de-anitta-para-filha-iniciar-romance-com-filho-de-ivete-sangalo\/"},"modified":"2024-01-09T15:11:01","modified_gmt":"2024-01-09T18:11:01","slug":"mae-de-melody-se-irrita-com-sugestao-de-anitta-para-filha-iniciar-romance-com-filho-de-ivete-sangalo","status":"publish","type":"post","link":"https:\/\/noticiasribeiraopreto.com.br\/index.php\/2024\/01\/09\/mae-de-melody-se-irrita-com-sugestao-de-anitta-para-filha-iniciar-romance-com-filho-de-ivete-sangalo\/","title":{"rendered":"M\u00e3e de Melody se irrita com sugest\u00e3o de Anitta para filha iniciar romance com filho de Ivete Sangalo"},"content":{"rendered":"<div class='code-block code-block-1' style='margin: 8px 0 8px auto; text-align: right; display: block; clear: both;'>\n<p><a href=\"https:\/\/wa.link\/vpicfd\"><img data-recalc-dims=\"1\" class=\"wp-image-4922\" style=\"aspect-ratio: 2.0253164556962027; width: 561px; height: auto;\" src=\"https:\/\/i0.wp.com\/ismaelcolosi.com.br\/wp-content\/uploads\/2023\/11\/grupo-de-empregos-whatsapp-e-facebook-ismael-colosi-vagas.jpg?ssl=1\" alt=\"\" \/><\/a><\/p>\n<!-- \/wp:image -->\n<\/div>\n<p> <br \/>\n<\/p>\n<div itemprop=\"text\">\n<p>Uma das mais estouradas nas plataformas digitais de m\u00fasica e m\u00eddia, o nome da cantora Anitta vira repercuss\u00e3o por diversos motivos. Dentre eles, algumas declara\u00e7\u00f5es dadas pela cantora.<\/p>\n<p>Dona de uma personalidade sincerona, Anitta desta vez desagradou uma de suas f\u00e3s. Esta seria Day Lima, a m\u00e3e da cantora Melody. Isso porque, Anitta sugeriu que Melody iniciasse um romance com Marcelo Salgado, filho de Ivete.<\/p>\n<p><b>\u201cEsse neg\u00f3cio de namoro o menino, que rid\u00edculo. Eu sou f\u00e3 da Anitta, mas nisso n\u00e3o apoio. Ela querendo for\u00e7ar um namoro da minha filha com o filho da Ivete Sangalo. Nada a ver, perdeu ponto comigo Anitta, porque eu queria ver se fosse a sua filha\u201d<\/b>, disparou.<\/p>\n<p>Videos <a href=\"https:\/\/revistaquem.globo.com\/video\/mae-de-melody-critica-anitta-por-sugerir-romance-para-sua-filha-12251078.ghtml\" target=\"_blank\" rel=\"nofollow noopener sponsored\">(clique aqui)<\/a><\/p>\n<p>Ainda em suas redes sociais ela escreveu sugerindo que antes de Anitta querer arrumar um pretendente para sua filha, ela deveria ser m\u00e3e para que ela arrumasse namorado para pr\u00f3pria filha.<\/p>\n<p>Day contou que mesmo sendo bloqueada pela filha de 16 anos nas redes sociais, ela faz quest\u00e3o de defende-la. Melody possui uma parceria com Anitta que tamb\u00e9m n\u00e3o agradou Day.<\/p>\n<p>\u201dMil vezes\u201d gerou cr\u00edticas da m\u00e3e da jovem. Segundo ela, n\u00e3o \u00e9 uma letra adequada para uma jovem cantar e classificou a can\u00e7\u00e3o como algo de \u201dp\u00e9ssimo gosto\u201d, pois haveria possibilidade dela escolher outras letras para viralizar.<\/p>\n<p>Melody al\u00e9m de cantora, demonstrou ser boa aluna. Recentemente ela exibiu seu boletim escolar com pelo menos 7 notas 10 das 17 mat\u00e9rias que estuda.<\/p>\n<\/div>\n<p><br \/>\n<br \/><a href=\"https:\/\/fnmais.com\/mae-melody-se-irrita-com-sugestao-anitta-para-filha-iniciar-romance-com-filho-ivete-sangalo\/\">Source link <\/a><\/p>\n<!-- CONTENT END 1 -->\n","protected":false},"excerpt":{"rendered":"<p>Uma das mais estouradas nas plataformas digitais de m\u00fasica e m\u00eddia, o nome da cantora Anitta vira repercuss\u00e3o por diversos motivos. Dentre eles, algumas declara\u00e7\u00f5es&#8230;<\/p>\n","protected":false},"author":1,"featured_media":26231,"comment_status":"open","ping_status":"open","sticky":false,"template":"","format":"standard","meta":{"advanced_seo_description":"","jetpack_seo_html_title":"","jetpack_seo_noindex":false,"jetpack_post_was_ever_published":false,"_jetpack_newsletter_access":"","_jetpack_dont_email_post_to_subs":false,"_jetpack_newsletter_tier_id":0,"_jetpack_memberships_contains_paywalled_content":false,"_jetpack_memberships_contains_paid_content":false,"footnotes":"","jetpack_publicize_message":"","jetpack_publicize_feature_enabled":true,"jetpack_social_post_already_shared":true,"jetpack_social_options":{"image_generator_settings":{"template":"highway","default_image_id":0,"font":"","enabled":false},"version":2}},"categories":[1],"tags":[],"class_list":["post-26230","post","type-post","status-publish","format-standard","has-post-thumbnail","hentry","category-blog"],"jetpack_publicize_connections":[],"jetpack_featured_media_url":"https:\/\/i0.wp.com\/noticiasribeiraopreto.com.br\/wp-content\/uploads\/2024\/01\/postimg-659d88495a6412250.jpg?fit=1200%2C628&ssl=1","jetpack-related-posts":[{"id":7507,"url":"https:\/\/noticiasribeiraopreto.com.br\/index.php\/2023\/11\/28\/angelica-rebate-comentario-ousado-de-anitta-sobre-seu-filho\/","url_meta":{"origin":26230,"position":0},"title":"Ang\u00e9lica rebate coment\u00e1rio ousado de Anitta sobre seu filho","author":"noticiasribeiraopreto.com.br","date":"28 de November de 2023","format":false,"excerpt":"Os \u201950 e Tanto\u2019 passou de uma refer\u00eancia de idade para um programa de Tv. A refer\u00eancia faz homenagem a apresentadora Ang\u00e9lica. A esposa de Luciano Hulk completar\u00e1 a idade ainda durante a semana.A loira ir\u00e1 soprar as velinhas no dia 30 de novembro para comemorar a chegada dos 50\u2026","rel":"","context":"In &quot;Blog&quot;","block_context":{"text":"Blog","link":"https:\/\/noticiasribeiraopreto.com.br\/index.php\/category\/blog\/"},"img":{"alt_text":"","src":"https:\/\/i0.wp.com\/noticiasribeiraopreto.com.br\/wp-content\/uploads\/2023\/11\/postimg-6565e9c625dc75229.jpg?fit=1200%2C628&ssl=1&resize=350%2C200","width":350,"height":200,"srcset":"https:\/\/i0.wp.com\/noticiasribeiraopreto.com.br\/wp-content\/uploads\/2023\/11\/postimg-6565e9c625dc75229.jpg?fit=1200%2C628&ssl=1&resize=350%2C200 1x, https:\/\/i0.wp.com\/noticiasribeiraopreto.com.br\/wp-content\/uploads\/2023\/11\/postimg-6565e9c625dc75229.jpg?fit=1200%2C628&ssl=1&resize=525%2C300 1.5x, https:\/\/i0.wp.com\/noticiasribeiraopreto.com.br\/wp-content\/uploads\/2023\/11\/postimg-6565e9c625dc75229.jpg?fit=1200%2C628&ssl=1&resize=700%2C400 2x, https:\/\/i0.wp.com\/noticiasribeiraopreto.com.br\/wp-content\/uploads\/2023\/11\/postimg-6565e9c625dc75229.jpg?fit=1200%2C628&ssl=1&resize=1050%2C600 3x"},"classes":[]},{"id":5999,"url":"https:\/\/noticiasribeiraopreto.com.br\/index.php\/2023\/11\/24\/anitta-quebra-silencio-apos-sua-estreia-como-atriz-em-elite-da-netflix\/","url_meta":{"origin":26230,"position":1},"title":"Anitta quebra sil\u00eancio ap\u00f3s sua estreia como atriz em &#8216;Elite&#8217;, da Netflix","author":"noticiasribeiraopreto.com.br","date":"24 de November de 2023","format":false,"excerpt":"Cr\u00e9ditos: Reprodu\u00e7\u00e3o\/NetflixAnitta fala sobre sua atua\u00e7\u00e3o em \u201cElite\u201d, da Netflix Finalmente a estrela pop brasileira, Anitta, falou sobre sua estreia como atriz na 7\u00aa temporada de \u201cElite\u201d, a popular s\u00e9rie espanhola da Netflix. A cantora estava seguindo a greve dos artistas de Hollywood e n\u00e3o podia falar sobre o novo\u2026","rel":"","context":"In &quot;Variedades&quot;","block_context":{"text":"Variedades","link":"https:\/\/noticiasribeiraopreto.com.br\/index.php\/category\/variedades\/"},"img":{"alt_text":"","src":"https:\/\/i0.wp.com\/noticiasribeiraopreto.com.br\/wp-content\/uploads\/2023\/11\/fotos-catraca-2023-11-22t002447175.png?fit=1200%2C638&ssl=1&resize=350%2C200","width":350,"height":200,"srcset":"https:\/\/i0.wp.com\/noticiasribeiraopreto.com.br\/wp-content\/uploads\/2023\/11\/fotos-catraca-2023-11-22t002447175.png?fit=1200%2C638&ssl=1&resize=350%2C200 1x, https:\/\/i0.wp.com\/noticiasribeiraopreto.com.br\/wp-content\/uploads\/2023\/11\/fotos-catraca-2023-11-22t002447175.png?fit=1200%2C638&ssl=1&resize=525%2C300 1.5x, https:\/\/i0.wp.com\/noticiasribeiraopreto.com.br\/wp-content\/uploads\/2023\/11\/fotos-catraca-2023-11-22t002447175.png?fit=1200%2C638&ssl=1&resize=700%2C400 2x, https:\/\/i0.wp.com\/noticiasribeiraopreto.com.br\/wp-content\/uploads\/2023\/11\/fotos-catraca-2023-11-22t002447175.png?fit=1200%2C638&ssl=1&resize=1050%2C600 3x"},"classes":[]},{"id":49966,"url":"https:\/\/noticiasribeiraopreto.com.br\/index.php\/2024\/05\/14\/reportagem-especial-anitta-e-a-fe-no-candomble-uma-jornada-de-coragem-e-autenticidade\/","url_meta":{"origin":26230,"position":2},"title":"Reportagem Especial: Anitta e a F\u00e9 no Candombl\u00e9 &#8211; Uma Jornada de Coragem e Autenticidade","author":"noticiasribeiraopreto.com.br","date":"14 de May de 2024","format":false,"excerpt":"Reportagem Especial: Anitta e a F\u00e9 no Candombl\u00e9 \u2013 Uma Jornada de Coragem e AutenticidadeEm um mundo onde as redes sociais s\u00e3o um reflexo do sucesso e popularidade, a cantora Anitta tomou uma posi\u00e7\u00e3o corajosa que resultou em uma perda significativa de seguidores. Recentemente, Anitta compartilhou imagens de seu novo\u2026","rel":"","context":"In &quot;Not\u00edcias de Ribeir\u00e3o Preto-SP e Regi\u00e3o&quot;","block_context":{"text":"Not\u00edcias de Ribeir\u00e3o Preto-SP e Regi\u00e3o","link":"https:\/\/noticiasribeiraopreto.com.br\/index.php\/category\/noticias-de-ribeirao-preto-sp-e-regiao-ismael-colosi\/"},"img":{"alt_text":"","src":"https:\/\/i0.wp.com\/noticiasribeiraopreto.com.br\/wp-content\/uploads\/2024\/05\/GNdyS54W4AArMkX.jpeg?fit=1157%2C735&ssl=1&resize=350%2C200","width":350,"height":200,"srcset":"https:\/\/i0.wp.com\/noticiasribeiraopreto.com.br\/wp-content\/uploads\/2024\/05\/GNdyS54W4AArMkX.jpeg?fit=1157%2C735&ssl=1&resize=350%2C200 1x, https:\/\/i0.wp.com\/noticiasribeiraopreto.com.br\/wp-content\/uploads\/2024\/05\/GNdyS54W4AArMkX.jpeg?fit=1157%2C735&ssl=1&resize=525%2C300 1.5x, https:\/\/i0.wp.com\/noticiasribeiraopreto.com.br\/wp-content\/uploads\/2024\/05\/GNdyS54W4AArMkX.jpeg?fit=1157%2C735&ssl=1&resize=700%2C400 2x, https:\/\/i0.wp.com\/noticiasribeiraopreto.com.br\/wp-content\/uploads\/2024\/05\/GNdyS54W4AArMkX.jpeg?fit=1157%2C735&ssl=1&resize=1050%2C600 3x"},"classes":[]},{"id":31081,"url":"https:\/\/noticiasribeiraopreto.com.br\/index.php\/2024\/01\/20\/top-10-musicas-de-axe-mais-tocadas-em-2024\/","url_meta":{"origin":26230,"position":3},"title":"Top 10 m\u00fasicas de Ax\u00e9 mais tocadas em 2024","author":"noticiasribeiraopreto.com.br","date":"20 de January de 2024","format":false,"excerpt":"Confira quais s\u00e3o as m\u00fasicas de Ax\u00e9 mais tocadas. Ou\u00e7a a playlist das melhores m\u00fasicas de ax\u00e9 mais tocadas nas r\u00e1dios do Brasil. S\u00e3o os maiores sucessos do ax\u00e9 music que os ouvintes mais pedem para tocar. Portanto, aproveite para ouvir a lista do top ax\u00e9 do momento atualizado(2024). Al\u00e9m\u2026","rel":"","context":"In &quot;Blog&quot;","block_context":{"text":"Blog","link":"https:\/\/noticiasribeiraopreto.com.br\/index.php\/category\/blog\/"},"img":{"alt_text":"","src":"https:\/\/i0.wp.com\/noticiasribeiraopreto.com.br\/wp-content\/uploads\/2024\/01\/Musicas-de-Axe-mais-tocadas.jpg?fit=1200%2C848&ssl=1&resize=350%2C200","width":350,"height":200,"srcset":"https:\/\/i0.wp.com\/noticiasribeiraopreto.com.br\/wp-content\/uploads\/2024\/01\/Musicas-de-Axe-mais-tocadas.jpg?fit=1200%2C848&ssl=1&resize=350%2C200 1x, https:\/\/i0.wp.com\/noticiasribeiraopreto.com.br\/wp-content\/uploads\/2024\/01\/Musicas-de-Axe-mais-tocadas.jpg?fit=1200%2C848&ssl=1&resize=525%2C300 1.5x, https:\/\/i0.wp.com\/noticiasribeiraopreto.com.br\/wp-content\/uploads\/2024\/01\/Musicas-de-Axe-mais-tocadas.jpg?fit=1200%2C848&ssl=1&resize=700%2C400 2x, https:\/\/i0.wp.com\/noticiasribeiraopreto.com.br\/wp-content\/uploads\/2024\/01\/Musicas-de-Axe-mais-tocadas.jpg?fit=1200%2C848&ssl=1&resize=1050%2C600 3x"},"classes":[]},{"id":62826,"url":"https:\/\/noticiasribeiraopreto.com.br\/index.php\/2025\/01\/25\/saiba-tudo-sobre-o-show-da-anitta-em-ribeirao-preto\/","url_meta":{"origin":26230,"position":4},"title":"Saiba tudo sobre o show da Anitta em Ribeir\u00e3o Preto","author":"noticiasribeiraopreto.com.br","date":"25 de January de 2025","format":false,"excerpt":"A cantora Anitta desembarca com a turn\u00ea \u201cEnsaios da Anitta\u201d no est\u00e1dio Palma Travassos, em Ribeir\u00e3o Preto, neste domingo (26), das 16h \u00e0s 23h. O est\u00e1dio fica na avenida Dr. Pl\u00ednio de Castro Prado, 1,000. Veja tudo que voc\u00ea precisa saber antes de ir para o show: Ainda h\u00e1 ingressos\u2026","rel":"","context":"In &quot;Not\u00edcias de Ribeir\u00e3o Preto-SP e Regi\u00e3o&quot;","block_context":{"text":"Not\u00edcias de Ribeir\u00e3o Preto-SP e Regi\u00e3o","link":"https:\/\/noticiasribeiraopreto.com.br\/index.php\/category\/noticias-de-ribeirao-preto-sp-e-regiao-ismael-colosi\/"},"img":{"alt_text":"","src":"https:\/\/i0.wp.com\/noticiasribeiraopreto.com.br\/wp-content\/uploads\/2025\/01\/Copia-de-Copia-de-Copia-de-TAMANHO-EXATO-PARA-FOTOS-NO-SISTEMA-NOVO-5_2025-01-24_14-40-51_jpg_2025-01-24_14-40-51.webp.webp?fit=1200%2C675&ssl=1&resize=350%2C200","width":350,"height":200,"srcset":"https:\/\/i0.wp.com\/noticiasribeiraopreto.com.br\/wp-content\/uploads\/2025\/01\/Copia-de-Copia-de-Copia-de-TAMANHO-EXATO-PARA-FOTOS-NO-SISTEMA-NOVO-5_2025-01-24_14-40-51_jpg_2025-01-24_14-40-51.webp.webp?fit=1200%2C675&ssl=1&resize=350%2C200 1x, https:\/\/i0.wp.com\/noticiasribeiraopreto.com.br\/wp-content\/uploads\/2025\/01\/Copia-de-Copia-de-Copia-de-TAMANHO-EXATO-PARA-FOTOS-NO-SISTEMA-NOVO-5_2025-01-24_14-40-51_jpg_2025-01-24_14-40-51.webp.webp?fit=1200%2C675&ssl=1&resize=525%2C300 1.5x, https:\/\/i0.wp.com\/noticiasribeiraopreto.com.br\/wp-content\/uploads\/2025\/01\/Copia-de-Copia-de-Copia-de-TAMANHO-EXATO-PARA-FOTOS-NO-SISTEMA-NOVO-5_2025-01-24_14-40-51_jpg_2025-01-24_14-40-51.webp.webp?fit=1200%2C675&ssl=1&resize=700%2C400 2x, https:\/\/i0.wp.com\/noticiasribeiraopreto.com.br\/wp-content\/uploads\/2025\/01\/Copia-de-Copia-de-Copia-de-TAMANHO-EXATO-PARA-FOTOS-NO-SISTEMA-NOVO-5_2025-01-24_14-40-51_jpg_2025-01-24_14-40-51.webp.webp?fit=1200%2C675&ssl=1&resize=1050%2C600 3x"},"classes":[]},{"id":63037,"url":"https:\/\/noticiasribeiraopreto.com.br\/index.php\/2025\/01\/31\/ensaios-da-anitta-assessoria-diz-que-policia-apura-denuncias-de-furtos-no-interior-de-sp\/","url_meta":{"origin":26230,"position":5},"title":"&#8216;Ensaios da Anitta&#8217;: Assessoria diz que pol\u00edcia apura den\u00fancias de furtos no interior de SP","author":"noticiasribeiraopreto.com.br","date":"31 de January de 2025","format":false,"excerpt":"Ap\u00f3s f\u00e3s da cantora Anitta denunciarem furtos e falta de seguran\u00e7a durante o pr\u00e9-carnaval \u2018Ensaios da Anitta\u2019 em Ribeir\u00e3o Preto, no interior de S\u00e3o Paulo, a assessoria do evento afirmou ao portal acidade on, que as ocorr\u00eancias est\u00e3o sendo apuradas pela Pol\u00edcia Civil do estado. Em nota encaminhada \u00e0 reportagem,\u2026","rel":"","context":"In &quot;Not\u00edcias de Ribeir\u00e3o Preto-SP e Regi\u00e3o&quot;","block_context":{"text":"Not\u00edcias de Ribeir\u00e3o Preto-SP e Regi\u00e3o","link":"https:\/\/noticiasribeiraopreto.com.br\/index.php\/category\/noticias-de-ribeirao-preto-sp-e-regiao-ismael-colosi\/"},"img":{"alt_text":"","src":"https:\/\/i0.wp.com\/noticiasribeiraopreto.com.br\/wp-content\/uploads\/2025\/01\/Copia-de-Copia-de-Copia-de-TAMANHO-EXATO-PARA-FOTOS-NO-SISTEMA-NOVO-2025-01-31T142437.744_2025-01-31_17-24-42_png_2025-01-31_17-24-42.webp.webp?fit=1200%2C675&ssl=1&resize=350%2C200","width":350,"height":200,"srcset":"https:\/\/i0.wp.com\/noticiasribeiraopreto.com.br\/wp-content\/uploads\/2025\/01\/Copia-de-Copia-de-Copia-de-TAMANHO-EXATO-PARA-FOTOS-NO-SISTEMA-NOVO-2025-01-31T142437.744_2025-01-31_17-24-42_png_2025-01-31_17-24-42.webp.webp?fit=1200%2C675&ssl=1&resize=350%2C200 1x, https:\/\/i0.wp.com\/noticiasribeiraopreto.com.br\/wp-content\/uploads\/2025\/01\/Copia-de-Copia-de-Copia-de-TAMANHO-EXATO-PARA-FOTOS-NO-SISTEMA-NOVO-2025-01-31T142437.744_2025-01-31_17-24-42_png_2025-01-31_17-24-42.webp.webp?fit=1200%2C675&ssl=1&resize=525%2C300 1.5x, https:\/\/i0.wp.com\/noticiasribeiraopreto.com.br\/wp-content\/uploads\/2025\/01\/Copia-de-Copia-de-Copia-de-TAMANHO-EXATO-PARA-FOTOS-NO-SISTEMA-NOVO-2025-01-31T142437.744_2025-01-31_17-24-42_png_2025-01-31_17-24-42.webp.webp?fit=1200%2C675&ssl=1&resize=700%2C400 2x, https:\/\/i0.wp.com\/noticiasribeiraopreto.com.br\/wp-content\/uploads\/2025\/01\/Copia-de-Copia-de-Copia-de-TAMANHO-EXATO-PARA-FOTOS-NO-SISTEMA-NOVO-2025-01-31T142437.744_2025-01-31_17-24-42_png_2025-01-31_17-24-42.webp.webp?fit=1200%2C675&ssl=1&resize=1050%2C600 3x"},"classes":[]}],"jetpack_sharing_enabled":true,"jetpack_shortlink":"https:\/\/wp.me\/peQAOb-6P4","_links":{"self":[{"href":"https:\/\/noticiasribeiraopreto.com.br\/index.php\/wp-json\/wp\/v2\/posts\/26230","targetHints":{"allow":["GET"]}}],"collection":[{"href":"https:\/\/noticiasribeiraopreto.com.br\/index.php\/wp-json\/wp\/v2\/posts"}],"about":[{"href":"https:\/\/noticiasribeiraopreto.com.br\/index.php\/wp-json\/wp\/v2\/types\/post"}],"author":[{"embeddable":true,"href":"https:\/\/noticiasribeiraopreto.com.br\/index.php\/wp-json\/wp\/v2\/users\/1"}],"replies":[{"embeddable":true,"href":"https:\/\/noticiasribeiraopreto.com.br\/index.php\/wp-json\/wp\/v2\/comments?post=26230"}],"version-history":[{"count":0,"href":"https:\/\/noticiasribeiraopreto.com.br\/index.php\/wp-json\/wp\/v2\/posts\/26230\/revisions"}],"wp:featuredmedia":[{"embeddable":true,"href":"https:\/\/noticiasribeiraopreto.com.br\/index.php\/wp-json\/wp\/v2\/media\/26231"}],"wp:attachment":[{"href":"https:\/\/noticiasribeiraopreto.com.br\/index.php\/wp-json\/wp\/v2\/media?parent=26230"}],"wp:term":[{"taxonomy":"category","embeddable":true,"href":"https:\/\/noticiasribeiraopreto.com.br\/index.php\/wp-json\/wp\/v2\/categories?post=26230"},{"taxonomy":"post_tag","embeddable":true,"href":"https:\/\/noticiasribeiraopreto.com.br\/index.php\/wp-json\/wp\/v2\/tags?post=26230"}],"curies":[{"name":"wp","href":"https:\/\/api.w.org\/{rel}","templated":true}]}}